{"id":52021,"date":"2019-12-18T12:41:28","date_gmt":"2019-12-18T12:41:28","guid":{"rendered":"http:\/\/www.intoscana.it\/5-libri-toscani-per-natale-romanzi-e-saggi-da-mettere-sotto-lalbero\/"},"modified":"2020-05-19T15:34:51","modified_gmt":"2020-05-19T13:34:51","slug":"5-libri-natale","status":"publish","type":"post","link":"https:\/\/www.intoscana.it\/it\/5-libri-natale\/","title":{"rendered":"5 libri toscani per Natale: romanzi e saggi da mettere sotto l&#8217;albero"},"content":{"rendered":"<p><strong>Manca pochissimo a Natale e un libro \u00e8 sempre il dono giusto da mettere sotto l\u2019albero<\/strong>, ma va scelto con cura. Se dovete ancora terminare i regali e siete in cerca di idee, vi consigliamo cinque libri di autori toscani che sono usciti quest\u2019anno, pensati per qualunque tipo di lettore.<\/p>\n<p>&nbsp;<\/p>\n<p><img decoding=\"async\" style=\"width: 550px;\" title=\"gli interessi in comune Vanni Santoni\" src=\"https:\/\/www.intoscana.it\/shared\/intoscana\/immagini\/gli-interessi-in-comune.jpg\" alt=\"gli interessi in comune Vanni Santoni\" height=\"826\" \/><\/p>\n<p><strong>Il cult perfetto per un ventenne ma anche per un lettore forte: <a href=\"https:\/\/www.laterza.it\/index.php\" target=\"_blank\" rel=\"noopener noreferrer\">\u201cGli interessi in comune\u201d<\/a> di Vanni Santoni.<\/strong> Il romanzo d\u2019esordio dello scrittore di Montevarchi \u00e8 tornato quest\u2019anno in libreria per Laterza: pubblicato per la prima volta nel 2008 da Feltrinelli era ormai diventato introvabile, tanto che ne circolavano diverse versioni fotocopiate. <br \/><strong>Ora si possono di nuovo leggere (o scoprire per la prima volta) le avventure picaresche di un gruppo di amici, dal 1995 al 2005: abitano nella profonda provincia toscana del Valdarno<\/strong> e sono accumunati appunto da un solo interesse, quello per il consumo delle sostanze. Un romanzo generazionale che con uno stile sempre beffardo racconta le vicende tragicomiche di ragazzi nati in un territorio post rurale che non ha pi\u00f9 un\u2019identit\u00e0, in un benessere effimero che presto sar\u00e0 spazzato via dalla crisi, alla ricerca di qualcosa che riempia il loro vuoto esistenziale e alle prese con l\u2019impresa ardua di crescere e dire addio alla propria adolescenza eterna.<\/p>\n<p><img decoding=\"async\" style=\"width: 550px;\" title=\"Dal Matto Al Mondo Francesca Matteoni\" src=\"https:\/\/www.intoscana.it\/shared\/intoscana\/immagini\/dalmattoalmondo.jpg\" alt=\"Dal Matto Al Mondo Francesca Matteoni\" height=\"698\" \/><\/p>\n<p><strong>I pi\u00f9 curiosi, interessati all\u2019universo esoterico e ad aprire i propri orizzonti, ameranno <a href=\"https:\/\/www.effequ.it\/dal-matto-al-mondo\/\" target=\"_blank\" rel=\"noopener noreferrer\">\u201cDal Matto al Mondo. Viaggio poetico nei tarocchi\u201d<\/a>, il saggio della poetessa e scrittrice pistoiese Francesca Matteoni<\/strong> pubblicato da Effequ che racconta il mondo degli arcani come non l\u2019avete mai letto. Accompagnati da raffinate suggestioni letterarie, poetiche e storiche, si pu\u00f2 cos\u00ec scoprire che dietro a ogni carta si nasconde un archetipo e che i tarocchi possono aiutarci non tanto a gettare uno sguardo su uno dei futuri possibili ma soprattutto a leggere dentro noi stessi. <br \/>Il libro pu\u00f2 cos\u00ec diventare un manuale di lettura per chi vuole avvicinarsi ai tarocchi ma <strong>\u00e8 anche un percorso nel folklore, nell\u2019antropologia e nella fiaba<\/strong> che va dall\u2019arcano senza numero, il Matto, fino al ventunesimo, il Mondo.<\/p>\n<p><img decoding=\"async\" style=\"width: 550px;\" title=\"per-chi-e\u0300-la-notte-aldo-simeone\" src=\"https:\/\/www.intoscana.it\/shared\/intoscana\/immagini\/per-chi-e-la-notte-aldo-simeone.jpg\" alt=\"per-chi-e\u0300-la-notte-aldo-simeone\" height=\"836\" \/><\/p>\n<p><strong>Gli amanti del fantasy e delle storie che vedono protagonisti i bambini<\/strong> non possono perdersi il bellissimo romanzo d\u2019esordio del <strong>pisano Aldo Simeone (<a href=\"https:\/\/www.intoscana.it\/it\/arte-e-cultura\/articolo\/aldo-simeone-intervista\/\" target=\"_blank\" rel=\"noopener noreferrer\">che avevamo intervistato qualche mese fa<\/a>) \u201cPer chi \u00e8 la notte\u201d<\/strong>, uscito per Fazi. <strong>Siamo in Garfagnana, durante la Seconda Guerra Mondiale<\/strong>, in un borgo fuori dal tempo, Bosconero, teatro di due lotte sanguinose, quella tra i partigiani e i tedeschi sulla Linea Gotica, e quella sovrannaturale degli Streghi, la processione dei morti che affascina il protagonista Francesco e sembra volerlo ghermire per sempre.<\/p>\n<p><img decoding=\"async\" style=\"width: 551px;\" title=\"nero ananas valerio aiolli\" src=\"https:\/\/www.intoscana.it\/shared\/intoscana\/immagini\/nero-ananas.jpg\" alt=\"nero ananas valerio aiolli\" height=\"778\" \/><\/p>\n<p>Per chi vuole addentrarsi in una pagina oscura della storia italiana, c\u2019\u00e8 <a href=\"https:\/\/www.voland.it\/libro\/9788862433648\" target=\"_blank\" rel=\"noopener noreferrer\">\u201c<\/a><strong><a href=\"https:\/\/www.voland.it\/libro\/9788862433648\" target=\"_blank\" rel=\"noopener noreferrer\">Nero ananas\u201d<\/a> del fiorentino Valerio Aiolli, uscito per Voland e arrivato nella dozzina del Premio Strega,<\/strong> dove lo scrittore ricostruisce i cinque anni che vanno dalla strage di piazza Fontana del 12 dicembre 1969 alla strage della Questura di Milano del 17 maggio 1973. Verosimiglianza e realt\u00e0 si mescolano in una narrazione che riesce a restituire la complessit\u00e0 e il dolore di quel periodo attraverso l\u2019utilizzo di tante voci narranti, dagli estremisti di destra agli anarchici, dalle persone comuni ai servizi segreti.<\/p>\n<p><img decoding=\"async\" style=\"width: 551px;\" title=\"vento in scatola Malvaldi\" src=\"https:\/\/www.intoscana.it\/shared\/intoscana\/immagini\/vento-in-scatola-malvaldi.jpg\" alt=\"vento in scatola Malvaldi\" height=\"772\" \/><\/p>\n<p><strong>I fan del giallista pisano Marco Malvadi<\/strong> non potranno perdersi la sua ultima opera in cui si avventura in un terreno diverso. <strong><a href=\"https:\/\/make.visittuscany.com\/it\/arte-e-cultura\/I%20fan del giallista pisano Marco Malvadi non potranno perdersi la sua ultima opera in cui si avventura in un terreno diverso. \u201cVento in scatola\u201d infatti \u00e8 nato dall\u2019esperienza di corso di scrittura creativa che lo scrittore ha tenuto nella Casa Circondariale Don Bosco di Pisa tra il 2012 e il 2013: qui ha conosciuto Glay Ghammouri, con cui poi ha scritto a quattro mani questo libro, un romanzo di formazione ambientato in carcere  .\" target=\"_blank\" rel=\"noopener noreferrer\">\u201cVento in scatola\u201d<\/a> (Sellerio) infatti \u00e8 nato dall\u2019esperienza di corso di scrittura creativa che lo scrittore ha tenuto nella Casa Circondariale Don Bosco di Pisa<\/strong> tra il 2012 e il 2013: qui ha conosciuto Glay Ghammouri, con cui poi ha scritto a quattro mani questo libro, un romanzo di formazione ambientato in carcere .<\/p>\n","protected":false},"excerpt":{"rendered":"<p>Da &#8220;Nero Ananas&#8221; di Valerio Aiolli, nella dozzina dei finalisti al Premio Strega, al ritorno in libreria de &#8220;Gli interessi in comune&#8221; di Vanni Santoni fino a &#8220;Dal Matto al Mondo&#8221;, il viaggio nei tarocchi di Francesca Matteoni, ecco 5 opere di autori toscani da regalare per Natale<\/p>\n","protected":false},"author":502,"featured_media":86536,"comment_status":"open","ping_status":"open","sticky":false,"template":"","format":"standard","meta":{"_acf_changed":false,"footnotes":""},"categories":[493,5],"tags":[210,409],"class_list":["post-52021","post","type-post","status-publish","format-standard","has-post-thumbnail","hentry","category-cultura","category-arte-e-cultura","tag-libri","tag-natale"],"acf":[],"yoast_head":"<!-- This site is optimized with the Yoast SEO Premium plugin v24.2 (Yoast SEO v25.6) - https:\/\/yoast.com\/wordpress\/plugins\/seo\/ -->\n<title>5 libri toscani per Natale: romanzi e saggi da mettere sotto l&#039;albero - intoscana<\/title>\n<meta name=\"robots\" content=\"index, follow, max-snippet:-1, max-image-preview:large, max-video-preview:-1\" \/>\n<link rel=\"canonical\" href=\"https:\/\/www.intoscana.it\/it\/5-libri-natale\/\" \/>\n<meta property=\"og:locale\" content=\"it_IT\" \/>\n<meta property=\"og:type\" content=\"article\" \/>\n<meta property=\"og:title\" content=\"5 libri toscani per Natale: romanzi e saggi da mettere sotto l&#039;albero\" \/>\n<meta property=\"og:description\" content=\"Da &quot;Nero Ananas&quot; di Valerio Aiolli, nella dozzina dei finalisti al Premio Strega, al ritorno in libreria de &quot;Gli interessi in comune&quot; di Vanni Santoni fino a &quot;Dal Matto al Mondo&quot;, il viaggio nei tarocchi di Francesca Matteoni, ecco 5 opere di autori toscani da regalare per Natale\" \/>\n<meta property=\"og:url\" content=\"https:\/\/www.intoscana.it\/it\/5-libri-natale\/\" \/>\n<meta property=\"og:site_name\" content=\"intoscana\" \/>\n<meta property=\"article:publisher\" content=\"https:\/\/www.facebook.com\/intoscana.it\" \/>\n<meta property=\"article:published_time\" content=\"2019-12-18T12:41:28+00:00\" \/>\n<meta property=\"article:modified_time\" content=\"2020-05-19T13:34:51+00:00\" \/>\n<meta property=\"og:image\" content=\"https:\/\/www.intoscana.it\/wp-content\/uploads\/xmas-blog-011.jpg\" \/>\n\t<meta property=\"og:image:width\" content=\"1000\" \/>\n\t<meta property=\"og:image:height\" content=\"750\" \/>\n\t<meta property=\"og:image:type\" content=\"image\/jpeg\" \/>\n<meta name=\"author\" content=\"Ilaria Giannini\" \/>\n<meta name=\"twitter:card\" content=\"summary_large_image\" \/>\n<meta name=\"twitter:creator\" content=\"@i.giannini@fst.it\" \/>\n<meta name=\"twitter:site\" content=\"@intoscana\" \/>\n<meta name=\"twitter:label1\" content=\"Written by\" \/>\n\t<meta name=\"twitter:data1\" content=\"Ilaria Giannini\" \/>\n\t<meta name=\"twitter:label2\" content=\"Est. reading time\" \/>\n\t<meta name=\"twitter:data2\" content=\"3 minuti\" \/>\n<script type=\"application\/ld+json\" class=\"yoast-schema-graph\">{\"@context\":\"https:\/\/schema.org\",\"@graph\":[{\"@type\":\"WebPage\",\"@id\":\"https:\/\/www.intoscana.it\/it\/5-libri-natale\/\",\"url\":\"https:\/\/www.intoscana.it\/it\/5-libri-natale\/\",\"name\":\"5 libri toscani per Natale: romanzi e saggi da mettere sotto l'albero - intoscana\",\"isPartOf\":{\"@id\":\"https:\/\/www.intoscana.it\/it\/#website\"},\"primaryImageOfPage\":{\"@id\":\"https:\/\/www.intoscana.it\/it\/5-libri-natale\/#primaryimage\"},\"image\":{\"@id\":\"https:\/\/www.intoscana.it\/it\/5-libri-natale\/#primaryimage\"},\"thumbnailUrl\":\"https:\/\/www.intoscana.it\/wp-content\/uploads\/xmas-blog-011.jpg\",\"datePublished\":\"2019-12-18T12:41:28+00:00\",\"dateModified\":\"2020-05-19T13:34:51+00:00\",\"author\":{\"@id\":\"https:\/\/www.intoscana.it\/it\/#\/schema\/person\/de95e1ed2c1c8c30a6922bbba3a90185\"},\"breadcrumb\":{\"@id\":\"https:\/\/www.intoscana.it\/it\/5-libri-natale\/#breadcrumb\"},\"inLanguage\":\"it-IT\",\"potentialAction\":[{\"@type\":\"ReadAction\",\"target\":[\"https:\/\/www.intoscana.it\/it\/5-libri-natale\/\"]}]},{\"@type\":\"ImageObject\",\"inLanguage\":\"it-IT\",\"@id\":\"https:\/\/www.intoscana.it\/it\/5-libri-natale\/#primaryimage\",\"url\":\"https:\/\/www.intoscana.it\/wp-content\/uploads\/xmas-blog-011.jpg\",\"contentUrl\":\"https:\/\/www.intoscana.it\/wp-content\/uploads\/xmas-blog-011.jpg\",\"width\":1000,\"height\":750},{\"@type\":\"BreadcrumbList\",\"@id\":\"https:\/\/www.intoscana.it\/it\/5-libri-natale\/#breadcrumb\",\"itemListElement\":[{\"@type\":\"ListItem\",\"position\":1,\"name\":\"Home\",\"item\":\"https:\/\/www.intoscana.it\/it\/\"},{\"@type\":\"ListItem\",\"position\":2,\"name\":\"5 libri toscani per Natale: romanzi e saggi da mettere sotto l&#8217;albero\"}]},{\"@type\":\"WebSite\",\"@id\":\"https:\/\/www.intoscana.it\/it\/#website\",\"url\":\"https:\/\/www.intoscana.it\/it\/\",\"name\":\"intoscana\",\"description\":\"\",\"potentialAction\":[{\"@type\":\"SearchAction\",\"target\":{\"@type\":\"EntryPoint\",\"urlTemplate\":\"https:\/\/www.intoscana.it\/it\/?s={search_term_string}\"},\"query-input\":{\"@type\":\"PropertyValueSpecification\",\"valueRequired\":true,\"valueName\":\"search_term_string\"}}],\"inLanguage\":\"it-IT\"},{\"@type\":\"Person\",\"@id\":\"https:\/\/www.intoscana.it\/it\/#\/schema\/person\/de95e1ed2c1c8c30a6922bbba3a90185\",\"name\":\"Ilaria Giannini\",\"sameAs\":[\"https:\/\/x.com\/i.giannini@fst.it\"],\"url\":\"https:\/\/www.intoscana.it\/it\/author\/ilaria-giannini\/\"}]}<\/script>\n<!-- \/ Yoast SEO Premium plugin. -->","yoast_head_json":{"title":"5 libri toscani per Natale: romanzi e saggi da mettere sotto l'albero - intoscana","robots":{"index":"index","follow":"follow","max-snippet":"max-snippet:-1","max-image-preview":"max-image-preview:large","max-video-preview":"max-video-preview:-1"},"canonical":"https:\/\/www.intoscana.it\/it\/5-libri-natale\/","og_locale":"it_IT","og_type":"article","og_title":"5 libri toscani per Natale: romanzi e saggi da mettere sotto l'albero","og_description":"Da \"Nero Ananas\" di Valerio Aiolli, nella dozzina dei finalisti al Premio Strega, al ritorno in libreria de \"Gli interessi in comune\" di Vanni Santoni fino a \"Dal Matto al Mondo\", il viaggio nei tarocchi di Francesca Matteoni, ecco 5 opere di autori toscani da regalare per Natale","og_url":"https:\/\/www.intoscana.it\/it\/5-libri-natale\/","og_site_name":"intoscana","article_publisher":"https:\/\/www.facebook.com\/intoscana.it","article_published_time":"2019-12-18T12:41:28+00:00","article_modified_time":"2020-05-19T13:34:51+00:00","og_image":[{"width":1000,"height":750,"url":"https:\/\/www.intoscana.it\/wp-content\/uploads\/xmas-blog-011.jpg","type":"image\/jpeg"}],"author":"Ilaria Giannini","twitter_card":"summary_large_image","twitter_creator":"@i.giannini@fst.it","twitter_site":"@intoscana","twitter_misc":{"Written by":"Ilaria Giannini","Est. reading time":"3 minuti"},"schema":{"@context":"https:\/\/schema.org","@graph":[{"@type":"WebPage","@id":"https:\/\/www.intoscana.it\/it\/5-libri-natale\/","url":"https:\/\/www.intoscana.it\/it\/5-libri-natale\/","name":"5 libri toscani per Natale: romanzi e saggi da mettere sotto l'albero - intoscana","isPartOf":{"@id":"https:\/\/www.intoscana.it\/it\/#website"},"primaryImageOfPage":{"@id":"https:\/\/www.intoscana.it\/it\/5-libri-natale\/#primaryimage"},"image":{"@id":"https:\/\/www.intoscana.it\/it\/5-libri-natale\/#primaryimage"},"thumbnailUrl":"https:\/\/www.intoscana.it\/wp-content\/uploads\/xmas-blog-011.jpg","datePublished":"2019-12-18T12:41:28+00:00","dateModified":"2020-05-19T13:34:51+00:00","author":{"@id":"https:\/\/www.intoscana.it\/it\/#\/schema\/person\/de95e1ed2c1c8c30a6922bbba3a90185"},"breadcrumb":{"@id":"https:\/\/www.intoscana.it\/it\/5-libri-natale\/#breadcrumb"},"inLanguage":"it-IT","potentialAction":[{"@type":"ReadAction","target":["https:\/\/www.intoscana.it\/it\/5-libri-natale\/"]}]},{"@type":"ImageObject","inLanguage":"it-IT","@id":"https:\/\/www.intoscana.it\/it\/5-libri-natale\/#primaryimage","url":"https:\/\/www.intoscana.it\/wp-content\/uploads\/xmas-blog-011.jpg","contentUrl":"https:\/\/www.intoscana.it\/wp-content\/uploads\/xmas-blog-011.jpg","width":1000,"height":750},{"@type":"BreadcrumbList","@id":"https:\/\/www.intoscana.it\/it\/5-libri-natale\/#breadcrumb","itemListElement":[{"@type":"ListItem","position":1,"name":"Home","item":"https:\/\/www.intoscana.it\/it\/"},{"@type":"ListItem","position":2,"name":"5 libri toscani per Natale: romanzi e saggi da mettere sotto l&#8217;albero"}]},{"@type":"WebSite","@id":"https:\/\/www.intoscana.it\/it\/#website","url":"https:\/\/www.intoscana.it\/it\/","name":"intoscana","description":"","potentialAction":[{"@type":"SearchAction","target":{"@type":"EntryPoint","urlTemplate":"https:\/\/www.intoscana.it\/it\/?s={search_term_string}"},"query-input":{"@type":"PropertyValueSpecification","valueRequired":true,"valueName":"search_term_string"}}],"inLanguage":"it-IT"},{"@type":"Person","@id":"https:\/\/www.intoscana.it\/it\/#\/schema\/person\/de95e1ed2c1c8c30a6922bbba3a90185","name":"Ilaria Giannini","sameAs":["https:\/\/x.com\/i.giannini@fst.it"],"url":"https:\/\/www.intoscana.it\/it\/author\/ilaria-giannini\/"}]}},"_links":{"self":[{"href":"https:\/\/www.intoscana.it\/it\/wp-json\/wp\/v2\/posts\/52021","targetHints":{"allow":["GET"]}}],"collection":[{"href":"https:\/\/www.intoscana.it\/it\/wp-json\/wp\/v2\/posts"}],"about":[{"href":"https:\/\/www.intoscana.it\/it\/wp-json\/wp\/v2\/types\/post"}],"author":[{"embeddable":true,"href":"https:\/\/www.intoscana.it\/it\/wp-json\/wp\/v2\/users\/502"}],"replies":[{"embeddable":true,"href":"https:\/\/www.intoscana.it\/it\/wp-json\/wp\/v2\/comments?post=52021"}],"version-history":[{"count":0,"href":"https:\/\/www.intoscana.it\/it\/wp-json\/wp\/v2\/posts\/52021\/revisions"}],"wp:featuredmedia":[{"embeddable":true,"href":"https:\/\/www.intoscana.it\/it\/wp-json\/wp\/v2\/media\/86536"}],"wp:attachment":[{"href":"https:\/\/www.intoscana.it\/it\/wp-json\/wp\/v2\/media?parent=52021"}],"wp:term":[{"taxonomy":"category","embeddable":true,"href":"https:\/\/www.intoscana.it\/it\/wp-json\/wp\/v2\/categories?post=52021"},{"taxonomy":"post_tag","embeddable":true,"href":"https:\/\/www.intoscana.it\/it\/wp-json\/wp\/v2\/tags?post=52021"}],"curies":[{"name":"wp","href":"https:\/\/api.w.org\/{rel}","templated":true}]}}