{"id":52023,"date":"2019-12-17T09:34:09","date_gmt":"2019-12-17T09:34:09","guid":{"rendered":"http:\/\/www.intoscana.it\/ai-piedi-degli-dei-calzature-tra-moda-arte-romana-e-cinema\/"},"modified":"2020-05-19T15:34:52","modified_gmt":"2020-05-19T13:34:52","slug":"calzature-mostra","status":"publish","type":"post","link":"https:\/\/www.intoscana.it\/it\/calzature-mostra\/","title":{"rendered":"Ai piedi degli dei: calzature tra moda, arte romana e cinema"},"content":{"rendered":"<p>Le <strong>robuste caligae dei soldati romani,<\/strong> i <strong>seducenti sandali delle cortigiane greche<\/strong>, i <strong>raffinati calzari indossati dagli dei<\/strong> oppure dall\u2019aristocrazia romana; senza dimenticare la ricca variet\u00e0 di calzature indossate dalle star dei colossal dedicati all\u2019antichit\u00e0, <strong>da Ben Hur al Gladiatore,<\/strong> e le pi\u00f9 recenti creazioni di moda, ispirate dallo stile delle calzature del mondo classico e realizzate da protagonisti del fashion contemporaneo come <strong>Emilio Pucci, Salvatore Ferragamo, Yves Saint Laurent.<\/strong> \u00c8 <em><strong>\u201cAi piedi degli dei\u201d,<\/strong><\/em> mostra a cura di <strong>Lorenza Camin, Caterina Chiarelli e Fabrizio Paolucci<\/strong>, accolta nel M<strong>useo della Moda e del Costume di Palazzo Pitti<\/strong> <strong>fino al 19 aprile 2020. <\/strong><\/p>\n<a class=\"fotogallery\" href=\"#modalgallery\" rel=\"modal:open\">sfoglia la gallery <i class=\"fas fa-chevron-right\"><\/i><\/a>\n    <div class=\"modal\" id=\"modalgallery\">\n        <div class=\"gallery\">\n          <div class=\"galleryimg\">\n            <div class=\"slidegallerybig\"> <div class=\"itemimg\">\n            <div class=\"wrapimg\">\n            <img decoding=\"async\" src=\"https:\/\/www.intoscana.it\/wp-content\/uploads\/cfig.-10-scaled.jpg\">\n            <\/div>\n            <\/div> <div class=\"itemimg\">\n            <div class=\"wrapimg\">\n            <img decoding=\"async\" src=\"https:\/\/www.intoscana.it\/wp-content\/uploads\/cfig.-9.jpg\">\n            <\/div>\n            <\/div> <div class=\"itemimg\">\n            <div class=\"wrapimg\">\n            <img decoding=\"async\" src=\"https:\/\/www.intoscana.it\/wp-content\/uploads\/cfig.-6.jpg\">\n            <\/div>\n            <\/div> <div class=\"itemimg\">\n            <div class=\"wrapimg\">\n            <img decoding=\"async\" src=\"https:\/\/www.intoscana.it\/wp-content\/uploads\/cfig.-7.jpg\">\n            <\/div>\n            <\/div> <div class=\"itemimg\">\n            <div class=\"wrapimg\">\n            <img decoding=\"async\" src=\"https:\/\/www.intoscana.it\/wp-content\/uploads\/cfig.-5-scaled.jpg\">\n            <\/div>\n            <\/div> <div class=\"itemimg\">\n            <div class=\"wrapimg\">\n            <img decoding=\"async\" src=\"https:\/\/www.intoscana.it\/wp-content\/uploads\/cfig.-4.jpg\">\n            <\/div>\n            <\/div> <div class=\"itemimg\">\n            <div class=\"wrapimg\">\n            <img decoding=\"async\" src=\"https:\/\/www.intoscana.it\/wp-content\/uploads\/cfig.-3.jpg\">\n            <\/div>\n            <\/div> <div class=\"itemimg\">\n            <div class=\"wrapimg\">\n            <img decoding=\"async\" src=\"https:\/\/www.intoscana.it\/wp-content\/uploads\/cfig.-16.jpg\">\n            <\/div>\n            <\/div> <div class=\"itemimg\">\n            <div class=\"wrapimg\">\n            <img decoding=\"async\" src=\"https:\/\/www.intoscana.it\/wp-content\/uploads\/cfig.-15-scaled.jpg\">\n            <\/div>\n            <\/div> <div class=\"itemimg\">\n            <div class=\"wrapimg\">\n            <img decoding=\"async\" src=\"https:\/\/www.intoscana.it\/wp-content\/uploads\/cfig.-14.jpg\">\n            <\/div>\n            <\/div> <div class=\"itemimg\">\n            <div class=\"wrapimg\">\n            <img decoding=\"async\" src=\"https:\/\/www.intoscana.it\/wp-content\/uploads\/cfig.-13-scaled.jpg\">\n            <\/div>\n            <\/div> <div class=\"itemimg\">\n            <div class=\"wrapimg\">\n            <img decoding=\"async\" src=\"https:\/\/www.intoscana.it\/wp-content\/uploads\/cfig.-12-scaled.jpg\">\n            <\/div>\n            <\/div> <div class=\"itemimg\">\n            <div class=\"wrapimg\">\n            <img decoding=\"async\" src=\"https:\/\/www.intoscana.it\/wp-content\/uploads\/mau8938.jpg\">\n            <\/div>\n            <\/div> <div class=\"itemimg\">\n            <div class=\"wrapimg\">\n            <img decoding=\"async\" src=\"https:\/\/www.intoscana.it\/wp-content\/uploads\/mau8933.jpg\">\n            <\/div>\n            <\/div> <div class=\"itemimg\">\n            <div class=\"wrapimg\">\n            <img decoding=\"async\" src=\"https:\/\/www.intoscana.it\/wp-content\/uploads\/mau8924.jpg\">\n            <\/div>\n            <\/div> <div class=\"itemimg\">\n            <div class=\"wrapimg\">\n            <img decoding=\"async\" src=\"https:\/\/www.intoscana.it\/wp-content\/uploads\/mau8915.jpg\">\n            <\/div>\n            <\/div> <div class=\"itemimg\">\n            <div class=\"wrapimg\">\n            <img decoding=\"async\" src=\"https:\/\/www.intoscana.it\/wp-content\/uploads\/mau8912.jpg\">\n            <\/div>\n            <\/div> <div class=\"itemimg\">\n            <div class=\"wrapimg\">\n            <img decoding=\"async\" src=\"https:\/\/www.intoscana.it\/wp-content\/uploads\/mau8908.jpg\">\n            <\/div>\n            <\/div> <div class=\"itemimg\">\n            <div class=\"wrapimg\">\n            <img decoding=\"async\" src=\"https:\/\/www.intoscana.it\/wp-content\/uploads\/mau8754.jpg\">\n            <\/div>\n            <\/div> <div class=\"itemimg\">\n            <div class=\"wrapimg\">\n            <img decoding=\"async\" src=\"https:\/\/www.intoscana.it\/wp-content\/uploads\/mau8751.jpg\">\n            <\/div>\n            <\/div> <div class=\"itemimg\">\n            <div class=\"wrapimg\">\n            <img decoding=\"async\" src=\"https:\/\/www.intoscana.it\/wp-content\/uploads\/mau8741.jpg\">\n            <\/div>\n            <\/div>\n            <\/div>\n          <\/div>\n          <div class=\"asidemenu\">\n            <div class=\"action\">\n              <div class=\"countlidegallery\"><\/div>\n              <div class=\"closegallery\" href=\"#modalgallery\" rel=\"modal:close\"><i class=\"far fa-times\"><\/i><\/div>\n            <\/div>\n            <div class=\"title\">\n              <h2>Ai piedi degli dei: calzature tra moda, arte romana e cinema<\/h2>\n              <div class=\"socialarticolo\"> \n            <div class=\"contsocialico\">\n              <ul>\n                <li><a target=\"_blank\" href=\"https:\/\/www.facebook.com\/sharer\/sharer.php?u=https:\/\/www.intoscana.it\/it\/calzature-mostra\/\"> <i class=\"fab fa-facebook-f\"><\/i><\/a><\/li>\n                <li><a target=\"_blank\" href=\"https:\/\/twitter.com\/home?status=https:\/\/www.intoscana.it\/it\/calzature-mostra\/\"> <i class=\"fab fa-twitter\"><\/i><\/a><\/li>\n                <li>\n                  <div class=\"shareall\" target=\"_blank\" href=\"\"> <i class=\"fas fa-share-alt\"><\/i><\/div>\n                  <div class=\"sharemore\">\n                    <ul>\n                      <li><a target=\"_blank\" href=\"https:\/\/www.linkedin.com\/shareArticle?url=https:\/\/www.intoscana.it\/it\/calzature-mostra\/\"> <i class=\"fab fa-linkedin\"><\/i><\/a><\/li>\n                      <li><a target=\"_blank\" href=\"http:\/\/www.pinterest.com\/pin\/create\/bookmarklet\/?url=https:\/\/www.intoscana.it\/it\/calzature-mostra\/\"> <i class=\"fab fa-pinterest\"><\/i><\/a><\/li>\n                      <li><a target=\"_blank\" href=\"mailto?subject=Ai piedi degli dei: calzature tra moda, arte romana e cinema&body=https:\/\/www.intoscana.it\/it\/calzature-mostra\/\"> <i class=\"fas fa-envelope\"><\/i><\/a><\/li>\n                    <\/ul>\n                    <div class=\"closesharemore\">\n                    <i class=\"fas fa-times\"><\/i>\n                    <\/div>\n                  <\/div>\n                <\/li>\n              <\/ul>\n            <\/div>\n          <\/div>\n        <\/div>\n          <\/div>\n        <\/div>\n      <\/div>\n<p>La mostra vuole raccontare <strong>gli infiniti ruoli che la scarpa ha rivestito in Occidente dai tempi antichi ai giorni nostri.<\/strong> Veri e propri protagonisti del percorso espositivo, formato da <strong>circa 80 opere<\/strong> (alcune delle quali giunte in prestito da importanti musei internazionali come il Louvre), saranno gli esemplari delle <strong>principali tipologie di calzature usate nel periodo compreso fra il V secolo a.C. e il IV d.C.<\/strong> e testimoniateci sia su preziose opere d\u2019arte, fra le quali rilievi e vasi dipinti, sia in originale, come gli eccezionali reperti provenienti dal forte romano di Vindolanda nell\u2019Inghilterra del nord. <\/p>\n<p><strong>L\u2019antico \u00e8 messo a diretto confronto con il contemporaneo.<\/strong> Scarpe di alcuni tra i pi\u00f9 grandi stilisti (come <strong>Genny, C\u00e9line, Richard Tyler, Ren\u00e8 Caovilla, Donna Karan<\/strong>) saranno esposte insieme ai modelli originali realizzati dalla pi\u00f9 celebre manifattura italiana di calzature per il cinema, il <strong>calzaturificio Pompei,<\/strong> per alcuni dei film peplum divenuti veri e propri cult: si potranno ammirare<strong> i sandali di Liz Taylor-Cleopatra, i calzari di Charlton Heston-Ben Hu<\/strong>r, quelle del <strong>Gladiatore Russell Crowe, le calighe dell\u2019Alexander-Colin Farrell.<\/strong>&nbsp;<\/p>\n<p><strong>Il direttore delle Gallerie degli Uffizi Eike Schmidt ha dichiarato:<\/strong> \u201cDa sempre l\u2019Uomo ha voluto riversare nelle calzature, strumento umile e quotidiano, un riflesso di quei principi di armonia e simmetria che governavano il gusto classico. La scarpa divenne cosi essa stessa opera d\u2019arte, un oggetto plasmato pi\u00f9 per esigenze estetiche che pratiche. Proprio per illustrare compiutamente questo \u2018destino\u2019 della calzatura, i cui presupposti sono gi\u00e0 nel mondo greco-romano, si \u00e8 voluto allargare il tema di questa mostra a due espressioni della cultura contemporanea intimamente legate fra di loro: il cinema e la moda. Sotto il segno della classicit\u00e0, i curatori hanno esplorato questo inedito aspetto della \u2018Fortuna dell\u2019Antico\u2019, recuperando suggestioni, echi e consonanze che, attraverso le pellicole di film come Cleopatra e l\u2019ispirazione di stilisti, creano un inaspettato legame fra passato e contemporaneit\u00e0\u201d.<\/p>\n","protected":false},"excerpt":{"rendered":"<p>In mostra a Palazzo Pitti decine di modelli tra caligae romane, calzari delle star del grande schermo e modelli dei pi\u00f9 celebri stilisti del Novecento<\/p>\n","protected":false},"author":525,"featured_media":86538,"comment_status":"open","ping_status":"open","sticky":false,"template":"","format":"standard","meta":{"_acf_changed":false,"footnotes":""},"categories":[493,5],"tags":[],"class_list":["post-52023","post","type-post","status-publish","format-standard","has-post-thumbnail","hentry","category-cultura","category-arte-e-cultura"],"acf":[],"yoast_head":"<!-- This site is optimized with the Yoast SEO Premium plugin v24.2 (Yoast SEO v25.6) - https:\/\/yoast.com\/wordpress\/plugins\/seo\/ -->\n<title>Ai piedi degli dei: calzature tra moda, arte romana e cinema - intoscana<\/title>\n<meta name=\"robots\" content=\"index, follow, max-snippet:-1, max-image-preview:large, max-video-preview:-1\" \/>\n<link rel=\"canonical\" href=\"https:\/\/www.intoscana.it\/it\/calzature-mostra\/\" \/>\n<meta property=\"og:locale\" content=\"it_IT\" \/>\n<meta property=\"og:type\" content=\"article\" \/>\n<meta property=\"og:title\" content=\"Ai piedi degli dei: calzature tra moda, arte romana e cinema\" \/>\n<meta property=\"og:description\" content=\"In mostra a Palazzo Pitti decine di modelli tra caligae romane, calzari delle star del grande schermo e modelli dei pi\u00f9 celebri stilisti del Novecento\" \/>\n<meta property=\"og:url\" content=\"https:\/\/www.intoscana.it\/it\/calzature-mostra\/\" \/>\n<meta property=\"og:site_name\" content=\"intoscana\" \/>\n<meta property=\"article:publisher\" content=\"https:\/\/www.facebook.com\/intoscana.it\" \/>\n<meta property=\"article:published_time\" content=\"2019-12-17T09:34:09+00:00\" \/>\n<meta property=\"article:modified_time\" content=\"2020-05-19T13:34:52+00:00\" \/>\n<meta property=\"og:image\" content=\"https:\/\/www.intoscana.it\/wp-content\/uploads\/cfig.-2.jpg\" \/>\n\t<meta property=\"og:image:width\" content=\"2000\" \/>\n\t<meta property=\"og:image:height\" content=\"1393\" \/>\n\t<meta property=\"og:image:type\" content=\"image\/jpeg\" \/>\n<meta name=\"author\" content=\"Redazione\" \/>\n<meta name=\"twitter:card\" content=\"summary_large_image\" \/>\n<meta name=\"twitter:creator\" content=\"@intoscana\" \/>\n<meta name=\"twitter:site\" content=\"@intoscana\" \/>\n<meta name=\"twitter:label1\" content=\"Written by\" \/>\n\t<meta name=\"twitter:data1\" content=\"Redazione\" \/>\n\t<meta name=\"twitter:label2\" content=\"Est. reading time\" \/>\n\t<meta name=\"twitter:data2\" content=\"2 minuti\" \/>\n<script type=\"application\/ld+json\" class=\"yoast-schema-graph\">{\"@context\":\"https:\/\/schema.org\",\"@graph\":[{\"@type\":\"WebPage\",\"@id\":\"https:\/\/www.intoscana.it\/it\/calzature-mostra\/\",\"url\":\"https:\/\/www.intoscana.it\/it\/calzature-mostra\/\",\"name\":\"Ai piedi degli dei: calzature tra moda, arte romana e cinema - intoscana\",\"isPartOf\":{\"@id\":\"https:\/\/www.intoscana.it\/it\/#website\"},\"primaryImageOfPage\":{\"@id\":\"https:\/\/www.intoscana.it\/it\/calzature-mostra\/#primaryimage\"},\"image\":{\"@id\":\"https:\/\/www.intoscana.it\/it\/calzature-mostra\/#primaryimage\"},\"thumbnailUrl\":\"https:\/\/www.intoscana.it\/wp-content\/uploads\/cfig.-2.jpg\",\"datePublished\":\"2019-12-17T09:34:09+00:00\",\"dateModified\":\"2020-05-19T13:34:52+00:00\",\"author\":{\"@id\":\"https:\/\/www.intoscana.it\/it\/#\/schema\/person\/9223810753230f20bd670fdd322661f8\"},\"breadcrumb\":{\"@id\":\"https:\/\/www.intoscana.it\/it\/calzature-mostra\/#breadcrumb\"},\"inLanguage\":\"it-IT\",\"potentialAction\":[{\"@type\":\"ReadAction\",\"target\":[\"https:\/\/www.intoscana.it\/it\/calzature-mostra\/\"]}]},{\"@type\":\"ImageObject\",\"inLanguage\":\"it-IT\",\"@id\":\"https:\/\/www.intoscana.it\/it\/calzature-mostra\/#primaryimage\",\"url\":\"https:\/\/www.intoscana.it\/wp-content\/uploads\/cfig.-2.jpg\",\"contentUrl\":\"https:\/\/www.intoscana.it\/wp-content\/uploads\/cfig.-2.jpg\",\"width\":2000,\"height\":1393,\"caption\":\"Ai piedi degli Dei: calzature tra moda, arte romana e cinema in mostra a Palazzo Pitti\"},{\"@type\":\"BreadcrumbList\",\"@id\":\"https:\/\/www.intoscana.it\/it\/calzature-mostra\/#breadcrumb\",\"itemListElement\":[{\"@type\":\"ListItem\",\"position\":1,\"name\":\"Home\",\"item\":\"https:\/\/www.intoscana.it\/it\/\"},{\"@type\":\"ListItem\",\"position\":2,\"name\":\"Ai piedi degli dei: calzature tra moda, arte romana e cinema\"}]},{\"@type\":\"WebSite\",\"@id\":\"https:\/\/www.intoscana.it\/it\/#website\",\"url\":\"https:\/\/www.intoscana.it\/it\/\",\"name\":\"intoscana\",\"description\":\"\",\"potentialAction\":[{\"@type\":\"SearchAction\",\"target\":{\"@type\":\"EntryPoint\",\"urlTemplate\":\"https:\/\/www.intoscana.it\/it\/?s={search_term_string}\"},\"query-input\":{\"@type\":\"PropertyValueSpecification\",\"valueRequired\":true,\"valueName\":\"search_term_string\"}}],\"inLanguage\":\"it-IT\"},{\"@type\":\"Person\",\"@id\":\"https:\/\/www.intoscana.it\/it\/#\/schema\/person\/9223810753230f20bd670fdd322661f8\",\"name\":\"Redazione\",\"url\":\"https:\/\/www.intoscana.it\/it\/author\/redazione\/\"}]}<\/script>\n<!-- \/ Yoast SEO Premium plugin. -->","yoast_head_json":{"title":"Ai piedi degli dei: calzature tra moda, arte romana e cinema - intoscana","robots":{"index":"index","follow":"follow","max-snippet":"max-snippet:-1","max-image-preview":"max-image-preview:large","max-video-preview":"max-video-preview:-1"},"canonical":"https:\/\/www.intoscana.it\/it\/calzature-mostra\/","og_locale":"it_IT","og_type":"article","og_title":"Ai piedi degli dei: calzature tra moda, arte romana e cinema","og_description":"In mostra a Palazzo Pitti decine di modelli tra caligae romane, calzari delle star del grande schermo e modelli dei pi\u00f9 celebri stilisti del Novecento","og_url":"https:\/\/www.intoscana.it\/it\/calzature-mostra\/","og_site_name":"intoscana","article_publisher":"https:\/\/www.facebook.com\/intoscana.it","article_published_time":"2019-12-17T09:34:09+00:00","article_modified_time":"2020-05-19T13:34:52+00:00","og_image":[{"width":2000,"height":1393,"url":"https:\/\/www.intoscana.it\/wp-content\/uploads\/cfig.-2.jpg","type":"image\/jpeg"}],"author":"Redazione","twitter_card":"summary_large_image","twitter_creator":"@intoscana","twitter_site":"@intoscana","twitter_misc":{"Written by":"Redazione","Est. reading time":"2 minuti"},"schema":{"@context":"https:\/\/schema.org","@graph":[{"@type":"WebPage","@id":"https:\/\/www.intoscana.it\/it\/calzature-mostra\/","url":"https:\/\/www.intoscana.it\/it\/calzature-mostra\/","name":"Ai piedi degli dei: calzature tra moda, arte romana e cinema - intoscana","isPartOf":{"@id":"https:\/\/www.intoscana.it\/it\/#website"},"primaryImageOfPage":{"@id":"https:\/\/www.intoscana.it\/it\/calzature-mostra\/#primaryimage"},"image":{"@id":"https:\/\/www.intoscana.it\/it\/calzature-mostra\/#primaryimage"},"thumbnailUrl":"https:\/\/www.intoscana.it\/wp-content\/uploads\/cfig.-2.jpg","datePublished":"2019-12-17T09:34:09+00:00","dateModified":"2020-05-19T13:34:52+00:00","author":{"@id":"https:\/\/www.intoscana.it\/it\/#\/schema\/person\/9223810753230f20bd670fdd322661f8"},"breadcrumb":{"@id":"https:\/\/www.intoscana.it\/it\/calzature-mostra\/#breadcrumb"},"inLanguage":"it-IT","potentialAction":[{"@type":"ReadAction","target":["https:\/\/www.intoscana.it\/it\/calzature-mostra\/"]}]},{"@type":"ImageObject","inLanguage":"it-IT","@id":"https:\/\/www.intoscana.it\/it\/calzature-mostra\/#primaryimage","url":"https:\/\/www.intoscana.it\/wp-content\/uploads\/cfig.-2.jpg","contentUrl":"https:\/\/www.intoscana.it\/wp-content\/uploads\/cfig.-2.jpg","width":2000,"height":1393,"caption":"Ai piedi degli Dei: calzature tra moda, arte romana e cinema in mostra a Palazzo Pitti"},{"@type":"BreadcrumbList","@id":"https:\/\/www.intoscana.it\/it\/calzature-mostra\/#breadcrumb","itemListElement":[{"@type":"ListItem","position":1,"name":"Home","item":"https:\/\/www.intoscana.it\/it\/"},{"@type":"ListItem","position":2,"name":"Ai piedi degli dei: calzature tra moda, arte romana e cinema"}]},{"@type":"WebSite","@id":"https:\/\/www.intoscana.it\/it\/#website","url":"https:\/\/www.intoscana.it\/it\/","name":"intoscana","description":"","potentialAction":[{"@type":"SearchAction","target":{"@type":"EntryPoint","urlTemplate":"https:\/\/www.intoscana.it\/it\/?s={search_term_string}"},"query-input":{"@type":"PropertyValueSpecification","valueRequired":true,"valueName":"search_term_string"}}],"inLanguage":"it-IT"},{"@type":"Person","@id":"https:\/\/www.intoscana.it\/it\/#\/schema\/person\/9223810753230f20bd670fdd322661f8","name":"Redazione","url":"https:\/\/www.intoscana.it\/it\/author\/redazione\/"}]}},"_links":{"self":[{"href":"https:\/\/www.intoscana.it\/it\/wp-json\/wp\/v2\/posts\/52023","targetHints":{"allow":["GET"]}}],"collection":[{"href":"https:\/\/www.intoscana.it\/it\/wp-json\/wp\/v2\/posts"}],"about":[{"href":"https:\/\/www.intoscana.it\/it\/wp-json\/wp\/v2\/types\/post"}],"author":[{"embeddable":true,"href":"https:\/\/www.intoscana.it\/it\/wp-json\/wp\/v2\/users\/525"}],"replies":[{"embeddable":true,"href":"https:\/\/www.intoscana.it\/it\/wp-json\/wp\/v2\/comments?post=52023"}],"version-history":[{"count":0,"href":"https:\/\/www.intoscana.it\/it\/wp-json\/wp\/v2\/posts\/52023\/revisions"}],"wp:featuredmedia":[{"embeddable":true,"href":"https:\/\/www.intoscana.it\/it\/wp-json\/wp\/v2\/media\/86538"}],"wp:attachment":[{"href":"https:\/\/www.intoscana.it\/it\/wp-json\/wp\/v2\/media?parent=52023"}],"wp:term":[{"taxonomy":"category","embeddable":true,"href":"https:\/\/www.intoscana.it\/it\/wp-json\/wp\/v2\/categories?post=52023"},{"taxonomy":"post_tag","embeddable":true,"href":"https:\/\/www.intoscana.it\/it\/wp-json\/wp\/v2\/tags?post=52023"}],"curies":[{"name":"wp","href":"https:\/\/api.w.org\/{rel}","templated":true}]}}