{"id":52058,"date":"2020-01-08T12:03:52","date_gmt":"2020-01-08T12:03:52","guid":{"rendered":"http:\/\/www.intoscana.it\/dialoghi-di-arte-e-cultura-tornano-le-lezioni-del-mercoledi-agli-uffizi\/"},"modified":"2020-05-19T15:35:03","modified_gmt":"2020-05-19T13:35:03","slug":"dialoghi-uffizi","status":"publish","type":"post","link":"https:\/\/www.intoscana.it\/it\/dialoghi-uffizi\/","title":{"rendered":"Dialoghi di arte e cultura: tornano le lezioni del mercoled\u00ec agli Uffizi"},"content":{"rendered":"<p><strong>Una Lectura Dantis, la prima mai tenuta agli Uffizi di Firenze: \u00e8 solo una delle principali novit\u00e0 di <a href=\"https:\/\/www.uffizi.it\/eventi\/conferenze-autunno-2019\" target=\"_blank\" rel=\"noopener noreferrer\" class=\"broken_link\">\u201cDialoghi di arte e cultura\u201d<\/a>,<\/strong> il calendario di incontri con docenti e studiosi dedicati ad argomenti sempre diversi, che si tengono tutte le settimane, il mercoled\u00ec alle 17, nell\u2019Auditorium Vasari della Galleria. <strong>Quest\u2019anno sono 21 gli appuntamenti in programma,<\/strong> tra cui appunto la lettura della Divina Commedia che sar\u00e0 affidata all\u2019insigne dantista Paolo Procaccioli, professore all\u2019Universit\u00e0 degli Studi della Tuscia, e si terr\u00e0, non casualmente, il 25 marzo, data d\u2019inizio del viaggio di Dante nella Commedia e ricorrenza del Capodanno fiorentino.<\/p>\n<p>\u201c\u00c8 un ricco programma, con una novit\u00e0: l\u2019introduzione della <strong>Lectura Dantis, un incontro che diventer\u00e0 annuale e con cui gli Uffizi riprendono una tradizione del Rinascimento fiorentino \u2013 sottolinea il dittore delle Gallerie, Eike Schmidt<\/strong> &#8211; partiti nel 2017, gli incontri del mercoled\u00ec sono ormai una realt\u00e0 apprezzata a Firenze, nel pur ampio e variegato panorama di offerte culturali presenti ogni mese in citt\u00e0. Infatti le conferenze all\u2019Auditorium Vasari, anche per la frequente presenza di opere d\u2019arte esposte per l\u2019occasione, collegano in maniera forte il museo con la cittadinanza, creano interesse e passione.\u201d<\/p>\n<p>Questo nuovo ciclo di incontri verr\u00e0 aperto l\u20198 gennaio da Marco Cavalieri, professore di archeologia classica all\u2019Universit\u00e0 Cattolica di Lovanio, con una <strong>lezione sul ruolo e l\u2019importanza della calzatura nell\u2019antichit\u00e0.<\/strong> Le conferenze offrono un ventaglio amplissimo di argomenti culturali e storico artistici: ricordiamo quella dello <strong>storico Luciano Canfora su \u201cGuerra e Schiavit\u00f9 in Euripide\u201d (29 gennaio), e di Nicholas Penny, gi\u00e0 direttore della National Gallery di Londra, sull\u2019espressivit\u00e0 del volto umano nell\u2019arte rinascimentale e barocca<\/strong>, prendendo spunto dall\u2019Alessandro morente degli Uffizi (il 29 maggio, in lingua inglese).<br \/>L\u201911 marzo Veronica D\u2019Ascenzo, la maestra sopravvissuta da bambina al tragico crollo della sua scuola a San Giuliano di Puglia, parler\u00e0 dell\u2019importanza dell\u2019arte nel superamento dei disturbi post traumatici da stress nei minori.<\/p>\n<p>Anche per il 2020, \u201cDialoghi di arte e cultura\u201d prevedono quattro categorie di conferenze, a seconda degli argomenti e dell\u2019approccio interpretativo. Ritornano dunque gli oramai classici <strong>\u201cTesori dai depositi\u201d, nei quali i relatori offrono al pubblico studi e riflessioni su un\u2019opera proveniente dalle riserve del museo<\/strong> e che, in occasione della conferenza, sar\u00e0 eccezionalmente esposta nella sala dell\u2019auditorium.<br \/>La stessa impostazione viene adottata anche nel caso delle conferenze appartenenti alla categoria <strong>\u201cCapolavori su carta\u201d, dedicata a disegni del Gabinetto dei Disegni e Stampe delle Gallerie degli Uffizi.<\/strong> Si tratta di opere del Rinascimento e Barocco italiano, raramente visibili al pubblico per le loro delicate condizioni di conservazione: nel corso della conferenza verranno eccezionalmente esposti come in una breve mostra per pochi intimi.<\/p>\n<p>Alla spiegazione di come nasce l\u2019idea di una mostra, di un allestimento oppure, pi\u00f9 genericamente, ai retroscena del governo di un complesso sistema museale sono invece dedicat<strong>i gli appuntamenti dal titolo \u201cDietro le quinte\u201d.<\/strong> La serie <strong>\u201cLaboratorio universale\u201d<\/strong> \u00e8 invece incentrata su argomenti che tengono spunto dell\u2019arte ma si estendono oltre: le conferenze sono spesso tenute da specialisti di altre discipline che guardano ai tesori del patrimonio artistico sotto una luce diversa rispetto a quella offerta dagli esperti del settore.<\/p>\n","protected":false},"excerpt":{"rendered":"<p>Sono 21 gli appuntamenti in programma, tra cui la prima Lectura Dantis mai tenuta in Galleria e ospiti come Luciano Canfora e Nicholas Penny, ex direttore della National Gallery di Londra<\/p>\n","protected":false},"author":525,"featured_media":86572,"comment_status":"open","ping_status":"open","sticky":false,"template":"","format":"standard","meta":{"_acf_changed":false,"footnotes":""},"categories":[493,5],"tags":[174,207],"class_list":["post-52058","post","type-post","status-publish","format-standard","has-post-thumbnail","hentry","category-cultura","category-arte-e-cultura","tag-arte","tag-uffizi"],"acf":[],"yoast_head":"<!-- This site is optimized with the Yoast SEO Premium plugin v24.2 (Yoast SEO v25.6) - https:\/\/yoast.com\/wordpress\/plugins\/seo\/ -->\n<title>Dialoghi di arte e cultura: tornano le lezioni del mercoled\u00ec agli Uffizi - intoscana<\/title>\n<meta name=\"robots\" content=\"index, follow, max-snippet:-1, max-image-preview:large, max-video-preview:-1\" \/>\n<link rel=\"canonical\" href=\"https:\/\/www.intoscana.it\/it\/dialoghi-uffizi\/\" \/>\n<meta property=\"og:locale\" content=\"it_IT\" \/>\n<meta property=\"og:type\" content=\"article\" \/>\n<meta property=\"og:title\" content=\"Dialoghi di arte e cultura: tornano le lezioni del mercoled\u00ec agli Uffizi\" \/>\n<meta property=\"og:description\" content=\"Sono 21 gli appuntamenti in programma, tra cui la prima Lectura Dantis mai tenuta in Galleria e ospiti come Luciano Canfora e Nicholas Penny, ex direttore della National Gallery di Londra\" \/>\n<meta property=\"og:url\" content=\"https:\/\/www.intoscana.it\/it\/dialoghi-uffizi\/\" \/>\n<meta property=\"og:site_name\" content=\"intoscana\" \/>\n<meta property=\"article:publisher\" content=\"https:\/\/www.facebook.com\/intoscana.it\" \/>\n<meta property=\"article:published_time\" content=\"2020-01-08T12:03:52+00:00\" \/>\n<meta property=\"article:modified_time\" content=\"2020-05-19T13:35:03+00:00\" \/>\n<meta property=\"og:image\" content=\"https:\/\/www.intoscana.it\/wp-content\/uploads\/uffizi-20.jpg\" \/>\n\t<meta property=\"og:image:width\" content=\"750\" \/>\n\t<meta property=\"og:image:height\" content=\"430\" \/>\n\t<meta property=\"og:image:type\" content=\"image\/jpeg\" \/>\n<meta name=\"author\" content=\"Redazione\" \/>\n<meta name=\"twitter:card\" content=\"summary_large_image\" \/>\n<meta name=\"twitter:creator\" content=\"@intoscana\" \/>\n<meta name=\"twitter:site\" content=\"@intoscana\" \/>\n<meta name=\"twitter:label1\" content=\"Written by\" \/>\n\t<meta name=\"twitter:data1\" content=\"Redazione\" \/>\n\t<meta name=\"twitter:label2\" content=\"Est. reading time\" \/>\n\t<meta name=\"twitter:data2\" content=\"3 minuti\" \/>\n<script type=\"application\/ld+json\" class=\"yoast-schema-graph\">{\"@context\":\"https:\/\/schema.org\",\"@graph\":[{\"@type\":\"WebPage\",\"@id\":\"https:\/\/www.intoscana.it\/it\/dialoghi-uffizi\/\",\"url\":\"https:\/\/www.intoscana.it\/it\/dialoghi-uffizi\/\",\"name\":\"Dialoghi di arte e cultura: tornano le lezioni del mercoled\u00ec agli Uffizi - intoscana\",\"isPartOf\":{\"@id\":\"https:\/\/www.intoscana.it\/it\/#website\"},\"primaryImageOfPage\":{\"@id\":\"https:\/\/www.intoscana.it\/it\/dialoghi-uffizi\/#primaryimage\"},\"image\":{\"@id\":\"https:\/\/www.intoscana.it\/it\/dialoghi-uffizi\/#primaryimage\"},\"thumbnailUrl\":\"https:\/\/www.intoscana.it\/wp-content\/uploads\/uffizi-20.jpg\",\"datePublished\":\"2020-01-08T12:03:52+00:00\",\"dateModified\":\"2020-05-19T13:35:03+00:00\",\"author\":{\"@id\":\"https:\/\/www.intoscana.it\/it\/#\/schema\/person\/9223810753230f20bd670fdd322661f8\"},\"breadcrumb\":{\"@id\":\"https:\/\/www.intoscana.it\/it\/dialoghi-uffizi\/#breadcrumb\"},\"inLanguage\":\"it-IT\",\"potentialAction\":[{\"@type\":\"ReadAction\",\"target\":[\"https:\/\/www.intoscana.it\/it\/dialoghi-uffizi\/\"]}]},{\"@type\":\"ImageObject\",\"inLanguage\":\"it-IT\",\"@id\":\"https:\/\/www.intoscana.it\/it\/dialoghi-uffizi\/#primaryimage\",\"url\":\"https:\/\/www.intoscana.it\/wp-content\/uploads\/uffizi-20.jpg\",\"contentUrl\":\"https:\/\/www.intoscana.it\/wp-content\/uploads\/uffizi-20.jpg\",\"width\":750,\"height\":430},{\"@type\":\"BreadcrumbList\",\"@id\":\"https:\/\/www.intoscana.it\/it\/dialoghi-uffizi\/#breadcrumb\",\"itemListElement\":[{\"@type\":\"ListItem\",\"position\":1,\"name\":\"Home\",\"item\":\"https:\/\/www.intoscana.it\/it\/\"},{\"@type\":\"ListItem\",\"position\":2,\"name\":\"Dialoghi di arte e cultura: tornano le lezioni del mercoled\u00ec agli Uffizi\"}]},{\"@type\":\"WebSite\",\"@id\":\"https:\/\/www.intoscana.it\/it\/#website\",\"url\":\"https:\/\/www.intoscana.it\/it\/\",\"name\":\"intoscana\",\"description\":\"\",\"potentialAction\":[{\"@type\":\"SearchAction\",\"target\":{\"@type\":\"EntryPoint\",\"urlTemplate\":\"https:\/\/www.intoscana.it\/it\/?s={search_term_string}\"},\"query-input\":{\"@type\":\"PropertyValueSpecification\",\"valueRequired\":true,\"valueName\":\"search_term_string\"}}],\"inLanguage\":\"it-IT\"},{\"@type\":\"Person\",\"@id\":\"https:\/\/www.intoscana.it\/it\/#\/schema\/person\/9223810753230f20bd670fdd322661f8\",\"name\":\"Redazione\",\"url\":\"https:\/\/www.intoscana.it\/it\/author\/redazione\/\"}]}<\/script>\n<!-- \/ Yoast SEO Premium plugin. -->","yoast_head_json":{"title":"Dialoghi di arte e cultura: tornano le lezioni del mercoled\u00ec agli Uffizi - intoscana","robots":{"index":"index","follow":"follow","max-snippet":"max-snippet:-1","max-image-preview":"max-image-preview:large","max-video-preview":"max-video-preview:-1"},"canonical":"https:\/\/www.intoscana.it\/it\/dialoghi-uffizi\/","og_locale":"it_IT","og_type":"article","og_title":"Dialoghi di arte e cultura: tornano le lezioni del mercoled\u00ec agli Uffizi","og_description":"Sono 21 gli appuntamenti in programma, tra cui la prima Lectura Dantis mai tenuta in Galleria e ospiti come Luciano Canfora e Nicholas Penny, ex direttore della National Gallery di Londra","og_url":"https:\/\/www.intoscana.it\/it\/dialoghi-uffizi\/","og_site_name":"intoscana","article_publisher":"https:\/\/www.facebook.com\/intoscana.it","article_published_time":"2020-01-08T12:03:52+00:00","article_modified_time":"2020-05-19T13:35:03+00:00","og_image":[{"width":750,"height":430,"url":"https:\/\/www.intoscana.it\/wp-content\/uploads\/uffizi-20.jpg","type":"image\/jpeg"}],"author":"Redazione","twitter_card":"summary_large_image","twitter_creator":"@intoscana","twitter_site":"@intoscana","twitter_misc":{"Written by":"Redazione","Est. reading time":"3 minuti"},"schema":{"@context":"https:\/\/schema.org","@graph":[{"@type":"WebPage","@id":"https:\/\/www.intoscana.it\/it\/dialoghi-uffizi\/","url":"https:\/\/www.intoscana.it\/it\/dialoghi-uffizi\/","name":"Dialoghi di arte e cultura: tornano le lezioni del mercoled\u00ec agli Uffizi - intoscana","isPartOf":{"@id":"https:\/\/www.intoscana.it\/it\/#website"},"primaryImageOfPage":{"@id":"https:\/\/www.intoscana.it\/it\/dialoghi-uffizi\/#primaryimage"},"image":{"@id":"https:\/\/www.intoscana.it\/it\/dialoghi-uffizi\/#primaryimage"},"thumbnailUrl":"https:\/\/www.intoscana.it\/wp-content\/uploads\/uffizi-20.jpg","datePublished":"2020-01-08T12:03:52+00:00","dateModified":"2020-05-19T13:35:03+00:00","author":{"@id":"https:\/\/www.intoscana.it\/it\/#\/schema\/person\/9223810753230f20bd670fdd322661f8"},"breadcrumb":{"@id":"https:\/\/www.intoscana.it\/it\/dialoghi-uffizi\/#breadcrumb"},"inLanguage":"it-IT","potentialAction":[{"@type":"ReadAction","target":["https:\/\/www.intoscana.it\/it\/dialoghi-uffizi\/"]}]},{"@type":"ImageObject","inLanguage":"it-IT","@id":"https:\/\/www.intoscana.it\/it\/dialoghi-uffizi\/#primaryimage","url":"https:\/\/www.intoscana.it\/wp-content\/uploads\/uffizi-20.jpg","contentUrl":"https:\/\/www.intoscana.it\/wp-content\/uploads\/uffizi-20.jpg","width":750,"height":430},{"@type":"BreadcrumbList","@id":"https:\/\/www.intoscana.it\/it\/dialoghi-uffizi\/#breadcrumb","itemListElement":[{"@type":"ListItem","position":1,"name":"Home","item":"https:\/\/www.intoscana.it\/it\/"},{"@type":"ListItem","position":2,"name":"Dialoghi di arte e cultura: tornano le lezioni del mercoled\u00ec agli Uffizi"}]},{"@type":"WebSite","@id":"https:\/\/www.intoscana.it\/it\/#website","url":"https:\/\/www.intoscana.it\/it\/","name":"intoscana","description":"","potentialAction":[{"@type":"SearchAction","target":{"@type":"EntryPoint","urlTemplate":"https:\/\/www.intoscana.it\/it\/?s={search_term_string}"},"query-input":{"@type":"PropertyValueSpecification","valueRequired":true,"valueName":"search_term_string"}}],"inLanguage":"it-IT"},{"@type":"Person","@id":"https:\/\/www.intoscana.it\/it\/#\/schema\/person\/9223810753230f20bd670fdd322661f8","name":"Redazione","url":"https:\/\/www.intoscana.it\/it\/author\/redazione\/"}]}},"_links":{"self":[{"href":"https:\/\/www.intoscana.it\/it\/wp-json\/wp\/v2\/posts\/52058","targetHints":{"allow":["GET"]}}],"collection":[{"href":"https:\/\/www.intoscana.it\/it\/wp-json\/wp\/v2\/posts"}],"about":[{"href":"https:\/\/www.intoscana.it\/it\/wp-json\/wp\/v2\/types\/post"}],"author":[{"embeddable":true,"href":"https:\/\/www.intoscana.it\/it\/wp-json\/wp\/v2\/users\/525"}],"replies":[{"embeddable":true,"href":"https:\/\/www.intoscana.it\/it\/wp-json\/wp\/v2\/comments?post=52058"}],"version-history":[{"count":0,"href":"https:\/\/www.intoscana.it\/it\/wp-json\/wp\/v2\/posts\/52058\/revisions"}],"wp:featuredmedia":[{"embeddable":true,"href":"https:\/\/www.intoscana.it\/it\/wp-json\/wp\/v2\/media\/86572"}],"wp:attachment":[{"href":"https:\/\/www.intoscana.it\/it\/wp-json\/wp\/v2\/media?parent=52058"}],"wp:term":[{"taxonomy":"category","embeddable":true,"href":"https:\/\/www.intoscana.it\/it\/wp-json\/wp\/v2\/categories?post=52058"},{"taxonomy":"post_tag","embeddable":true,"href":"https:\/\/www.intoscana.it\/it\/wp-json\/wp\/v2\/tags?post=52058"}],"curies":[{"name":"wp","href":"https:\/\/api.w.org\/{rel}","templated":true}]}}