{"id":52106,"date":"2020-02-19T15:10:52","date_gmt":"2020-02-19T15:10:52","guid":{"rendered":"http:\/\/www.intoscana.it\/archeologia-arte-e-ambiente-a-firenze-torna-tourisma\/"},"modified":"2020-05-19T15:35:20","modified_gmt":"2020-05-19T13:35:20","slug":"tourisma-firenze","status":"publish","type":"post","link":"https:\/\/www.intoscana.it\/it\/tourisma-firenze\/","title":{"rendered":"Archeologia, arte e ambiente: a Firenze torna TourismA"},"content":{"rendered":"<p>Tre giorni dedicati al passato, al presente e al futuro dei beni culturali con<strong> 100 espositori e 250 relatori anche stranieri: dal 21 al 23 febbraio torna al palazzo dei Congressi di Firenze &#8216;TourismA&#8217;,<\/strong> il salone dell&#8217;archeologia e del turismo culturale organizzato dalla rivista Archeologia Viva. Questa sesta edizione, presentata nella sede del Consiglio regionale della Toscana, \u00e8 dedicata in particolare ai <strong>temi dell&#8217;arte, dell&#8217;archeologia e dell&#8217;ambiente<\/strong> con le principali realt\u00e0 culturali italiane che proporranno itinerari pensati per un pubblico attento non solo al &#8216;dove&#8217; ma al &#8216;come&#8217; si viaggia. Tra i protagonisti anche gli Etruschi, al centro (venerd\u00ec alle 11) della presentazione dei percorsi culturali e turistici del <strong>prodotto turistico omogeneo &#8216;Toscana Terra Etrusca&#8217;<\/strong> che sta prendendo forma con 34 Comuni toscani.<\/p>\n<p>Tra i relatori attesi anche il direttore delle Gallerie degli Uffizi Eike Schmidt, lo storico dell&#8217;arte <strong>Philppe Daverio, l&#8217;archeologo Andrea Carandini, il regista Pupi Avati, il critico d&#8217;arte Vittorio Sgarbi<\/strong> e Alberto Angela che chiuder\u00e0 la kermesse fiorentina. L&#8217;evento sar\u00e0 anche l\u2019occasione per fare il punto sulle ricerche archeologiche italiane all\u2019estero, e sulle ultime tecnologie applicate alla conservazione e divulgazione del patrimonio culturale.<\/p>\n<p>Patrizia Piacentini, egittologa dell\u2019Universit\u00e0 statale di Milano, ha anticipato alcune scoperte, che verranno presentate durante la kermesse, fatte in recenti scavi di tombe ad <strong>Assuan. Qui il muso di un leopardo, dipinto con colori vivacissimi sul coperchio di un sarcofago, \u00e8 riemerso da un&#8217;antica tomba scoperta nel 2019<\/strong> dalla missione italo-egiziana Eimawa, nella necropoli posta sulla riva occidentale del Nilo vicino al Mausoleo dell&#8217;Aga Khan.<strong> In una stanza adiacente sono stati trovati anche dei pinoli, reperti rarissimi dal momento che la pianta era di importazione<\/strong>. Per rivivere in prima persona il ritrovamento, l&#8217;appuntamento \u00e8 per venerd\u00ec 21 febbraio a TourismA, dove l&#8217;egittologa guider\u00e0 il pubblico alla scoperta della tomba AGH026. Sar\u00e0 cos\u00ec possibile farsi stregare dagli occhi del leopardo sormontato da una fascia variopinta, che doveva essere posto in corrispondenza della testa del defunto per offrirgli forza e protezione per il suo viaggio nell&#8217;aldil\u00e0.<\/p>\n<p><img decoding=\"async\" alt=\"IW-Sarcofago-degli-Sposi-02-665x501\" style=\"width: 600px;\" title=\"IW-Sarcofago-degli-Sposi-02-665x501\" src=\"https:\/\/www.intoscana.it\/shared\/intoscana\/immagini\/arte-e-cultura\/IW-Sarcofago-degli-Sposi-02-665x501.jpg\" height=\"452\" \/><\/p>\n<p><strong>Al salone anche la Toscana sar\u00e0 protagonista, con due eventi organizzati dal Consiglio regionale.<\/strong> Il primo \u00e8 il convegno \u201c<strong>Toscana a murAperte. Citt\u00e0 murate, torri e castelli: alla scoperta di nuovi itinerari<\/strong>&#8221; in programma venerd\u00ec 21 febbraio alle 9: saranno presentati i risultati del sostegno che il Consiglio ha dato, con oltre 3 milioni di euro, ai progetti di valorizzazione e recupero di fortificazioni storiche e di creazione di nuovi itinerari. \u201cCon la legge regionale 46\/2016 abbiamo deciso di impiegare i nostri avanzi di amministrazione a sostegno dei progetti di tanti Comuni \u2013 sottolineato il presidente dell\u2019assemblea toscana Eugenio Giani \u2013 un provvedimento che abbiamo rinnovato ogni anno, e che ci auguriamo che diventi strutturato nel prossimo futuro\u201d. La seconda iniziativa vedr\u00e0 lo stesso presidente del Consiglio regionale sabato 22 febbraio, alle 17, tenere una lectio dal titolo <strong>\u201cMagnus Dux Etruriae: gli Etruschi e Cosimo I de\u2019Medici\u201d<\/strong>.&nbsp;<\/p>\n","protected":false},"excerpt":{"rendered":"<p>Dal 21 al 23 febbraio torna il salone dedicato all&#8217;archeologia e al turismo culturale con 250 relatori e ospiti come Philippe Daverio e Pupi Avati<\/p>\n","protected":false},"author":525,"featured_media":86621,"comment_status":"open","ping_status":"open","sticky":false,"template":"","format":"standard","meta":{"_acf_changed":false,"footnotes":""},"categories":[493,5],"tags":[208,174],"class_list":["post-52106","post","type-post","status-publish","format-standard","has-post-thumbnail","hentry","category-cultura","category-arte-e-cultura","tag-archeologia","tag-arte"],"acf":[],"yoast_head":"<!-- This site is optimized with the Yoast SEO Premium plugin v24.2 (Yoast SEO v25.6) - https:\/\/yoast.com\/wordpress\/plugins\/seo\/ -->\n<title>Archeologia, arte e ambiente: a Firenze torna TourismA - intoscana<\/title>\n<meta name=\"robots\" content=\"index, follow, max-snippet:-1, max-image-preview:large, max-video-preview:-1\" \/>\n<link rel=\"canonical\" href=\"https:\/\/www.intoscana.it\/it\/tourisma-firenze\/\" \/>\n<meta property=\"og:locale\" content=\"it_IT\" \/>\n<meta property=\"og:type\" content=\"article\" \/>\n<meta property=\"og:title\" content=\"Archeologia, arte e ambiente: a Firenze torna TourismA\" \/>\n<meta property=\"og:description\" content=\"Dal 21 al 23 febbraio torna il salone dedicato all&#039;archeologia e al turismo culturale con 250 relatori e ospiti come Philippe Daverio e Pupi Avati\" \/>\n<meta property=\"og:url\" content=\"https:\/\/www.intoscana.it\/it\/tourisma-firenze\/\" \/>\n<meta property=\"og:site_name\" content=\"intoscana\" \/>\n<meta property=\"article:publisher\" content=\"https:\/\/www.facebook.com\/intoscana.it\" \/>\n<meta property=\"article:published_time\" content=\"2020-02-19T15:10:52+00:00\" \/>\n<meta property=\"article:modified_time\" content=\"2020-05-19T13:35:20+00:00\" \/>\n<meta property=\"og:image\" content=\"https:\/\/www.intoscana.it\/wp-content\/uploads\/tourisma-1.jpg\" \/>\n\t<meta property=\"og:image:width\" content=\"800\" \/>\n\t<meta property=\"og:image:height\" content=\"487\" \/>\n\t<meta property=\"og:image:type\" content=\"image\/jpeg\" \/>\n<meta name=\"author\" content=\"Redazione\" \/>\n<meta name=\"twitter:card\" content=\"summary_large_image\" \/>\n<meta name=\"twitter:creator\" content=\"@intoscana\" \/>\n<meta name=\"twitter:site\" content=\"@intoscana\" \/>\n<meta name=\"twitter:label1\" content=\"Written by\" \/>\n\t<meta name=\"twitter:data1\" content=\"Redazione\" \/>\n\t<meta name=\"twitter:label2\" content=\"Est. reading time\" \/>\n\t<meta name=\"twitter:data2\" content=\"2 minuti\" \/>\n<script type=\"application\/ld+json\" class=\"yoast-schema-graph\">{\"@context\":\"https:\/\/schema.org\",\"@graph\":[{\"@type\":\"WebPage\",\"@id\":\"https:\/\/www.intoscana.it\/it\/tourisma-firenze\/\",\"url\":\"https:\/\/www.intoscana.it\/it\/tourisma-firenze\/\",\"name\":\"Archeologia, arte e ambiente: a Firenze torna TourismA - intoscana\",\"isPartOf\":{\"@id\":\"https:\/\/www.intoscana.it\/it\/#website\"},\"primaryImageOfPage\":{\"@id\":\"https:\/\/www.intoscana.it\/it\/tourisma-firenze\/#primaryimage\"},\"image\":{\"@id\":\"https:\/\/www.intoscana.it\/it\/tourisma-firenze\/#primaryimage\"},\"thumbnailUrl\":\"https:\/\/www.intoscana.it\/wp-content\/uploads\/tourisma-1.jpg\",\"datePublished\":\"2020-02-19T15:10:52+00:00\",\"dateModified\":\"2020-05-19T13:35:20+00:00\",\"author\":{\"@id\":\"https:\/\/www.intoscana.it\/it\/#\/schema\/person\/9223810753230f20bd670fdd322661f8\"},\"breadcrumb\":{\"@id\":\"https:\/\/www.intoscana.it\/it\/tourisma-firenze\/#breadcrumb\"},\"inLanguage\":\"it-IT\",\"potentialAction\":[{\"@type\":\"ReadAction\",\"target\":[\"https:\/\/www.intoscana.it\/it\/tourisma-firenze\/\"]}]},{\"@type\":\"ImageObject\",\"inLanguage\":\"it-IT\",\"@id\":\"https:\/\/www.intoscana.it\/it\/tourisma-firenze\/#primaryimage\",\"url\":\"https:\/\/www.intoscana.it\/wp-content\/uploads\/tourisma-1.jpg\",\"contentUrl\":\"https:\/\/www.intoscana.it\/wp-content\/uploads\/tourisma-1.jpg\",\"width\":800,\"height\":487,\"caption\":\"TourismA\"},{\"@type\":\"BreadcrumbList\",\"@id\":\"https:\/\/www.intoscana.it\/it\/tourisma-firenze\/#breadcrumb\",\"itemListElement\":[{\"@type\":\"ListItem\",\"position\":1,\"name\":\"Home\",\"item\":\"https:\/\/www.intoscana.it\/it\/\"},{\"@type\":\"ListItem\",\"position\":2,\"name\":\"Archeologia, arte e ambiente: a Firenze torna TourismA\"}]},{\"@type\":\"WebSite\",\"@id\":\"https:\/\/www.intoscana.it\/it\/#website\",\"url\":\"https:\/\/www.intoscana.it\/it\/\",\"name\":\"intoscana\",\"description\":\"\",\"potentialAction\":[{\"@type\":\"SearchAction\",\"target\":{\"@type\":\"EntryPoint\",\"urlTemplate\":\"https:\/\/www.intoscana.it\/it\/?s={search_term_string}\"},\"query-input\":{\"@type\":\"PropertyValueSpecification\",\"valueRequired\":true,\"valueName\":\"search_term_string\"}}],\"inLanguage\":\"it-IT\"},{\"@type\":\"Person\",\"@id\":\"https:\/\/www.intoscana.it\/it\/#\/schema\/person\/9223810753230f20bd670fdd322661f8\",\"name\":\"Redazione\",\"url\":\"https:\/\/www.intoscana.it\/it\/author\/redazione\/\"}]}<\/script>\n<!-- \/ Yoast SEO Premium plugin. -->","yoast_head_json":{"title":"Archeologia, arte e ambiente: a Firenze torna TourismA - intoscana","robots":{"index":"index","follow":"follow","max-snippet":"max-snippet:-1","max-image-preview":"max-image-preview:large","max-video-preview":"max-video-preview:-1"},"canonical":"https:\/\/www.intoscana.it\/it\/tourisma-firenze\/","og_locale":"it_IT","og_type":"article","og_title":"Archeologia, arte e ambiente: a Firenze torna TourismA","og_description":"Dal 21 al 23 febbraio torna il salone dedicato all'archeologia e al turismo culturale con 250 relatori e ospiti come Philippe Daverio e Pupi Avati","og_url":"https:\/\/www.intoscana.it\/it\/tourisma-firenze\/","og_site_name":"intoscana","article_publisher":"https:\/\/www.facebook.com\/intoscana.it","article_published_time":"2020-02-19T15:10:52+00:00","article_modified_time":"2020-05-19T13:35:20+00:00","og_image":[{"width":800,"height":487,"url":"https:\/\/www.intoscana.it\/wp-content\/uploads\/tourisma-1.jpg","type":"image\/jpeg"}],"author":"Redazione","twitter_card":"summary_large_image","twitter_creator":"@intoscana","twitter_site":"@intoscana","twitter_misc":{"Written by":"Redazione","Est. reading time":"2 minuti"},"schema":{"@context":"https:\/\/schema.org","@graph":[{"@type":"WebPage","@id":"https:\/\/www.intoscana.it\/it\/tourisma-firenze\/","url":"https:\/\/www.intoscana.it\/it\/tourisma-firenze\/","name":"Archeologia, arte e ambiente: a Firenze torna TourismA - intoscana","isPartOf":{"@id":"https:\/\/www.intoscana.it\/it\/#website"},"primaryImageOfPage":{"@id":"https:\/\/www.intoscana.it\/it\/tourisma-firenze\/#primaryimage"},"image":{"@id":"https:\/\/www.intoscana.it\/it\/tourisma-firenze\/#primaryimage"},"thumbnailUrl":"https:\/\/www.intoscana.it\/wp-content\/uploads\/tourisma-1.jpg","datePublished":"2020-02-19T15:10:52+00:00","dateModified":"2020-05-19T13:35:20+00:00","author":{"@id":"https:\/\/www.intoscana.it\/it\/#\/schema\/person\/9223810753230f20bd670fdd322661f8"},"breadcrumb":{"@id":"https:\/\/www.intoscana.it\/it\/tourisma-firenze\/#breadcrumb"},"inLanguage":"it-IT","potentialAction":[{"@type":"ReadAction","target":["https:\/\/www.intoscana.it\/it\/tourisma-firenze\/"]}]},{"@type":"ImageObject","inLanguage":"it-IT","@id":"https:\/\/www.intoscana.it\/it\/tourisma-firenze\/#primaryimage","url":"https:\/\/www.intoscana.it\/wp-content\/uploads\/tourisma-1.jpg","contentUrl":"https:\/\/www.intoscana.it\/wp-content\/uploads\/tourisma-1.jpg","width":800,"height":487,"caption":"TourismA"},{"@type":"BreadcrumbList","@id":"https:\/\/www.intoscana.it\/it\/tourisma-firenze\/#breadcrumb","itemListElement":[{"@type":"ListItem","position":1,"name":"Home","item":"https:\/\/www.intoscana.it\/it\/"},{"@type":"ListItem","position":2,"name":"Archeologia, arte e ambiente: a Firenze torna TourismA"}]},{"@type":"WebSite","@id":"https:\/\/www.intoscana.it\/it\/#website","url":"https:\/\/www.intoscana.it\/it\/","name":"intoscana","description":"","potentialAction":[{"@type":"SearchAction","target":{"@type":"EntryPoint","urlTemplate":"https:\/\/www.intoscana.it\/it\/?s={search_term_string}"},"query-input":{"@type":"PropertyValueSpecification","valueRequired":true,"valueName":"search_term_string"}}],"inLanguage":"it-IT"},{"@type":"Person","@id":"https:\/\/www.intoscana.it\/it\/#\/schema\/person\/9223810753230f20bd670fdd322661f8","name":"Redazione","url":"https:\/\/www.intoscana.it\/it\/author\/redazione\/"}]}},"_links":{"self":[{"href":"https:\/\/www.intoscana.it\/it\/wp-json\/wp\/v2\/posts\/52106","targetHints":{"allow":["GET"]}}],"collection":[{"href":"https:\/\/www.intoscana.it\/it\/wp-json\/wp\/v2\/posts"}],"about":[{"href":"https:\/\/www.intoscana.it\/it\/wp-json\/wp\/v2\/types\/post"}],"author":[{"embeddable":true,"href":"https:\/\/www.intoscana.it\/it\/wp-json\/wp\/v2\/users\/525"}],"replies":[{"embeddable":true,"href":"https:\/\/www.intoscana.it\/it\/wp-json\/wp\/v2\/comments?post=52106"}],"version-history":[{"count":0,"href":"https:\/\/www.intoscana.it\/it\/wp-json\/wp\/v2\/posts\/52106\/revisions"}],"wp:featuredmedia":[{"embeddable":true,"href":"https:\/\/www.intoscana.it\/it\/wp-json\/wp\/v2\/media\/86621"}],"wp:attachment":[{"href":"https:\/\/www.intoscana.it\/it\/wp-json\/wp\/v2\/media?parent=52106"}],"wp:term":[{"taxonomy":"category","embeddable":true,"href":"https:\/\/www.intoscana.it\/it\/wp-json\/wp\/v2\/categories?post=52106"},{"taxonomy":"post_tag","embeddable":true,"href":"https:\/\/www.intoscana.it\/it\/wp-json\/wp\/v2\/tags?post=52106"}],"curies":[{"name":"wp","href":"https:\/\/api.w.org\/{rel}","templated":true}]}}