{"id":52133,"date":"2019-12-10T12:37:29","date_gmt":"2019-12-10T12:37:29","guid":{"rendered":"http:\/\/www.intoscana.it\/cenerentola-di-prokofev-e-bubenicek-per-il-natale-del-maggio\/"},"modified":"2020-05-19T15:35:28","modified_gmt":"2020-05-19T13:35:28","slug":"maggio-musicale-cenerentola-natale","status":"publish","type":"post","link":"https:\/\/www.intoscana.it\/it\/maggio-musicale-cenerentola-natale\/","title":{"rendered":"Cenerentola di Prokof\u2019ev e Bubeni\u010dek per il Natale del Maggio"},"content":{"rendered":"<p>In occasione delle festivit\u00e0 natalizie al <strong>Teatro del Maggio<\/strong> arriva<strong> Cenerentola<\/strong>, balletto in un atto sulla celebre partitura d<strong>i Sergej Prokof\u2019ev<\/strong>. Cenerentola, <strong>rivista in chiave moderna, \u00e8 una nuova produzione del Maggio<\/strong> realizzata con il <strong>Nuovo Balletto di Toscana<\/strong>&nbsp;(diretto da Cristina Bozzolini) e la<strong> coreografia di Ji\u0159\u00ed Bubeni\u010dek<\/strong>, in scena <strong>dal 15 dicembre 2019 fino al 4 gennaio.<\/strong> L\u2019<strong>Orchestra del Maggio Musicale Fiorentino<\/strong> \u00e8 diretta da Giuseppe La Malfa. Ji\u0159\u00ed Bubeni\u010dek, firma anche regia, drammaturgia e scene. I costumi sono di Nadina Cojocaru.<\/p>\n<a class=\"fotogallery\" href=\"#modalgallery\" rel=\"modal:open\">sfoglia la gallery <i class=\"fas fa-chevron-right\"><\/i><\/a>\n    <div class=\"modal\" id=\"modalgallery\">\n        <div class=\"gallery\">\n          <div class=\"galleryimg\">\n            <div class=\"slidegallerybig\"> <div class=\"itemimg\">\n            <div class=\"wrapimg\">\n            <img decoding=\"async\" src=\"https:\/\/www.intoscana.it\/wp-content\/uploads\/cenerentola_prove-michele-monasta-8.jpg\">\n            <\/div>\n            <\/div> <div class=\"itemimg\">\n            <div class=\"wrapimg\">\n            <img decoding=\"async\" src=\"https:\/\/www.intoscana.it\/wp-content\/uploads\/cenerentola_prove-michele-monasta-7.jpg\">\n            <\/div>\n            <\/div> <div class=\"itemimg\">\n            <div class=\"wrapimg\">\n            <img decoding=\"async\" src=\"https:\/\/www.intoscana.it\/wp-content\/uploads\/cenerentola_prove-michele-monasta.jpg\">\n            <\/div>\n            <\/div> <div class=\"itemimg\">\n            <div class=\"wrapimg\">\n            <img decoding=\"async\" src=\"https:\/\/www.intoscana.it\/wp-content\/uploads\/cenerentola_prove-michele-monasta-9.jpg\">\n            <\/div>\n            <\/div> <div class=\"itemimg\">\n            <div class=\"wrapimg\">\n            <img decoding=\"async\" src=\"https:\/\/www.intoscana.it\/wp-content\/uploads\/cenerentola_prove-michele-monasta-6.jpg\">\n            <\/div>\n            <\/div> <div class=\"itemimg\">\n            <div class=\"wrapimg\">\n            <img decoding=\"async\" src=\"https:\/\/www.intoscana.it\/wp-content\/uploads\/cenerentola_prove-michele-monasta-5.jpg\">\n            <\/div>\n            <\/div> <div class=\"itemimg\">\n            <div class=\"wrapimg\">\n            <img decoding=\"async\" src=\"https:\/\/www.intoscana.it\/wp-content\/uploads\/cenerentola_prove-michele-monasta-4.jpg\">\n            <\/div>\n            <\/div> <div class=\"itemimg\">\n            <div class=\"wrapimg\">\n            <img decoding=\"async\" src=\"https:\/\/www.intoscana.it\/wp-content\/uploads\/cenerentola_prove-michele-monasta-3.jpg\">\n            <\/div>\n            <\/div> <div class=\"itemimg\">\n            <div class=\"wrapimg\">\n            <img decoding=\"async\" src=\"https:\/\/www.intoscana.it\/wp-content\/uploads\/cenerentola_prove-michele-monasta-27.jpg\">\n            <\/div>\n            <\/div> <div class=\"itemimg\">\n            <div class=\"wrapimg\">\n            <img decoding=\"async\" src=\"https:\/\/www.intoscana.it\/wp-content\/uploads\/cenerentola_prove-michele-monasta-26.jpg\">\n            <\/div>\n            <\/div> <div class=\"itemimg\">\n            <div class=\"wrapimg\">\n            <img decoding=\"async\" src=\"https:\/\/www.intoscana.it\/wp-content\/uploads\/cenerentola_prove-michele-monasta-25.jpg\">\n            <\/div>\n            <\/div> <div class=\"itemimg\">\n            <div class=\"wrapimg\">\n            <img decoding=\"async\" src=\"https:\/\/www.intoscana.it\/wp-content\/uploads\/cenerentola_prove-michele-monasta-24.jpg\">\n            <\/div>\n            <\/div> <div class=\"itemimg\">\n            <div class=\"wrapimg\">\n            <img decoding=\"async\" src=\"https:\/\/www.intoscana.it\/wp-content\/uploads\/cenerentola_prove-michele-monasta-23.jpg\">\n            <\/div>\n            <\/div> <div class=\"itemimg\">\n            <div class=\"wrapimg\">\n            <img decoding=\"async\" src=\"https:\/\/www.intoscana.it\/wp-content\/uploads\/cenerentola_prove-michele-monasta-22.jpg\">\n            <\/div>\n            <\/div> <div class=\"itemimg\">\n            <div class=\"wrapimg\">\n            <img decoding=\"async\" src=\"https:\/\/www.intoscana.it\/wp-content\/uploads\/cenerentola_prove-michele-monasta-21.jpg\">\n            <\/div>\n            <\/div> <div class=\"itemimg\">\n            <div class=\"wrapimg\">\n            <img decoding=\"async\" src=\"https:\/\/www.intoscana.it\/wp-content\/uploads\/cenerentola_prove-michele-monasta-20-scaled.jpg\">\n            <\/div>\n            <\/div>\n            <\/div>\n          <\/div>\n          <div class=\"asidemenu\">\n            <div class=\"action\">\n              <div class=\"countlidegallery\"><\/div>\n              <div class=\"closegallery\" href=\"#modalgallery\" rel=\"modal:close\"><i class=\"far fa-times\"><\/i><\/div>\n            <\/div>\n            <div class=\"title\">\n              <h2>Cenerentola di Prokof\u2019ev e Bubeni\u010dek per il Natale del Maggio<\/h2><p  class=\"gallery_credit\" id=\"gallery_credit_1\">Photo &copy; Michele Monasta <\/p><p style=\"display:none;\" class=\"gallery_credit\" id=\"gallery_credit_2\">Photo &copy; Michele Monasta <\/p><p style=\"display:none;\" class=\"gallery_credit\" id=\"gallery_credit_3\">Photo &copy; Michele Monasta <\/p><p style=\"display:none;\" class=\"gallery_credit\" id=\"gallery_credit_4\">Photo &copy; Michele Monasta <\/p><p style=\"display:none;\" class=\"gallery_credit\" id=\"gallery_credit_5\">Photo &copy; Michele Monasta <\/p><p style=\"display:none;\" class=\"gallery_credit\" id=\"gallery_credit_6\">Photo &copy; Michele Monasta <\/p><p style=\"display:none;\" class=\"gallery_credit\" id=\"gallery_credit_7\">Photo &copy; Michele Monasta <\/p><p style=\"display:none;\" class=\"gallery_credit\" id=\"gallery_credit_8\">Photo &copy; Michele Monasta <\/p><p style=\"display:none;\" class=\"gallery_credit\" id=\"gallery_credit_9\">Photo &copy; Michele Monasta <\/p><p style=\"display:none;\" class=\"gallery_credit\" id=\"gallery_credit_10\">Photo &copy; Michele Monasta <\/p><p style=\"display:none;\" class=\"gallery_credit\" id=\"gallery_credit_11\">Photo &copy; Michele Monasta <\/p><p style=\"display:none;\" class=\"gallery_credit\" id=\"gallery_credit_12\">Photo &copy; Michele Monasta <\/p><p style=\"display:none;\" class=\"gallery_credit\" id=\"gallery_credit_13\">Photo &copy; Michele Monasta <\/p><p style=\"display:none;\" class=\"gallery_credit\" id=\"gallery_credit_14\">Photo &copy; Michele Monasta <\/p><p style=\"display:none;\" class=\"gallery_credit\" id=\"gallery_credit_15\">Photo &copy; Michele Monasta <\/p><p style=\"display:none;\" class=\"gallery_credit\" id=\"gallery_credit_16\">Photo &copy; Michele Monasta <\/p>\n              <div class=\"socialarticolo\"> \n            <div class=\"contsocialico\">\n              <ul>\n                <li><a target=\"_blank\" href=\"https:\/\/www.facebook.com\/sharer\/sharer.php?u=https:\/\/www.intoscana.it\/it\/maggio-musicale-cenerentola-natale\/\"> <i class=\"fab fa-facebook-f\"><\/i><\/a><\/li>\n                <li><a target=\"_blank\" href=\"https:\/\/twitter.com\/home?status=https:\/\/www.intoscana.it\/it\/maggio-musicale-cenerentola-natale\/\"> <i class=\"fab fa-twitter\"><\/i><\/a><\/li>\n                <li>\n                  <div class=\"shareall\" target=\"_blank\" href=\"\"> <i class=\"fas fa-share-alt\"><\/i><\/div>\n                  <div class=\"sharemore\">\n                    <ul>\n                      <li><a target=\"_blank\" href=\"https:\/\/www.linkedin.com\/shareArticle?url=https:\/\/www.intoscana.it\/it\/maggio-musicale-cenerentola-natale\/\"> <i class=\"fab fa-linkedin\"><\/i><\/a><\/li>\n                      <li><a target=\"_blank\" href=\"http:\/\/www.pinterest.com\/pin\/create\/bookmarklet\/?url=https:\/\/www.intoscana.it\/it\/maggio-musicale-cenerentola-natale\/\"> <i class=\"fab fa-pinterest\"><\/i><\/a><\/li>\n                      <li><a target=\"_blank\" href=\"mailto?subject=Cenerentola di Prokof\u2019ev e Bubeni\u010dek per il Natale del Maggio&body=https:\/\/www.intoscana.it\/it\/maggio-musicale-cenerentola-natale\/\"> <i class=\"fas fa-envelope\"><\/i><\/a><\/li>\n                    <\/ul>\n                    <div class=\"closesharemore\">\n                    <i class=\"fas fa-times\"><\/i>\n                    <\/div>\n                  <\/div>\n                <\/li>\n              <\/ul>\n            <\/div>\n          <\/div>\n        <\/div>\n          <\/div>\n        <\/div>\n      <\/div>\n<p>In questa nuova versione del balletto, <strong>Bubeni\u010dek ha scelto di seguire non la pi\u00f9 popolare versione di Perrault, ma la riscrittura del racconto fatta nel 1800 dai Fratelli Grimm<\/strong>, sostituendo cos\u00ec gli elementi classici della favola con <strong>elementi pi\u00f9 simbolici e metaforici<\/strong>, conservando per\u00f2 la trama e i personaggi che tutti conosciamo: le sorelle, la matrigna, il principe. E proprio seguendo la lettura dei Grimm il coreografo ha immaginato <strong>Cenerentola come una ragazza coraggiosa, forte, gentile e guidata dai suoi sogni<\/strong> che, memore degli insegnamenti della madre ormai scomparsa ma che continua a proteggerla e ad accompagnarla spiritualmente nel suo percorso di crescita, supera i cimenti e le fatiche cui viene sottoposta e sar\u00e0 premiata dall&#8217;incontro con il principe.<\/p>\n<p><strong>Ha dichiarato Bubeni\u010dek:<\/strong> \u201cIn fondo il sogno \u00e8 il cuore di questa storia e queste creature sono un po\u2019 come gli unicorni, tornati cos\u00ec di moda: creature di luce che racchiudono il sentimento della nostalgia, della tenerezza per un tempo perduto ma anche pronti a elargire doni ai puri di cuore. Cenerentola crede talmente al sogno da realizzarlo\u201d. \u201cLavorare con questa compagnia mi ha fatto sentire come in famiglia \u2013 ha aggiunto il coreografo \u2013 e questa sensazione di armonia \u00e8 molto importante per fare un buon un lavoro. I danzatori mi hanno seguito riuscendo a portare sul palcoscenico una storia senza tempo seppur saldamente legata alla contemporaneit\u00e0, che affronta temi universalmente validi come la speranza di poter cambiare il corso della propria vita\u201d.<\/p>\n<p>Praghese, figlio di due artisti circensi, insieme al fratello gemello Otto, <strong>Ji\u0159\u00ed Bubeni\u010dek \u00e8 stato uno dei pi\u00f9 carismatici artisti della scena ballettistica mondiale:<\/strong> <strong>vibrante, intenso, forte, versatile<\/strong> tanto tecnicamente che nei registri attoriali da regalare agli annali alcune imprescindibili \u201cprese di ruolo\u201d come l\u2019emblematico Nijinsky nell&#8217;omonimo balletto creato da John Neumeier. Purista classico, ma con attacco contemporaneo, eclettico e curioso, Ji\u0159\u00ed Bubeni\u010dek inizia presto a sperimentarsi come coreografo e a oggi ha gi\u00e0 creato lavori per compagnie di tutto il mondo, mostrando una chiara propensione per le coreografie narrative e drammatiche.<strong> \u00c8 la prima volta che affronta un titolo del repertorio con una compagnia \u201cindipendente\u201d come il Nuovo Balletto di Toscana.<\/strong><\/p>\n<p>Oltre alla musica di Prokof\u2019ev che gli ha permesso di sviluppare efficacemente la sua idea drammatica, \u00e8 stata anche la scelta della compagnia \u2013 diretta da Cristina Bozzolini \u2013, <strong>una compagine di natura artistica spiccatamente contemporanea alla quale la storia di Cenerentola sembra potersi adattare perfettamente,<\/strong> che ha indotto il coreografo ad accettare la proposta del Maggio per questa nuova produzione gi\u00e0 destinata, dopo Firenze, a essere rappresentata in molti altri teatri in Italia. <strong>Si sono gi\u00e0 \u201cprenotati\u201d infatti i teatri del Giglio di Lucca, il Ponchielli di Cremona, il Rinnovati di Siena, l\u2019Alighieri di Ravenna, il Comunale di Bolzano, il Comunale di Vicenza, il Comunale di Sassari, il Lirico di Cagliari, il Salieri di Legnago.<\/strong> Grandi palloni, quinte colorate che si susseguono e si spostano, elementi minimali e simbolici che richiamano ambientazioni e atmosfere sono la cifra stilistica della scenografia, studiata da Bubeni\u010dek in questo modo per adattarsi sia al grande teatro fiorentino sia agli spazi diversi, e talvolta ridotti, dei palcoscenici su cui verr\u00e0 ospitato in futuro.<\/p>\n<p><strong>Spettacoli: 15, 18, 20 dicembre 2019, 2 gennaio 2020: ore 20 4 gennaio 2020: ore 15.30<\/strong><\/p>\n","protected":false},"excerpt":{"rendered":"<p>Dal 15 dicembre al 4 gennaio 2020 uno dei pi\u00f9 carismatici artisti della scena ballettistica mondiale racconta la favola pi\u00f9 bella di sempre in chiave contemporanea con il Nuovo Balletto di Toscana<\/p>\n","protected":false},"author":525,"featured_media":86648,"comment_status":"open","ping_status":"open","sticky":false,"template":"","format":"standard","meta":{"_acf_changed":false,"footnotes":""},"categories":[493,5],"tags":[409],"class_list":["post-52133","post","type-post","status-publish","format-standard","has-post-thumbnail","hentry","category-cultura","category-arte-e-cultura","tag-natale"],"acf":[],"yoast_head":"<!-- This site is optimized with the Yoast SEO Premium plugin v24.2 (Yoast SEO v25.6) - https:\/\/yoast.com\/wordpress\/plugins\/seo\/ -->\n<title>Cenerentola di Prokof\u2019ev e Bubeni\u010dek per il Natale del Maggio - intoscana<\/title>\n<meta name=\"robots\" content=\"index, follow, max-snippet:-1, max-image-preview:large, max-video-preview:-1\" \/>\n<link rel=\"canonical\" href=\"https:\/\/www.intoscana.it\/it\/maggio-musicale-cenerentola-natale\/\" \/>\n<meta property=\"og:locale\" content=\"it_IT\" \/>\n<meta property=\"og:type\" content=\"article\" \/>\n<meta property=\"og:title\" content=\"Cenerentola di Prokof\u2019ev e Bubeni\u010dek per il Natale del Maggio\" \/>\n<meta property=\"og:description\" content=\"Dal 15 dicembre al 4 gennaio 2020 uno dei pi\u00f9 carismatici artisti della scena ballettistica mondiale racconta la favola pi\u00f9 bella di sempre in chiave contemporanea con il Nuovo Balletto di Toscana\" \/>\n<meta property=\"og:url\" content=\"https:\/\/www.intoscana.it\/it\/maggio-musicale-cenerentola-natale\/\" \/>\n<meta property=\"og:site_name\" content=\"intoscana\" \/>\n<meta property=\"article:publisher\" content=\"https:\/\/www.facebook.com\/intoscana.it\" \/>\n<meta property=\"article:published_time\" content=\"2019-12-10T12:37:29+00:00\" \/>\n<meta property=\"article:modified_time\" content=\"2020-05-19T13:35:28+00:00\" \/>\n<meta property=\"og:image\" content=\"https:\/\/www.intoscana.it\/wp-content\/uploads\/cenerentola_prove-michele-monasta-30.jpg\" \/>\n\t<meta property=\"og:image:width\" content=\"2000\" \/>\n\t<meta property=\"og:image:height\" content=\"1333\" \/>\n\t<meta property=\"og:image:type\" content=\"image\/jpeg\" \/>\n<meta name=\"author\" content=\"Redazione\" \/>\n<meta name=\"twitter:card\" content=\"summary_large_image\" \/>\n<meta name=\"twitter:creator\" content=\"@intoscana\" \/>\n<meta name=\"twitter:site\" content=\"@intoscana\" \/>\n<meta name=\"twitter:label1\" content=\"Written by\" \/>\n\t<meta name=\"twitter:data1\" content=\"Redazione\" \/>\n\t<meta name=\"twitter:label2\" content=\"Est. reading time\" \/>\n\t<meta name=\"twitter:data2\" content=\"3 minuti\" \/>\n<script type=\"application\/ld+json\" class=\"yoast-schema-graph\">{\"@context\":\"https:\/\/schema.org\",\"@graph\":[{\"@type\":\"WebPage\",\"@id\":\"https:\/\/www.intoscana.it\/it\/maggio-musicale-cenerentola-natale\/\",\"url\":\"https:\/\/www.intoscana.it\/it\/maggio-musicale-cenerentola-natale\/\",\"name\":\"Cenerentola di Prokof\u2019ev e Bubeni\u010dek per il Natale del Maggio - intoscana\",\"isPartOf\":{\"@id\":\"https:\/\/www.intoscana.it\/it\/#website\"},\"primaryImageOfPage\":{\"@id\":\"https:\/\/www.intoscana.it\/it\/maggio-musicale-cenerentola-natale\/#primaryimage\"},\"image\":{\"@id\":\"https:\/\/www.intoscana.it\/it\/maggio-musicale-cenerentola-natale\/#primaryimage\"},\"thumbnailUrl\":\"https:\/\/www.intoscana.it\/wp-content\/uploads\/cenerentola_prove-michele-monasta-30.jpg\",\"datePublished\":\"2019-12-10T12:37:29+00:00\",\"dateModified\":\"2020-05-19T13:35:28+00:00\",\"author\":{\"@id\":\"https:\/\/www.intoscana.it\/it\/#\/schema\/person\/9223810753230f20bd670fdd322661f8\"},\"breadcrumb\":{\"@id\":\"https:\/\/www.intoscana.it\/it\/maggio-musicale-cenerentola-natale\/#breadcrumb\"},\"inLanguage\":\"it-IT\",\"potentialAction\":[{\"@type\":\"ReadAction\",\"target\":[\"https:\/\/www.intoscana.it\/it\/maggio-musicale-cenerentola-natale\/\"]}]},{\"@type\":\"ImageObject\",\"inLanguage\":\"it-IT\",\"@id\":\"https:\/\/www.intoscana.it\/it\/maggio-musicale-cenerentola-natale\/#primaryimage\",\"url\":\"https:\/\/www.intoscana.it\/wp-content\/uploads\/cenerentola_prove-michele-monasta-30.jpg\",\"contentUrl\":\"https:\/\/www.intoscana.it\/wp-content\/uploads\/cenerentola_prove-michele-monasta-30.jpg\",\"width\":2000,\"height\":1333,\"caption\":\"Cenerentola, prove\"},{\"@type\":\"BreadcrumbList\",\"@id\":\"https:\/\/www.intoscana.it\/it\/maggio-musicale-cenerentola-natale\/#breadcrumb\",\"itemListElement\":[{\"@type\":\"ListItem\",\"position\":1,\"name\":\"Home\",\"item\":\"https:\/\/www.intoscana.it\/it\/\"},{\"@type\":\"ListItem\",\"position\":2,\"name\":\"Cenerentola di Prokof\u2019ev e Bubeni\u010dek per il Natale del Maggio\"}]},{\"@type\":\"WebSite\",\"@id\":\"https:\/\/www.intoscana.it\/it\/#website\",\"url\":\"https:\/\/www.intoscana.it\/it\/\",\"name\":\"intoscana\",\"description\":\"\",\"potentialAction\":[{\"@type\":\"SearchAction\",\"target\":{\"@type\":\"EntryPoint\",\"urlTemplate\":\"https:\/\/www.intoscana.it\/it\/?s={search_term_string}\"},\"query-input\":{\"@type\":\"PropertyValueSpecification\",\"valueRequired\":true,\"valueName\":\"search_term_string\"}}],\"inLanguage\":\"it-IT\"},{\"@type\":\"Person\",\"@id\":\"https:\/\/www.intoscana.it\/it\/#\/schema\/person\/9223810753230f20bd670fdd322661f8\",\"name\":\"Redazione\",\"url\":\"https:\/\/www.intoscana.it\/it\/author\/redazione\/\"}]}<\/script>\n<!-- \/ Yoast SEO Premium plugin. -->","yoast_head_json":{"title":"Cenerentola di Prokof\u2019ev e Bubeni\u010dek per il Natale del Maggio - intoscana","robots":{"index":"index","follow":"follow","max-snippet":"max-snippet:-1","max-image-preview":"max-image-preview:large","max-video-preview":"max-video-preview:-1"},"canonical":"https:\/\/www.intoscana.it\/it\/maggio-musicale-cenerentola-natale\/","og_locale":"it_IT","og_type":"article","og_title":"Cenerentola di Prokof\u2019ev e Bubeni\u010dek per il Natale del Maggio","og_description":"Dal 15 dicembre al 4 gennaio 2020 uno dei pi\u00f9 carismatici artisti della scena ballettistica mondiale racconta la favola pi\u00f9 bella di sempre in chiave contemporanea con il Nuovo Balletto di Toscana","og_url":"https:\/\/www.intoscana.it\/it\/maggio-musicale-cenerentola-natale\/","og_site_name":"intoscana","article_publisher":"https:\/\/www.facebook.com\/intoscana.it","article_published_time":"2019-12-10T12:37:29+00:00","article_modified_time":"2020-05-19T13:35:28+00:00","og_image":[{"width":2000,"height":1333,"url":"https:\/\/www.intoscana.it\/wp-content\/uploads\/cenerentola_prove-michele-monasta-30.jpg","type":"image\/jpeg"}],"author":"Redazione","twitter_card":"summary_large_image","twitter_creator":"@intoscana","twitter_site":"@intoscana","twitter_misc":{"Written by":"Redazione","Est. reading time":"3 minuti"},"schema":{"@context":"https:\/\/schema.org","@graph":[{"@type":"WebPage","@id":"https:\/\/www.intoscana.it\/it\/maggio-musicale-cenerentola-natale\/","url":"https:\/\/www.intoscana.it\/it\/maggio-musicale-cenerentola-natale\/","name":"Cenerentola di Prokof\u2019ev e Bubeni\u010dek per il Natale del Maggio - intoscana","isPartOf":{"@id":"https:\/\/www.intoscana.it\/it\/#website"},"primaryImageOfPage":{"@id":"https:\/\/www.intoscana.it\/it\/maggio-musicale-cenerentola-natale\/#primaryimage"},"image":{"@id":"https:\/\/www.intoscana.it\/it\/maggio-musicale-cenerentola-natale\/#primaryimage"},"thumbnailUrl":"https:\/\/www.intoscana.it\/wp-content\/uploads\/cenerentola_prove-michele-monasta-30.jpg","datePublished":"2019-12-10T12:37:29+00:00","dateModified":"2020-05-19T13:35:28+00:00","author":{"@id":"https:\/\/www.intoscana.it\/it\/#\/schema\/person\/9223810753230f20bd670fdd322661f8"},"breadcrumb":{"@id":"https:\/\/www.intoscana.it\/it\/maggio-musicale-cenerentola-natale\/#breadcrumb"},"inLanguage":"it-IT","potentialAction":[{"@type":"ReadAction","target":["https:\/\/www.intoscana.it\/it\/maggio-musicale-cenerentola-natale\/"]}]},{"@type":"ImageObject","inLanguage":"it-IT","@id":"https:\/\/www.intoscana.it\/it\/maggio-musicale-cenerentola-natale\/#primaryimage","url":"https:\/\/www.intoscana.it\/wp-content\/uploads\/cenerentola_prove-michele-monasta-30.jpg","contentUrl":"https:\/\/www.intoscana.it\/wp-content\/uploads\/cenerentola_prove-michele-monasta-30.jpg","width":2000,"height":1333,"caption":"Cenerentola, prove"},{"@type":"BreadcrumbList","@id":"https:\/\/www.intoscana.it\/it\/maggio-musicale-cenerentola-natale\/#breadcrumb","itemListElement":[{"@type":"ListItem","position":1,"name":"Home","item":"https:\/\/www.intoscana.it\/it\/"},{"@type":"ListItem","position":2,"name":"Cenerentola di Prokof\u2019ev e Bubeni\u010dek per il Natale del Maggio"}]},{"@type":"WebSite","@id":"https:\/\/www.intoscana.it\/it\/#website","url":"https:\/\/www.intoscana.it\/it\/","name":"intoscana","description":"","potentialAction":[{"@type":"SearchAction","target":{"@type":"EntryPoint","urlTemplate":"https:\/\/www.intoscana.it\/it\/?s={search_term_string}"},"query-input":{"@type":"PropertyValueSpecification","valueRequired":true,"valueName":"search_term_string"}}],"inLanguage":"it-IT"},{"@type":"Person","@id":"https:\/\/www.intoscana.it\/it\/#\/schema\/person\/9223810753230f20bd670fdd322661f8","name":"Redazione","url":"https:\/\/www.intoscana.it\/it\/author\/redazione\/"}]}},"_links":{"self":[{"href":"https:\/\/www.intoscana.it\/it\/wp-json\/wp\/v2\/posts\/52133","targetHints":{"allow":["GET"]}}],"collection":[{"href":"https:\/\/www.intoscana.it\/it\/wp-json\/wp\/v2\/posts"}],"about":[{"href":"https:\/\/www.intoscana.it\/it\/wp-json\/wp\/v2\/types\/post"}],"author":[{"embeddable":true,"href":"https:\/\/www.intoscana.it\/it\/wp-json\/wp\/v2\/users\/525"}],"replies":[{"embeddable":true,"href":"https:\/\/www.intoscana.it\/it\/wp-json\/wp\/v2\/comments?post=52133"}],"version-history":[{"count":0,"href":"https:\/\/www.intoscana.it\/it\/wp-json\/wp\/v2\/posts\/52133\/revisions"}],"wp:featuredmedia":[{"embeddable":true,"href":"https:\/\/www.intoscana.it\/it\/wp-json\/wp\/v2\/media\/86648"}],"wp:attachment":[{"href":"https:\/\/www.intoscana.it\/it\/wp-json\/wp\/v2\/media?parent=52133"}],"wp:term":[{"taxonomy":"category","embeddable":true,"href":"https:\/\/www.intoscana.it\/it\/wp-json\/wp\/v2\/categories?post=52133"},{"taxonomy":"post_tag","embeddable":true,"href":"https:\/\/www.intoscana.it\/it\/wp-json\/wp\/v2\/tags?post=52133"}],"curies":[{"name":"wp","href":"https:\/\/api.w.org\/{rel}","templated":true}]}}