{"id":52140,"date":"2019-12-03T09:45:50","date_gmt":"2019-12-03T09:45:50","guid":{"rendered":"http:\/\/www.intoscana.it\/i-musei-fiorentini-si-aprono-a-non-vedenti-e-autistici-con-activity-bag-e-percorsi-tattili\/"},"modified":"2020-05-19T15:35:31","modified_gmt":"2020-05-19T13:35:31","slug":"uffizi-autistici","status":"publish","type":"post","link":"https:\/\/www.intoscana.it\/it\/uffizi-autistici\/","title":{"rendered":"I musei fiorentini si aprono a non vedenti e autistici con Activity Bag e percorsi tattili"},"content":{"rendered":"<p><strong>Un percorso artistico tattile per i non vedenti e una borsa<\/strong> contenente vari oggetti pensati per <strong>alleviare lo stress e il disagio dei visitatori autistici:<\/strong> sono i due progetti presentati oggi dalla<strong> Galleria dell&#8217;Accademia e dalle Gallerie degli Uffizi di Firenze<\/strong> in occasione della<strong> Giornata internazionale dei diritti delle persone con disabilit\u00e0.<\/strong> <\/p>\n<p>In particolare \u00e8 stato presentato <strong>un percorso tattile formato da riproduzioni di opere da toccare a mani nude,<\/strong> appositamente concepito per ciechi e ipovedenti, che verr\u00e0 allestito e messo a disposizione del pubblico della Galleria dell&#8217;Accademia nei prossimi mesi. Tra i pezzi dell&#8217;itinerario le <strong>due miniature della gamba del David e di un Prigione della Tribuna,<\/strong> un particolare del Cassone Adimari, la Madonna con Bambino e Santi di Botticelli, una Formella con Crocifissione di Taddeo Gaddi.<\/p>\n<a class=\"fotogallery\" href=\"#modalgallery\" rel=\"modal:open\">sfoglia la gallery <i class=\"fas fa-chevron-right\"><\/i><\/a>\n    <div class=\"modal\" id=\"modalgallery\">\n        <div class=\"gallery\">\n          <div class=\"galleryimg\">\n            <div class=\"slidegallerybig\"> <div class=\"itemimg\">\n            <div class=\"wrapimg\">\n            <img decoding=\"async\" src=\"https:\/\/www.intoscana.it\/wp-content\/uploads\/dsc00569.jpg\">\n            <\/div>\n            <\/div> <div class=\"itemimg\">\n            <div class=\"wrapimg\">\n            <img decoding=\"async\" src=\"https:\/\/www.intoscana.it\/wp-content\/uploads\/dsc00556.jpg\">\n            <\/div>\n            <\/div> <div class=\"itemimg\">\n            <div class=\"wrapimg\">\n            <img decoding=\"async\" src=\"https:\/\/www.intoscana.it\/wp-content\/uploads\/img_1176.jpg\">\n            <\/div>\n            <\/div>\n            <\/div>\n          <\/div>\n          <div class=\"asidemenu\">\n            <div class=\"action\">\n              <div class=\"countlidegallery\"><\/div>\n              <div class=\"closegallery\" href=\"#modalgallery\" rel=\"modal:close\"><i class=\"far fa-times\"><\/i><\/div>\n            <\/div>\n            <div class=\"title\">\n              <h2>I musei fiorentini si aprono a non vedenti e autistici con Activity Bag e percorsi tattili<\/h2>\n              <div class=\"socialarticolo\"> \n            <div class=\"contsocialico\">\n              <ul>\n                <li><a target=\"_blank\" href=\"https:\/\/www.facebook.com\/sharer\/sharer.php?u=https:\/\/www.intoscana.it\/it\/uffizi-autistici\/\"> <i class=\"fab fa-facebook-f\"><\/i><\/a><\/li>\n                <li><a target=\"_blank\" href=\"https:\/\/twitter.com\/home?status=https:\/\/www.intoscana.it\/it\/uffizi-autistici\/\"> <i class=\"fab fa-twitter\"><\/i><\/a><\/li>\n                <li>\n                  <div class=\"shareall\" target=\"_blank\" href=\"\"> <i class=\"fas fa-share-alt\"><\/i><\/div>\n                  <div class=\"sharemore\">\n                    <ul>\n                      <li><a target=\"_blank\" href=\"https:\/\/www.linkedin.com\/shareArticle?url=https:\/\/www.intoscana.it\/it\/uffizi-autistici\/\"> <i class=\"fab fa-linkedin\"><\/i><\/a><\/li>\n                      <li><a target=\"_blank\" href=\"http:\/\/www.pinterest.com\/pin\/create\/bookmarklet\/?url=https:\/\/www.intoscana.it\/it\/uffizi-autistici\/\"> <i class=\"fab fa-pinterest\"><\/i><\/a><\/li>\n                      <li><a target=\"_blank\" href=\"mailto?subject=I musei fiorentini si aprono a non vedenti e autistici con Activity Bag e percorsi tattili&body=https:\/\/www.intoscana.it\/it\/uffizi-autistici\/\"> <i class=\"fas fa-envelope\"><\/i><\/a><\/li>\n                    <\/ul>\n                    <div class=\"closesharemore\">\n                    <i class=\"fas fa-times\"><\/i>\n                    <\/div>\n                  <\/div>\n                <\/li>\n              <\/ul>\n            <\/div>\n          <\/div>\n        <\/div>\n          <\/div>\n        <\/div>\n      <\/div>\n<p><strong>A partire dal mese di aprile<\/strong> invece verr\u00e0 messa a disposizione dei visitatori degli Uffizi (su prenotazione) l<strong>&#8216;Activity Bag:<\/strong> una borsa ideata per rendere meno pesante la visita delle persone con problemi di autismo: <strong>contiene materiali educativi, oggetti antistress e strumenti utili per esplorare alcuni dei capolavori del museo.<\/strong><\/p>\n<p>&#8220;La Giornata internazionale della disabilit\u00e0 &#8211; <strong>ha spiegato il direttore degli Uffizi Eike Schmidt<\/strong> &#8211; \u00e8 sempre un&#8217;occasione per rendersi conto cosa \u00e8 stato fatto nell&#8217;ultimo anno e cosa ci proponiamo per l&#8217;anno prossimo per rendere i nostri musei sempre pi\u00f9 accessibili ed inclusivi. Oggi aggiungiamo alla nostra offerta l&#8217;Activity Bag per le persone con problemi di autismo e inauguriamo il percorso tattile della Galleria dell&#8217;Accademia, che completa i percorsi gi\u00e0 esistenti agli Uffizi e a Palazzo Pitti&#8221;.<\/p>\n","protected":false},"excerpt":{"rendered":"<p>Uffizi e Galleria dell&#8217;Accademia si attrezzano per accogliere al meglio anche i visitatori con disabilit\u00e0<\/p>\n","protected":false},"author":525,"featured_media":86655,"comment_status":"open","ping_status":"open","sticky":false,"template":"","format":"standard","meta":{"_acf_changed":false,"footnotes":""},"categories":[493,5],"tags":[207],"class_list":["post-52140","post","type-post","status-publish","format-standard","has-post-thumbnail","hentry","category-cultura","category-arte-e-cultura","tag-uffizi"],"acf":[],"yoast_head":"<!-- This site is optimized with the Yoast SEO Premium plugin v24.2 (Yoast SEO v25.6) - https:\/\/yoast.com\/wordpress\/plugins\/seo\/ -->\n<title>I musei fiorentini si aprono a non vedenti e autistici con Activity Bag e percorsi tattili - intoscana<\/title>\n<meta name=\"robots\" content=\"index, follow, max-snippet:-1, max-image-preview:large, max-video-preview:-1\" \/>\n<link rel=\"canonical\" href=\"https:\/\/www.intoscana.it\/it\/uffizi-autistici\/\" \/>\n<meta property=\"og:locale\" content=\"it_IT\" \/>\n<meta property=\"og:type\" content=\"article\" \/>\n<meta property=\"og:title\" content=\"I musei fiorentini si aprono a non vedenti e autistici con Activity Bag e percorsi tattili\" \/>\n<meta property=\"og:description\" content=\"Uffizi e Galleria dell&#039;Accademia si attrezzano per accogliere al meglio anche i visitatori con disabilit\u00e0\" \/>\n<meta property=\"og:url\" content=\"https:\/\/www.intoscana.it\/it\/uffizi-autistici\/\" \/>\n<meta property=\"og:site_name\" content=\"intoscana\" \/>\n<meta property=\"article:publisher\" content=\"https:\/\/www.facebook.com\/intoscana.it\" \/>\n<meta property=\"article:published_time\" content=\"2019-12-03T09:45:50+00:00\" \/>\n<meta property=\"article:modified_time\" content=\"2020-05-19T13:35:31+00:00\" \/>\n<meta property=\"og:image\" content=\"https:\/\/www.intoscana.it\/wp-content\/uploads\/dsc00571.jpg\" \/>\n\t<meta property=\"og:image:width\" content=\"1500\" \/>\n\t<meta property=\"og:image:height\" content=\"1000\" \/>\n\t<meta property=\"og:image:type\" content=\"image\/jpeg\" \/>\n<meta name=\"author\" content=\"Redazione\" \/>\n<meta name=\"twitter:card\" content=\"summary_large_image\" \/>\n<meta name=\"twitter:creator\" content=\"@intoscana\" \/>\n<meta name=\"twitter:site\" content=\"@intoscana\" \/>\n<meta name=\"twitter:label1\" content=\"Written by\" \/>\n\t<meta name=\"twitter:data1\" content=\"Redazione\" \/>\n\t<meta name=\"twitter:label2\" content=\"Est. reading time\" \/>\n\t<meta name=\"twitter:data2\" content=\"1 minuto\" \/>\n<script type=\"application\/ld+json\" class=\"yoast-schema-graph\">{\"@context\":\"https:\/\/schema.org\",\"@graph\":[{\"@type\":\"WebPage\",\"@id\":\"https:\/\/www.intoscana.it\/it\/uffizi-autistici\/\",\"url\":\"https:\/\/www.intoscana.it\/it\/uffizi-autistici\/\",\"name\":\"I musei fiorentini si aprono a non vedenti e autistici con Activity Bag e percorsi tattili - intoscana\",\"isPartOf\":{\"@id\":\"https:\/\/www.intoscana.it\/it\/#website\"},\"primaryImageOfPage\":{\"@id\":\"https:\/\/www.intoscana.it\/it\/uffizi-autistici\/#primaryimage\"},\"image\":{\"@id\":\"https:\/\/www.intoscana.it\/it\/uffizi-autistici\/#primaryimage\"},\"thumbnailUrl\":\"https:\/\/www.intoscana.it\/wp-content\/uploads\/dsc00571.jpg\",\"datePublished\":\"2019-12-03T09:45:50+00:00\",\"dateModified\":\"2020-05-19T13:35:31+00:00\",\"author\":{\"@id\":\"https:\/\/www.intoscana.it\/it\/#\/schema\/person\/9223810753230f20bd670fdd322661f8\"},\"breadcrumb\":{\"@id\":\"https:\/\/www.intoscana.it\/it\/uffizi-autistici\/#breadcrumb\"},\"inLanguage\":\"it-IT\",\"potentialAction\":[{\"@type\":\"ReadAction\",\"target\":[\"https:\/\/www.intoscana.it\/it\/uffizi-autistici\/\"]}]},{\"@type\":\"ImageObject\",\"inLanguage\":\"it-IT\",\"@id\":\"https:\/\/www.intoscana.it\/it\/uffizi-autistici\/#primaryimage\",\"url\":\"https:\/\/www.intoscana.it\/wp-content\/uploads\/dsc00571.jpg\",\"contentUrl\":\"https:\/\/www.intoscana.it\/wp-content\/uploads\/dsc00571.jpg\",\"width\":1500,\"height\":1000,\"caption\":\"Activity bag\"},{\"@type\":\"BreadcrumbList\",\"@id\":\"https:\/\/www.intoscana.it\/it\/uffizi-autistici\/#breadcrumb\",\"itemListElement\":[{\"@type\":\"ListItem\",\"position\":1,\"name\":\"Home\",\"item\":\"https:\/\/www.intoscana.it\/it\/\"},{\"@type\":\"ListItem\",\"position\":2,\"name\":\"I musei fiorentini si aprono a non vedenti e autistici con Activity Bag e percorsi tattili\"}]},{\"@type\":\"WebSite\",\"@id\":\"https:\/\/www.intoscana.it\/it\/#website\",\"url\":\"https:\/\/www.intoscana.it\/it\/\",\"name\":\"intoscana\",\"description\":\"\",\"potentialAction\":[{\"@type\":\"SearchAction\",\"target\":{\"@type\":\"EntryPoint\",\"urlTemplate\":\"https:\/\/www.intoscana.it\/it\/?s={search_term_string}\"},\"query-input\":{\"@type\":\"PropertyValueSpecification\",\"valueRequired\":true,\"valueName\":\"search_term_string\"}}],\"inLanguage\":\"it-IT\"},{\"@type\":\"Person\",\"@id\":\"https:\/\/www.intoscana.it\/it\/#\/schema\/person\/9223810753230f20bd670fdd322661f8\",\"name\":\"Redazione\",\"url\":\"https:\/\/www.intoscana.it\/it\/author\/redazione\/\"}]}<\/script>\n<!-- \/ Yoast SEO Premium plugin. -->","yoast_head_json":{"title":"I musei fiorentini si aprono a non vedenti e autistici con Activity Bag e percorsi tattili - intoscana","robots":{"index":"index","follow":"follow","max-snippet":"max-snippet:-1","max-image-preview":"max-image-preview:large","max-video-preview":"max-video-preview:-1"},"canonical":"https:\/\/www.intoscana.it\/it\/uffizi-autistici\/","og_locale":"it_IT","og_type":"article","og_title":"I musei fiorentini si aprono a non vedenti e autistici con Activity Bag e percorsi tattili","og_description":"Uffizi e Galleria dell'Accademia si attrezzano per accogliere al meglio anche i visitatori con disabilit\u00e0","og_url":"https:\/\/www.intoscana.it\/it\/uffizi-autistici\/","og_site_name":"intoscana","article_publisher":"https:\/\/www.facebook.com\/intoscana.it","article_published_time":"2019-12-03T09:45:50+00:00","article_modified_time":"2020-05-19T13:35:31+00:00","og_image":[{"width":1500,"height":1000,"url":"https:\/\/www.intoscana.it\/wp-content\/uploads\/dsc00571.jpg","type":"image\/jpeg"}],"author":"Redazione","twitter_card":"summary_large_image","twitter_creator":"@intoscana","twitter_site":"@intoscana","twitter_misc":{"Written by":"Redazione","Est. reading time":"1 minuto"},"schema":{"@context":"https:\/\/schema.org","@graph":[{"@type":"WebPage","@id":"https:\/\/www.intoscana.it\/it\/uffizi-autistici\/","url":"https:\/\/www.intoscana.it\/it\/uffizi-autistici\/","name":"I musei fiorentini si aprono a non vedenti e autistici con Activity Bag e percorsi tattili - intoscana","isPartOf":{"@id":"https:\/\/www.intoscana.it\/it\/#website"},"primaryImageOfPage":{"@id":"https:\/\/www.intoscana.it\/it\/uffizi-autistici\/#primaryimage"},"image":{"@id":"https:\/\/www.intoscana.it\/it\/uffizi-autistici\/#primaryimage"},"thumbnailUrl":"https:\/\/www.intoscana.it\/wp-content\/uploads\/dsc00571.jpg","datePublished":"2019-12-03T09:45:50+00:00","dateModified":"2020-05-19T13:35:31+00:00","author":{"@id":"https:\/\/www.intoscana.it\/it\/#\/schema\/person\/9223810753230f20bd670fdd322661f8"},"breadcrumb":{"@id":"https:\/\/www.intoscana.it\/it\/uffizi-autistici\/#breadcrumb"},"inLanguage":"it-IT","potentialAction":[{"@type":"ReadAction","target":["https:\/\/www.intoscana.it\/it\/uffizi-autistici\/"]}]},{"@type":"ImageObject","inLanguage":"it-IT","@id":"https:\/\/www.intoscana.it\/it\/uffizi-autistici\/#primaryimage","url":"https:\/\/www.intoscana.it\/wp-content\/uploads\/dsc00571.jpg","contentUrl":"https:\/\/www.intoscana.it\/wp-content\/uploads\/dsc00571.jpg","width":1500,"height":1000,"caption":"Activity bag"},{"@type":"BreadcrumbList","@id":"https:\/\/www.intoscana.it\/it\/uffizi-autistici\/#breadcrumb","itemListElement":[{"@type":"ListItem","position":1,"name":"Home","item":"https:\/\/www.intoscana.it\/it\/"},{"@type":"ListItem","position":2,"name":"I musei fiorentini si aprono a non vedenti e autistici con Activity Bag e percorsi tattili"}]},{"@type":"WebSite","@id":"https:\/\/www.intoscana.it\/it\/#website","url":"https:\/\/www.intoscana.it\/it\/","name":"intoscana","description":"","potentialAction":[{"@type":"SearchAction","target":{"@type":"EntryPoint","urlTemplate":"https:\/\/www.intoscana.it\/it\/?s={search_term_string}"},"query-input":{"@type":"PropertyValueSpecification","valueRequired":true,"valueName":"search_term_string"}}],"inLanguage":"it-IT"},{"@type":"Person","@id":"https:\/\/www.intoscana.it\/it\/#\/schema\/person\/9223810753230f20bd670fdd322661f8","name":"Redazione","url":"https:\/\/www.intoscana.it\/it\/author\/redazione\/"}]}},"_links":{"self":[{"href":"https:\/\/www.intoscana.it\/it\/wp-json\/wp\/v2\/posts\/52140","targetHints":{"allow":["GET"]}}],"collection":[{"href":"https:\/\/www.intoscana.it\/it\/wp-json\/wp\/v2\/posts"}],"about":[{"href":"https:\/\/www.intoscana.it\/it\/wp-json\/wp\/v2\/types\/post"}],"author":[{"embeddable":true,"href":"https:\/\/www.intoscana.it\/it\/wp-json\/wp\/v2\/users\/525"}],"replies":[{"embeddable":true,"href":"https:\/\/www.intoscana.it\/it\/wp-json\/wp\/v2\/comments?post=52140"}],"version-history":[{"count":0,"href":"https:\/\/www.intoscana.it\/it\/wp-json\/wp\/v2\/posts\/52140\/revisions"}],"wp:featuredmedia":[{"embeddable":true,"href":"https:\/\/www.intoscana.it\/it\/wp-json\/wp\/v2\/media\/86655"}],"wp:attachment":[{"href":"https:\/\/www.intoscana.it\/it\/wp-json\/wp\/v2\/media?parent=52140"}],"wp:term":[{"taxonomy":"category","embeddable":true,"href":"https:\/\/www.intoscana.it\/it\/wp-json\/wp\/v2\/categories?post=52140"},{"taxonomy":"post_tag","embeddable":true,"href":"https:\/\/www.intoscana.it\/it\/wp-json\/wp\/v2\/tags?post=52140"}],"curies":[{"name":"wp","href":"https:\/\/api.w.org\/{rel}","templated":true}]}}