{"id":52170,"date":"2020-01-03T12:01:36","date_gmt":"2020-01-03T12:01:36","guid":{"rendered":"http:\/\/www.intoscana.it\/festival-del-giallo-pistoia-si-prepara-al-personaggio-e-il-suo-doppio\/"},"modified":"2020-05-19T15:35:41","modified_gmt":"2020-05-19T13:35:41","slug":"festival-giallo-2020","status":"publish","type":"post","link":"https:\/\/www.intoscana.it\/it\/festival-giallo-2020\/","title":{"rendered":"Festival del Giallo, Pistoia si prepara al personaggio e il suo doppio"},"content":{"rendered":"<p><strong>Commissari e detective dalla realt\u00e0 alla letteratura, dal libro al grande e piccolo schermo.<\/strong> Il &#8220;Festival del giallo&#8221; si prepara a tagliare il traguardo della decima edizione con un ricco programma attorno al tema de &#8220;Il personaggio ed il suo doppio: dalla letteratura alla fiction. I carabinieri e gli altri investigatori del terzo millennio&#8221;.<\/p>\n<p><strong>L&#8217;appuntamento, promosso dall&#8217;associazione Amici del giallo, \u00e8 dal 28 febbraio al primo marzo 2020<\/strong>, per una tre giorni di eventi ospitati alla biblioteca San Giorgio e in altre sedi cittadine. Il festival sar\u00e0 inaugurato la mattina di venerd\u00ec 28 febbraio nella sala Maggiore del Palazzo comunale, sede di un ampio focus circa &#8220;Il carabiniere nella realt\u00e0, nella letteratura e nella fiction&#8221;, che vedr\u00e0 intervenire il colonnello Gianni Fedeli (comandante provinciale carabinieri di Pistoia), gli scrittori Marco Vichi e Leonardo Gori e, attorno al tema della tutela dei beni culturali, il generale Roberto Riccardi (scrittore e comandante dei carabinieri per la tutela del patrimonio culturale) ed Eike Schmidt, direttore della Galleria degli Uffizi di Firenze.<\/p>\n<p><strong>\u00abL&#8217;idea di dedicare la decima edizione al tema del personaggio e del suo doppio, cio\u00e8 alla trasposizione cinematografica, televisiva o grafica dei personaggi letterari, \u00e8 nata anche ripensando a una celebre intervista rilasciata da Alfred Hitchcock a Fran\u00e7ois Truffaut\u00bb spiega Giuseppe Previti<\/strong>, direttore artistico del Festival del giallo. \u00abIn quell&#8217;occasione &#8211; prosegue &#8211; il regista britannico raccont\u00f2 la storia delle due capre intente a mangiare le bobine di un film tratto da un best seller dove una delle due dice all\u2019altra: \u201cPer me, era meglio il libro\u201d. Hitchcock poneva cos\u00ec con molta ironia il problema dell\u2019adattamento cinematografico delle opere letterarie, ancor pi\u00f9 complesso in ambito poliziesco o noir: noi abbiamo scelto quest&#8217;anno di affrontare tale tema, arricchendolo inoltre di una sezione incentrata nello specifico su personaggi &#8211; commissari, investigatori e carabinieri &#8211; appartenenti alla vita reale ma divenuti protagonisti di romanzi e, da l\u00ec, passati alla fiction. A loro \u00e8 dedicata la giornata inaugurale della manifestazione, che vedr\u00e0 interventi anche attorno a Leonardo Sciascia, Mario Soldati e Carlo Collodi\u00bb.<\/p>\n<p>Dopo l&#8217;apertura a Palazzo comunale, la prima giornata del festival proseguir\u00e0 nel pomeriggio presso l&#8217;auditorium Terzani della biblioteca San Giorgio. Dal 28 febbraio al primo marzo <strong>saranno moltissimi i giornalisti, scrittori e sceneggiatori, cos\u00ec come gli esperti e gli esponenti delle forze dell&#8217;ordine, in citt\u00e0 per la rassegna<\/strong>.<\/p>\n<p>Gi\u00e0 confermata la presenza dell&#8217;attore <strong>Mariano Rigillo<\/strong>, degli scrittori <strong>Maurizio De Giovanni<\/strong>, <strong>Piergiorgio Pulixi<\/strong>, <strong>Lorenza Ghinelli<\/strong> e <strong>Valerio Varesi<\/strong>, nonch\u00e9 della scrittrice galiziana <strong>Arantza Portabales<\/strong>, che il Corriere della Sera ha recentemente definito &#8220;uno dei nuovi punti di riferimento del noir spagnolo&#8221;.<\/p>\n<p>Oltre agli incontri con gli ospiti chiamati a intervenire sul tema (o sui temi) scelti per l&#8217;occasione, arricchiscono il cartellone mostre e proiezioni, appuntamenti per le scuole, eventi collaterali e naturalmente la tradizionale cena in compagnia degli autori. In programma a febbraio anche alcuni appuntamenti di avvicinamento al festival.<\/p>\n","protected":false},"excerpt":{"rendered":"<p>Da Marco Vichi a Maurizio De Giovanni. Tanti ospiti per la decima edizione del Festival, che si svolger\u00e0 dal 28 febbraio al primo marzo sul tema del &#8216;doppio&#8217;, dalla letteratura alla fiction<\/p>\n","protected":false},"author":525,"featured_media":86685,"comment_status":"open","ping_status":"open","sticky":false,"template":"","format":"standard","meta":{"_acf_changed":false,"footnotes":""},"categories":[493,5],"tags":[210,215],"class_list":["post-52170","post","type-post","status-publish","format-standard","has-post-thumbnail","hentry","category-cultura","category-arte-e-cultura","tag-libri","tag-pistoia"],"acf":[],"yoast_head":"<!-- This site is optimized with the Yoast SEO Premium plugin v24.2 (Yoast SEO v25.6) - https:\/\/yoast.com\/wordpress\/plugins\/seo\/ -->\n<title>Festival del Giallo, Pistoia si prepara al personaggio e il suo doppio - intoscana<\/title>\n<meta name=\"robots\" content=\"index, follow, max-snippet:-1, max-image-preview:large, max-video-preview:-1\" \/>\n<link rel=\"canonical\" href=\"https:\/\/www.intoscana.it\/it\/festival-giallo-2020\/\" \/>\n<meta property=\"og:locale\" content=\"it_IT\" \/>\n<meta property=\"og:type\" content=\"article\" \/>\n<meta property=\"og:title\" content=\"Festival del Giallo, Pistoia si prepara al personaggio e il suo doppio\" \/>\n<meta property=\"og:description\" content=\"Da Marco Vichi a Maurizio De Giovanni. Tanti ospiti per la decima edizione del Festival, che si svolger\u00e0 dal 28 febbraio al primo marzo sul tema del &#039;doppio&#039;, dalla letteratura alla fiction\" \/>\n<meta property=\"og:url\" content=\"https:\/\/www.intoscana.it\/it\/festival-giallo-2020\/\" \/>\n<meta property=\"og:site_name\" content=\"intoscana\" \/>\n<meta property=\"article:publisher\" content=\"https:\/\/www.facebook.com\/intoscana.it\" \/>\n<meta property=\"article:published_time\" content=\"2020-01-03T12:01:36+00:00\" \/>\n<meta property=\"article:modified_time\" content=\"2020-05-19T13:35:41+00:00\" \/>\n<meta property=\"og:image\" content=\"https:\/\/www.intoscana.it\/wp-content\/uploads\/scena-crimine.jpg\" \/>\n\t<meta property=\"og:image:width\" content=\"960\" \/>\n\t<meta property=\"og:image:height\" content=\"547\" \/>\n\t<meta property=\"og:image:type\" content=\"image\/jpeg\" \/>\n<meta name=\"author\" content=\"Redazione\" \/>\n<meta name=\"twitter:card\" content=\"summary_large_image\" \/>\n<meta name=\"twitter:creator\" content=\"@intoscana\" \/>\n<meta name=\"twitter:site\" content=\"@intoscana\" \/>\n<meta name=\"twitter:label1\" content=\"Written by\" \/>\n\t<meta name=\"twitter:data1\" content=\"Redazione\" \/>\n\t<meta name=\"twitter:label2\" content=\"Est. reading time\" \/>\n\t<meta name=\"twitter:data2\" content=\"2 minuti\" \/>\n<script type=\"application\/ld+json\" class=\"yoast-schema-graph\">{\"@context\":\"https:\/\/schema.org\",\"@graph\":[{\"@type\":\"WebPage\",\"@id\":\"https:\/\/www.intoscana.it\/it\/festival-giallo-2020\/\",\"url\":\"https:\/\/www.intoscana.it\/it\/festival-giallo-2020\/\",\"name\":\"Festival del Giallo, Pistoia si prepara al personaggio e il suo doppio - intoscana\",\"isPartOf\":{\"@id\":\"https:\/\/www.intoscana.it\/it\/#website\"},\"primaryImageOfPage\":{\"@id\":\"https:\/\/www.intoscana.it\/it\/festival-giallo-2020\/#primaryimage\"},\"image\":{\"@id\":\"https:\/\/www.intoscana.it\/it\/festival-giallo-2020\/#primaryimage\"},\"thumbnailUrl\":\"https:\/\/www.intoscana.it\/wp-content\/uploads\/scena-crimine.jpg\",\"datePublished\":\"2020-01-03T12:01:36+00:00\",\"dateModified\":\"2020-05-19T13:35:41+00:00\",\"author\":{\"@id\":\"https:\/\/www.intoscana.it\/it\/#\/schema\/person\/9223810753230f20bd670fdd322661f8\"},\"breadcrumb\":{\"@id\":\"https:\/\/www.intoscana.it\/it\/festival-giallo-2020\/#breadcrumb\"},\"inLanguage\":\"it-IT\",\"potentialAction\":[{\"@type\":\"ReadAction\",\"target\":[\"https:\/\/www.intoscana.it\/it\/festival-giallo-2020\/\"]}]},{\"@type\":\"ImageObject\",\"inLanguage\":\"it-IT\",\"@id\":\"https:\/\/www.intoscana.it\/it\/festival-giallo-2020\/#primaryimage\",\"url\":\"https:\/\/www.intoscana.it\/wp-content\/uploads\/scena-crimine.jpg\",\"contentUrl\":\"https:\/\/www.intoscana.it\/wp-content\/uploads\/scena-crimine.jpg\",\"width\":960,\"height\":547},{\"@type\":\"BreadcrumbList\",\"@id\":\"https:\/\/www.intoscana.it\/it\/festival-giallo-2020\/#breadcrumb\",\"itemListElement\":[{\"@type\":\"ListItem\",\"position\":1,\"name\":\"Home\",\"item\":\"https:\/\/www.intoscana.it\/it\/\"},{\"@type\":\"ListItem\",\"position\":2,\"name\":\"Festival del Giallo, Pistoia si prepara al personaggio e il suo doppio\"}]},{\"@type\":\"WebSite\",\"@id\":\"https:\/\/www.intoscana.it\/it\/#website\",\"url\":\"https:\/\/www.intoscana.it\/it\/\",\"name\":\"intoscana\",\"description\":\"\",\"potentialAction\":[{\"@type\":\"SearchAction\",\"target\":{\"@type\":\"EntryPoint\",\"urlTemplate\":\"https:\/\/www.intoscana.it\/it\/?s={search_term_string}\"},\"query-input\":{\"@type\":\"PropertyValueSpecification\",\"valueRequired\":true,\"valueName\":\"search_term_string\"}}],\"inLanguage\":\"it-IT\"},{\"@type\":\"Person\",\"@id\":\"https:\/\/www.intoscana.it\/it\/#\/schema\/person\/9223810753230f20bd670fdd322661f8\",\"name\":\"Redazione\",\"url\":\"https:\/\/www.intoscana.it\/it\/author\/redazione\/\"}]}<\/script>\n<!-- \/ Yoast SEO Premium plugin. -->","yoast_head_json":{"title":"Festival del Giallo, Pistoia si prepara al personaggio e il suo doppio - intoscana","robots":{"index":"index","follow":"follow","max-snippet":"max-snippet:-1","max-image-preview":"max-image-preview:large","max-video-preview":"max-video-preview:-1"},"canonical":"https:\/\/www.intoscana.it\/it\/festival-giallo-2020\/","og_locale":"it_IT","og_type":"article","og_title":"Festival del Giallo, Pistoia si prepara al personaggio e il suo doppio","og_description":"Da Marco Vichi a Maurizio De Giovanni. Tanti ospiti per la decima edizione del Festival, che si svolger\u00e0 dal 28 febbraio al primo marzo sul tema del 'doppio', dalla letteratura alla fiction","og_url":"https:\/\/www.intoscana.it\/it\/festival-giallo-2020\/","og_site_name":"intoscana","article_publisher":"https:\/\/www.facebook.com\/intoscana.it","article_published_time":"2020-01-03T12:01:36+00:00","article_modified_time":"2020-05-19T13:35:41+00:00","og_image":[{"width":960,"height":547,"url":"https:\/\/www.intoscana.it\/wp-content\/uploads\/scena-crimine.jpg","type":"image\/jpeg"}],"author":"Redazione","twitter_card":"summary_large_image","twitter_creator":"@intoscana","twitter_site":"@intoscana","twitter_misc":{"Written by":"Redazione","Est. reading time":"2 minuti"},"schema":{"@context":"https:\/\/schema.org","@graph":[{"@type":"WebPage","@id":"https:\/\/www.intoscana.it\/it\/festival-giallo-2020\/","url":"https:\/\/www.intoscana.it\/it\/festival-giallo-2020\/","name":"Festival del Giallo, Pistoia si prepara al personaggio e il suo doppio - intoscana","isPartOf":{"@id":"https:\/\/www.intoscana.it\/it\/#website"},"primaryImageOfPage":{"@id":"https:\/\/www.intoscana.it\/it\/festival-giallo-2020\/#primaryimage"},"image":{"@id":"https:\/\/www.intoscana.it\/it\/festival-giallo-2020\/#primaryimage"},"thumbnailUrl":"https:\/\/www.intoscana.it\/wp-content\/uploads\/scena-crimine.jpg","datePublished":"2020-01-03T12:01:36+00:00","dateModified":"2020-05-19T13:35:41+00:00","author":{"@id":"https:\/\/www.intoscana.it\/it\/#\/schema\/person\/9223810753230f20bd670fdd322661f8"},"breadcrumb":{"@id":"https:\/\/www.intoscana.it\/it\/festival-giallo-2020\/#breadcrumb"},"inLanguage":"it-IT","potentialAction":[{"@type":"ReadAction","target":["https:\/\/www.intoscana.it\/it\/festival-giallo-2020\/"]}]},{"@type":"ImageObject","inLanguage":"it-IT","@id":"https:\/\/www.intoscana.it\/it\/festival-giallo-2020\/#primaryimage","url":"https:\/\/www.intoscana.it\/wp-content\/uploads\/scena-crimine.jpg","contentUrl":"https:\/\/www.intoscana.it\/wp-content\/uploads\/scena-crimine.jpg","width":960,"height":547},{"@type":"BreadcrumbList","@id":"https:\/\/www.intoscana.it\/it\/festival-giallo-2020\/#breadcrumb","itemListElement":[{"@type":"ListItem","position":1,"name":"Home","item":"https:\/\/www.intoscana.it\/it\/"},{"@type":"ListItem","position":2,"name":"Festival del Giallo, Pistoia si prepara al personaggio e il suo doppio"}]},{"@type":"WebSite","@id":"https:\/\/www.intoscana.it\/it\/#website","url":"https:\/\/www.intoscana.it\/it\/","name":"intoscana","description":"","potentialAction":[{"@type":"SearchAction","target":{"@type":"EntryPoint","urlTemplate":"https:\/\/www.intoscana.it\/it\/?s={search_term_string}"},"query-input":{"@type":"PropertyValueSpecification","valueRequired":true,"valueName":"search_term_string"}}],"inLanguage":"it-IT"},{"@type":"Person","@id":"https:\/\/www.intoscana.it\/it\/#\/schema\/person\/9223810753230f20bd670fdd322661f8","name":"Redazione","url":"https:\/\/www.intoscana.it\/it\/author\/redazione\/"}]}},"_links":{"self":[{"href":"https:\/\/www.intoscana.it\/it\/wp-json\/wp\/v2\/posts\/52170","targetHints":{"allow":["GET"]}}],"collection":[{"href":"https:\/\/www.intoscana.it\/it\/wp-json\/wp\/v2\/posts"}],"about":[{"href":"https:\/\/www.intoscana.it\/it\/wp-json\/wp\/v2\/types\/post"}],"author":[{"embeddable":true,"href":"https:\/\/www.intoscana.it\/it\/wp-json\/wp\/v2\/users\/525"}],"replies":[{"embeddable":true,"href":"https:\/\/www.intoscana.it\/it\/wp-json\/wp\/v2\/comments?post=52170"}],"version-history":[{"count":0,"href":"https:\/\/www.intoscana.it\/it\/wp-json\/wp\/v2\/posts\/52170\/revisions"}],"wp:featuredmedia":[{"embeddable":true,"href":"https:\/\/www.intoscana.it\/it\/wp-json\/wp\/v2\/media\/86685"}],"wp:attachment":[{"href":"https:\/\/www.intoscana.it\/it\/wp-json\/wp\/v2\/media?parent=52170"}],"wp:term":[{"taxonomy":"category","embeddable":true,"href":"https:\/\/www.intoscana.it\/it\/wp-json\/wp\/v2\/categories?post=52170"},{"taxonomy":"post_tag","embeddable":true,"href":"https:\/\/www.intoscana.it\/it\/wp-json\/wp\/v2\/tags?post=52170"}],"curies":[{"name":"wp","href":"https:\/\/api.w.org\/{rel}","templated":true}]}}