{"id":52174,"date":"2019-12-27T11:14:32","date_gmt":"2019-12-27T11:14:32","guid":{"rendered":"http:\/\/www.intoscana.it\/estate-fiorentina-aperto-il-bando-per-15-festival-da-maggio-a-ottobre\/"},"modified":"2020-05-19T15:35:42","modified_gmt":"2020-05-19T13:35:42","slug":"bando-estate-fiorentina","status":"publish","type":"post","link":"https:\/\/www.intoscana.it\/it\/bando-estate-fiorentina\/","title":{"rendered":"Estate Fiorentina: aperto il bando per 15 festival da maggio a ottobre"},"content":{"rendered":"<p>\u00c8 stato pubblicato il 24 dicembre, alla vigilia di Natale, il<strong><a href=\"\/\/www.comune.fi.it\/pagina\/amministrazione-trasparente\/sovvenzioni-contributi-sussidi-e-vantaggi-economici\" target=\"_blank\" rel=\"noopener noreferrer\"> nuovo bando<\/a> per i festival e le grandi rassegne dell\u2019Estate Fiorentina che questa volta sar\u00e0 valido per un triennio, dal 2020 al 2022. <\/strong>La novit\u00e0 pi\u00f9 importante \u00e8 che <strong>aumentano di numero i festival, che saranno quindici,<\/strong> e per ogni singolo progetto culturale \u00e8 stabilito il sostegno economico del Comune di Firenze, 500mila euro l\u2019anno complessivamente. Inoltre l\u2019Estate Fiorentina conferma anche per i prossimi tre anni la formula estesa, ovvero quella che copre il periodo fra il 1 maggio e il 31 ottobre.<\/p>\n<p><strong>La scadenza per la presentazione delle domande \u00e8 il 27 gennaio prossimo,<\/strong> mentre a gennaio sar\u00e0 pubblicato un secondo avviso riguardante gli eventi diffusi dell\u2019Estate Fiorentina.<br \/>\u201cCome avevo promesso \u2013 ha spiegato l\u2019assessore alla cultura del Comune, Tommaso Sacchi &#8211; il bando per i grandi festival \u00e8 stato pubblicato entro la fine di quest\u2019anno e immediatamente dopo le feste uscir\u00e0 il secondo bando sui progetti diffusi che completer\u00e0 l\u2019Estate Fiorentina e che preveder\u00e0 un ulteriore stanziamento ad hoc. <strong>Abbiamo deciso di dare una prospettiva triennale ai nostri operatori per far s\u00ec che la nostra Estate possa crescere ulteriormente.<\/strong> Se le agenzie della Commissione Europea ci hanno indicato primi in Europa per vivacit\u00e0 culturale \u2013 ha concluso l\u2019assessore &#8211; \u00e8 anche grazie al grande lavoro fatto in questi cinque anni da amministrazione e operatori\u201d.<\/p>\n<p><strong>Al bando potranno partecipare le associazioni culturali, gli enti no profit,<\/strong> le societ\u00e0 cooperative a finalit\u00e0 mutualistiche, le associazioni di promozione sociale, di volontariato e le imprese sociali che operano nel settore culturale e ricreativo del tempo libero.<\/p>\n","protected":false},"excerpt":{"rendered":"<p>Le domande potranno essere presentate fino al 27 gennaio: ogni singolo progetto culturale sar\u00e0 sostenuto dal Comune con 500mila euro<\/p>\n","protected":false},"author":525,"featured_media":86689,"comment_status":"open","ping_status":"open","sticky":false,"template":"","format":"standard","meta":{"_acf_changed":false,"footnotes":""},"categories":[493,5],"tags":[148,239,202],"class_list":["post-52174","post","type-post","status-publish","format-standard","has-post-thumbnail","hentry","category-cultura","category-arte-e-cultura","tag-cultura","tag-estate-fiorentina","tag-firenze"],"acf":[],"yoast_head":"<!-- This site is optimized with the Yoast SEO Premium plugin v24.2 (Yoast SEO v25.6) - https:\/\/yoast.com\/wordpress\/plugins\/seo\/ -->\n<title>Estate Fiorentina: aperto il bando per 15 festival da maggio a ottobre - intoscana<\/title>\n<meta name=\"robots\" content=\"index, follow, max-snippet:-1, max-image-preview:large, max-video-preview:-1\" \/>\n<link rel=\"canonical\" href=\"https:\/\/www.intoscana.it\/it\/bando-estate-fiorentina\/\" \/>\n<meta property=\"og:locale\" content=\"it_IT\" \/>\n<meta property=\"og:type\" content=\"article\" \/>\n<meta property=\"og:title\" content=\"Estate Fiorentina: aperto il bando per 15 festival da maggio a ottobre\" \/>\n<meta property=\"og:description\" content=\"Le domande potranno essere presentate fino al 27 gennaio: ogni singolo progetto culturale sar\u00e0 sostenuto dal Comune con 500mila euro\" \/>\n<meta property=\"og:url\" content=\"https:\/\/www.intoscana.it\/it\/bando-estate-fiorentina\/\" \/>\n<meta property=\"og:site_name\" content=\"intoscana\" \/>\n<meta property=\"article:publisher\" content=\"https:\/\/www.facebook.com\/intoscana.it\" \/>\n<meta property=\"article:published_time\" content=\"2019-12-27T11:14:32+00:00\" \/>\n<meta property=\"article:modified_time\" content=\"2020-05-19T13:35:42+00:00\" \/>\n<meta property=\"og:image\" content=\"https:\/\/www.intoscana.it\/wp-content\/uploads\/musart2019firenze-1.jpg\" \/>\n\t<meta property=\"og:image:width\" content=\"1974\" \/>\n\t<meta property=\"og:image:height\" content=\"1140\" \/>\n\t<meta property=\"og:image:type\" content=\"image\/jpeg\" \/>\n<meta name=\"author\" content=\"Redazione\" \/>\n<meta name=\"twitter:card\" content=\"summary_large_image\" \/>\n<meta name=\"twitter:creator\" content=\"@intoscana\" \/>\n<meta name=\"twitter:site\" content=\"@intoscana\" \/>\n<meta name=\"twitter:label1\" content=\"Written by\" \/>\n\t<meta name=\"twitter:data1\" content=\"Redazione\" \/>\n\t<meta name=\"twitter:label2\" content=\"Est. reading time\" \/>\n\t<meta name=\"twitter:data2\" content=\"1 minuto\" \/>\n<script type=\"application\/ld+json\" class=\"yoast-schema-graph\">{\"@context\":\"https:\/\/schema.org\",\"@graph\":[{\"@type\":\"WebPage\",\"@id\":\"https:\/\/www.intoscana.it\/it\/bando-estate-fiorentina\/\",\"url\":\"https:\/\/www.intoscana.it\/it\/bando-estate-fiorentina\/\",\"name\":\"Estate Fiorentina: aperto il bando per 15 festival da maggio a ottobre - intoscana\",\"isPartOf\":{\"@id\":\"https:\/\/www.intoscana.it\/it\/#website\"},\"primaryImageOfPage\":{\"@id\":\"https:\/\/www.intoscana.it\/it\/bando-estate-fiorentina\/#primaryimage\"},\"image\":{\"@id\":\"https:\/\/www.intoscana.it\/it\/bando-estate-fiorentina\/#primaryimage\"},\"thumbnailUrl\":\"https:\/\/www.intoscana.it\/wp-content\/uploads\/musart2019firenze-1.jpg\",\"datePublished\":\"2019-12-27T11:14:32+00:00\",\"dateModified\":\"2020-05-19T13:35:42+00:00\",\"author\":{\"@id\":\"https:\/\/www.intoscana.it\/it\/#\/schema\/person\/9223810753230f20bd670fdd322661f8\"},\"breadcrumb\":{\"@id\":\"https:\/\/www.intoscana.it\/it\/bando-estate-fiorentina\/#breadcrumb\"},\"inLanguage\":\"it-IT\",\"potentialAction\":[{\"@type\":\"ReadAction\",\"target\":[\"https:\/\/www.intoscana.it\/it\/bando-estate-fiorentina\/\"]}]},{\"@type\":\"ImageObject\",\"inLanguage\":\"it-IT\",\"@id\":\"https:\/\/www.intoscana.it\/it\/bando-estate-fiorentina\/#primaryimage\",\"url\":\"https:\/\/www.intoscana.it\/wp-content\/uploads\/musart2019firenze-1.jpg\",\"contentUrl\":\"https:\/\/www.intoscana.it\/wp-content\/uploads\/musart2019firenze-1.jpg\",\"width\":1974,\"height\":1140,\"caption\":\"Il festival Musart\"},{\"@type\":\"BreadcrumbList\",\"@id\":\"https:\/\/www.intoscana.it\/it\/bando-estate-fiorentina\/#breadcrumb\",\"itemListElement\":[{\"@type\":\"ListItem\",\"position\":1,\"name\":\"Home\",\"item\":\"https:\/\/www.intoscana.it\/it\/\"},{\"@type\":\"ListItem\",\"position\":2,\"name\":\"Estate Fiorentina: aperto il bando per 15 festival da maggio a ottobre\"}]},{\"@type\":\"WebSite\",\"@id\":\"https:\/\/www.intoscana.it\/it\/#website\",\"url\":\"https:\/\/www.intoscana.it\/it\/\",\"name\":\"intoscana\",\"description\":\"\",\"potentialAction\":[{\"@type\":\"SearchAction\",\"target\":{\"@type\":\"EntryPoint\",\"urlTemplate\":\"https:\/\/www.intoscana.it\/it\/?s={search_term_string}\"},\"query-input\":{\"@type\":\"PropertyValueSpecification\",\"valueRequired\":true,\"valueName\":\"search_term_string\"}}],\"inLanguage\":\"it-IT\"},{\"@type\":\"Person\",\"@id\":\"https:\/\/www.intoscana.it\/it\/#\/schema\/person\/9223810753230f20bd670fdd322661f8\",\"name\":\"Redazione\",\"url\":\"https:\/\/www.intoscana.it\/it\/author\/redazione\/\"}]}<\/script>\n<!-- \/ Yoast SEO Premium plugin. -->","yoast_head_json":{"title":"Estate Fiorentina: aperto il bando per 15 festival da maggio a ottobre - intoscana","robots":{"index":"index","follow":"follow","max-snippet":"max-snippet:-1","max-image-preview":"max-image-preview:large","max-video-preview":"max-video-preview:-1"},"canonical":"https:\/\/www.intoscana.it\/it\/bando-estate-fiorentina\/","og_locale":"it_IT","og_type":"article","og_title":"Estate Fiorentina: aperto il bando per 15 festival da maggio a ottobre","og_description":"Le domande potranno essere presentate fino al 27 gennaio: ogni singolo progetto culturale sar\u00e0 sostenuto dal Comune con 500mila euro","og_url":"https:\/\/www.intoscana.it\/it\/bando-estate-fiorentina\/","og_site_name":"intoscana","article_publisher":"https:\/\/www.facebook.com\/intoscana.it","article_published_time":"2019-12-27T11:14:32+00:00","article_modified_time":"2020-05-19T13:35:42+00:00","og_image":[{"width":1974,"height":1140,"url":"https:\/\/www.intoscana.it\/wp-content\/uploads\/musart2019firenze-1.jpg","type":"image\/jpeg"}],"author":"Redazione","twitter_card":"summary_large_image","twitter_creator":"@intoscana","twitter_site":"@intoscana","twitter_misc":{"Written by":"Redazione","Est. reading time":"1 minuto"},"schema":{"@context":"https:\/\/schema.org","@graph":[{"@type":"WebPage","@id":"https:\/\/www.intoscana.it\/it\/bando-estate-fiorentina\/","url":"https:\/\/www.intoscana.it\/it\/bando-estate-fiorentina\/","name":"Estate Fiorentina: aperto il bando per 15 festival da maggio a ottobre - intoscana","isPartOf":{"@id":"https:\/\/www.intoscana.it\/it\/#website"},"primaryImageOfPage":{"@id":"https:\/\/www.intoscana.it\/it\/bando-estate-fiorentina\/#primaryimage"},"image":{"@id":"https:\/\/www.intoscana.it\/it\/bando-estate-fiorentina\/#primaryimage"},"thumbnailUrl":"https:\/\/www.intoscana.it\/wp-content\/uploads\/musart2019firenze-1.jpg","datePublished":"2019-12-27T11:14:32+00:00","dateModified":"2020-05-19T13:35:42+00:00","author":{"@id":"https:\/\/www.intoscana.it\/it\/#\/schema\/person\/9223810753230f20bd670fdd322661f8"},"breadcrumb":{"@id":"https:\/\/www.intoscana.it\/it\/bando-estate-fiorentina\/#breadcrumb"},"inLanguage":"it-IT","potentialAction":[{"@type":"ReadAction","target":["https:\/\/www.intoscana.it\/it\/bando-estate-fiorentina\/"]}]},{"@type":"ImageObject","inLanguage":"it-IT","@id":"https:\/\/www.intoscana.it\/it\/bando-estate-fiorentina\/#primaryimage","url":"https:\/\/www.intoscana.it\/wp-content\/uploads\/musart2019firenze-1.jpg","contentUrl":"https:\/\/www.intoscana.it\/wp-content\/uploads\/musart2019firenze-1.jpg","width":1974,"height":1140,"caption":"Il festival Musart"},{"@type":"BreadcrumbList","@id":"https:\/\/www.intoscana.it\/it\/bando-estate-fiorentina\/#breadcrumb","itemListElement":[{"@type":"ListItem","position":1,"name":"Home","item":"https:\/\/www.intoscana.it\/it\/"},{"@type":"ListItem","position":2,"name":"Estate Fiorentina: aperto il bando per 15 festival da maggio a ottobre"}]},{"@type":"WebSite","@id":"https:\/\/www.intoscana.it\/it\/#website","url":"https:\/\/www.intoscana.it\/it\/","name":"intoscana","description":"","potentialAction":[{"@type":"SearchAction","target":{"@type":"EntryPoint","urlTemplate":"https:\/\/www.intoscana.it\/it\/?s={search_term_string}"},"query-input":{"@type":"PropertyValueSpecification","valueRequired":true,"valueName":"search_term_string"}}],"inLanguage":"it-IT"},{"@type":"Person","@id":"https:\/\/www.intoscana.it\/it\/#\/schema\/person\/9223810753230f20bd670fdd322661f8","name":"Redazione","url":"https:\/\/www.intoscana.it\/it\/author\/redazione\/"}]}},"_links":{"self":[{"href":"https:\/\/www.intoscana.it\/it\/wp-json\/wp\/v2\/posts\/52174","targetHints":{"allow":["GET"]}}],"collection":[{"href":"https:\/\/www.intoscana.it\/it\/wp-json\/wp\/v2\/posts"}],"about":[{"href":"https:\/\/www.intoscana.it\/it\/wp-json\/wp\/v2\/types\/post"}],"author":[{"embeddable":true,"href":"https:\/\/www.intoscana.it\/it\/wp-json\/wp\/v2\/users\/525"}],"replies":[{"embeddable":true,"href":"https:\/\/www.intoscana.it\/it\/wp-json\/wp\/v2\/comments?post=52174"}],"version-history":[{"count":0,"href":"https:\/\/www.intoscana.it\/it\/wp-json\/wp\/v2\/posts\/52174\/revisions"}],"wp:featuredmedia":[{"embeddable":true,"href":"https:\/\/www.intoscana.it\/it\/wp-json\/wp\/v2\/media\/86689"}],"wp:attachment":[{"href":"https:\/\/www.intoscana.it\/it\/wp-json\/wp\/v2\/media?parent=52174"}],"wp:term":[{"taxonomy":"category","embeddable":true,"href":"https:\/\/www.intoscana.it\/it\/wp-json\/wp\/v2\/categories?post=52174"},{"taxonomy":"post_tag","embeddable":true,"href":"https:\/\/www.intoscana.it\/it\/wp-json\/wp\/v2\/tags?post=52174"}],"curies":[{"name":"wp","href":"https:\/\/api.w.org\/{rel}","templated":true}]}}