{"id":52179,"date":"2020-02-22T08:02:06","date_gmt":"2020-02-22T08:02:06","guid":{"rendered":"http:\/\/www.intoscana.it\/festival-delle-scoperte-a-firenze-ce-il-tempo-e-la-banda-osiris\/"},"modified":"2020-05-19T15:35:44","modified_gmt":"2020-05-19T13:35:44","slug":"festival-scoperte-2020","status":"publish","type":"post","link":"https:\/\/www.intoscana.it\/it\/festival-scoperte-2020\/","title":{"rendered":"Festival delle scoperte, a Firenze c&#8217;\u00e8 il &#8216;tempo&#8217; (e la Banda Osiris)"},"content":{"rendered":"<p><strong>Dal 20 al 22 marzo 2020 Firenze ospita per la prima volta il Festival delle Scoperte.<\/strong> Tre giorni di conferenze, dibattiti, workshop, laboratori e spettacoli dedicati al piacere delle scoperte nei pi\u00f9 vari campi del sapere. Tema scelto per questa edizione \u00e8 &#8220;Il Tempo&#8221;, inteso come dimensione in cui si colloca ogni evento che accade. Ad affrontarlo, tra scienze e letteratura, filosofia e religione, arte, teatro e musica, ci saranno oltre 100 ospiti, per 120 appuntamenti dislocati in 20 luoghi diversi.<\/p>\n<p><strong>La scoperta non \u00e8 semplicemente un ampliamento della conoscenza: avviene all\u2019improvviso, \u00e8 una rivelazione.<\/strong> La parola deriva dal latino e indica proprio l\u2019atto del levare la copertura da qualcosa. \u00c8 in quel preciso momento, nell\u2019istante in cui il velo si alza davanti allo scopritore, che l\u2019ignoto diventa noto, le cose acquistano una nuova chiave di lettura ed il nuovo entra d\u2019un tratto nell\u2019esperienza umana, vuoi di una singola persona, vuoi dell\u2019intera specie. Ogni scoperta procede alimentando altre curiosit\u00e0, in un processo incessante e contagioso, portando con se\u2019 ogni volta stupore e meraviglia.<\/p>\n<p><strong>Ed \u00e8 alla ricerca di queste emozioni, che \u00e8 nato il Festival delle Scoperte, ideato da Marco Panichi e immediatamente abbracciato dal Comune di Firenze, dall\u2019Universit\u00e0 degli Studi<\/strong> e da tante altre istituzioni fiorentine che hanno partecipato all\u2019impresa, mettendo a disposizione luoghi e coinvolgendo persone, con il sostegno di imprese locali e nazionali come Estra Energia, Banca Cambiano, Unicoop Firenze e Aboca.<\/p>\n<p>\u00abSiamo lieti di accogliere a Firenze il Festival delle Scoperte\u00bb dice l\u2019assessore alla cultura del Comune, <strong>Tommaso Sacchi<\/strong>. \u00abUn grande momento di incontro e di divulgazione scientifica rivolto alla cittadinanza che invader\u00e0 con i suoi numerosi incontri alcuni dei luoghi pi\u00f9 significativi della citt\u00e0, accogliendo importanti relatori e personaggi nel campo delle scienze, della musica, della letteratura e dello spettacolo. Promuovere la conoscenza significa contribuire all\u2019arricchimento culturale, ma anche scambiare idee e fare nuove scoperte e approfondimenti su tematiche di estrema attualit\u00e0\u00bb.<\/p>\n<p>\u00abIl Festival delle Scoperte\u00bb sottolinea <strong>Valentina Gensini<\/strong>, direttore artistico del MAD &#8211; Murate Art District, partner del festival \u00abaffronta quest\u2019anno il tema del tempo: soggetto affascinante e lato, che segna e scandisce non solo l\u2019attivit\u00e0 quotidiana di ognuno di noi, ma anche la percezione, l\u2019intuizione e l\u2019immaginazione, siano esse legae alla scienza, alle arti o al pensiero filosofico. Murate Art District trova piena rispondenza nell\u2019approccio interdisciplinare che lega questi diversi ambiti di vita in incontri, installazioni, performance, conferenze di grande respiro, che vedranno il complesso delle Murate come laboratorio privilegiato nella programmazione fiorentina dei giorni del Festival\u00bb.<\/p>\n<p><strong>Pochi luoghi al mondo sono legati, come Firenze, al sentimento della scoperta. Nell\u2019arte innanzitutto, ma anche nella letteratura, nella scienza, nella politica, nella filosofia e nella religione.<\/strong> E grazie ad intrecci misteriosamente favorevoli, queste scoperte da Firenze si sono propagate in tutto il mondo, dando vita ad opere ed idee universali. <\/p>\n<p><strong>Dal 20 al 22 marzo 2020 ogni angolo della citt\u00e0 ospiter\u00e0 uno o pi\u00f9 incontri del festival:<\/strong> il complesso de Le Murate, con il MAD e il MIP, il Cenacolo di Santa Croce, la biblioteca delle Oblate, lo Spazio Alfieri, l\u2019Accademia La Colombaria, il Museo Galileo, l\u2019Osservatorio Astrofisico di Arcetri e lo Ximeniano, il Teatro Niccolini, la Fondazione Scienza e Tecnica, Santa Maria Nuova, l\u2019Accademia dei Georgofili, l\u2019Officina Profumo-Farmaceutica di Santa Maria Novella, l\u2019Accademia Italiana, il Saci di Palazzo Cartelloni e le librerie Libraccio e Salvemini.<\/p>\n<p><strong>Tantissimi gli ospiti coinvolti, per raccontare la quotidianit\u00e0 della scoperta:<\/strong> il filosofo Telmo Pievani parler\u00e0 del valore della serendipit\u00e0 per poi salire sul palco con la Banda Osiris nello spettacolo Acquadueo; Luigi Dei, Rettore dell\u2019Universit\u00e0 di Firenze, si cimenter\u00e0 in una versione multimediale di Via col Tempo e dialogher\u00e0 con Massimo Inguscio, presidente del CNR, e con il giornalista scientifico Pietro Greco sul valore del tempo nella ricerca; l\u2019astrofisica Sandra Savaglio ci parler\u00e0 dell\u2019universo per chi ha poco spazio-tempo, lo scrittore Marco Malvaldi ci mostrer\u00e0 come matematica, fisica, chimica e religione siano fuse nel secondo principio della termodinamica. E poi ancora l\u2019astronauta Roberto Vittori (in collegamento dagli Stati Uniti) con il direttore del Marscenter di Napoli Marcello Spagnulo, il divulgatore scientifico Adrian Fartade, l\u2019abate di San Miniato Padre Bernardo e il rabbino Amedeo Spagnoletto, l\u2019astrofisico Amedeo Balbi, l\u2019attrice Daniela Morozzi, i produttori musicali Matteo Romagnoli e Stabber e tantissimi altri.<\/p>\n<p><strong>I temi della Scoperta e del Tempo verranno affrontati anche da storici e medici, filosofi e storici dell\u2019arte, informatici e fotografi, artisti, botanici ed esperti di cucina.<\/strong> \u00abScopo della manifestazione &#8211; spiega il direttore Marco Panichi &#8211; \u00e8 quello di ricercare la conoscenza attraverso la discussione e l\u2019interazione con esperti di diversi campi e discipline, creando contatti e connessioni tra i mondi della cultura e della ricerca, oltre che fra questi e il mondo della scuola, delle associazioni e dei cittadini tutti\u00bb.<\/p>\n<p>Per tre giorni il Festival delle Scoperte vuole essere dunque, con i suoi tanti incontri, un prezioso momento d\u2019interrogazione su ci\u00f2 che ci circonda, un\u2019occasione da viversi a pieno per sintonizzarsi su qualcosa di basico ed emozionale, indipendentemente dall\u2019ambito della propria ricerca personale: l\u2019incanto che ogni scoperta porta con s\u00e9.<\/p>\n<p><strong>Le conferenze e le presentazioni, i laboratori e i workshop, gli spettacoli teatrali e musicali coinvolgeranno un pubblico vasto, fatto di addetti ai lavori e di appassionati, di studenti, famiglie, bambini e turisti<\/strong> (a ingresso libero conferenze e laboratori per bambini, mentre sar\u00e0 previsto un contributo d\u2019ingresso per workshop e spettacoli). Saranno tantissimi gli studenti coinvolti come volontari nell\u2019organizzazione giornaliera del festival, aiuteranno a gestire il flusso del pubblico, dei relatori e saranno pronti a rispondere alle domande dei curiosi.<\/p>\n<p>Al termine del festival verr\u00e0 rilasciato loro un attestato di partecipazione, finalizzato alla \u201cvalutazione come credito formativo\u201d. Sempre sul fronte scuola, gli insegnanti che parteciperanno come uditori avranno la possibilit\u00e0 di ottenere crediti validi ai fini dell\u2019aggiornamento professionale.<\/p>\n<p><strong>L\u2019organizzazione del Festival \u00e8 a cura dell\u2019associazione culturale Festival delle Scoperte.<\/strong> Il comitato scientifico e artistico \u00e8 composto da Marco Ciardi, storico della scienza, Giandomenico Semeraro, storico dell\u2019arte, Andrea Gambassi, fisico teorico, Roberto Carlone, musicista e attore e Pasquale Barile, egittologo.<\/p>\n<p><strong>Info<\/strong><br \/><a href=\"https:\/\/www.festivalscoperte.it\/\" target=\"_blank\" rel=\"noopener noreferrer\">www.festivalscoperte.it<\/a><\/p>\n","protected":false},"excerpt":{"rendered":"<p>Pi\u00f9 di 100 ospiti, 120 appuntamenti e 20 location diverse. Per la prima volta il Festival arriva a Firenze. A marzo tre giorni di conferenze, laboratori e spettacoli<\/p>\n","protected":false},"author":525,"featured_media":86694,"comment_status":"open","ping_status":"open","sticky":false,"template":"","format":"standard","meta":{"_acf_changed":false,"footnotes":""},"categories":[493,5],"tags":[228,202],"class_list":["post-52179","post","type-post","status-publish","format-standard","has-post-thumbnail","hentry","category-cultura","category-arte-e-cultura","tag-festival","tag-firenze"],"acf":[],"yoast_head":"<!-- This site is optimized with the Yoast SEO Premium plugin v24.2 (Yoast SEO v25.6) - https:\/\/yoast.com\/wordpress\/plugins\/seo\/ -->\n<title>Festival delle scoperte, a Firenze c&#039;\u00e8 il &#039;tempo&#039; (e la Banda Osiris) - intoscana<\/title>\n<meta name=\"robots\" content=\"index, follow, max-snippet:-1, max-image-preview:large, max-video-preview:-1\" \/>\n<link rel=\"canonical\" href=\"https:\/\/www.intoscana.it\/it\/festival-scoperte-2020\/\" \/>\n<meta property=\"og:locale\" content=\"it_IT\" \/>\n<meta property=\"og:type\" content=\"article\" \/>\n<meta property=\"og:title\" content=\"Festival delle scoperte, a Firenze c&#039;\u00e8 il &#039;tempo&#039; (e la Banda Osiris)\" \/>\n<meta property=\"og:description\" content=\"Pi\u00f9 di 100 ospiti, 120 appuntamenti e 20 location diverse. Per la prima volta il Festival arriva a Firenze. A marzo tre giorni di conferenze, laboratori e spettacoli\" \/>\n<meta property=\"og:url\" content=\"https:\/\/www.intoscana.it\/it\/festival-scoperte-2020\/\" \/>\n<meta property=\"og:site_name\" content=\"intoscana\" \/>\n<meta property=\"article:publisher\" content=\"https:\/\/www.facebook.com\/intoscana.it\" \/>\n<meta property=\"article:published_time\" content=\"2020-02-22T08:02:06+00:00\" \/>\n<meta property=\"article:modified_time\" content=\"2020-05-19T13:35:44+00:00\" \/>\n<meta property=\"og:image\" content=\"https:\/\/www.intoscana.it\/wp-content\/uploads\/banda-osiris-e-pievani-bassa.jpg\" \/>\n\t<meta property=\"og:image:width\" content=\"1000\" \/>\n\t<meta property=\"og:image:height\" content=\"707\" \/>\n\t<meta property=\"og:image:type\" content=\"image\/jpeg\" \/>\n<meta name=\"author\" content=\"Redazione\" \/>\n<meta name=\"twitter:card\" content=\"summary_large_image\" \/>\n<meta name=\"twitter:creator\" content=\"@intoscana\" \/>\n<meta name=\"twitter:site\" content=\"@intoscana\" \/>\n<meta name=\"twitter:label1\" content=\"Written by\" \/>\n\t<meta name=\"twitter:data1\" content=\"Redazione\" \/>\n\t<meta name=\"twitter:label2\" content=\"Est. reading time\" \/>\n\t<meta name=\"twitter:data2\" content=\"5 minuti\" \/>\n<script type=\"application\/ld+json\" class=\"yoast-schema-graph\">{\"@context\":\"https:\/\/schema.org\",\"@graph\":[{\"@type\":\"WebPage\",\"@id\":\"https:\/\/www.intoscana.it\/it\/festival-scoperte-2020\/\",\"url\":\"https:\/\/www.intoscana.it\/it\/festival-scoperte-2020\/\",\"name\":\"Festival delle scoperte, a Firenze c'\u00e8 il 'tempo' (e la Banda Osiris) - intoscana\",\"isPartOf\":{\"@id\":\"https:\/\/www.intoscana.it\/it\/#website\"},\"primaryImageOfPage\":{\"@id\":\"https:\/\/www.intoscana.it\/it\/festival-scoperte-2020\/#primaryimage\"},\"image\":{\"@id\":\"https:\/\/www.intoscana.it\/it\/festival-scoperte-2020\/#primaryimage\"},\"thumbnailUrl\":\"https:\/\/www.intoscana.it\/wp-content\/uploads\/banda-osiris-e-pievani-bassa.jpg\",\"datePublished\":\"2020-02-22T08:02:06+00:00\",\"dateModified\":\"2020-05-19T13:35:44+00:00\",\"author\":{\"@id\":\"https:\/\/www.intoscana.it\/it\/#\/schema\/person\/9223810753230f20bd670fdd322661f8\"},\"breadcrumb\":{\"@id\":\"https:\/\/www.intoscana.it\/it\/festival-scoperte-2020\/#breadcrumb\"},\"inLanguage\":\"it-IT\",\"potentialAction\":[{\"@type\":\"ReadAction\",\"target\":[\"https:\/\/www.intoscana.it\/it\/festival-scoperte-2020\/\"]}]},{\"@type\":\"ImageObject\",\"inLanguage\":\"it-IT\",\"@id\":\"https:\/\/www.intoscana.it\/it\/festival-scoperte-2020\/#primaryimage\",\"url\":\"https:\/\/www.intoscana.it\/wp-content\/uploads\/banda-osiris-e-pievani-bassa.jpg\",\"contentUrl\":\"https:\/\/www.intoscana.it\/wp-content\/uploads\/banda-osiris-e-pievani-bassa.jpg\",\"width\":1000,\"height\":707,\"caption\":\"Banda Osiris\"},{\"@type\":\"BreadcrumbList\",\"@id\":\"https:\/\/www.intoscana.it\/it\/festival-scoperte-2020\/#breadcrumb\",\"itemListElement\":[{\"@type\":\"ListItem\",\"position\":1,\"name\":\"Home\",\"item\":\"https:\/\/www.intoscana.it\/it\/\"},{\"@type\":\"ListItem\",\"position\":2,\"name\":\"Festival delle scoperte, a Firenze c&#8217;\u00e8 il &#8216;tempo&#8217; (e la Banda Osiris)\"}]},{\"@type\":\"WebSite\",\"@id\":\"https:\/\/www.intoscana.it\/it\/#website\",\"url\":\"https:\/\/www.intoscana.it\/it\/\",\"name\":\"intoscana\",\"description\":\"\",\"potentialAction\":[{\"@type\":\"SearchAction\",\"target\":{\"@type\":\"EntryPoint\",\"urlTemplate\":\"https:\/\/www.intoscana.it\/it\/?s={search_term_string}\"},\"query-input\":{\"@type\":\"PropertyValueSpecification\",\"valueRequired\":true,\"valueName\":\"search_term_string\"}}],\"inLanguage\":\"it-IT\"},{\"@type\":\"Person\",\"@id\":\"https:\/\/www.intoscana.it\/it\/#\/schema\/person\/9223810753230f20bd670fdd322661f8\",\"name\":\"Redazione\",\"url\":\"https:\/\/www.intoscana.it\/it\/author\/redazione\/\"}]}<\/script>\n<!-- \/ Yoast SEO Premium plugin. -->","yoast_head_json":{"title":"Festival delle scoperte, a Firenze c'\u00e8 il 'tempo' (e la Banda Osiris) - intoscana","robots":{"index":"index","follow":"follow","max-snippet":"max-snippet:-1","max-image-preview":"max-image-preview:large","max-video-preview":"max-video-preview:-1"},"canonical":"https:\/\/www.intoscana.it\/it\/festival-scoperte-2020\/","og_locale":"it_IT","og_type":"article","og_title":"Festival delle scoperte, a Firenze c'\u00e8 il 'tempo' (e la Banda Osiris)","og_description":"Pi\u00f9 di 100 ospiti, 120 appuntamenti e 20 location diverse. Per la prima volta il Festival arriva a Firenze. A marzo tre giorni di conferenze, laboratori e spettacoli","og_url":"https:\/\/www.intoscana.it\/it\/festival-scoperte-2020\/","og_site_name":"intoscana","article_publisher":"https:\/\/www.facebook.com\/intoscana.it","article_published_time":"2020-02-22T08:02:06+00:00","article_modified_time":"2020-05-19T13:35:44+00:00","og_image":[{"width":1000,"height":707,"url":"https:\/\/www.intoscana.it\/wp-content\/uploads\/banda-osiris-e-pievani-bassa.jpg","type":"image\/jpeg"}],"author":"Redazione","twitter_card":"summary_large_image","twitter_creator":"@intoscana","twitter_site":"@intoscana","twitter_misc":{"Written by":"Redazione","Est. reading time":"5 minuti"},"schema":{"@context":"https:\/\/schema.org","@graph":[{"@type":"WebPage","@id":"https:\/\/www.intoscana.it\/it\/festival-scoperte-2020\/","url":"https:\/\/www.intoscana.it\/it\/festival-scoperte-2020\/","name":"Festival delle scoperte, a Firenze c'\u00e8 il 'tempo' (e la Banda Osiris) - intoscana","isPartOf":{"@id":"https:\/\/www.intoscana.it\/it\/#website"},"primaryImageOfPage":{"@id":"https:\/\/www.intoscana.it\/it\/festival-scoperte-2020\/#primaryimage"},"image":{"@id":"https:\/\/www.intoscana.it\/it\/festival-scoperte-2020\/#primaryimage"},"thumbnailUrl":"https:\/\/www.intoscana.it\/wp-content\/uploads\/banda-osiris-e-pievani-bassa.jpg","datePublished":"2020-02-22T08:02:06+00:00","dateModified":"2020-05-19T13:35:44+00:00","author":{"@id":"https:\/\/www.intoscana.it\/it\/#\/schema\/person\/9223810753230f20bd670fdd322661f8"},"breadcrumb":{"@id":"https:\/\/www.intoscana.it\/it\/festival-scoperte-2020\/#breadcrumb"},"inLanguage":"it-IT","potentialAction":[{"@type":"ReadAction","target":["https:\/\/www.intoscana.it\/it\/festival-scoperte-2020\/"]}]},{"@type":"ImageObject","inLanguage":"it-IT","@id":"https:\/\/www.intoscana.it\/it\/festival-scoperte-2020\/#primaryimage","url":"https:\/\/www.intoscana.it\/wp-content\/uploads\/banda-osiris-e-pievani-bassa.jpg","contentUrl":"https:\/\/www.intoscana.it\/wp-content\/uploads\/banda-osiris-e-pievani-bassa.jpg","width":1000,"height":707,"caption":"Banda Osiris"},{"@type":"BreadcrumbList","@id":"https:\/\/www.intoscana.it\/it\/festival-scoperte-2020\/#breadcrumb","itemListElement":[{"@type":"ListItem","position":1,"name":"Home","item":"https:\/\/www.intoscana.it\/it\/"},{"@type":"ListItem","position":2,"name":"Festival delle scoperte, a Firenze c&#8217;\u00e8 il &#8216;tempo&#8217; (e la Banda Osiris)"}]},{"@type":"WebSite","@id":"https:\/\/www.intoscana.it\/it\/#website","url":"https:\/\/www.intoscana.it\/it\/","name":"intoscana","description":"","potentialAction":[{"@type":"SearchAction","target":{"@type":"EntryPoint","urlTemplate":"https:\/\/www.intoscana.it\/it\/?s={search_term_string}"},"query-input":{"@type":"PropertyValueSpecification","valueRequired":true,"valueName":"search_term_string"}}],"inLanguage":"it-IT"},{"@type":"Person","@id":"https:\/\/www.intoscana.it\/it\/#\/schema\/person\/9223810753230f20bd670fdd322661f8","name":"Redazione","url":"https:\/\/www.intoscana.it\/it\/author\/redazione\/"}]}},"_links":{"self":[{"href":"https:\/\/www.intoscana.it\/it\/wp-json\/wp\/v2\/posts\/52179","targetHints":{"allow":["GET"]}}],"collection":[{"href":"https:\/\/www.intoscana.it\/it\/wp-json\/wp\/v2\/posts"}],"about":[{"href":"https:\/\/www.intoscana.it\/it\/wp-json\/wp\/v2\/types\/post"}],"author":[{"embeddable":true,"href":"https:\/\/www.intoscana.it\/it\/wp-json\/wp\/v2\/users\/525"}],"replies":[{"embeddable":true,"href":"https:\/\/www.intoscana.it\/it\/wp-json\/wp\/v2\/comments?post=52179"}],"version-history":[{"count":0,"href":"https:\/\/www.intoscana.it\/it\/wp-json\/wp\/v2\/posts\/52179\/revisions"}],"wp:featuredmedia":[{"embeddable":true,"href":"https:\/\/www.intoscana.it\/it\/wp-json\/wp\/v2\/media\/86694"}],"wp:attachment":[{"href":"https:\/\/www.intoscana.it\/it\/wp-json\/wp\/v2\/media?parent=52179"}],"wp:term":[{"taxonomy":"category","embeddable":true,"href":"https:\/\/www.intoscana.it\/it\/wp-json\/wp\/v2\/categories?post=52179"},{"taxonomy":"post_tag","embeddable":true,"href":"https:\/\/www.intoscana.it\/it\/wp-json\/wp\/v2\/tags?post=52179"}],"curies":[{"name":"wp","href":"https:\/\/api.w.org\/{rel}","templated":true}]}}