{"id":52180,"date":"2020-02-25T13:55:46","date_gmt":"2020-02-25T13:55:46","guid":{"rendered":"http:\/\/www.intoscana.it\/villa-crastan-a-pontedera-tornera-a-vivere-un-progetto-per-recuperarla\/"},"modified":"2020-05-19T15:35:44","modified_gmt":"2020-05-19T13:35:44","slug":"villa-crastan-pontedera","status":"publish","type":"post","link":"https:\/\/www.intoscana.it\/it\/villa-crastan-pontedera\/","title":{"rendered":"Villa Crastan a Pontedera torner\u00e0 a vivere: un progetto per recuperarla"},"content":{"rendered":"<p><strong>Villa Crastan \u00e8 un\u2019antica dimora appartenuta ad una delle prime famiglie industriali<\/strong> \u2013 i Crastan, per l\u2019appunto \u2013 arrivate in Toscana nel secolo scorso per insediare la propria azienda di caff\u00e8. <strong>Negli anni \u201860 era divenuta propriet\u00e0 pubblica, donata dalla famiglia,<\/strong> e il Comune ci aveva fatto la sede della biblioteca comunale. Per anni, con il suo parco, \u00e8 stata un luogo aperto di socialit\u00e0 e promozione della cittadinanza. <strong>Dal 2014,<\/strong> dopo il trasferimento della biblioteca in una ex propriet\u00e0 Piaggio, l&#8217;edificio era per\u00f2 diventato <strong>uno spazio in attesa di una nuova destinazione.<\/strong><\/p>\n<p><strong>Adesso la villa diventer\u00e0 un esempio di gestione collaborativa di beni comuni urbani<\/strong>. A Pontedera l&#8217;<strong>amministrazione comunale e l&#8217;associazione \u201cVilla Crastan Casa della citt\u00e0\u201d<\/strong> hanno firmato <strong>un accordo, o meglio un patto di collaborazione, per la gestione dell&#8217;edificio<\/strong>, atto finale del percorso partecipativo sull\u2019utilizzo dell\u2019immobile e della successiva fase di progettazione sperimentale, finanziati dalla Regione Toscana.<\/p>\n<p><strong>\u00c8&nbsp;difficile trovare a Pontedera qualcuno che non conosca Villa Crastan.<\/strong> Sar\u00e0 per la sua posizione vicinissima al centro storico o per via del <strong>giardino che ha ospitato bambini, matrimoni e per molti anni il cinema estivo,<\/strong> oppure proprio per la<strong> biblioteca comunale<\/strong> che ha visto avvicendarsi generazioni di studenti. <strong>Per questo suo vissuto nel 2017 l&#8217;amministrazione comunale aveva cos\u00ec avviato un percorso di partecipazione,<\/strong> affidato alla cooperativa <strong>Sociolab,<\/strong> che a sua volta ha dato vita ad un progetto di incubazione e start up di gestione collaborativa.<\/p>\n<p>Tra tutte le idee presentate ne \u00e8 stata scelta una e con il patto siglato, della durata di tre anni, <strong>sar\u00e0 favorita la fruibilit\u00e0 dei locali e del giardino<\/strong>, verranno promosse<strong> attivit\u00e0 di carattere culturale, ricreative e sociali,<\/strong> sar\u00e0 valorizzato il contributo della cittadinanza nella cura e gestione di beni comuni.<\/p>\n<p>Il nuovo modello di gestione si ispira proprio alle <strong>pi\u00f9 innovative esperienze di gestione condivisa dei beni comuni,<\/strong> sulla scorta delle linee guida regionali contenute nel <strong>Libro Bianco #CollaboraToscana.<\/strong> La firma del patto \u00e8 avvenuta all\u2019interno della stessa Villa Crastan, in via della Stazione vecchia, nel corso di un incontro pubblico.<\/p>\n<p>\u201cQuando ci sono beni inutilizzati, tanto pi\u00f9 come in questo caso in cui era un simbolo e un valore per la citt\u00e0, \u00e8 giusto che si inizi a pensare come metterli nuovamente a disposizione. Ed \u00e8 giusto farlo attraverso un percorso che coinvolga i cittadini\u201d ha commentato <strong>l&#8217;assessore regionale Vittorio Bugli.<\/strong><\/p>\n","protected":false},"excerpt":{"rendered":"<p>Grazie al patto firmato sar\u00e0 favorita la fruibilit\u00e0 dei locali e del giardino, verranno promosse attivit\u00e0 di carattere culturale, ricreative e sociali<\/p>\n","protected":false},"author":525,"featured_media":86695,"comment_status":"open","ping_status":"open","sticky":false,"template":"","format":"standard","meta":{"_acf_changed":false,"footnotes":""},"categories":[493,5],"tags":[151],"class_list":["post-52180","post","type-post","status-publish","format-standard","has-post-thumbnail","hentry","category-cultura","category-arte-e-cultura","tag-regione-toscana"],"acf":[],"yoast_head":"<!-- This site is optimized with the Yoast SEO Premium plugin v24.2 (Yoast SEO v25.6) - https:\/\/yoast.com\/wordpress\/plugins\/seo\/ -->\n<title>Villa Crastan a Pontedera torner\u00e0 a vivere: un progetto per recuperarla - intoscana<\/title>\n<meta name=\"robots\" content=\"index, follow, max-snippet:-1, max-image-preview:large, max-video-preview:-1\" \/>\n<link rel=\"canonical\" href=\"https:\/\/www.intoscana.it\/it\/villa-crastan-pontedera\/\" \/>\n<meta property=\"og:locale\" content=\"it_IT\" \/>\n<meta property=\"og:type\" content=\"article\" \/>\n<meta property=\"og:title\" content=\"Villa Crastan a Pontedera torner\u00e0 a vivere: un progetto per recuperarla\" \/>\n<meta property=\"og:description\" content=\"Grazie al patto firmato sar\u00e0 favorita la fruibilit\u00e0 dei locali e del giardino, verranno promosse attivit\u00e0 di carattere culturale, ricreative e sociali\" \/>\n<meta property=\"og:url\" content=\"https:\/\/www.intoscana.it\/it\/villa-crastan-pontedera\/\" \/>\n<meta property=\"og:site_name\" content=\"intoscana\" \/>\n<meta property=\"article:publisher\" content=\"https:\/\/www.facebook.com\/intoscana.it\" \/>\n<meta property=\"article:published_time\" content=\"2020-02-25T13:55:46+00:00\" \/>\n<meta property=\"article:modified_time\" content=\"2020-05-19T13:35:44+00:00\" \/>\n<meta property=\"og:image\" content=\"https:\/\/www.intoscana.it\/wp-content\/uploads\/1280px-pontedera_villa_crastan_esterno_01.jpg\" \/>\n\t<meta property=\"og:image:width\" content=\"1279\" \/>\n\t<meta property=\"og:image:height\" content=\"937\" \/>\n\t<meta property=\"og:image:type\" content=\"image\/jpeg\" \/>\n<meta name=\"author\" content=\"Redazione\" \/>\n<meta name=\"twitter:card\" content=\"summary_large_image\" \/>\n<meta name=\"twitter:creator\" content=\"@intoscana\" \/>\n<meta name=\"twitter:site\" content=\"@intoscana\" \/>\n<meta name=\"twitter:label1\" content=\"Written by\" \/>\n\t<meta name=\"twitter:data1\" content=\"Redazione\" \/>\n\t<meta name=\"twitter:label2\" content=\"Est. reading time\" \/>\n\t<meta name=\"twitter:data2\" content=\"2 minuti\" \/>\n<script type=\"application\/ld+json\" class=\"yoast-schema-graph\">{\"@context\":\"https:\/\/schema.org\",\"@graph\":[{\"@type\":\"WebPage\",\"@id\":\"https:\/\/www.intoscana.it\/it\/villa-crastan-pontedera\/\",\"url\":\"https:\/\/www.intoscana.it\/it\/villa-crastan-pontedera\/\",\"name\":\"Villa Crastan a Pontedera torner\u00e0 a vivere: un progetto per recuperarla - intoscana\",\"isPartOf\":{\"@id\":\"https:\/\/www.intoscana.it\/it\/#website\"},\"primaryImageOfPage\":{\"@id\":\"https:\/\/www.intoscana.it\/it\/villa-crastan-pontedera\/#primaryimage\"},\"image\":{\"@id\":\"https:\/\/www.intoscana.it\/it\/villa-crastan-pontedera\/#primaryimage\"},\"thumbnailUrl\":\"https:\/\/www.intoscana.it\/wp-content\/uploads\/1280px-pontedera_villa_crastan_esterno_01.jpg\",\"datePublished\":\"2020-02-25T13:55:46+00:00\",\"dateModified\":\"2020-05-19T13:35:44+00:00\",\"author\":{\"@id\":\"https:\/\/www.intoscana.it\/it\/#\/schema\/person\/9223810753230f20bd670fdd322661f8\"},\"breadcrumb\":{\"@id\":\"https:\/\/www.intoscana.it\/it\/villa-crastan-pontedera\/#breadcrumb\"},\"inLanguage\":\"it-IT\",\"potentialAction\":[{\"@type\":\"ReadAction\",\"target\":[\"https:\/\/www.intoscana.it\/it\/villa-crastan-pontedera\/\"]}]},{\"@type\":\"ImageObject\",\"inLanguage\":\"it-IT\",\"@id\":\"https:\/\/www.intoscana.it\/it\/villa-crastan-pontedera\/#primaryimage\",\"url\":\"https:\/\/www.intoscana.it\/wp-content\/uploads\/1280px-pontedera_villa_crastan_esterno_01.jpg\",\"contentUrl\":\"https:\/\/www.intoscana.it\/wp-content\/uploads\/1280px-pontedera_villa_crastan_esterno_01.jpg\",\"width\":1279,\"height\":937,\"caption\":\"Villa Crastan, Pontedera\"},{\"@type\":\"BreadcrumbList\",\"@id\":\"https:\/\/www.intoscana.it\/it\/villa-crastan-pontedera\/#breadcrumb\",\"itemListElement\":[{\"@type\":\"ListItem\",\"position\":1,\"name\":\"Home\",\"item\":\"https:\/\/www.intoscana.it\/it\/\"},{\"@type\":\"ListItem\",\"position\":2,\"name\":\"Villa Crastan a Pontedera torner\u00e0 a vivere: un progetto per recuperarla\"}]},{\"@type\":\"WebSite\",\"@id\":\"https:\/\/www.intoscana.it\/it\/#website\",\"url\":\"https:\/\/www.intoscana.it\/it\/\",\"name\":\"intoscana\",\"description\":\"\",\"potentialAction\":[{\"@type\":\"SearchAction\",\"target\":{\"@type\":\"EntryPoint\",\"urlTemplate\":\"https:\/\/www.intoscana.it\/it\/?s={search_term_string}\"},\"query-input\":{\"@type\":\"PropertyValueSpecification\",\"valueRequired\":true,\"valueName\":\"search_term_string\"}}],\"inLanguage\":\"it-IT\"},{\"@type\":\"Person\",\"@id\":\"https:\/\/www.intoscana.it\/it\/#\/schema\/person\/9223810753230f20bd670fdd322661f8\",\"name\":\"Redazione\",\"url\":\"https:\/\/www.intoscana.it\/it\/author\/redazione\/\"}]}<\/script>\n<!-- \/ Yoast SEO Premium plugin. -->","yoast_head_json":{"title":"Villa Crastan a Pontedera torner\u00e0 a vivere: un progetto per recuperarla - intoscana","robots":{"index":"index","follow":"follow","max-snippet":"max-snippet:-1","max-image-preview":"max-image-preview:large","max-video-preview":"max-video-preview:-1"},"canonical":"https:\/\/www.intoscana.it\/it\/villa-crastan-pontedera\/","og_locale":"it_IT","og_type":"article","og_title":"Villa Crastan a Pontedera torner\u00e0 a vivere: un progetto per recuperarla","og_description":"Grazie al patto firmato sar\u00e0 favorita la fruibilit\u00e0 dei locali e del giardino, verranno promosse attivit\u00e0 di carattere culturale, ricreative e sociali","og_url":"https:\/\/www.intoscana.it\/it\/villa-crastan-pontedera\/","og_site_name":"intoscana","article_publisher":"https:\/\/www.facebook.com\/intoscana.it","article_published_time":"2020-02-25T13:55:46+00:00","article_modified_time":"2020-05-19T13:35:44+00:00","og_image":[{"width":1279,"height":937,"url":"https:\/\/www.intoscana.it\/wp-content\/uploads\/1280px-pontedera_villa_crastan_esterno_01.jpg","type":"image\/jpeg"}],"author":"Redazione","twitter_card":"summary_large_image","twitter_creator":"@intoscana","twitter_site":"@intoscana","twitter_misc":{"Written by":"Redazione","Est. reading time":"2 minuti"},"schema":{"@context":"https:\/\/schema.org","@graph":[{"@type":"WebPage","@id":"https:\/\/www.intoscana.it\/it\/villa-crastan-pontedera\/","url":"https:\/\/www.intoscana.it\/it\/villa-crastan-pontedera\/","name":"Villa Crastan a Pontedera torner\u00e0 a vivere: un progetto per recuperarla - intoscana","isPartOf":{"@id":"https:\/\/www.intoscana.it\/it\/#website"},"primaryImageOfPage":{"@id":"https:\/\/www.intoscana.it\/it\/villa-crastan-pontedera\/#primaryimage"},"image":{"@id":"https:\/\/www.intoscana.it\/it\/villa-crastan-pontedera\/#primaryimage"},"thumbnailUrl":"https:\/\/www.intoscana.it\/wp-content\/uploads\/1280px-pontedera_villa_crastan_esterno_01.jpg","datePublished":"2020-02-25T13:55:46+00:00","dateModified":"2020-05-19T13:35:44+00:00","author":{"@id":"https:\/\/www.intoscana.it\/it\/#\/schema\/person\/9223810753230f20bd670fdd322661f8"},"breadcrumb":{"@id":"https:\/\/www.intoscana.it\/it\/villa-crastan-pontedera\/#breadcrumb"},"inLanguage":"it-IT","potentialAction":[{"@type":"ReadAction","target":["https:\/\/www.intoscana.it\/it\/villa-crastan-pontedera\/"]}]},{"@type":"ImageObject","inLanguage":"it-IT","@id":"https:\/\/www.intoscana.it\/it\/villa-crastan-pontedera\/#primaryimage","url":"https:\/\/www.intoscana.it\/wp-content\/uploads\/1280px-pontedera_villa_crastan_esterno_01.jpg","contentUrl":"https:\/\/www.intoscana.it\/wp-content\/uploads\/1280px-pontedera_villa_crastan_esterno_01.jpg","width":1279,"height":937,"caption":"Villa Crastan, Pontedera"},{"@type":"BreadcrumbList","@id":"https:\/\/www.intoscana.it\/it\/villa-crastan-pontedera\/#breadcrumb","itemListElement":[{"@type":"ListItem","position":1,"name":"Home","item":"https:\/\/www.intoscana.it\/it\/"},{"@type":"ListItem","position":2,"name":"Villa Crastan a Pontedera torner\u00e0 a vivere: un progetto per recuperarla"}]},{"@type":"WebSite","@id":"https:\/\/www.intoscana.it\/it\/#website","url":"https:\/\/www.intoscana.it\/it\/","name":"intoscana","description":"","potentialAction":[{"@type":"SearchAction","target":{"@type":"EntryPoint","urlTemplate":"https:\/\/www.intoscana.it\/it\/?s={search_term_string}"},"query-input":{"@type":"PropertyValueSpecification","valueRequired":true,"valueName":"search_term_string"}}],"inLanguage":"it-IT"},{"@type":"Person","@id":"https:\/\/www.intoscana.it\/it\/#\/schema\/person\/9223810753230f20bd670fdd322661f8","name":"Redazione","url":"https:\/\/www.intoscana.it\/it\/author\/redazione\/"}]}},"_links":{"self":[{"href":"https:\/\/www.intoscana.it\/it\/wp-json\/wp\/v2\/posts\/52180","targetHints":{"allow":["GET"]}}],"collection":[{"href":"https:\/\/www.intoscana.it\/it\/wp-json\/wp\/v2\/posts"}],"about":[{"href":"https:\/\/www.intoscana.it\/it\/wp-json\/wp\/v2\/types\/post"}],"author":[{"embeddable":true,"href":"https:\/\/www.intoscana.it\/it\/wp-json\/wp\/v2\/users\/525"}],"replies":[{"embeddable":true,"href":"https:\/\/www.intoscana.it\/it\/wp-json\/wp\/v2\/comments?post=52180"}],"version-history":[{"count":0,"href":"https:\/\/www.intoscana.it\/it\/wp-json\/wp\/v2\/posts\/52180\/revisions"}],"wp:featuredmedia":[{"embeddable":true,"href":"https:\/\/www.intoscana.it\/it\/wp-json\/wp\/v2\/media\/86695"}],"wp:attachment":[{"href":"https:\/\/www.intoscana.it\/it\/wp-json\/wp\/v2\/media?parent=52180"}],"wp:term":[{"taxonomy":"category","embeddable":true,"href":"https:\/\/www.intoscana.it\/it\/wp-json\/wp\/v2\/categories?post=52180"},{"taxonomy":"post_tag","embeddable":true,"href":"https:\/\/www.intoscana.it\/it\/wp-json\/wp\/v2\/tags?post=52180"}],"curies":[{"name":"wp","href":"https:\/\/api.w.org\/{rel}","templated":true}]}}