{"id":52184,"date":"2020-02-24T14:59:27","date_gmt":"2020-02-24T14:59:27","guid":{"rendered":"http:\/\/www.intoscana.it\/raffaello-una-grande-mostra-a-roma-con-opere-anche-degli-uffizi\/"},"modified":"2020-05-19T15:35:46","modified_gmt":"2020-05-19T13:35:46","slug":"uffizi-raffaello","status":"publish","type":"post","link":"https:\/\/www.intoscana.it\/it\/uffizi-raffaello\/","title":{"rendered":"Raffaello: una grande mostra a Roma con opere anche degli Uffizi"},"content":{"rendered":"<p><strong>Conto alla rovescia per la imponente mostra dedicata a Raffaello che si terr\u00e0 dal 5 marzo al 2 giugno alle Scuderie del Quirinale a Roma,<\/strong> per celebrare i 500 anni dalla morte del maestro urbinate, per cui sono gi\u00e0 oltre 70mila i biglietti gi\u00e0 prenotati o venduti con richieste da tutto il mondo.&nbsp;<\/p>\n<p>&#8220;\u00c8 la pi\u00f9 grande mostra su Raffaello mai realizzata, sicuramente la pi\u00f9 impegnativa&#8221;, premette presentandola al Mibact Mario De Simoni, presidente e ad di Ales Scuderie del Quirinale.<strong> Nata dalla collaborazione con gli Uffizi, che partecipano con un numero cospicuo di opere alcune delle quali mai esposte a Roma, e con la partecipazione di 52 istituzioni dell&#8217;arte,<\/strong> frutto di tre anni di lavori, studi, restauri (tra questi quello del ritratto di Leone X &#8220;che ha ritrovato i suoi colori&#8221;) ai quali ha lavorato un team di studiosi e curatori, in prima fila Marzia Faietti e Matteo Lanfranconi, la rassegna romana offre ai visitatori un percorso &#8220;a ritroso&#8221; &#8211; che parte cio\u00e8 dalla morte di Raffaello e dalla sua tomba monumentale a Roma &#8211; <strong>con oltre 200 opere, assicurate per un valore, anch&#8217;esso record di 4 miliardi, di euro.<\/strong> &#8220;Si tratta innanzitutto di un progetto scientifico serratissimo, di una grande opportunit\u00e0 di approfondimento intellettuale, non solo meraviglia per gli occhi, una mostra che far\u00e0 crescere&#8221;, assicura Di Simoni.<\/p>\n<p><img decoding=\"async\" style=\"width: 600px;\" title=\"La donna velata di Raffaello\" src=\"https:\/\/www.intoscana.it\/shared\/visittuscany\/immagini\/la-donna-velata-di-raffaello.jpg\" alt=\"La donna velata di Raffaello\" height=\"773\" \/><\/p>\n<p><strong>&#8220;Mai cos\u00ec tante opere tornate a Roma dalla morte di Raffaello&#8221;, conferma al suo fianco il direttore degli Uffizi Eike Schmidt.<\/strong> Tra le due grandi istituzioni culturali, oltre al lavoro fianco a fianco per dare vita al progetto, anche un gemellaggio ad uso dei visitatori che, <strong>&#8220;completata la visita all&#8217;eccezionale mostra romana, devono assolutamente venire a Firenze per completare il percorso con quello di Raffaello<\/strong> che \u00e8 rimasto agli Uffizi, ovvero la nuova sala di Raffaello o viceversa&#8221;. Previsto anche uno sconto del 33% sul prezzo del biglietto degli Uffizi per chi avesse gi\u00e0 visitato la mostra delle Scuderie e sul prezzo dell Scuderie per chi avesse visitato gli Uffizi.<\/p>\n","protected":false},"excerpt":{"rendered":"<p>Alle Scuderie del Quirinale arriva l&#8217;esposizione pi\u00f9 imponente di sempre dedicata al maestro urbinate in occasione dei 500 anni dalla morte<\/p>\n","protected":false},"author":525,"featured_media":86699,"comment_status":"open","ping_status":"open","sticky":false,"template":"","format":"standard","meta":{"_acf_changed":false,"footnotes":""},"categories":[493,5],"tags":[],"class_list":["post-52184","post","type-post","status-publish","format-standard","has-post-thumbnail","hentry","category-cultura","category-arte-e-cultura"],"acf":[],"yoast_head":"<!-- This site is optimized with the Yoast SEO Premium plugin v24.2 (Yoast SEO v25.6) - https:\/\/yoast.com\/wordpress\/plugins\/seo\/ -->\n<title>Raffaello: una grande mostra a Roma con opere anche degli Uffizi - intoscana<\/title>\n<meta name=\"robots\" content=\"index, follow, max-snippet:-1, max-image-preview:large, max-video-preview:-1\" \/>\n<link rel=\"canonical\" href=\"https:\/\/www.intoscana.it\/it\/uffizi-raffaello\/\" \/>\n<meta property=\"og:locale\" content=\"it_IT\" \/>\n<meta property=\"og:type\" content=\"article\" \/>\n<meta property=\"og:title\" content=\"Raffaello: una grande mostra a Roma con opere anche degli Uffizi\" \/>\n<meta property=\"og:description\" content=\"Alle Scuderie del Quirinale arriva l&#039;esposizione pi\u00f9 imponente di sempre dedicata al maestro urbinate in occasione dei 500 anni dalla morte\" \/>\n<meta property=\"og:url\" content=\"https:\/\/www.intoscana.it\/it\/uffizi-raffaello\/\" \/>\n<meta property=\"og:site_name\" content=\"intoscana\" \/>\n<meta property=\"article:publisher\" content=\"https:\/\/www.facebook.com\/intoscana.it\" \/>\n<meta property=\"article:published_time\" content=\"2020-02-24T14:59:27+00:00\" \/>\n<meta property=\"article:modified_time\" content=\"2020-05-19T13:35:46+00:00\" \/>\n<meta property=\"og:image\" content=\"https:\/\/www.intoscana.it\/wp-content\/uploads\/raffaello_sanzio-scaled.jpg\" \/>\n\t<meta property=\"og:image:width\" content=\"1878\" \/>\n\t<meta property=\"og:image:height\" content=\"2560\" \/>\n\t<meta property=\"og:image:type\" content=\"image\/jpeg\" \/>\n<meta name=\"author\" content=\"Redazione\" \/>\n<meta name=\"twitter:card\" content=\"summary_large_image\" \/>\n<meta name=\"twitter:creator\" content=\"@intoscana\" \/>\n<meta name=\"twitter:site\" content=\"@intoscana\" \/>\n<meta name=\"twitter:label1\" content=\"Written by\" \/>\n\t<meta name=\"twitter:data1\" content=\"Redazione\" \/>\n\t<meta name=\"twitter:label2\" content=\"Est. reading time\" \/>\n\t<meta name=\"twitter:data2\" content=\"2 minuti\" \/>\n<script type=\"application\/ld+json\" class=\"yoast-schema-graph\">{\"@context\":\"https:\/\/schema.org\",\"@graph\":[{\"@type\":\"WebPage\",\"@id\":\"https:\/\/www.intoscana.it\/it\/uffizi-raffaello\/\",\"url\":\"https:\/\/www.intoscana.it\/it\/uffizi-raffaello\/\",\"name\":\"Raffaello: una grande mostra a Roma con opere anche degli Uffizi - intoscana\",\"isPartOf\":{\"@id\":\"https:\/\/www.intoscana.it\/it\/#website\"},\"primaryImageOfPage\":{\"@id\":\"https:\/\/www.intoscana.it\/it\/uffizi-raffaello\/#primaryimage\"},\"image\":{\"@id\":\"https:\/\/www.intoscana.it\/it\/uffizi-raffaello\/#primaryimage\"},\"thumbnailUrl\":\"https:\/\/www.intoscana.it\/wp-content\/uploads\/raffaello_sanzio-scaled.jpg\",\"datePublished\":\"2020-02-24T14:59:27+00:00\",\"dateModified\":\"2020-05-19T13:35:46+00:00\",\"author\":{\"@id\":\"https:\/\/www.intoscana.it\/it\/#\/schema\/person\/9223810753230f20bd670fdd322661f8\"},\"breadcrumb\":{\"@id\":\"https:\/\/www.intoscana.it\/it\/uffizi-raffaello\/#breadcrumb\"},\"inLanguage\":\"it-IT\",\"potentialAction\":[{\"@type\":\"ReadAction\",\"target\":[\"https:\/\/www.intoscana.it\/it\/uffizi-raffaello\/\"]}]},{\"@type\":\"ImageObject\",\"inLanguage\":\"it-IT\",\"@id\":\"https:\/\/www.intoscana.it\/it\/uffizi-raffaello\/#primaryimage\",\"url\":\"https:\/\/www.intoscana.it\/wp-content\/uploads\/raffaello_sanzio-scaled.jpg\",\"contentUrl\":\"https:\/\/www.intoscana.it\/wp-content\/uploads\/raffaello_sanzio-scaled.jpg\",\"width\":1878,\"height\":2560},{\"@type\":\"BreadcrumbList\",\"@id\":\"https:\/\/www.intoscana.it\/it\/uffizi-raffaello\/#breadcrumb\",\"itemListElement\":[{\"@type\":\"ListItem\",\"position\":1,\"name\":\"Home\",\"item\":\"https:\/\/www.intoscana.it\/it\/\"},{\"@type\":\"ListItem\",\"position\":2,\"name\":\"Raffaello: una grande mostra a Roma con opere anche degli Uffizi\"}]},{\"@type\":\"WebSite\",\"@id\":\"https:\/\/www.intoscana.it\/it\/#website\",\"url\":\"https:\/\/www.intoscana.it\/it\/\",\"name\":\"intoscana\",\"description\":\"\",\"potentialAction\":[{\"@type\":\"SearchAction\",\"target\":{\"@type\":\"EntryPoint\",\"urlTemplate\":\"https:\/\/www.intoscana.it\/it\/?s={search_term_string}\"},\"query-input\":{\"@type\":\"PropertyValueSpecification\",\"valueRequired\":true,\"valueName\":\"search_term_string\"}}],\"inLanguage\":\"it-IT\"},{\"@type\":\"Person\",\"@id\":\"https:\/\/www.intoscana.it\/it\/#\/schema\/person\/9223810753230f20bd670fdd322661f8\",\"name\":\"Redazione\",\"url\":\"https:\/\/www.intoscana.it\/it\/author\/redazione\/\"}]}<\/script>\n<!-- \/ Yoast SEO Premium plugin. -->","yoast_head_json":{"title":"Raffaello: una grande mostra a Roma con opere anche degli Uffizi - intoscana","robots":{"index":"index","follow":"follow","max-snippet":"max-snippet:-1","max-image-preview":"max-image-preview:large","max-video-preview":"max-video-preview:-1"},"canonical":"https:\/\/www.intoscana.it\/it\/uffizi-raffaello\/","og_locale":"it_IT","og_type":"article","og_title":"Raffaello: una grande mostra a Roma con opere anche degli Uffizi","og_description":"Alle Scuderie del Quirinale arriva l'esposizione pi\u00f9 imponente di sempre dedicata al maestro urbinate in occasione dei 500 anni dalla morte","og_url":"https:\/\/www.intoscana.it\/it\/uffizi-raffaello\/","og_site_name":"intoscana","article_publisher":"https:\/\/www.facebook.com\/intoscana.it","article_published_time":"2020-02-24T14:59:27+00:00","article_modified_time":"2020-05-19T13:35:46+00:00","og_image":[{"width":1878,"height":2560,"url":"https:\/\/www.intoscana.it\/wp-content\/uploads\/raffaello_sanzio-scaled.jpg","type":"image\/jpeg"}],"author":"Redazione","twitter_card":"summary_large_image","twitter_creator":"@intoscana","twitter_site":"@intoscana","twitter_misc":{"Written by":"Redazione","Est. reading time":"2 minuti"},"schema":{"@context":"https:\/\/schema.org","@graph":[{"@type":"WebPage","@id":"https:\/\/www.intoscana.it\/it\/uffizi-raffaello\/","url":"https:\/\/www.intoscana.it\/it\/uffizi-raffaello\/","name":"Raffaello: una grande mostra a Roma con opere anche degli Uffizi - intoscana","isPartOf":{"@id":"https:\/\/www.intoscana.it\/it\/#website"},"primaryImageOfPage":{"@id":"https:\/\/www.intoscana.it\/it\/uffizi-raffaello\/#primaryimage"},"image":{"@id":"https:\/\/www.intoscana.it\/it\/uffizi-raffaello\/#primaryimage"},"thumbnailUrl":"https:\/\/www.intoscana.it\/wp-content\/uploads\/raffaello_sanzio-scaled.jpg","datePublished":"2020-02-24T14:59:27+00:00","dateModified":"2020-05-19T13:35:46+00:00","author":{"@id":"https:\/\/www.intoscana.it\/it\/#\/schema\/person\/9223810753230f20bd670fdd322661f8"},"breadcrumb":{"@id":"https:\/\/www.intoscana.it\/it\/uffizi-raffaello\/#breadcrumb"},"inLanguage":"it-IT","potentialAction":[{"@type":"ReadAction","target":["https:\/\/www.intoscana.it\/it\/uffizi-raffaello\/"]}]},{"@type":"ImageObject","inLanguage":"it-IT","@id":"https:\/\/www.intoscana.it\/it\/uffizi-raffaello\/#primaryimage","url":"https:\/\/www.intoscana.it\/wp-content\/uploads\/raffaello_sanzio-scaled.jpg","contentUrl":"https:\/\/www.intoscana.it\/wp-content\/uploads\/raffaello_sanzio-scaled.jpg","width":1878,"height":2560},{"@type":"BreadcrumbList","@id":"https:\/\/www.intoscana.it\/it\/uffizi-raffaello\/#breadcrumb","itemListElement":[{"@type":"ListItem","position":1,"name":"Home","item":"https:\/\/www.intoscana.it\/it\/"},{"@type":"ListItem","position":2,"name":"Raffaello: una grande mostra a Roma con opere anche degli Uffizi"}]},{"@type":"WebSite","@id":"https:\/\/www.intoscana.it\/it\/#website","url":"https:\/\/www.intoscana.it\/it\/","name":"intoscana","description":"","potentialAction":[{"@type":"SearchAction","target":{"@type":"EntryPoint","urlTemplate":"https:\/\/www.intoscana.it\/it\/?s={search_term_string}"},"query-input":{"@type":"PropertyValueSpecification","valueRequired":true,"valueName":"search_term_string"}}],"inLanguage":"it-IT"},{"@type":"Person","@id":"https:\/\/www.intoscana.it\/it\/#\/schema\/person\/9223810753230f20bd670fdd322661f8","name":"Redazione","url":"https:\/\/www.intoscana.it\/it\/author\/redazione\/"}]}},"_links":{"self":[{"href":"https:\/\/www.intoscana.it\/it\/wp-json\/wp\/v2\/posts\/52184","targetHints":{"allow":["GET"]}}],"collection":[{"href":"https:\/\/www.intoscana.it\/it\/wp-json\/wp\/v2\/posts"}],"about":[{"href":"https:\/\/www.intoscana.it\/it\/wp-json\/wp\/v2\/types\/post"}],"author":[{"embeddable":true,"href":"https:\/\/www.intoscana.it\/it\/wp-json\/wp\/v2\/users\/525"}],"replies":[{"embeddable":true,"href":"https:\/\/www.intoscana.it\/it\/wp-json\/wp\/v2\/comments?post=52184"}],"version-history":[{"count":0,"href":"https:\/\/www.intoscana.it\/it\/wp-json\/wp\/v2\/posts\/52184\/revisions"}],"wp:featuredmedia":[{"embeddable":true,"href":"https:\/\/www.intoscana.it\/it\/wp-json\/wp\/v2\/media\/86699"}],"wp:attachment":[{"href":"https:\/\/www.intoscana.it\/it\/wp-json\/wp\/v2\/media?parent=52184"}],"wp:term":[{"taxonomy":"category","embeddable":true,"href":"https:\/\/www.intoscana.it\/it\/wp-json\/wp\/v2\/categories?post=52184"},{"taxonomy":"post_tag","embeddable":true,"href":"https:\/\/www.intoscana.it\/it\/wp-json\/wp\/v2\/tags?post=52184"}],"curies":[{"name":"wp","href":"https:\/\/api.w.org\/{rel}","templated":true}]}}