{"id":52221,"date":"2019-12-23T07:56:45","date_gmt":"2019-12-23T07:56:45","guid":{"rendered":"http:\/\/www.intoscana.it\/gli-uffizi-celebrano-il-natale-col-volo-digitale-degli-angeli\/"},"modified":"2020-05-19T15:35:58","modified_gmt":"2020-05-19T13:35:58","slug":"uffizi-volo-angeli","status":"publish","type":"post","link":"https:\/\/www.intoscana.it\/it\/uffizi-volo-angeli\/","title":{"rendered":"Gli Uffizi celebrano il Natale col volo (digitale) degli angeli"},"content":{"rendered":"<p><strong>Un viaggio nella storia dell\u2019arte attraverso i capolavori di Giotto, Beato Angelico, Botticelli, Leonardo e tanti altri grandi, in compagnia delle creature pi\u00f9 poetiche e amate<\/strong>: \u00e8 \u2019Nella luce degli Angeli\u2019, mostra virtuale curata in occasione del Natale dalle Gallerie degli Uffizi e offerta al pubblico \u2013 virtualmente in tutto il mondo &#8211; sulle pagine del sito ufficiale del museo all\u2019indirizzo <a href=\"https:\/\/www.uffizi.it\/mostre-virtuali\/nella-luce-degli-angeli\" target=\"_blank\" rel=\"noopener noreferrer\">uffizi.it\/mostre-virtuali\/nella-luce-degli-angeli<\/a>.<\/p>\n<p><img decoding=\"async\" alt=\"08 rosso\" style=\"width: 600px;\" title=\"08 rosso\" src=\"https:\/\/www.intoscana.it\/shared\/intoscana\/immagini\/08-rosso.jpg\" \/><\/p>\n<p><strong>Dell\u2019ipervisione fanno parte 12 riproduzioni in altissima definizione di altrettante celebri opere appartenenti alle Gallerie degli Uffizi.<\/strong> Tra queste, la Maest\u00e0 di Ognissanti di Giotto, l\u2019Incoronazione della Vergine del Beato Angelico, la Madonna del Magnificat di Sandro Botticelli, il Battesimo di Cristo di Andrea del Verrocchio e del giovane Leonardo da Vinci, il simpatico Angelo musicante di Rosso fiorentino. In ognuno di questi capolavori, gli angeli, mediatori tra il mondo umano e quello divino, catturano la nostra attenzione, sia per la bellezza della resa pittorica sia per certe tenerissime invenzioni figurative.<\/p>\n<p><img decoding=\"async\" alt=\"07 leonardo e verrocchio\" style=\"width: 600px;\" title=\"07 leonardo e verrocchio\" src=\"https:\/\/www.intoscana.it\/shared\/intoscana\/immagini\/07-leonardo-e-verrocchio.jpg\" \/><\/p>\n<p><strong>Nella Bibbia, erano identificati con la parola mal\u2019ak cio\u00e8 messaggero, un termine in seguito utilizzato anche nel Corano, il testo sacro rivelato a Maometto proprio dall\u2019arcangelo Gabriele, inviato da Dio.<\/strong> L\u2019equivalente greco \u00e8 anghelos, e connotava Hermes, il messaggero degli dei; dalla mitologia la parola transita nel Cristianesimo e assume il significato valido ancora oggi in quasi ogni lingua.<\/p>\n<p><strong>E proprio in quanto messaggeri di Dio gli angeli popolano l\u2019Antico Testamento, appaiono nel libro del Genesi a mettere in atto la cacciata di Adamo ed Eva dal Giardino dell\u2019Eden<\/strong>, corrono a fermare Abramo un attimo prima che vibri il colpo mortale sul figlio Isacco, o rivestono il ruolo di spirito guida: \u00e8 il caso del giovane Tobiolo, scortato amorevolmente dall\u2019arcangelo Raffaele nel lungo viaggio intrapreso per recuperare i crediti del vecchio padre. Anche nei Vangeli il compito di queste creature eteree, n\u00e9 umane n\u00e9 divine, \u00e8 quello di connettere terra e cielo, accompagnando la vita di Ges\u00f9 e della sua famiglia.<\/p>\n<p><img decoding=\"async\" alt=\"09b parmigianino\" style=\"width: 600px;\" title=\"09b parmigianino\" src=\"https:\/\/www.intoscana.it\/shared\/intoscana\/immagini\/09b-parmigianino.jpg\" \/><\/p>\n<p>\u00abLo scorso anno la prima ipervisione natalizia con capolavori degli Uffizi \u2018Oggi \u00e8 nato per voi un Salvatore\u2019 (dedicata al tema della Nativit\u00e0) aveva riscosso grande successo, con decine di migliaia di visite virtuali da tutto il mondo solo durante le settimane delle feste natalizie\u00bb commenta il direttore delle Gallerie degli Uffizi, <strong>Eike Schmidt<\/strong>. \u00abAbbiamo deciso di ripetere l\u2019appuntamento anche quest\u2019anno con un tema che ispira dolcezza e pace, infondendo l\u2019idea di prossimit\u00e0 tra umano e divino. Con queste magnifiche immagini le Gallerie degli Uffizi augurano Buone Feste a tutti nel mondo\u00bb.<\/p>\n","protected":false},"excerpt":{"rendered":"<p>Mostra a tema sul sito delle Gallerie: 12 capolavori di Giotto, Leonardo, Botticelli e tanti altri. Un regalo &#8216;artistico&#8217; per i visitatori virtuali<\/p>\n","protected":false},"author":525,"featured_media":86736,"comment_status":"open","ping_status":"open","sticky":false,"template":"","format":"standard","meta":{"_acf_changed":false,"footnotes":""},"categories":[493,5],"tags":[174,148,409,207],"class_list":["post-52221","post","type-post","status-publish","format-standard","has-post-thumbnail","hentry","category-cultura","category-arte-e-cultura","tag-arte","tag-cultura","tag-natale","tag-uffizi"],"acf":[],"yoast_head":"<!-- This site is optimized with the Yoast SEO Premium plugin v24.2 (Yoast SEO v25.6) - https:\/\/yoast.com\/wordpress\/plugins\/seo\/ -->\n<title>Gli Uffizi celebrano il Natale col volo (digitale) degli angeli - intoscana<\/title>\n<meta name=\"robots\" content=\"index, follow, max-snippet:-1, max-image-preview:large, max-video-preview:-1\" \/>\n<link rel=\"canonical\" href=\"https:\/\/www.intoscana.it\/it\/uffizi-volo-angeli\/\" \/>\n<meta property=\"og:locale\" content=\"it_IT\" \/>\n<meta property=\"og:type\" content=\"article\" \/>\n<meta property=\"og:title\" content=\"Gli Uffizi celebrano il Natale col volo (digitale) degli angeli\" \/>\n<meta property=\"og:description\" content=\"Mostra a tema sul sito delle Gallerie: 12 capolavori di Giotto, Leonardo, Botticelli e tanti altri. Un regalo &#039;artistico&#039; per i visitatori virtuali\" \/>\n<meta property=\"og:url\" content=\"https:\/\/www.intoscana.it\/it\/uffizi-volo-angeli\/\" \/>\n<meta property=\"og:site_name\" content=\"intoscana\" \/>\n<meta property=\"article:publisher\" content=\"https:\/\/www.facebook.com\/intoscana.it\" \/>\n<meta property=\"article:published_time\" content=\"2019-12-23T07:56:45+00:00\" \/>\n<meta property=\"article:modified_time\" content=\"2020-05-19T13:35:58+00:00\" \/>\n<meta property=\"og:image\" content=\"https:\/\/www.intoscana.it\/wp-content\/uploads\/07b-leonardo.jpg\" \/>\n\t<meta property=\"og:image:width\" content=\"600\" \/>\n\t<meta property=\"og:image:height\" content=\"412\" \/>\n\t<meta property=\"og:image:type\" content=\"image\/jpeg\" \/>\n<meta name=\"author\" content=\"Redazione\" \/>\n<meta name=\"twitter:card\" content=\"summary_large_image\" \/>\n<meta name=\"twitter:creator\" content=\"@intoscana\" \/>\n<meta name=\"twitter:site\" content=\"@intoscana\" \/>\n<meta name=\"twitter:label1\" content=\"Written by\" \/>\n\t<meta name=\"twitter:data1\" content=\"Redazione\" \/>\n\t<meta name=\"twitter:label2\" content=\"Est. reading time\" \/>\n\t<meta name=\"twitter:data2\" content=\"2 minuti\" \/>\n<script type=\"application\/ld+json\" class=\"yoast-schema-graph\">{\"@context\":\"https:\/\/schema.org\",\"@graph\":[{\"@type\":\"WebPage\",\"@id\":\"https:\/\/www.intoscana.it\/it\/uffizi-volo-angeli\/\",\"url\":\"https:\/\/www.intoscana.it\/it\/uffizi-volo-angeli\/\",\"name\":\"Gli Uffizi celebrano il Natale col volo (digitale) degli angeli - intoscana\",\"isPartOf\":{\"@id\":\"https:\/\/www.intoscana.it\/it\/#website\"},\"primaryImageOfPage\":{\"@id\":\"https:\/\/www.intoscana.it\/it\/uffizi-volo-angeli\/#primaryimage\"},\"image\":{\"@id\":\"https:\/\/www.intoscana.it\/it\/uffizi-volo-angeli\/#primaryimage\"},\"thumbnailUrl\":\"https:\/\/www.intoscana.it\/wp-content\/uploads\/07b-leonardo.jpg\",\"datePublished\":\"2019-12-23T07:56:45+00:00\",\"dateModified\":\"2020-05-19T13:35:58+00:00\",\"author\":{\"@id\":\"https:\/\/www.intoscana.it\/it\/#\/schema\/person\/9223810753230f20bd670fdd322661f8\"},\"breadcrumb\":{\"@id\":\"https:\/\/www.intoscana.it\/it\/uffizi-volo-angeli\/#breadcrumb\"},\"inLanguage\":\"it-IT\",\"potentialAction\":[{\"@type\":\"ReadAction\",\"target\":[\"https:\/\/www.intoscana.it\/it\/uffizi-volo-angeli\/\"]}]},{\"@type\":\"ImageObject\",\"inLanguage\":\"it-IT\",\"@id\":\"https:\/\/www.intoscana.it\/it\/uffizi-volo-angeli\/#primaryimage\",\"url\":\"https:\/\/www.intoscana.it\/wp-content\/uploads\/07b-leonardo.jpg\",\"contentUrl\":\"https:\/\/www.intoscana.it\/wp-content\/uploads\/07b-leonardo.jpg\",\"width\":600,\"height\":412,\"caption\":\"Gli angeli di Leonardo\"},{\"@type\":\"BreadcrumbList\",\"@id\":\"https:\/\/www.intoscana.it\/it\/uffizi-volo-angeli\/#breadcrumb\",\"itemListElement\":[{\"@type\":\"ListItem\",\"position\":1,\"name\":\"Home\",\"item\":\"https:\/\/www.intoscana.it\/it\/\"},{\"@type\":\"ListItem\",\"position\":2,\"name\":\"Gli Uffizi celebrano il Natale col volo (digitale) degli angeli\"}]},{\"@type\":\"WebSite\",\"@id\":\"https:\/\/www.intoscana.it\/it\/#website\",\"url\":\"https:\/\/www.intoscana.it\/it\/\",\"name\":\"intoscana\",\"description\":\"\",\"potentialAction\":[{\"@type\":\"SearchAction\",\"target\":{\"@type\":\"EntryPoint\",\"urlTemplate\":\"https:\/\/www.intoscana.it\/it\/?s={search_term_string}\"},\"query-input\":{\"@type\":\"PropertyValueSpecification\",\"valueRequired\":true,\"valueName\":\"search_term_string\"}}],\"inLanguage\":\"it-IT\"},{\"@type\":\"Person\",\"@id\":\"https:\/\/www.intoscana.it\/it\/#\/schema\/person\/9223810753230f20bd670fdd322661f8\",\"name\":\"Redazione\",\"url\":\"https:\/\/www.intoscana.it\/it\/author\/redazione\/\"}]}<\/script>\n<!-- \/ Yoast SEO Premium plugin. -->","yoast_head_json":{"title":"Gli Uffizi celebrano il Natale col volo (digitale) degli angeli - intoscana","robots":{"index":"index","follow":"follow","max-snippet":"max-snippet:-1","max-image-preview":"max-image-preview:large","max-video-preview":"max-video-preview:-1"},"canonical":"https:\/\/www.intoscana.it\/it\/uffizi-volo-angeli\/","og_locale":"it_IT","og_type":"article","og_title":"Gli Uffizi celebrano il Natale col volo (digitale) degli angeli","og_description":"Mostra a tema sul sito delle Gallerie: 12 capolavori di Giotto, Leonardo, Botticelli e tanti altri. Un regalo 'artistico' per i visitatori virtuali","og_url":"https:\/\/www.intoscana.it\/it\/uffizi-volo-angeli\/","og_site_name":"intoscana","article_publisher":"https:\/\/www.facebook.com\/intoscana.it","article_published_time":"2019-12-23T07:56:45+00:00","article_modified_time":"2020-05-19T13:35:58+00:00","og_image":[{"width":600,"height":412,"url":"https:\/\/www.intoscana.it\/wp-content\/uploads\/07b-leonardo.jpg","type":"image\/jpeg"}],"author":"Redazione","twitter_card":"summary_large_image","twitter_creator":"@intoscana","twitter_site":"@intoscana","twitter_misc":{"Written by":"Redazione","Est. reading time":"2 minuti"},"schema":{"@context":"https:\/\/schema.org","@graph":[{"@type":"WebPage","@id":"https:\/\/www.intoscana.it\/it\/uffizi-volo-angeli\/","url":"https:\/\/www.intoscana.it\/it\/uffizi-volo-angeli\/","name":"Gli Uffizi celebrano il Natale col volo (digitale) degli angeli - intoscana","isPartOf":{"@id":"https:\/\/www.intoscana.it\/it\/#website"},"primaryImageOfPage":{"@id":"https:\/\/www.intoscana.it\/it\/uffizi-volo-angeli\/#primaryimage"},"image":{"@id":"https:\/\/www.intoscana.it\/it\/uffizi-volo-angeli\/#primaryimage"},"thumbnailUrl":"https:\/\/www.intoscana.it\/wp-content\/uploads\/07b-leonardo.jpg","datePublished":"2019-12-23T07:56:45+00:00","dateModified":"2020-05-19T13:35:58+00:00","author":{"@id":"https:\/\/www.intoscana.it\/it\/#\/schema\/person\/9223810753230f20bd670fdd322661f8"},"breadcrumb":{"@id":"https:\/\/www.intoscana.it\/it\/uffizi-volo-angeli\/#breadcrumb"},"inLanguage":"it-IT","potentialAction":[{"@type":"ReadAction","target":["https:\/\/www.intoscana.it\/it\/uffizi-volo-angeli\/"]}]},{"@type":"ImageObject","inLanguage":"it-IT","@id":"https:\/\/www.intoscana.it\/it\/uffizi-volo-angeli\/#primaryimage","url":"https:\/\/www.intoscana.it\/wp-content\/uploads\/07b-leonardo.jpg","contentUrl":"https:\/\/www.intoscana.it\/wp-content\/uploads\/07b-leonardo.jpg","width":600,"height":412,"caption":"Gli angeli di Leonardo"},{"@type":"BreadcrumbList","@id":"https:\/\/www.intoscana.it\/it\/uffizi-volo-angeli\/#breadcrumb","itemListElement":[{"@type":"ListItem","position":1,"name":"Home","item":"https:\/\/www.intoscana.it\/it\/"},{"@type":"ListItem","position":2,"name":"Gli Uffizi celebrano il Natale col volo (digitale) degli angeli"}]},{"@type":"WebSite","@id":"https:\/\/www.intoscana.it\/it\/#website","url":"https:\/\/www.intoscana.it\/it\/","name":"intoscana","description":"","potentialAction":[{"@type":"SearchAction","target":{"@type":"EntryPoint","urlTemplate":"https:\/\/www.intoscana.it\/it\/?s={search_term_string}"},"query-input":{"@type":"PropertyValueSpecification","valueRequired":true,"valueName":"search_term_string"}}],"inLanguage":"it-IT"},{"@type":"Person","@id":"https:\/\/www.intoscana.it\/it\/#\/schema\/person\/9223810753230f20bd670fdd322661f8","name":"Redazione","url":"https:\/\/www.intoscana.it\/it\/author\/redazione\/"}]}},"_links":{"self":[{"href":"https:\/\/www.intoscana.it\/it\/wp-json\/wp\/v2\/posts\/52221","targetHints":{"allow":["GET"]}}],"collection":[{"href":"https:\/\/www.intoscana.it\/it\/wp-json\/wp\/v2\/posts"}],"about":[{"href":"https:\/\/www.intoscana.it\/it\/wp-json\/wp\/v2\/types\/post"}],"author":[{"embeddable":true,"href":"https:\/\/www.intoscana.it\/it\/wp-json\/wp\/v2\/users\/525"}],"replies":[{"embeddable":true,"href":"https:\/\/www.intoscana.it\/it\/wp-json\/wp\/v2\/comments?post=52221"}],"version-history":[{"count":0,"href":"https:\/\/www.intoscana.it\/it\/wp-json\/wp\/v2\/posts\/52221\/revisions"}],"wp:featuredmedia":[{"embeddable":true,"href":"https:\/\/www.intoscana.it\/it\/wp-json\/wp\/v2\/media\/86736"}],"wp:attachment":[{"href":"https:\/\/www.intoscana.it\/it\/wp-json\/wp\/v2\/media?parent=52221"}],"wp:term":[{"taxonomy":"category","embeddable":true,"href":"https:\/\/www.intoscana.it\/it\/wp-json\/wp\/v2\/categories?post=52221"},{"taxonomy":"post_tag","embeddable":true,"href":"https:\/\/www.intoscana.it\/it\/wp-json\/wp\/v2\/tags?post=52221"}],"curies":[{"name":"wp","href":"https:\/\/api.w.org\/{rel}","templated":true}]}}