{"id":52223,"date":"2019-12-19T15:06:04","date_gmt":"2019-12-19T15:06:04","guid":{"rendered":"http:\/\/www.intoscana.it\/il-museo-richard-ginori-a-sesto-fiorentino-riaprira-entro-il-2022\/"},"modified":"2020-05-19T15:35:59","modified_gmt":"2020-05-19T13:35:59","slug":"museo-richard-ginori","status":"publish","type":"post","link":"https:\/\/www.intoscana.it\/it\/museo-richard-ginori\/","title":{"rendered":"Il Museo Richard Ginori a Sesto Fiorentino riaprir\u00e0 entro il 2022"},"content":{"rendered":"<p><strong>Riaprir\u00e0 entro la fine del 2022<\/strong>, con un immobile restaurato e un nuovo allestimento, il <strong>Museo Archivio Richard-Ginori della Manifattura di Doccia Sesto Fiorentino. <\/strong>Questa la data prevista per la riapertura del<strong>museo che era stato chiuso nel 2014, <\/strong>in seguito al <strong>fallimento della vecchia propriet\u00e0 Richard Ginori,<\/strong> e che sar\u00e0 gestito dalla <strong>nuova Fondazione<\/strong> costituitacon un atto firmato dal <strong>ministro dei Beni culturali Dario Franceschini, dal presidente della Regione Toscana Enrico Rossi e dal sindaco di Sesto Lorenzo Falchi<\/strong>.<\/p>\n<p><strong>1,9 milioni di Fondi Cipe<\/strong>&nbsp;saranno necessari per il restauro e risanamento conservativo del museo, <strong>3,9 milioni per l&#8217;acquisto della collezione di opere in porcellana,<\/strong> e somme inferiori per interventi di conservazione, <strong>in tutto un&#8217;operazione da 6,15 milioni.<\/strong> La Fondazione ha come soci fondatori il <strong>Mibact,<\/strong> che conferisce al fondo di dotazione 100mila euro oltre al diritto d&#8217;uso dell&#8217;immobile e della collezione; la <strong>Regione Toscana<\/strong>, che conferisce al fondo di dotazione 200mila euro oltre a 300mila euro per il 2020 e per il 2021 per la gestione e funzionamento; il <strong>Comune di Sesto Fiorentino<\/strong> che conferisce al fondo di dotazione 100mila euro per il 2020 e 100mila per il 2021 per la gestione e funzionamento.<\/p>\n<p>La nuova <strong>Fondazione Museo Archivio Richard Ginori della Manifattura di Doccia,<\/strong>&nbsp; \u00e8 &#8220;un modello positivo&#8221; &#8211; ha dichiarato Dario Franceschini, Il Mibact, ha ricordato: &#8220;si \u00e8 impegnato consistentemente&#8221; per l&#8217;operazione, versando oltre 6 milioni di euro &#8220;per l&#8217;acquisizione dell&#8217;immobile, della collezione e per il restauro&#8221; del <strong>Museo della Porcellana, coinvolto nel fallimento della vecchia propriet\u00e0 di Richard Ginori e chiuso dal 2014<\/strong>. &#8220;Parte della corresponsione del pagamento \u00e8 avvenuta attraverso opere d&#8217;arte, quindi abbiamo utilizzato quella norma &#8211; ha spiegato il ministro, riferendosi alla cosiddetta &#8216;legge Guttuso&#8217; &#8211; che \u00e8 utilizzata poco, ma \u00e8 una norma molto intelligente che c&#8217;\u00e8 nel nostro ordinamento per cui si possono pagare tasse con opere d&#8217;arte anzich\u00e9 in denaro&#8221;.<\/p>\n","protected":false},"excerpt":{"rendered":"<p>Firmato dal ministro per i Beni e le Attivit\u00e0 Culturali Dario Franceschini, dal presidente della Regione Toscana Enrico Rossi e dal sindaco di Sesto l&#8217;atto costitutivo della nuova Fondazione<\/p>\n","protected":false},"author":525,"featured_media":86738,"comment_status":"open","ping_status":"open","sticky":false,"template":"","format":"standard","meta":{"_acf_changed":false,"footnotes":""},"categories":[493,5],"tags":[],"class_list":["post-52223","post","type-post","status-publish","format-standard","has-post-thumbnail","hentry","category-cultura","category-arte-e-cultura"],"acf":[],"yoast_head":"<!-- This site is optimized with the Yoast SEO Premium plugin v24.2 (Yoast SEO v25.6) - https:\/\/yoast.com\/wordpress\/plugins\/seo\/ -->\n<title>Il Museo Richard Ginori a Sesto Fiorentino riaprir\u00e0 entro il 2022 - intoscana<\/title>\n<meta name=\"robots\" content=\"index, follow, max-snippet:-1, max-image-preview:large, max-video-preview:-1\" \/>\n<link rel=\"canonical\" href=\"https:\/\/www.intoscana.it\/it\/museo-richard-ginori\/\" \/>\n<meta property=\"og:locale\" content=\"it_IT\" \/>\n<meta property=\"og:type\" content=\"article\" \/>\n<meta property=\"og:title\" content=\"Il Museo Richard Ginori a Sesto Fiorentino riaprir\u00e0 entro il 2022\" \/>\n<meta property=\"og:description\" content=\"Firmato dal ministro per i Beni e le Attivit\u00e0 Culturali Dario Franceschini, dal presidente della Regione Toscana Enrico Rossi e dal sindaco di Sesto l&#039;atto costitutivo della nuova Fondazione\" \/>\n<meta property=\"og:url\" content=\"https:\/\/www.intoscana.it\/it\/museo-richard-ginori\/\" \/>\n<meta property=\"og:site_name\" content=\"intoscana\" \/>\n<meta property=\"article:publisher\" content=\"https:\/\/www.facebook.com\/intoscana.it\" \/>\n<meta property=\"article:published_time\" content=\"2019-12-19T15:06:04+00:00\" \/>\n<meta property=\"article:modified_time\" content=\"2020-05-19T13:35:59+00:00\" \/>\n<meta property=\"og:image\" content=\"https:\/\/www.intoscana.it\/wp-content\/uploads\/richardginori_babele_phmarcobertolini_dec17_005.jpg\" \/>\n\t<meta property=\"og:image:width\" content=\"1200\" \/>\n\t<meta property=\"og:image:height\" content=\"800\" \/>\n\t<meta property=\"og:image:type\" content=\"image\/jpeg\" \/>\n<meta name=\"author\" content=\"Redazione\" \/>\n<meta name=\"twitter:card\" content=\"summary_large_image\" \/>\n<meta name=\"twitter:creator\" content=\"@intoscana\" \/>\n<meta name=\"twitter:site\" content=\"@intoscana\" \/>\n<meta name=\"twitter:label1\" content=\"Written by\" \/>\n\t<meta name=\"twitter:data1\" content=\"Redazione\" \/>\n\t<meta name=\"twitter:label2\" content=\"Est. reading time\" \/>\n\t<meta name=\"twitter:data2\" content=\"1 minuto\" \/>\n<script type=\"application\/ld+json\" class=\"yoast-schema-graph\">{\"@context\":\"https:\/\/schema.org\",\"@graph\":[{\"@type\":\"WebPage\",\"@id\":\"https:\/\/www.intoscana.it\/it\/museo-richard-ginori\/\",\"url\":\"https:\/\/www.intoscana.it\/it\/museo-richard-ginori\/\",\"name\":\"Il Museo Richard Ginori a Sesto Fiorentino riaprir\u00e0 entro il 2022 - intoscana\",\"isPartOf\":{\"@id\":\"https:\/\/www.intoscana.it\/it\/#website\"},\"primaryImageOfPage\":{\"@id\":\"https:\/\/www.intoscana.it\/it\/museo-richard-ginori\/#primaryimage\"},\"image\":{\"@id\":\"https:\/\/www.intoscana.it\/it\/museo-richard-ginori\/#primaryimage\"},\"thumbnailUrl\":\"https:\/\/www.intoscana.it\/wp-content\/uploads\/richardginori_babele_phmarcobertolini_dec17_005.jpg\",\"datePublished\":\"2019-12-19T15:06:04+00:00\",\"dateModified\":\"2020-05-19T13:35:59+00:00\",\"author\":{\"@id\":\"https:\/\/www.intoscana.it\/it\/#\/schema\/person\/9223810753230f20bd670fdd322661f8\"},\"breadcrumb\":{\"@id\":\"https:\/\/www.intoscana.it\/it\/museo-richard-ginori\/#breadcrumb\"},\"inLanguage\":\"it-IT\",\"potentialAction\":[{\"@type\":\"ReadAction\",\"target\":[\"https:\/\/www.intoscana.it\/it\/museo-richard-ginori\/\"]}]},{\"@type\":\"ImageObject\",\"inLanguage\":\"it-IT\",\"@id\":\"https:\/\/www.intoscana.it\/it\/museo-richard-ginori\/#primaryimage\",\"url\":\"https:\/\/www.intoscana.it\/wp-content\/uploads\/richardginori_babele_phmarcobertolini_dec17_005.jpg\",\"contentUrl\":\"https:\/\/www.intoscana.it\/wp-content\/uploads\/richardginori_babele_phmarcobertolini_dec17_005.jpg\",\"width\":1200,\"height\":800,\"caption\":\"Il Museo Richard Ginori a Sesto Fiorentino riaprir\u00e0 entro il 2022: siglato accordo tra comune e Regione\"},{\"@type\":\"BreadcrumbList\",\"@id\":\"https:\/\/www.intoscana.it\/it\/museo-richard-ginori\/#breadcrumb\",\"itemListElement\":[{\"@type\":\"ListItem\",\"position\":1,\"name\":\"Home\",\"item\":\"https:\/\/www.intoscana.it\/it\/\"},{\"@type\":\"ListItem\",\"position\":2,\"name\":\"Il Museo Richard Ginori a Sesto Fiorentino riaprir\u00e0 entro il 2022\"}]},{\"@type\":\"WebSite\",\"@id\":\"https:\/\/www.intoscana.it\/it\/#website\",\"url\":\"https:\/\/www.intoscana.it\/it\/\",\"name\":\"intoscana\",\"description\":\"\",\"potentialAction\":[{\"@type\":\"SearchAction\",\"target\":{\"@type\":\"EntryPoint\",\"urlTemplate\":\"https:\/\/www.intoscana.it\/it\/?s={search_term_string}\"},\"query-input\":{\"@type\":\"PropertyValueSpecification\",\"valueRequired\":true,\"valueName\":\"search_term_string\"}}],\"inLanguage\":\"it-IT\"},{\"@type\":\"Person\",\"@id\":\"https:\/\/www.intoscana.it\/it\/#\/schema\/person\/9223810753230f20bd670fdd322661f8\",\"name\":\"Redazione\",\"url\":\"https:\/\/www.intoscana.it\/it\/author\/redazione\/\"}]}<\/script>\n<!-- \/ Yoast SEO Premium plugin. -->","yoast_head_json":{"title":"Il Museo Richard Ginori a Sesto Fiorentino riaprir\u00e0 entro il 2022 - intoscana","robots":{"index":"index","follow":"follow","max-snippet":"max-snippet:-1","max-image-preview":"max-image-preview:large","max-video-preview":"max-video-preview:-1"},"canonical":"https:\/\/www.intoscana.it\/it\/museo-richard-ginori\/","og_locale":"it_IT","og_type":"article","og_title":"Il Museo Richard Ginori a Sesto Fiorentino riaprir\u00e0 entro il 2022","og_description":"Firmato dal ministro per i Beni e le Attivit\u00e0 Culturali Dario Franceschini, dal presidente della Regione Toscana Enrico Rossi e dal sindaco di Sesto l'atto costitutivo della nuova Fondazione","og_url":"https:\/\/www.intoscana.it\/it\/museo-richard-ginori\/","og_site_name":"intoscana","article_publisher":"https:\/\/www.facebook.com\/intoscana.it","article_published_time":"2019-12-19T15:06:04+00:00","article_modified_time":"2020-05-19T13:35:59+00:00","og_image":[{"width":1200,"height":800,"url":"https:\/\/www.intoscana.it\/wp-content\/uploads\/richardginori_babele_phmarcobertolini_dec17_005.jpg","type":"image\/jpeg"}],"author":"Redazione","twitter_card":"summary_large_image","twitter_creator":"@intoscana","twitter_site":"@intoscana","twitter_misc":{"Written by":"Redazione","Est. reading time":"1 minuto"},"schema":{"@context":"https:\/\/schema.org","@graph":[{"@type":"WebPage","@id":"https:\/\/www.intoscana.it\/it\/museo-richard-ginori\/","url":"https:\/\/www.intoscana.it\/it\/museo-richard-ginori\/","name":"Il Museo Richard Ginori a Sesto Fiorentino riaprir\u00e0 entro il 2022 - intoscana","isPartOf":{"@id":"https:\/\/www.intoscana.it\/it\/#website"},"primaryImageOfPage":{"@id":"https:\/\/www.intoscana.it\/it\/museo-richard-ginori\/#primaryimage"},"image":{"@id":"https:\/\/www.intoscana.it\/it\/museo-richard-ginori\/#primaryimage"},"thumbnailUrl":"https:\/\/www.intoscana.it\/wp-content\/uploads\/richardginori_babele_phmarcobertolini_dec17_005.jpg","datePublished":"2019-12-19T15:06:04+00:00","dateModified":"2020-05-19T13:35:59+00:00","author":{"@id":"https:\/\/www.intoscana.it\/it\/#\/schema\/person\/9223810753230f20bd670fdd322661f8"},"breadcrumb":{"@id":"https:\/\/www.intoscana.it\/it\/museo-richard-ginori\/#breadcrumb"},"inLanguage":"it-IT","potentialAction":[{"@type":"ReadAction","target":["https:\/\/www.intoscana.it\/it\/museo-richard-ginori\/"]}]},{"@type":"ImageObject","inLanguage":"it-IT","@id":"https:\/\/www.intoscana.it\/it\/museo-richard-ginori\/#primaryimage","url":"https:\/\/www.intoscana.it\/wp-content\/uploads\/richardginori_babele_phmarcobertolini_dec17_005.jpg","contentUrl":"https:\/\/www.intoscana.it\/wp-content\/uploads\/richardginori_babele_phmarcobertolini_dec17_005.jpg","width":1200,"height":800,"caption":"Il Museo Richard Ginori a Sesto Fiorentino riaprir\u00e0 entro il 2022: siglato accordo tra comune e Regione"},{"@type":"BreadcrumbList","@id":"https:\/\/www.intoscana.it\/it\/museo-richard-ginori\/#breadcrumb","itemListElement":[{"@type":"ListItem","position":1,"name":"Home","item":"https:\/\/www.intoscana.it\/it\/"},{"@type":"ListItem","position":2,"name":"Il Museo Richard Ginori a Sesto Fiorentino riaprir\u00e0 entro il 2022"}]},{"@type":"WebSite","@id":"https:\/\/www.intoscana.it\/it\/#website","url":"https:\/\/www.intoscana.it\/it\/","name":"intoscana","description":"","potentialAction":[{"@type":"SearchAction","target":{"@type":"EntryPoint","urlTemplate":"https:\/\/www.intoscana.it\/it\/?s={search_term_string}"},"query-input":{"@type":"PropertyValueSpecification","valueRequired":true,"valueName":"search_term_string"}}],"inLanguage":"it-IT"},{"@type":"Person","@id":"https:\/\/www.intoscana.it\/it\/#\/schema\/person\/9223810753230f20bd670fdd322661f8","name":"Redazione","url":"https:\/\/www.intoscana.it\/it\/author\/redazione\/"}]}},"_links":{"self":[{"href":"https:\/\/www.intoscana.it\/it\/wp-json\/wp\/v2\/posts\/52223","targetHints":{"allow":["GET"]}}],"collection":[{"href":"https:\/\/www.intoscana.it\/it\/wp-json\/wp\/v2\/posts"}],"about":[{"href":"https:\/\/www.intoscana.it\/it\/wp-json\/wp\/v2\/types\/post"}],"author":[{"embeddable":true,"href":"https:\/\/www.intoscana.it\/it\/wp-json\/wp\/v2\/users\/525"}],"replies":[{"embeddable":true,"href":"https:\/\/www.intoscana.it\/it\/wp-json\/wp\/v2\/comments?post=52223"}],"version-history":[{"count":0,"href":"https:\/\/www.intoscana.it\/it\/wp-json\/wp\/v2\/posts\/52223\/revisions"}],"wp:featuredmedia":[{"embeddable":true,"href":"https:\/\/www.intoscana.it\/it\/wp-json\/wp\/v2\/media\/86738"}],"wp:attachment":[{"href":"https:\/\/www.intoscana.it\/it\/wp-json\/wp\/v2\/media?parent=52223"}],"wp:term":[{"taxonomy":"category","embeddable":true,"href":"https:\/\/www.intoscana.it\/it\/wp-json\/wp\/v2\/categories?post=52223"},{"taxonomy":"post_tag","embeddable":true,"href":"https:\/\/www.intoscana.it\/it\/wp-json\/wp\/v2\/tags?post=52223"}],"curies":[{"name":"wp","href":"https:\/\/api.w.org\/{rel}","templated":true}]}}