{"id":55630,"date":"2019-01-28T09:29:53","date_gmt":"2019-01-28T09:29:53","guid":{"rendered":"http:\/\/www.intoscana.it\/i-mondi-magici-di-roberto-innocenti-in-mostra-a-san-donato\/"},"modified":"2020-05-18T10:46:35","modified_gmt":"2020-05-18T08:46:35","slug":"i-mondi-magici-di-roberto-innocenti-in-mostra-a-san-donato","status":"publish","type":"post","link":"https:\/\/www.intoscana.it\/it\/i-mondi-magici-di-roberto-innocenti-in-mostra-a-san-donato\/","title":{"rendered":"I mondi magici di Roberto Innocenti in mostra a San Donato"},"content":{"rendered":"<p>Nel centro espositivo di <strong>Palazzo Malaspina a San Donato in Poggio,<\/strong> spazio culturale di prestigio del territorio fiorentino, la rete dei comuni del Chianti fiorentino ha promosso e organizzato la personale <strong>\u201cFigure per raccontare\u201d<\/strong> di <strong>Roberto Innocenti.<\/strong> Si tratta di un evento dai caratteri innovativi dedicato alla lunga carriera del disegnatore che si snoda attraverso <strong>un\u2019ottantina di opere, tra tempere e acquerelli, molte delle quali inedite,<\/strong> affiancate da manifesti e oggetti dipinti dal maestro, disposti tra le sale del palazzo. <\/p>\n<a class=\"fotogallery\" href=\"#modalgallery\" rel=\"modal:open\">sfoglia la gallery <i class=\"fas fa-chevron-right\"><\/i><\/a>\n    <div class=\"modal\" id=\"modalgallery\">\n        <div class=\"gallery\">\n          <div class=\"galleryimg\">\n            <div class=\"slidegallerybig\"> <div class=\"itemimg\">\n            <div class=\"wrapimg\">\n            <img decoding=\"async\" src=\"https:\/\/www.intoscana.it\/wp-content\/uploads\/la-casa-del-tempo.jpg\">\n            <\/div>\n            <\/div> <div class=\"itemimg\">\n            <div class=\"wrapimg\">\n            <img decoding=\"async\" src=\"https:\/\/www.intoscana.it\/wp-content\/uploads\/la-mia-nave_il-naufragio.jpg\">\n            <\/div>\n            <\/div> <div class=\"itemimg\">\n            <div class=\"wrapimg\">\n            <img decoding=\"async\" src=\"https:\/\/www.intoscana.it\/wp-content\/uploads\/schermata-2019-01-28-alle-09.50.20.jpg\">\n            <\/div>\n            <\/div> <div class=\"itemimg\">\n            <div class=\"wrapimg\">\n            <img decoding=\"async\" src=\"https:\/\/www.intoscana.it\/wp-content\/uploads\/rose_blanche_copertina.jpg\">\n            <\/div>\n            <\/div> <div class=\"itemimg\">\n            <div class=\"wrapimg\">\n            <img decoding=\"async\" src=\"https:\/\/www.intoscana.it\/wp-content\/uploads\/pinocchio_la-giustizia.jpg\">\n            <\/div>\n            <\/div>\n            <\/div>\n          <\/div>\n          <div class=\"asidemenu\">\n            <div class=\"action\">\n              <div class=\"countlidegallery\"><\/div>\n              <div class=\"closegallery\" href=\"#modalgallery\" rel=\"modal:close\"><i class=\"far fa-times\"><\/i><\/div>\n            <\/div>\n            <div class=\"title\">\n              <h2>I mondi magici di Roberto Innocenti in mostra a San Donato<\/h2>\n              <div class=\"socialarticolo\"> \n            <div class=\"contsocialico\">\n              <ul>\n                <li><a target=\"_blank\" href=\"https:\/\/www.facebook.com\/sharer\/sharer.php?u=https:\/\/www.intoscana.it\/it\/i-mondi-magici-di-roberto-innocenti-in-mostra-a-san-donato\/\"> <i class=\"fab fa-facebook-f\"><\/i><\/a><\/li>\n                <li><a target=\"_blank\" href=\"https:\/\/twitter.com\/home?status=https:\/\/www.intoscana.it\/it\/i-mondi-magici-di-roberto-innocenti-in-mostra-a-san-donato\/\"> <i class=\"fab fa-twitter\"><\/i><\/a><\/li>\n                <li>\n                  <div class=\"shareall\" target=\"_blank\" href=\"\"> <i class=\"fas fa-share-alt\"><\/i><\/div>\n                  <div class=\"sharemore\">\n                    <ul>\n                      <li><a target=\"_blank\" href=\"https:\/\/www.linkedin.com\/shareArticle?url=https:\/\/www.intoscana.it\/it\/i-mondi-magici-di-roberto-innocenti-in-mostra-a-san-donato\/\"> <i class=\"fab fa-linkedin\"><\/i><\/a><\/li>\n                      <li><a target=\"_blank\" href=\"http:\/\/www.pinterest.com\/pin\/create\/bookmarklet\/?url=https:\/\/www.intoscana.it\/it\/i-mondi-magici-di-roberto-innocenti-in-mostra-a-san-donato\/\"> <i class=\"fab fa-pinterest\"><\/i><\/a><\/li>\n                      <li><a target=\"_blank\" href=\"mailto?subject=I mondi magici di Roberto Innocenti in mostra a San Donato&body=https:\/\/www.intoscana.it\/it\/i-mondi-magici-di-roberto-innocenti-in-mostra-a-san-donato\/\"> <i class=\"fas fa-envelope\"><\/i><\/a><\/li>\n                    <\/ul>\n                    <div class=\"closesharemore\">\n                    <i class=\"fas fa-times\"><\/i>\n                    <\/div>\n                  <\/div>\n                <\/li>\n              <\/ul>\n            <\/div>\n          <\/div>\n        <\/div>\n          <\/div>\n        <\/div>\n      <\/div>\n<p> Da <strong>Rosa Bianca a Cappuccetto Rosso, passando per Pinocchio, Schiaccianoci, Cenerentola e La Casa del tempo.<\/strong> La sensazione \u00e8 quella di non sentirsi mai soli, mai esclusi, mai fuori. Ogni soggetto, animato o no, \u00e8 posto al centro di una dimensione locale e internazionale allo stesso tempo, capace di traghettare <strong>la narrazione, cos\u00ec precisa e affinata, contaminata forse da culture fiamminghe,<\/strong> oltre i confini e le frontiere spazio-temporali. Quel mondo cos\u00ec ricco che suscita curiosit\u00e0, <strong>pullula di persone, ambienti, sentimenti che affollano con eleganza lo sguardo di chi sfoglia.<\/strong> E non ci si sente mai serrati in un percorso, orientati a seguire le direttrici di una vicenda nota, ma si avverte uno straordinario senso di libert\u00e0 che porta dritti \u2018a casa\u2019. Dove casa vuol dire la ricerca di ci\u00f2 che siamo, dove ci troviamo e cosa vorremo essere. <strong>Nelle tavole di Roberto Innocenti ognuno ritrova il piacere di essere se stesso, fedele alla sua storia, al suo tempo,<\/strong> non \u00e8 costretto a crescere n\u00e9 a tornare bambino. <strong>\u00c8&nbsp;chiamato solo a prendere parte, ad inabissarsi nella storia, ad affacciarsi sull\u2019illustrazione, a percepirne profumi, odori, sentimenti<\/strong> e uscirne pi\u00f9 consapevoli. La grandezza dell\u2019arte di Roberto Innocenti \u00e8 quel valore che affida alla lettura il difficile compito di unire le generazioni, adulti, bambini, e dare risposte anche a chi vuole eluderle.<\/p>\n<p> L\u2019iniziativa si arricchisce di un aspetto inedito,<strong> il rapporto tra l\u2019arte di Roberto Innocenti e la rara sindrome di Rett<\/strong> che colpisce quasi esclusivamente le bambine, i cui sintomi si presentano verso i 7-8 mesi di vita. Le bambine presentano tratti autistici, perdono la parola e non dispongono dell\u2019uso delle mani. <strong>Roberto Innocenti ha realizzato delle illustrazioni per loro anche in virt\u00f9 di uno studio e un\u2019attivit\u00e0 sperimentale<\/strong> portati avanti da un team di medici e ricercatori italiani che sta provando ad individuare strumenti e tecniche con i quali entrare in comunicazione con le piccole pazienti.<\/p>\n<p> <strong>La mostra rimarr\u00e0 aperta fino al 31 marzo 2019. Ingresso libero.<\/strong><br \/><strong>Orario di apertura: ore 16-19, sabato ore 10-13 e 16-19, mercoled\u00ec chiuso.<\/strong><\/p>\n<p><strong>Per informazioni:<\/strong><br \/><strong>055 8077832<\/strong><\/p>\n<a class=\"googlemapbutton\" href=\"https:\/\/www.google.com\/maps\/search\/?api=1&#038;query=Palazzo%20Malaspina+via%20del%20Giglio,%2035+San%20Donato%20in%20Poggio\" target=\"_blank\">Vedi mappa <i class=\"fas fa-map-marker-alt\"><\/i><\/a>\n","protected":false},"excerpt":{"rendered":"<p>Fino al 31 marzo in mostra 80 opere, alcune delle quali inedite, nell\u2019antologica che ripercorre 40 anni di attivit\u00e0 artistica dell\u2019ultimo erede della tradizione dei figurinai che ha ricevuto 4 premi Andersen<\/p>\n","protected":false},"author":525,"featured_media":92682,"comment_status":"open","ping_status":"open","sticky":false,"template":"","format":"standard","meta":{"_acf_changed":false,"footnotes":""},"categories":[493,5],"tags":[238],"class_list":["post-55630","post","type-post","status-publish","format-standard","has-post-thumbnail","hentry","category-cultura","category-arte-e-cultura","tag-mostra"],"acf":[],"yoast_head":"<!-- This site is optimized with the Yoast SEO Premium plugin v24.2 (Yoast SEO v25.6) - https:\/\/yoast.com\/wordpress\/plugins\/seo\/ -->\n<title>I mondi magici di Roberto Innocenti in mostra a San Donato - intoscana<\/title>\n<meta name=\"description\" content=\"Le illustrazioni magiche di Roberto Innocenti in mostra al Palazzo Malaspina di San Donato in Poggio fino al 31 marzo\" \/>\n<meta name=\"robots\" content=\"index, follow, max-snippet:-1, max-image-preview:large, max-video-preview:-1\" \/>\n<link rel=\"canonical\" href=\"https:\/\/www.intoscana.it\/it\/i-mondi-magici-di-roberto-innocenti-in-mostra-a-san-donato\/\" \/>\n<meta property=\"og:locale\" content=\"it_IT\" \/>\n<meta property=\"og:type\" content=\"article\" \/>\n<meta property=\"og:title\" content=\"I mondi magici di Roberto Innocenti in mostra a San Donato\" \/>\n<meta property=\"og:description\" content=\"Le illustrazioni magiche di Roberto Innocenti in mostra al Palazzo Malaspina di San Donato in Poggio fino al 31 marzo\" \/>\n<meta property=\"og:url\" content=\"https:\/\/www.intoscana.it\/it\/i-mondi-magici-di-roberto-innocenti-in-mostra-a-san-donato\/\" \/>\n<meta property=\"og:site_name\" content=\"intoscana\" \/>\n<meta property=\"article:publisher\" content=\"https:\/\/www.facebook.com\/intoscana.it\" \/>\n<meta property=\"article:published_time\" content=\"2019-01-28T09:29:53+00:00\" \/>\n<meta property=\"article:modified_time\" content=\"2020-05-18T08:46:35+00:00\" \/>\n<meta property=\"og:image\" content=\"https:\/\/www.intoscana.it\/wp-content\/uploads\/christmas_carol_vigilia-di-natale.jpg\" \/>\n\t<meta property=\"og:image:width\" content=\"1754\" \/>\n\t<meta property=\"og:image:height\" content=\"1240\" \/>\n\t<meta property=\"og:image:type\" content=\"image\/jpeg\" \/>\n<meta name=\"author\" content=\"Redazione\" \/>\n<meta name=\"twitter:card\" content=\"summary_large_image\" \/>\n<meta name=\"twitter:creator\" content=\"@intoscana\" \/>\n<meta name=\"twitter:site\" content=\"@intoscana\" \/>\n<meta name=\"twitter:label1\" content=\"Written by\" \/>\n\t<meta name=\"twitter:data1\" content=\"Redazione\" \/>\n\t<meta name=\"twitter:label2\" content=\"Est. reading time\" \/>\n\t<meta name=\"twitter:data2\" content=\"2 minuti\" \/>\n<script type=\"application\/ld+json\" class=\"yoast-schema-graph\">{\"@context\":\"https:\/\/schema.org\",\"@graph\":[{\"@type\":\"WebPage\",\"@id\":\"https:\/\/www.intoscana.it\/it\/i-mondi-magici-di-roberto-innocenti-in-mostra-a-san-donato\/\",\"url\":\"https:\/\/www.intoscana.it\/it\/i-mondi-magici-di-roberto-innocenti-in-mostra-a-san-donato\/\",\"name\":\"I mondi magici di Roberto Innocenti in mostra a San Donato - intoscana\",\"isPartOf\":{\"@id\":\"https:\/\/www.intoscana.it\/it\/#website\"},\"primaryImageOfPage\":{\"@id\":\"https:\/\/www.intoscana.it\/it\/i-mondi-magici-di-roberto-innocenti-in-mostra-a-san-donato\/#primaryimage\"},\"image\":{\"@id\":\"https:\/\/www.intoscana.it\/it\/i-mondi-magici-di-roberto-innocenti-in-mostra-a-san-donato\/#primaryimage\"},\"thumbnailUrl\":\"https:\/\/www.intoscana.it\/wp-content\/uploads\/christmas_carol_vigilia-di-natale.jpg\",\"datePublished\":\"2019-01-28T09:29:53+00:00\",\"dateModified\":\"2020-05-18T08:46:35+00:00\",\"author\":{\"@id\":\"https:\/\/www.intoscana.it\/it\/#\/schema\/person\/9223810753230f20bd670fdd322661f8\"},\"description\":\"Le illustrazioni magiche di Roberto Innocenti in mostra al Palazzo Malaspina di San Donato in Poggio fino al 31 marzo\",\"breadcrumb\":{\"@id\":\"https:\/\/www.intoscana.it\/it\/i-mondi-magici-di-roberto-innocenti-in-mostra-a-san-donato\/#breadcrumb\"},\"inLanguage\":\"it-IT\",\"potentialAction\":[{\"@type\":\"ReadAction\",\"target\":[\"https:\/\/www.intoscana.it\/it\/i-mondi-magici-di-roberto-innocenti-in-mostra-a-san-donato\/\"]}]},{\"@type\":\"ImageObject\",\"inLanguage\":\"it-IT\",\"@id\":\"https:\/\/www.intoscana.it\/it\/i-mondi-magici-di-roberto-innocenti-in-mostra-a-san-donato\/#primaryimage\",\"url\":\"https:\/\/www.intoscana.it\/wp-content\/uploads\/christmas_carol_vigilia-di-natale.jpg\",\"contentUrl\":\"https:\/\/www.intoscana.it\/wp-content\/uploads\/christmas_carol_vigilia-di-natale.jpg\",\"width\":1754,\"height\":1240},{\"@type\":\"BreadcrumbList\",\"@id\":\"https:\/\/www.intoscana.it\/it\/i-mondi-magici-di-roberto-innocenti-in-mostra-a-san-donato\/#breadcrumb\",\"itemListElement\":[{\"@type\":\"ListItem\",\"position\":1,\"name\":\"Home\",\"item\":\"https:\/\/www.intoscana.it\/it\/\"},{\"@type\":\"ListItem\",\"position\":2,\"name\":\"I mondi magici di Roberto Innocenti in mostra a San Donato\"}]},{\"@type\":\"WebSite\",\"@id\":\"https:\/\/www.intoscana.it\/it\/#website\",\"url\":\"https:\/\/www.intoscana.it\/it\/\",\"name\":\"intoscana\",\"description\":\"\",\"potentialAction\":[{\"@type\":\"SearchAction\",\"target\":{\"@type\":\"EntryPoint\",\"urlTemplate\":\"https:\/\/www.intoscana.it\/it\/?s={search_term_string}\"},\"query-input\":{\"@type\":\"PropertyValueSpecification\",\"valueRequired\":true,\"valueName\":\"search_term_string\"}}],\"inLanguage\":\"it-IT\"},{\"@type\":\"Person\",\"@id\":\"https:\/\/www.intoscana.it\/it\/#\/schema\/person\/9223810753230f20bd670fdd322661f8\",\"name\":\"Redazione\",\"url\":\"https:\/\/www.intoscana.it\/it\/author\/redazione\/\"}]}<\/script>\n<!-- \/ Yoast SEO Premium plugin. -->","yoast_head_json":{"title":"I mondi magici di Roberto Innocenti in mostra a San Donato - intoscana","description":"Le illustrazioni magiche di Roberto Innocenti in mostra al Palazzo Malaspina di San Donato in Poggio fino al 31 marzo","robots":{"index":"index","follow":"follow","max-snippet":"max-snippet:-1","max-image-preview":"max-image-preview:large","max-video-preview":"max-video-preview:-1"},"canonical":"https:\/\/www.intoscana.it\/it\/i-mondi-magici-di-roberto-innocenti-in-mostra-a-san-donato\/","og_locale":"it_IT","og_type":"article","og_title":"I mondi magici di Roberto Innocenti in mostra a San Donato","og_description":"Le illustrazioni magiche di Roberto Innocenti in mostra al Palazzo Malaspina di San Donato in Poggio fino al 31 marzo","og_url":"https:\/\/www.intoscana.it\/it\/i-mondi-magici-di-roberto-innocenti-in-mostra-a-san-donato\/","og_site_name":"intoscana","article_publisher":"https:\/\/www.facebook.com\/intoscana.it","article_published_time":"2019-01-28T09:29:53+00:00","article_modified_time":"2020-05-18T08:46:35+00:00","og_image":[{"width":1754,"height":1240,"url":"https:\/\/www.intoscana.it\/wp-content\/uploads\/christmas_carol_vigilia-di-natale.jpg","type":"image\/jpeg"}],"author":"Redazione","twitter_card":"summary_large_image","twitter_creator":"@intoscana","twitter_site":"@intoscana","twitter_misc":{"Written by":"Redazione","Est. reading time":"2 minuti"},"schema":{"@context":"https:\/\/schema.org","@graph":[{"@type":"WebPage","@id":"https:\/\/www.intoscana.it\/it\/i-mondi-magici-di-roberto-innocenti-in-mostra-a-san-donato\/","url":"https:\/\/www.intoscana.it\/it\/i-mondi-magici-di-roberto-innocenti-in-mostra-a-san-donato\/","name":"I mondi magici di Roberto Innocenti in mostra a San Donato - intoscana","isPartOf":{"@id":"https:\/\/www.intoscana.it\/it\/#website"},"primaryImageOfPage":{"@id":"https:\/\/www.intoscana.it\/it\/i-mondi-magici-di-roberto-innocenti-in-mostra-a-san-donato\/#primaryimage"},"image":{"@id":"https:\/\/www.intoscana.it\/it\/i-mondi-magici-di-roberto-innocenti-in-mostra-a-san-donato\/#primaryimage"},"thumbnailUrl":"https:\/\/www.intoscana.it\/wp-content\/uploads\/christmas_carol_vigilia-di-natale.jpg","datePublished":"2019-01-28T09:29:53+00:00","dateModified":"2020-05-18T08:46:35+00:00","author":{"@id":"https:\/\/www.intoscana.it\/it\/#\/schema\/person\/9223810753230f20bd670fdd322661f8"},"description":"Le illustrazioni magiche di Roberto Innocenti in mostra al Palazzo Malaspina di San Donato in Poggio fino al 31 marzo","breadcrumb":{"@id":"https:\/\/www.intoscana.it\/it\/i-mondi-magici-di-roberto-innocenti-in-mostra-a-san-donato\/#breadcrumb"},"inLanguage":"it-IT","potentialAction":[{"@type":"ReadAction","target":["https:\/\/www.intoscana.it\/it\/i-mondi-magici-di-roberto-innocenti-in-mostra-a-san-donato\/"]}]},{"@type":"ImageObject","inLanguage":"it-IT","@id":"https:\/\/www.intoscana.it\/it\/i-mondi-magici-di-roberto-innocenti-in-mostra-a-san-donato\/#primaryimage","url":"https:\/\/www.intoscana.it\/wp-content\/uploads\/christmas_carol_vigilia-di-natale.jpg","contentUrl":"https:\/\/www.intoscana.it\/wp-content\/uploads\/christmas_carol_vigilia-di-natale.jpg","width":1754,"height":1240},{"@type":"BreadcrumbList","@id":"https:\/\/www.intoscana.it\/it\/i-mondi-magici-di-roberto-innocenti-in-mostra-a-san-donato\/#breadcrumb","itemListElement":[{"@type":"ListItem","position":1,"name":"Home","item":"https:\/\/www.intoscana.it\/it\/"},{"@type":"ListItem","position":2,"name":"I mondi magici di Roberto Innocenti in mostra a San Donato"}]},{"@type":"WebSite","@id":"https:\/\/www.intoscana.it\/it\/#website","url":"https:\/\/www.intoscana.it\/it\/","name":"intoscana","description":"","potentialAction":[{"@type":"SearchAction","target":{"@type":"EntryPoint","urlTemplate":"https:\/\/www.intoscana.it\/it\/?s={search_term_string}"},"query-input":{"@type":"PropertyValueSpecification","valueRequired":true,"valueName":"search_term_string"}}],"inLanguage":"it-IT"},{"@type":"Person","@id":"https:\/\/www.intoscana.it\/it\/#\/schema\/person\/9223810753230f20bd670fdd322661f8","name":"Redazione","url":"https:\/\/www.intoscana.it\/it\/author\/redazione\/"}]}},"_links":{"self":[{"href":"https:\/\/www.intoscana.it\/it\/wp-json\/wp\/v2\/posts\/55630","targetHints":{"allow":["GET"]}}],"collection":[{"href":"https:\/\/www.intoscana.it\/it\/wp-json\/wp\/v2\/posts"}],"about":[{"href":"https:\/\/www.intoscana.it\/it\/wp-json\/wp\/v2\/types\/post"}],"author":[{"embeddable":true,"href":"https:\/\/www.intoscana.it\/it\/wp-json\/wp\/v2\/users\/525"}],"replies":[{"embeddable":true,"href":"https:\/\/www.intoscana.it\/it\/wp-json\/wp\/v2\/comments?post=55630"}],"version-history":[{"count":0,"href":"https:\/\/www.intoscana.it\/it\/wp-json\/wp\/v2\/posts\/55630\/revisions"}],"wp:featuredmedia":[{"embeddable":true,"href":"https:\/\/www.intoscana.it\/it\/wp-json\/wp\/v2\/media\/92682"}],"wp:attachment":[{"href":"https:\/\/www.intoscana.it\/it\/wp-json\/wp\/v2\/media?parent=55630"}],"wp:term":[{"taxonomy":"category","embeddable":true,"href":"https:\/\/www.intoscana.it\/it\/wp-json\/wp\/v2\/categories?post=55630"},{"taxonomy":"post_tag","embeddable":true,"href":"https:\/\/www.intoscana.it\/it\/wp-json\/wp\/v2\/tags?post=55630"}],"curies":[{"name":"wp","href":"https:\/\/api.w.org\/{rel}","templated":true}]}}