{"id":55651,"date":"2019-02-11T11:17:19","date_gmt":"2019-02-11T11:17:19","guid":{"rendered":"http:\/\/www.intoscana.it\/favino-alla-pergola-ne-la-notte-poco-prima-delle-foreste\/"},"modified":"2020-05-18T10:46:41","modified_gmt":"2020-05-18T08:46:41","slug":"favino-alla-pergola-ne-la-notte-poco-prima-delle-foreste","status":"publish","type":"post","link":"https:\/\/www.intoscana.it\/it\/favino-alla-pergola-ne-la-notte-poco-prima-delle-foreste\/","title":{"rendered":"Favino alla Pergola ne &#8216;La notte poco prima delle foreste&#8217;"},"content":{"rendered":"<p><strong>Un uomo perso in una notte di pioggia e in una citt\u00e0 che non \u00e8 la sua<\/strong> ferma un ragazzo, che si siede all\u2019angolo della sua stessa strada. L\u2019uomo inizia a parlargli come non aveva mai fatto con nessuno. Gli racconta della periferia e dell\u2019amore, quell\u2019amore cos\u00ec sconosciuto, eppure cos\u00ec vero. Questa la trama di <strong><em>La notte poco prima delle foreste<\/em>,<\/strong> rappresentato per la prima volta <strong>nel 1977 al Festival d\u2019Avignone,<\/strong>&nbsp;un <strong>monologo che descrive la solitudine urbana<\/strong> come pochi altri testi. L&#8217;opera di <strong>Bernard-Marie Kolt\u00e8s<\/strong> racconta di una serata realmente accaduta in cui <strong>il drammaturgo francese, morto a 41 anni di AIDS nel 1989,<\/strong> incontra un uomo senza fissa dimora con il quale si ferma a discutere. Gli parla della sua condizione di straniero che, per <strong>Pierfrancesco Favino, diretto da Lorenzo Gioielli al Teatro della Pergola da marted\u00ec 12 a domenica 17 febbraio,<\/strong> ci riguarda tutti.<\/p>\n<p> \u201cQuante volte \u2013 ha affermato Favino \u2013 ci sentiamo soli, quante volte ci piacerebbe trovarci altrove, quante volte vorremmo urlare che vogliamo prenderci del tempo per noi stessi, che vorremmo scoprire e indagare chi siamo. <strong>Queste pulsioni sono indipendenti dal passaporto o dalla condizione di essere dei migranti, in terra straniera:<\/strong> la grandezza del testo di Kolt\u00e8s \u2013 prosegue \u2013 \u00e8 che <strong>rappresenta una condizione umana che non ha nazionalit\u00e0.<\/strong> La richiesta che questo uomo compie \u00e8 la stessa di Amleto o di Edipo: \u00e8 un individuo che vuole essere uomo, riconosciuto con le sue debolezze, i suoi bisogni e le sue necessit\u00e0\u201d.<\/p>\n<p> Favino torna alla Pergola dopo i successi di <em><strong>Servo per due<\/strong><\/em> e <em><strong>La controra<\/strong><\/em>, tutti prodotti, come <em><strong>La notte poco prima delle foreste<\/strong><\/em>, dalla Compagnia Gli Ipocriti, che oggi porta il nome della sua fondatrice, Melina Balsamo, scomparsa di recente.&nbsp;\u201cLa nascita de La notte poco prima delle foreste \u00e8 un omaggio a Melina Balsamo \u2013 ricorda \u2013 e alla sua memoria storica, da un punto di vista teatrale.<strong> Grazie alla sua fiducia nei miei confronti in passato sono riuscito a realizzare i primi spettacoli<\/strong> e la decisione di mettere in scena quest\u2019opera \u00e8 stata presa proprio per quello che sento di doverle, come artista\u201d.<\/p>\n<p><strong>Per informazioni:<\/strong><br \/><a href=\"http:\/\/www.teatrodellapergola.com\" target=\"_blank\" rel=\"noopener noreferrer\"><strong>www.teatrodellapergola.com<\/strong><\/a><\/p>\n<a class=\"googlemapbutton\" href=\"https:\/\/www.google.com\/maps\/search\/?api=1&#038;query=Teatro%20della%20Pergola+via%20della%20Pergola,%20+Firenze\" target=\"_blank\">Vedi mappa <i class=\"fas fa-map-marker-alt\"><\/i><\/a>\n","protected":false},"excerpt":{"rendered":"<p>Dal 12 al 17 febbraio in scena a Firenze un poema per voce sola sui temi dell\u2019identit\u00e0, dell\u2019isolamento, dell\u2019amore non facile e del sentirsi stranieri<\/p>\n","protected":false},"author":525,"featured_media":92703,"comment_status":"open","ping_status":"open","sticky":false,"template":"","format":"standard","meta":{"_acf_changed":false,"footnotes":""},"categories":[493,5],"tags":[],"class_list":["post-55651","post","type-post","status-publish","format-standard","has-post-thumbnail","hentry","category-cultura","category-arte-e-cultura"],"acf":[],"yoast_head":"<!-- This site is optimized with the Yoast SEO Premium plugin v24.2 (Yoast SEO v25.6) - https:\/\/yoast.com\/wordpress\/plugins\/seo\/ -->\n<title>Favino alla Pergola ne &#039;La notte poco prima delle foreste&#039; - intoscana<\/title>\n<meta name=\"robots\" content=\"index, follow, max-snippet:-1, max-image-preview:large, max-video-preview:-1\" \/>\n<link rel=\"canonical\" href=\"https:\/\/www.intoscana.it\/it\/favino-alla-pergola-ne-la-notte-poco-prima-delle-foreste\/\" \/>\n<meta property=\"og:locale\" content=\"it_IT\" \/>\n<meta property=\"og:type\" content=\"article\" \/>\n<meta property=\"og:title\" content=\"Favino alla Pergola ne &#039;La notte poco prima delle foreste&#039;\" \/>\n<meta property=\"og:description\" content=\"Dal 12 al 17 febbraio in scena a Firenze un poema per voce sola sui temi dell\u2019identit\u00e0, dell\u2019isolamento, dell\u2019amore non facile e del sentirsi stranieri\" \/>\n<meta property=\"og:url\" content=\"https:\/\/www.intoscana.it\/it\/favino-alla-pergola-ne-la-notte-poco-prima-delle-foreste\/\" \/>\n<meta property=\"og:site_name\" content=\"intoscana\" \/>\n<meta property=\"article:publisher\" content=\"https:\/\/www.facebook.com\/intoscana.it\" \/>\n<meta property=\"article:published_time\" content=\"2019-02-11T11:17:19+00:00\" \/>\n<meta property=\"article:modified_time\" content=\"2020-05-18T08:46:41+00:00\" \/>\n<meta property=\"og:image\" content=\"https:\/\/www.intoscana.it\/wp-content\/uploads\/3-low-la-notte-poco-prima-delle-foreste_-ph.-fabio-lovino.jpg\" \/>\n\t<meta property=\"og:image:width\" content=\"1500\" \/>\n\t<meta property=\"og:image:height\" content=\"1000\" \/>\n\t<meta property=\"og:image:type\" content=\"image\/jpeg\" \/>\n<meta name=\"author\" content=\"Redazione\" \/>\n<meta name=\"twitter:card\" content=\"summary_large_image\" \/>\n<meta name=\"twitter:creator\" content=\"@intoscana\" \/>\n<meta name=\"twitter:site\" content=\"@intoscana\" \/>\n<meta name=\"twitter:label1\" content=\"Written by\" \/>\n\t<meta name=\"twitter:data1\" content=\"Redazione\" \/>\n\t<meta name=\"twitter:label2\" content=\"Est. reading time\" \/>\n\t<meta name=\"twitter:data2\" content=\"2 minuti\" \/>\n<script type=\"application\/ld+json\" class=\"yoast-schema-graph\">{\"@context\":\"https:\/\/schema.org\",\"@graph\":[{\"@type\":\"WebPage\",\"@id\":\"https:\/\/www.intoscana.it\/it\/favino-alla-pergola-ne-la-notte-poco-prima-delle-foreste\/\",\"url\":\"https:\/\/www.intoscana.it\/it\/favino-alla-pergola-ne-la-notte-poco-prima-delle-foreste\/\",\"name\":\"Favino alla Pergola ne 'La notte poco prima delle foreste' - intoscana\",\"isPartOf\":{\"@id\":\"https:\/\/www.intoscana.it\/it\/#website\"},\"primaryImageOfPage\":{\"@id\":\"https:\/\/www.intoscana.it\/it\/favino-alla-pergola-ne-la-notte-poco-prima-delle-foreste\/#primaryimage\"},\"image\":{\"@id\":\"https:\/\/www.intoscana.it\/it\/favino-alla-pergola-ne-la-notte-poco-prima-delle-foreste\/#primaryimage\"},\"thumbnailUrl\":\"https:\/\/www.intoscana.it\/wp-content\/uploads\/3-low-la-notte-poco-prima-delle-foreste_-ph.-fabio-lovino.jpg\",\"datePublished\":\"2019-02-11T11:17:19+00:00\",\"dateModified\":\"2020-05-18T08:46:41+00:00\",\"author\":{\"@id\":\"https:\/\/www.intoscana.it\/it\/#\/schema\/person\/9223810753230f20bd670fdd322661f8\"},\"breadcrumb\":{\"@id\":\"https:\/\/www.intoscana.it\/it\/favino-alla-pergola-ne-la-notte-poco-prima-delle-foreste\/#breadcrumb\"},\"inLanguage\":\"it-IT\",\"potentialAction\":[{\"@type\":\"ReadAction\",\"target\":[\"https:\/\/www.intoscana.it\/it\/favino-alla-pergola-ne-la-notte-poco-prima-delle-foreste\/\"]}]},{\"@type\":\"ImageObject\",\"inLanguage\":\"it-IT\",\"@id\":\"https:\/\/www.intoscana.it\/it\/favino-alla-pergola-ne-la-notte-poco-prima-delle-foreste\/#primaryimage\",\"url\":\"https:\/\/www.intoscana.it\/wp-content\/uploads\/3-low-la-notte-poco-prima-delle-foreste_-ph.-fabio-lovino.jpg\",\"contentUrl\":\"https:\/\/www.intoscana.it\/wp-content\/uploads\/3-low-la-notte-poco-prima-delle-foreste_-ph.-fabio-lovino.jpg\",\"width\":1500,\"height\":1000},{\"@type\":\"BreadcrumbList\",\"@id\":\"https:\/\/www.intoscana.it\/it\/favino-alla-pergola-ne-la-notte-poco-prima-delle-foreste\/#breadcrumb\",\"itemListElement\":[{\"@type\":\"ListItem\",\"position\":1,\"name\":\"Home\",\"item\":\"https:\/\/www.intoscana.it\/it\/\"},{\"@type\":\"ListItem\",\"position\":2,\"name\":\"Favino alla Pergola ne &#8216;La notte poco prima delle foreste&#8217;\"}]},{\"@type\":\"WebSite\",\"@id\":\"https:\/\/www.intoscana.it\/it\/#website\",\"url\":\"https:\/\/www.intoscana.it\/it\/\",\"name\":\"intoscana\",\"description\":\"\",\"potentialAction\":[{\"@type\":\"SearchAction\",\"target\":{\"@type\":\"EntryPoint\",\"urlTemplate\":\"https:\/\/www.intoscana.it\/it\/?s={search_term_string}\"},\"query-input\":{\"@type\":\"PropertyValueSpecification\",\"valueRequired\":true,\"valueName\":\"search_term_string\"}}],\"inLanguage\":\"it-IT\"},{\"@type\":\"Person\",\"@id\":\"https:\/\/www.intoscana.it\/it\/#\/schema\/person\/9223810753230f20bd670fdd322661f8\",\"name\":\"Redazione\",\"url\":\"https:\/\/www.intoscana.it\/it\/author\/redazione\/\"}]}<\/script>\n<!-- \/ Yoast SEO Premium plugin. -->","yoast_head_json":{"title":"Favino alla Pergola ne 'La notte poco prima delle foreste' - intoscana","robots":{"index":"index","follow":"follow","max-snippet":"max-snippet:-1","max-image-preview":"max-image-preview:large","max-video-preview":"max-video-preview:-1"},"canonical":"https:\/\/www.intoscana.it\/it\/favino-alla-pergola-ne-la-notte-poco-prima-delle-foreste\/","og_locale":"it_IT","og_type":"article","og_title":"Favino alla Pergola ne 'La notte poco prima delle foreste'","og_description":"Dal 12 al 17 febbraio in scena a Firenze un poema per voce sola sui temi dell\u2019identit\u00e0, dell\u2019isolamento, dell\u2019amore non facile e del sentirsi stranieri","og_url":"https:\/\/www.intoscana.it\/it\/favino-alla-pergola-ne-la-notte-poco-prima-delle-foreste\/","og_site_name":"intoscana","article_publisher":"https:\/\/www.facebook.com\/intoscana.it","article_published_time":"2019-02-11T11:17:19+00:00","article_modified_time":"2020-05-18T08:46:41+00:00","og_image":[{"width":1500,"height":1000,"url":"https:\/\/www.intoscana.it\/wp-content\/uploads\/3-low-la-notte-poco-prima-delle-foreste_-ph.-fabio-lovino.jpg","type":"image\/jpeg"}],"author":"Redazione","twitter_card":"summary_large_image","twitter_creator":"@intoscana","twitter_site":"@intoscana","twitter_misc":{"Written by":"Redazione","Est. reading time":"2 minuti"},"schema":{"@context":"https:\/\/schema.org","@graph":[{"@type":"WebPage","@id":"https:\/\/www.intoscana.it\/it\/favino-alla-pergola-ne-la-notte-poco-prima-delle-foreste\/","url":"https:\/\/www.intoscana.it\/it\/favino-alla-pergola-ne-la-notte-poco-prima-delle-foreste\/","name":"Favino alla Pergola ne 'La notte poco prima delle foreste' - intoscana","isPartOf":{"@id":"https:\/\/www.intoscana.it\/it\/#website"},"primaryImageOfPage":{"@id":"https:\/\/www.intoscana.it\/it\/favino-alla-pergola-ne-la-notte-poco-prima-delle-foreste\/#primaryimage"},"image":{"@id":"https:\/\/www.intoscana.it\/it\/favino-alla-pergola-ne-la-notte-poco-prima-delle-foreste\/#primaryimage"},"thumbnailUrl":"https:\/\/www.intoscana.it\/wp-content\/uploads\/3-low-la-notte-poco-prima-delle-foreste_-ph.-fabio-lovino.jpg","datePublished":"2019-02-11T11:17:19+00:00","dateModified":"2020-05-18T08:46:41+00:00","author":{"@id":"https:\/\/www.intoscana.it\/it\/#\/schema\/person\/9223810753230f20bd670fdd322661f8"},"breadcrumb":{"@id":"https:\/\/www.intoscana.it\/it\/favino-alla-pergola-ne-la-notte-poco-prima-delle-foreste\/#breadcrumb"},"inLanguage":"it-IT","potentialAction":[{"@type":"ReadAction","target":["https:\/\/www.intoscana.it\/it\/favino-alla-pergola-ne-la-notte-poco-prima-delle-foreste\/"]}]},{"@type":"ImageObject","inLanguage":"it-IT","@id":"https:\/\/www.intoscana.it\/it\/favino-alla-pergola-ne-la-notte-poco-prima-delle-foreste\/#primaryimage","url":"https:\/\/www.intoscana.it\/wp-content\/uploads\/3-low-la-notte-poco-prima-delle-foreste_-ph.-fabio-lovino.jpg","contentUrl":"https:\/\/www.intoscana.it\/wp-content\/uploads\/3-low-la-notte-poco-prima-delle-foreste_-ph.-fabio-lovino.jpg","width":1500,"height":1000},{"@type":"BreadcrumbList","@id":"https:\/\/www.intoscana.it\/it\/favino-alla-pergola-ne-la-notte-poco-prima-delle-foreste\/#breadcrumb","itemListElement":[{"@type":"ListItem","position":1,"name":"Home","item":"https:\/\/www.intoscana.it\/it\/"},{"@type":"ListItem","position":2,"name":"Favino alla Pergola ne &#8216;La notte poco prima delle foreste&#8217;"}]},{"@type":"WebSite","@id":"https:\/\/www.intoscana.it\/it\/#website","url":"https:\/\/www.intoscana.it\/it\/","name":"intoscana","description":"","potentialAction":[{"@type":"SearchAction","target":{"@type":"EntryPoint","urlTemplate":"https:\/\/www.intoscana.it\/it\/?s={search_term_string}"},"query-input":{"@type":"PropertyValueSpecification","valueRequired":true,"valueName":"search_term_string"}}],"inLanguage":"it-IT"},{"@type":"Person","@id":"https:\/\/www.intoscana.it\/it\/#\/schema\/person\/9223810753230f20bd670fdd322661f8","name":"Redazione","url":"https:\/\/www.intoscana.it\/it\/author\/redazione\/"}]}},"_links":{"self":[{"href":"https:\/\/www.intoscana.it\/it\/wp-json\/wp\/v2\/posts\/55651","targetHints":{"allow":["GET"]}}],"collection":[{"href":"https:\/\/www.intoscana.it\/it\/wp-json\/wp\/v2\/posts"}],"about":[{"href":"https:\/\/www.intoscana.it\/it\/wp-json\/wp\/v2\/types\/post"}],"author":[{"embeddable":true,"href":"https:\/\/www.intoscana.it\/it\/wp-json\/wp\/v2\/users\/525"}],"replies":[{"embeddable":true,"href":"https:\/\/www.intoscana.it\/it\/wp-json\/wp\/v2\/comments?post=55651"}],"version-history":[{"count":0,"href":"https:\/\/www.intoscana.it\/it\/wp-json\/wp\/v2\/posts\/55651\/revisions"}],"wp:featuredmedia":[{"embeddable":true,"href":"https:\/\/www.intoscana.it\/it\/wp-json\/wp\/v2\/media\/92703"}],"wp:attachment":[{"href":"https:\/\/www.intoscana.it\/it\/wp-json\/wp\/v2\/media?parent=55651"}],"wp:term":[{"taxonomy":"category","embeddable":true,"href":"https:\/\/www.intoscana.it\/it\/wp-json\/wp\/v2\/categories?post=55651"},{"taxonomy":"post_tag","embeddable":true,"href":"https:\/\/www.intoscana.it\/it\/wp-json\/wp\/v2\/tags?post=55651"}],"curies":[{"name":"wp","href":"https:\/\/api.w.org\/{rel}","templated":true}]}}