{"id":55679,"date":"2019-03-25T14:00:28","date_gmt":"2019-03-25T14:00:28","guid":{"rendered":"http:\/\/www.intoscana.it\/firenze-festeggia-il-capodanno-con-il-restauro-del-biancone\/"},"modified":"2020-05-18T10:46:50","modified_gmt":"2020-05-18T08:46:50","slug":"firenze-festeggia-il-capodanno-con-il-restauro-del-biancone","status":"publish","type":"post","link":"https:\/\/www.intoscana.it\/it\/firenze-festeggia-il-capodanno-con-il-restauro-del-biancone\/","title":{"rendered":"Firenze festeggia il Capodanno con il restauro del &#8216;Biancone&#8217;"},"content":{"rendered":"<p><strong>Luned\u00ec 25 marzo 2019<\/strong> \u00e8 una giornata speciale per Firenze,&nbsp;non solo ricorre la <strong>storica tradizione del Capodanno fiorentino,<\/strong> ma sar\u00e0 presentato al pubblico anche il restauro di una protagonista illustre della citt\u00e0, <strong>la Fontana del Nettuno conosciuta dai cittandini anche col soprannome di &#8216;Biancone&#8217;<\/strong>.<\/p>\n<p>Il<strong> Capodanno fiorentino<\/strong> si celebra ormai da tempo immemore ed \u00e8 entrato a far parte delle festivit\u00e0 ufficiali, perch\u00e9 ci <strong>ricorda che l\u2019anno civile a Firenze, fino al 1750, iniziava il 25 marzo, per la festa dell\u2019Annunciazione<\/strong>, posta proprio in corrispondenza del nono mese antecedente il Natale. Il capodanno rest\u00f2 ufficiale anche dopo l\u2019introduzione del calendario Gregoriano (1582), fino a quando il <strong>Granduca Francesco III non lo port\u00f2 al 1 gennaio<\/strong>. Questa data \u00e8 ricordata annualmente con la sfilata del Corteo Storico della Repubblica Fiorentina che dal Palagio di Parte Guelfa raggiunge la Basilica della Santissima Annunziata per deporre un omaggio di gigli bianchi.<\/p>\n<p>Non si poteva scegliere giorno migliore, quindi, per celebrare<strong> \u201cil nuovo inizio\u201d di un simbolo come la Fontana del Nettuno<\/strong>, oggi restituita allo sguardo degli amanti del bello dopo un lungo restauro iniziato nel 2017. Un monumento in marmo <strong>voluto dal Granduca Cosimo I nel 1559, costruito da Bartolomeo Ammannati<\/strong>, e completato con un corteo di statue in bronzo.<\/p>\n<p>Il restauro, iniziato nel 2017 a fronte di un <strong>grande deterioramento del monumento da parte di acqua e agenti atmosferici,<\/strong> \u00e8 stato<strong> finanziato interamente dalla maison Salvatore Ferragamo tramite Art Bonus<\/strong> e si \u00e8 articolato in varie fasi che ne hanno visto la completa manutenzione. Nello specifico si \u00e8 intervenuti con una ripulitura di tutte le superfici marmoree e bronzee, un trattamento di consolidamento e protezione, finendo poi con la sostituzione delle varie componenti dell\u2019impianto idraulico.<\/p>\n<a class=\"fotogallery\" href=\"#modalgallery\" rel=\"modal:open\">sfoglia la gallery <i class=\"fas fa-chevron-right\"><\/i><\/a>\n    <div class=\"modal\" id=\"modalgallery\">\n        <div class=\"gallery\">\n          <div class=\"galleryimg\">\n            <div class=\"slidegallerybig\"> <div class=\"itemimg\">\n            <div class=\"wrapimg\">\n            <img decoding=\"async\" src=\"https:\/\/www.intoscana.it\/wp-content\/uploads\/wp_20190320_09_52_44_pro.jpg\">\n            <\/div>\n            <\/div> <div class=\"itemimg\">\n            <div class=\"wrapimg\">\n            <img decoding=\"async\" src=\"https:\/\/www.intoscana.it\/wp-content\/uploads\/wp_20190321_07_43_24_pro_0.jpg\">\n            <\/div>\n            <\/div> <div class=\"itemimg\">\n            <div class=\"wrapimg\">\n            <img decoding=\"async\" src=\"https:\/\/www.intoscana.it\/wp-content\/uploads\/getto5.jpg\">\n            <\/div>\n            <\/div> <div class=\"itemimg\">\n            <div class=\"wrapimg\">\n            <img decoding=\"async\" src=\"https:\/\/www.intoscana.it\/wp-content\/uploads\/wp_20190320_09_31_55_pro.jpg\">\n            <\/div>\n            <\/div> <div class=\"itemimg\">\n            <div class=\"wrapimg\">\n            <img decoding=\"async\" src=\"https:\/\/www.intoscana.it\/wp-content\/uploads\/wp_20190320_09_19_03_pro.jpg\">\n            <\/div>\n            <\/div> <div class=\"itemimg\">\n            <div class=\"wrapimg\">\n            <img decoding=\"async\" src=\"https:\/\/www.intoscana.it\/wp-content\/uploads\/img_2759-scaled.jpg\">\n            <\/div>\n            <\/div> <div class=\"itemimg\">\n            <div class=\"wrapimg\">\n            <img decoding=\"async\" src=\"https:\/\/www.intoscana.it\/wp-content\/uploads\/img_2757-scaled.jpg\">\n            <\/div>\n            <\/div> <div class=\"itemimg\">\n            <div class=\"wrapimg\">\n            <img decoding=\"async\" src=\"https:\/\/www.intoscana.it\/wp-content\/uploads\/dscn2376_mod-scaled.jpg\">\n            <\/div>\n            <\/div>\n            <\/div>\n          <\/div>\n          <div class=\"asidemenu\">\n            <div class=\"action\">\n              <div class=\"countlidegallery\"><\/div>\n              <div class=\"closegallery\" href=\"#modalgallery\" rel=\"modal:close\"><i class=\"far fa-times\"><\/i><\/div>\n            <\/div>\n            <div class=\"title\">\n              <h2>Firenze festeggia il Capodanno con il restauro del 'Biancone'<\/h2>\n              <div class=\"socialarticolo\"> \n            <div class=\"contsocialico\">\n              <ul>\n                <li><a target=\"_blank\" href=\"https:\/\/www.facebook.com\/sharer\/sharer.php?u=https:\/\/www.intoscana.it\/it\/firenze-festeggia-il-capodanno-con-il-restauro-del-biancone\/\"> <i class=\"fab fa-facebook-f\"><\/i><\/a><\/li>\n                <li><a target=\"_blank\" href=\"https:\/\/twitter.com\/home?status=https:\/\/www.intoscana.it\/it\/firenze-festeggia-il-capodanno-con-il-restauro-del-biancone\/\"> <i class=\"fab fa-twitter\"><\/i><\/a><\/li>\n                <li>\n                  <div class=\"shareall\" target=\"_blank\" href=\"\"> <i class=\"fas fa-share-alt\"><\/i><\/div>\n                  <div class=\"sharemore\">\n                    <ul>\n                      <li><a target=\"_blank\" href=\"https:\/\/www.linkedin.com\/shareArticle?url=https:\/\/www.intoscana.it\/it\/firenze-festeggia-il-capodanno-con-il-restauro-del-biancone\/\"> <i class=\"fab fa-linkedin\"><\/i><\/a><\/li>\n                      <li><a target=\"_blank\" href=\"http:\/\/www.pinterest.com\/pin\/create\/bookmarklet\/?url=https:\/\/www.intoscana.it\/it\/firenze-festeggia-il-capodanno-con-il-restauro-del-biancone\/\"> <i class=\"fab fa-pinterest\"><\/i><\/a><\/li>\n                      <li><a target=\"_blank\" href=\"mailto?subject=Firenze festeggia il Capodanno con il restauro del &#039;Biancone&#039;&body=https:\/\/www.intoscana.it\/it\/firenze-festeggia-il-capodanno-con-il-restauro-del-biancone\/\"> <i class=\"fas fa-envelope\"><\/i><\/a><\/li>\n                    <\/ul>\n                    <div class=\"closesharemore\">\n                    <i class=\"fas fa-times\"><\/i>\n                    <\/div>\n                  <\/div>\n                <\/li>\n              <\/ul>\n            <\/div>\n          <\/div>\n        <\/div>\n          <\/div>\n        <\/div>\n      <\/div>\n<p>In occasione della presentazione del restauro si terr\u00e0 in piazza Signoria un grande spettacolo intitolato <em><strong>\u201cE nel marmo e nel bronzo mise acqua e fuoco\u201d,<\/strong><\/em> a cura del <strong>Teatro del Maggio Musicale Fiorentino<\/strong>, che celebrer\u00e0 il restauro.&nbsp;L\u2019evento pubblico in piazza Signoria avr\u00e0 inizio alle 20,30 e si articoler\u00e0 in <strong>uno spettacolo di teatro, acrobazie, immagini, suoni e luci.&nbsp;<\/strong>L\u2019evento \u00e8 inoltre il perfetto trait d\u2019union con il programma d\u2019iniziative che commemorano i <strong>500 anni dalla nascita di Cosimo I de Medici Granduca di Toscana,<\/strong> proprio colui che questa fontana volle costruire.<\/p>\n","protected":false},"excerpt":{"rendered":"<p>In occasione della tradizionale festa del Capodanno Fiorentino il 25 marzo un grande evento legato all\u2019attesa presentazione del restauro della Fontana del Nettuno<\/p>\n","protected":false},"author":525,"featured_media":92730,"comment_status":"open","ping_status":"open","sticky":false,"template":"","format":"standard","meta":{"_acf_changed":false,"footnotes":""},"categories":[493,5],"tags":[],"class_list":["post-55679","post","type-post","status-publish","format-standard","has-post-thumbnail","hentry","category-cultura","category-arte-e-cultura"],"acf":[],"yoast_head":"<!-- This site is optimized with the Yoast SEO Premium plugin v24.2 (Yoast SEO v25.6) - https:\/\/yoast.com\/wordpress\/plugins\/seo\/ -->\n<title>Firenze festeggia il Capodanno con il restauro del &#039;Biancone&#039; - intoscana<\/title>\n<meta name=\"robots\" content=\"index, follow, max-snippet:-1, max-image-preview:large, max-video-preview:-1\" \/>\n<link rel=\"canonical\" href=\"https:\/\/www.intoscana.it\/it\/firenze-festeggia-il-capodanno-con-il-restauro-del-biancone\/\" \/>\n<meta property=\"og:locale\" content=\"it_IT\" \/>\n<meta property=\"og:type\" content=\"article\" \/>\n<meta property=\"og:title\" content=\"Firenze festeggia il Capodanno con il restauro del &#039;Biancone&#039;\" \/>\n<meta property=\"og:description\" content=\"In occasione della tradizionale festa del Capodanno Fiorentino il 25 marzo un grande evento legato all\u2019attesa presentazione del restauro della Fontana del Nettuno\" \/>\n<meta property=\"og:url\" content=\"https:\/\/www.intoscana.it\/it\/firenze-festeggia-il-capodanno-con-il-restauro-del-biancone\/\" \/>\n<meta property=\"og:site_name\" content=\"intoscana\" \/>\n<meta property=\"article:publisher\" content=\"https:\/\/www.facebook.com\/intoscana.it\" \/>\n<meta property=\"article:published_time\" content=\"2019-03-25T14:00:28+00:00\" \/>\n<meta property=\"article:modified_time\" content=\"2020-05-18T08:46:50+00:00\" \/>\n<meta property=\"og:image\" content=\"https:\/\/www.intoscana.it\/wp-content\/uploads\/54517589_2476083522402741_3576652844880625664_n.jpg\" \/>\n\t<meta property=\"og:image:width\" content=\"960\" \/>\n\t<meta property=\"og:image:height\" content=\"539\" \/>\n\t<meta property=\"og:image:type\" content=\"image\/jpeg\" \/>\n<meta name=\"author\" content=\"Redazione\" \/>\n<meta name=\"twitter:card\" content=\"summary_large_image\" \/>\n<meta name=\"twitter:creator\" content=\"@intoscana\" \/>\n<meta name=\"twitter:site\" content=\"@intoscana\" \/>\n<meta name=\"twitter:label1\" content=\"Written by\" \/>\n\t<meta name=\"twitter:data1\" content=\"Redazione\" \/>\n\t<meta name=\"twitter:label2\" content=\"Est. reading time\" \/>\n\t<meta name=\"twitter:data2\" content=\"2 minuti\" \/>\n<script type=\"application\/ld+json\" class=\"yoast-schema-graph\">{\"@context\":\"https:\/\/schema.org\",\"@graph\":[{\"@type\":\"WebPage\",\"@id\":\"https:\/\/www.intoscana.it\/it\/firenze-festeggia-il-capodanno-con-il-restauro-del-biancone\/\",\"url\":\"https:\/\/www.intoscana.it\/it\/firenze-festeggia-il-capodanno-con-il-restauro-del-biancone\/\",\"name\":\"Firenze festeggia il Capodanno con il restauro del 'Biancone' - intoscana\",\"isPartOf\":{\"@id\":\"https:\/\/www.intoscana.it\/it\/#website\"},\"primaryImageOfPage\":{\"@id\":\"https:\/\/www.intoscana.it\/it\/firenze-festeggia-il-capodanno-con-il-restauro-del-biancone\/#primaryimage\"},\"image\":{\"@id\":\"https:\/\/www.intoscana.it\/it\/firenze-festeggia-il-capodanno-con-il-restauro-del-biancone\/#primaryimage\"},\"thumbnailUrl\":\"https:\/\/www.intoscana.it\/wp-content\/uploads\/54517589_2476083522402741_3576652844880625664_n.jpg\",\"datePublished\":\"2019-03-25T14:00:28+00:00\",\"dateModified\":\"2020-05-18T08:46:50+00:00\",\"author\":{\"@id\":\"https:\/\/www.intoscana.it\/it\/#\/schema\/person\/9223810753230f20bd670fdd322661f8\"},\"breadcrumb\":{\"@id\":\"https:\/\/www.intoscana.it\/it\/firenze-festeggia-il-capodanno-con-il-restauro-del-biancone\/#breadcrumb\"},\"inLanguage\":\"it-IT\",\"potentialAction\":[{\"@type\":\"ReadAction\",\"target\":[\"https:\/\/www.intoscana.it\/it\/firenze-festeggia-il-capodanno-con-il-restauro-del-biancone\/\"]}]},{\"@type\":\"ImageObject\",\"inLanguage\":\"it-IT\",\"@id\":\"https:\/\/www.intoscana.it\/it\/firenze-festeggia-il-capodanno-con-il-restauro-del-biancone\/#primaryimage\",\"url\":\"https:\/\/www.intoscana.it\/wp-content\/uploads\/54517589_2476083522402741_3576652844880625664_n.jpg\",\"contentUrl\":\"https:\/\/www.intoscana.it\/wp-content\/uploads\/54517589_2476083522402741_3576652844880625664_n.jpg\",\"width\":960,\"height\":539},{\"@type\":\"BreadcrumbList\",\"@id\":\"https:\/\/www.intoscana.it\/it\/firenze-festeggia-il-capodanno-con-il-restauro-del-biancone\/#breadcrumb\",\"itemListElement\":[{\"@type\":\"ListItem\",\"position\":1,\"name\":\"Home\",\"item\":\"https:\/\/www.intoscana.it\/it\/\"},{\"@type\":\"ListItem\",\"position\":2,\"name\":\"Firenze festeggia il Capodanno con il restauro del &#8216;Biancone&#8217;\"}]},{\"@type\":\"WebSite\",\"@id\":\"https:\/\/www.intoscana.it\/it\/#website\",\"url\":\"https:\/\/www.intoscana.it\/it\/\",\"name\":\"intoscana\",\"description\":\"\",\"potentialAction\":[{\"@type\":\"SearchAction\",\"target\":{\"@type\":\"EntryPoint\",\"urlTemplate\":\"https:\/\/www.intoscana.it\/it\/?s={search_term_string}\"},\"query-input\":{\"@type\":\"PropertyValueSpecification\",\"valueRequired\":true,\"valueName\":\"search_term_string\"}}],\"inLanguage\":\"it-IT\"},{\"@type\":\"Person\",\"@id\":\"https:\/\/www.intoscana.it\/it\/#\/schema\/person\/9223810753230f20bd670fdd322661f8\",\"name\":\"Redazione\",\"url\":\"https:\/\/www.intoscana.it\/it\/author\/redazione\/\"}]}<\/script>\n<!-- \/ Yoast SEO Premium plugin. -->","yoast_head_json":{"title":"Firenze festeggia il Capodanno con il restauro del 'Biancone' - intoscana","robots":{"index":"index","follow":"follow","max-snippet":"max-snippet:-1","max-image-preview":"max-image-preview:large","max-video-preview":"max-video-preview:-1"},"canonical":"https:\/\/www.intoscana.it\/it\/firenze-festeggia-il-capodanno-con-il-restauro-del-biancone\/","og_locale":"it_IT","og_type":"article","og_title":"Firenze festeggia il Capodanno con il restauro del 'Biancone'","og_description":"In occasione della tradizionale festa del Capodanno Fiorentino il 25 marzo un grande evento legato all\u2019attesa presentazione del restauro della Fontana del Nettuno","og_url":"https:\/\/www.intoscana.it\/it\/firenze-festeggia-il-capodanno-con-il-restauro-del-biancone\/","og_site_name":"intoscana","article_publisher":"https:\/\/www.facebook.com\/intoscana.it","article_published_time":"2019-03-25T14:00:28+00:00","article_modified_time":"2020-05-18T08:46:50+00:00","og_image":[{"width":960,"height":539,"url":"https:\/\/www.intoscana.it\/wp-content\/uploads\/54517589_2476083522402741_3576652844880625664_n.jpg","type":"image\/jpeg"}],"author":"Redazione","twitter_card":"summary_large_image","twitter_creator":"@intoscana","twitter_site":"@intoscana","twitter_misc":{"Written by":"Redazione","Est. reading time":"2 minuti"},"schema":{"@context":"https:\/\/schema.org","@graph":[{"@type":"WebPage","@id":"https:\/\/www.intoscana.it\/it\/firenze-festeggia-il-capodanno-con-il-restauro-del-biancone\/","url":"https:\/\/www.intoscana.it\/it\/firenze-festeggia-il-capodanno-con-il-restauro-del-biancone\/","name":"Firenze festeggia il Capodanno con il restauro del 'Biancone' - intoscana","isPartOf":{"@id":"https:\/\/www.intoscana.it\/it\/#website"},"primaryImageOfPage":{"@id":"https:\/\/www.intoscana.it\/it\/firenze-festeggia-il-capodanno-con-il-restauro-del-biancone\/#primaryimage"},"image":{"@id":"https:\/\/www.intoscana.it\/it\/firenze-festeggia-il-capodanno-con-il-restauro-del-biancone\/#primaryimage"},"thumbnailUrl":"https:\/\/www.intoscana.it\/wp-content\/uploads\/54517589_2476083522402741_3576652844880625664_n.jpg","datePublished":"2019-03-25T14:00:28+00:00","dateModified":"2020-05-18T08:46:50+00:00","author":{"@id":"https:\/\/www.intoscana.it\/it\/#\/schema\/person\/9223810753230f20bd670fdd322661f8"},"breadcrumb":{"@id":"https:\/\/www.intoscana.it\/it\/firenze-festeggia-il-capodanno-con-il-restauro-del-biancone\/#breadcrumb"},"inLanguage":"it-IT","potentialAction":[{"@type":"ReadAction","target":["https:\/\/www.intoscana.it\/it\/firenze-festeggia-il-capodanno-con-il-restauro-del-biancone\/"]}]},{"@type":"ImageObject","inLanguage":"it-IT","@id":"https:\/\/www.intoscana.it\/it\/firenze-festeggia-il-capodanno-con-il-restauro-del-biancone\/#primaryimage","url":"https:\/\/www.intoscana.it\/wp-content\/uploads\/54517589_2476083522402741_3576652844880625664_n.jpg","contentUrl":"https:\/\/www.intoscana.it\/wp-content\/uploads\/54517589_2476083522402741_3576652844880625664_n.jpg","width":960,"height":539},{"@type":"BreadcrumbList","@id":"https:\/\/www.intoscana.it\/it\/firenze-festeggia-il-capodanno-con-il-restauro-del-biancone\/#breadcrumb","itemListElement":[{"@type":"ListItem","position":1,"name":"Home","item":"https:\/\/www.intoscana.it\/it\/"},{"@type":"ListItem","position":2,"name":"Firenze festeggia il Capodanno con il restauro del &#8216;Biancone&#8217;"}]},{"@type":"WebSite","@id":"https:\/\/www.intoscana.it\/it\/#website","url":"https:\/\/www.intoscana.it\/it\/","name":"intoscana","description":"","potentialAction":[{"@type":"SearchAction","target":{"@type":"EntryPoint","urlTemplate":"https:\/\/www.intoscana.it\/it\/?s={search_term_string}"},"query-input":{"@type":"PropertyValueSpecification","valueRequired":true,"valueName":"search_term_string"}}],"inLanguage":"it-IT"},{"@type":"Person","@id":"https:\/\/www.intoscana.it\/it\/#\/schema\/person\/9223810753230f20bd670fdd322661f8","name":"Redazione","url":"https:\/\/www.intoscana.it\/it\/author\/redazione\/"}]}},"_links":{"self":[{"href":"https:\/\/www.intoscana.it\/it\/wp-json\/wp\/v2\/posts\/55679","targetHints":{"allow":["GET"]}}],"collection":[{"href":"https:\/\/www.intoscana.it\/it\/wp-json\/wp\/v2\/posts"}],"about":[{"href":"https:\/\/www.intoscana.it\/it\/wp-json\/wp\/v2\/types\/post"}],"author":[{"embeddable":true,"href":"https:\/\/www.intoscana.it\/it\/wp-json\/wp\/v2\/users\/525"}],"replies":[{"embeddable":true,"href":"https:\/\/www.intoscana.it\/it\/wp-json\/wp\/v2\/comments?post=55679"}],"version-history":[{"count":0,"href":"https:\/\/www.intoscana.it\/it\/wp-json\/wp\/v2\/posts\/55679\/revisions"}],"wp:featuredmedia":[{"embeddable":true,"href":"https:\/\/www.intoscana.it\/it\/wp-json\/wp\/v2\/media\/92730"}],"wp:attachment":[{"href":"https:\/\/www.intoscana.it\/it\/wp-json\/wp\/v2\/media?parent=55679"}],"wp:term":[{"taxonomy":"category","embeddable":true,"href":"https:\/\/www.intoscana.it\/it\/wp-json\/wp\/v2\/categories?post=55679"},{"taxonomy":"post_tag","embeddable":true,"href":"https:\/\/www.intoscana.it\/it\/wp-json\/wp\/v2\/tags?post=55679"}],"curies":[{"name":"wp","href":"https:\/\/api.w.org\/{rel}","templated":true}]}}