{"id":55697,"date":"2019-04-16T11:56:55","date_gmt":"2019-04-16T11:56:55","guid":{"rendered":"http:\/\/www.intoscana.it\/tra-passato-e-futuro-la-villa-medicea-la-magia-a-quarrata\/"},"modified":"2020-05-18T10:46:56","modified_gmt":"2020-05-18T08:46:56","slug":"tra-passato-e-futuro-la-villa-medicea-la-magia-a-quarrata","status":"publish","type":"post","link":"https:\/\/www.intoscana.it\/it\/tra-passato-e-futuro-la-villa-medicea-la-magia-a-quarrata\/","title":{"rendered":"Tra passato e futuro: la Villa Medicea la M\u00e0gia a Quarrata"},"content":{"rendered":"<p><strong>Gioved\u00ec 18 aprile tutta la Toscana \u00e8 in festa<\/strong> in occasione della<strong> Giornata internazionale dei monumenti e dei siti ICOMOS<\/strong>, la Regione Toscana ha deciso infatti di <strong>celebrare le 14 Ville e Giardini Medicei toscani<\/strong>, iscritti nella lista dei <strong>siti patrimonio Unesco<\/strong>, con tanti eventi speciali&nbsp;alla riscoperta del patrimonio artistico.<\/p>\n<p><strong>A Villa la M\u00e0gia a Quarrata la giornata inizia alle 15<\/strong> con l\u2019apertura al pubblico del giardino e con la speciale visita guidata alla Villa e al parco alla scoperta dei percorsi storici, il giardino e la collezione di arte ambientale contemporanea<strong>.<\/strong> <strong>Prenotazione obbligatoria<\/strong>: tel 0573774500.<\/p>\n<p> Alle 17 appuntamento musicale con<strong> il concerto del duo Daniele Di Bonaventura<\/strong> (bandoneon) <strong>&amp; Alessandro D\u2019Alessandro<\/strong> (organetto) in<em><strong> \u201cHermanos\u201d.<\/strong><\/em> <strong>Prenotazione obbligatoria:<\/strong> villalamagia@comune.quarrata.pt.it.<\/p>\n<a class=\"fotogallery\" href=\"#modalgallery\" rel=\"modal:open\">sfoglia la gallery <i class=\"fas fa-chevron-right\"><\/i><\/a>\n    <div class=\"modal\" id=\"modalgallery\">\n        <div class=\"gallery\">\n          <div class=\"galleryimg\">\n            <div class=\"slidegallerybig\"> <div class=\"itemimg\">\n            <div class=\"wrapimg\">\n            <img decoding=\"async\" src=\"https:\/\/www.intoscana.it\/wp-content\/uploads\/villa-medicea-la-magia-photo-stefano-casati-0194.jpg\">\n            <\/div>\n            <\/div> <div class=\"itemimg\">\n            <div class=\"wrapimg\">\n            <img decoding=\"async\" src=\"https:\/\/www.intoscana.it\/wp-content\/uploads\/01-6-1.jpg\">\n            <\/div>\n            <\/div> <div class=\"itemimg\">\n            <div class=\"wrapimg\">\n            <img decoding=\"async\" src=\"https:\/\/www.intoscana.it\/wp-content\/uploads\/villa-medicea-la-magia-frankenstein-photo-stefano-casati-0304.jpg\">\n            <\/div>\n            <\/div> <div class=\"itemimg\">\n            <div class=\"wrapimg\">\n            <img decoding=\"async\" src=\"https:\/\/www.intoscana.it\/wp-content\/uploads\/villa-medicea-la-magia-frankenstein-photo-stefano-casati-0273-1.jpg\">\n            <\/div>\n            <\/div> <div class=\"itemimg\">\n            <div class=\"wrapimg\">\n            <img decoding=\"async\" src=\"https:\/\/www.intoscana.it\/wp-content\/uploads\/villa-medicea-la-magia-frankenstein-photo-stefano-casati-0210.jpg\">\n            <\/div>\n            <\/div> <div class=\"itemimg\">\n            <div class=\"wrapimg\">\n            <img decoding=\"async\" src=\"https:\/\/www.intoscana.it\/wp-content\/uploads\/07-5.jpg\">\n            <\/div>\n            <\/div> <div class=\"itemimg\">\n            <div class=\"wrapimg\">\n            <img decoding=\"async\" src=\"https:\/\/www.intoscana.it\/wp-content\/uploads\/00.jpg\">\n            <\/div>\n            <\/div> <div class=\"itemimg\">\n            <div class=\"wrapimg\">\n            <img decoding=\"async\" src=\"https:\/\/www.intoscana.it\/wp-content\/uploads\/10-4.jpg\">\n            <\/div>\n            <\/div>\n            <\/div>\n          <\/div>\n          <div class=\"asidemenu\">\n            <div class=\"action\">\n              <div class=\"countlidegallery\"><\/div>\n              <div class=\"closegallery\" href=\"#modalgallery\" rel=\"modal:close\"><i class=\"far fa-times\"><\/i><\/div>\n            <\/div>\n            <div class=\"title\">\n              <h2>Tra passato e futuro: la Villa Medicea la M\u00e0gia a Quarrata<\/h2><p style=\"display:none;\" class=\"gallery_description\" id=\"gallery_description_4\">Villa Medicea La Magia<\/p>\n              <div class=\"socialarticolo\"> \n            <div class=\"contsocialico\">\n              <ul>\n                <li><a target=\"_blank\" href=\"https:\/\/www.facebook.com\/sharer\/sharer.php?u=https:\/\/www.intoscana.it\/it\/tra-passato-e-futuro-la-villa-medicea-la-magia-a-quarrata\/\"> <i class=\"fab fa-facebook-f\"><\/i><\/a><\/li>\n                <li><a target=\"_blank\" href=\"https:\/\/twitter.com\/home?status=https:\/\/www.intoscana.it\/it\/tra-passato-e-futuro-la-villa-medicea-la-magia-a-quarrata\/\"> <i class=\"fab fa-twitter\"><\/i><\/a><\/li>\n                <li>\n                  <div class=\"shareall\" target=\"_blank\" href=\"\"> <i class=\"fas fa-share-alt\"><\/i><\/div>\n                  <div class=\"sharemore\">\n                    <ul>\n                      <li><a target=\"_blank\" href=\"https:\/\/www.linkedin.com\/shareArticle?url=https:\/\/www.intoscana.it\/it\/tra-passato-e-futuro-la-villa-medicea-la-magia-a-quarrata\/\"> <i class=\"fab fa-linkedin\"><\/i><\/a><\/li>\n                      <li><a target=\"_blank\" href=\"http:\/\/www.pinterest.com\/pin\/create\/bookmarklet\/?url=https:\/\/www.intoscana.it\/it\/tra-passato-e-futuro-la-villa-medicea-la-magia-a-quarrata\/\"> <i class=\"fab fa-pinterest\"><\/i><\/a><\/li>\n                      <li><a target=\"_blank\" href=\"mailto?subject=Tra passato e futuro: la Villa Medicea la M\u00e0gia a Quarrata&body=https:\/\/www.intoscana.it\/it\/tra-passato-e-futuro-la-villa-medicea-la-magia-a-quarrata\/\"> <i class=\"fas fa-envelope\"><\/i><\/a><\/li>\n                    <\/ul>\n                    <div class=\"closesharemore\">\n                    <i class=\"fas fa-times\"><\/i>\n                    <\/div>\n                  <\/div>\n                <\/li>\n              <\/ul>\n            <\/div>\n          <\/div>\n        <\/div>\n          <\/div>\n        <\/div>\n      <\/div>\n<p><strong>Villa La M\u00e0gia a Quarrata,<\/strong> in provincia di Pistoia \u00e8 <strong>una delle ville medicee pi\u00f9 antiche della Toscana.<\/strong>&nbsp;La sua prima ealizzazione risale infatti al <strong>1320 anno in cui Vinciguerra della famiglia Panciatichi<\/strong> fece edificare<strong> il primo torrione<\/strong> con funzione difensiva. <strong>Il 26 novembre 1583 la proprieta\u0300 fu acquistata da Francesco I dei Medici<\/strong> che proprio in quegli anni stava proseguendo il piano paterno di espansione territoriale delle proprieta\u0300 private. <strong>Villa La M\u00e0gia rappresentava un presidio sulle pendici del Montalbano<\/strong> che rafforzava il potere della casa fiorentina.<\/p>\n<p><strong>Il periodo di massimo splendore della villa risale alla fine del 1500<\/strong> (1585- 1587) quando <strong>Bernardo Buontalenti<\/strong> elaboro\u0300 il progetto di ristrutturazione della villa e il progetto di realizzazione del lago.&nbsp;Attualmente <strong>la villa conserva anche una preziosa collezione di arte ambientale contemporanea \u201cLo spirito del luogo\u201d<\/strong> con opere di <strong>Fabrizio Corneli, Anne e Patrick Poirier, Nagasawa, Marco Bagnoli, Maurizio Nannucci, Daniel Buren.<\/strong><\/p>\n<p>&nbsp;<\/p>\n<p>&nbsp;<\/p>\n","protected":false},"excerpt":{"rendered":"<p>La villa nata nel 1320 conserva un&#8217;importante collezione di arte ambientale contemporanea<\/p>\n","protected":false},"author":525,"featured_media":92748,"comment_status":"open","ping_status":"open","sticky":false,"template":"","format":"standard","meta":{"_acf_changed":false,"footnotes":""},"categories":[493,5],"tags":[],"class_list":["post-55697","post","type-post","status-publish","format-standard","has-post-thumbnail","hentry","category-cultura","category-arte-e-cultura"],"acf":[],"yoast_head":"<!-- This site is optimized with the Yoast SEO Premium plugin v24.2 (Yoast SEO v25.6) - https:\/\/yoast.com\/wordpress\/plugins\/seo\/ -->\n<title>Tra passato e futuro: la Villa Medicea la M\u00e0gia a Quarrata - intoscana<\/title>\n<meta name=\"description\" content=\"Tra passato e futuro la Villa Medicea La M\u00e0gia a Quarrata\" \/>\n<meta name=\"robots\" content=\"index, follow, max-snippet:-1, max-image-preview:large, max-video-preview:-1\" \/>\n<link rel=\"canonical\" href=\"https:\/\/www.intoscana.it\/it\/tra-passato-e-futuro-la-villa-medicea-la-magia-a-quarrata\/\" \/>\n<meta property=\"og:locale\" content=\"it_IT\" \/>\n<meta property=\"og:type\" content=\"article\" \/>\n<meta property=\"og:title\" content=\"Tra passato e futuro: la Villa Medicea la M\u00e0gia a Quarrata\" \/>\n<meta property=\"og:description\" content=\"Tra passato e futuro la Villa Medicea La M\u00e0gia a Quarrata\" \/>\n<meta property=\"og:url\" content=\"https:\/\/www.intoscana.it\/it\/tra-passato-e-futuro-la-villa-medicea-la-magia-a-quarrata\/\" \/>\n<meta property=\"og:site_name\" content=\"intoscana\" \/>\n<meta property=\"article:publisher\" content=\"https:\/\/www.facebook.com\/intoscana.it\" \/>\n<meta property=\"article:published_time\" content=\"2019-04-16T11:56:55+00:00\" \/>\n<meta property=\"article:modified_time\" content=\"2020-05-18T08:46:56+00:00\" \/>\n<meta property=\"og:image\" content=\"https:\/\/www.intoscana.it\/wp-content\/uploads\/villa-medicea-la-magia-photo-stefano-casati-09039.jpg\" \/>\n\t<meta property=\"og:image:width\" content=\"1920\" \/>\n\t<meta property=\"og:image:height\" content=\"1283\" \/>\n\t<meta property=\"og:image:type\" content=\"image\/jpeg\" \/>\n<meta name=\"author\" content=\"Redazione\" \/>\n<meta name=\"twitter:card\" content=\"summary_large_image\" \/>\n<meta name=\"twitter:creator\" content=\"@intoscana\" \/>\n<meta name=\"twitter:site\" content=\"@intoscana\" \/>\n<meta name=\"twitter:label1\" content=\"Written by\" \/>\n\t<meta name=\"twitter:data1\" content=\"Redazione\" \/>\n\t<meta name=\"twitter:label2\" content=\"Est. reading time\" \/>\n\t<meta name=\"twitter:data2\" content=\"1 minuto\" \/>\n<script type=\"application\/ld+json\" class=\"yoast-schema-graph\">{\"@context\":\"https:\/\/schema.org\",\"@graph\":[{\"@type\":\"WebPage\",\"@id\":\"https:\/\/www.intoscana.it\/it\/tra-passato-e-futuro-la-villa-medicea-la-magia-a-quarrata\/\",\"url\":\"https:\/\/www.intoscana.it\/it\/tra-passato-e-futuro-la-villa-medicea-la-magia-a-quarrata\/\",\"name\":\"Tra passato e futuro: la Villa Medicea la M\u00e0gia a Quarrata - intoscana\",\"isPartOf\":{\"@id\":\"https:\/\/www.intoscana.it\/it\/#website\"},\"primaryImageOfPage\":{\"@id\":\"https:\/\/www.intoscana.it\/it\/tra-passato-e-futuro-la-villa-medicea-la-magia-a-quarrata\/#primaryimage\"},\"image\":{\"@id\":\"https:\/\/www.intoscana.it\/it\/tra-passato-e-futuro-la-villa-medicea-la-magia-a-quarrata\/#primaryimage\"},\"thumbnailUrl\":\"https:\/\/www.intoscana.it\/wp-content\/uploads\/villa-medicea-la-magia-photo-stefano-casati-09039.jpg\",\"datePublished\":\"2019-04-16T11:56:55+00:00\",\"dateModified\":\"2020-05-18T08:46:56+00:00\",\"author\":{\"@id\":\"https:\/\/www.intoscana.it\/it\/#\/schema\/person\/9223810753230f20bd670fdd322661f8\"},\"description\":\"Tra passato e futuro la Villa Medicea La M\u00e0gia a Quarrata\",\"breadcrumb\":{\"@id\":\"https:\/\/www.intoscana.it\/it\/tra-passato-e-futuro-la-villa-medicea-la-magia-a-quarrata\/#breadcrumb\"},\"inLanguage\":\"it-IT\",\"potentialAction\":[{\"@type\":\"ReadAction\",\"target\":[\"https:\/\/www.intoscana.it\/it\/tra-passato-e-futuro-la-villa-medicea-la-magia-a-quarrata\/\"]}]},{\"@type\":\"ImageObject\",\"inLanguage\":\"it-IT\",\"@id\":\"https:\/\/www.intoscana.it\/it\/tra-passato-e-futuro-la-villa-medicea-la-magia-a-quarrata\/#primaryimage\",\"url\":\"https:\/\/www.intoscana.it\/wp-content\/uploads\/villa-medicea-la-magia-photo-stefano-casati-09039.jpg\",\"contentUrl\":\"https:\/\/www.intoscana.it\/wp-content\/uploads\/villa-medicea-la-magia-photo-stefano-casati-09039.jpg\",\"width\":1920,\"height\":1283},{\"@type\":\"BreadcrumbList\",\"@id\":\"https:\/\/www.intoscana.it\/it\/tra-passato-e-futuro-la-villa-medicea-la-magia-a-quarrata\/#breadcrumb\",\"itemListElement\":[{\"@type\":\"ListItem\",\"position\":1,\"name\":\"Home\",\"item\":\"https:\/\/www.intoscana.it\/it\/\"},{\"@type\":\"ListItem\",\"position\":2,\"name\":\"Tra passato e futuro: la Villa Medicea la M\u00e0gia a Quarrata\"}]},{\"@type\":\"WebSite\",\"@id\":\"https:\/\/www.intoscana.it\/it\/#website\",\"url\":\"https:\/\/www.intoscana.it\/it\/\",\"name\":\"intoscana\",\"description\":\"\",\"potentialAction\":[{\"@type\":\"SearchAction\",\"target\":{\"@type\":\"EntryPoint\",\"urlTemplate\":\"https:\/\/www.intoscana.it\/it\/?s={search_term_string}\"},\"query-input\":{\"@type\":\"PropertyValueSpecification\",\"valueRequired\":true,\"valueName\":\"search_term_string\"}}],\"inLanguage\":\"it-IT\"},{\"@type\":\"Person\",\"@id\":\"https:\/\/www.intoscana.it\/it\/#\/schema\/person\/9223810753230f20bd670fdd322661f8\",\"name\":\"Redazione\",\"url\":\"https:\/\/www.intoscana.it\/it\/author\/redazione\/\"}]}<\/script>\n<!-- \/ Yoast SEO Premium plugin. -->","yoast_head_json":{"title":"Tra passato e futuro: la Villa Medicea la M\u00e0gia a Quarrata - intoscana","description":"Tra passato e futuro la Villa Medicea La M\u00e0gia a Quarrata","robots":{"index":"index","follow":"follow","max-snippet":"max-snippet:-1","max-image-preview":"max-image-preview:large","max-video-preview":"max-video-preview:-1"},"canonical":"https:\/\/www.intoscana.it\/it\/tra-passato-e-futuro-la-villa-medicea-la-magia-a-quarrata\/","og_locale":"it_IT","og_type":"article","og_title":"Tra passato e futuro: la Villa Medicea la M\u00e0gia a Quarrata","og_description":"Tra passato e futuro la Villa Medicea La M\u00e0gia a Quarrata","og_url":"https:\/\/www.intoscana.it\/it\/tra-passato-e-futuro-la-villa-medicea-la-magia-a-quarrata\/","og_site_name":"intoscana","article_publisher":"https:\/\/www.facebook.com\/intoscana.it","article_published_time":"2019-04-16T11:56:55+00:00","article_modified_time":"2020-05-18T08:46:56+00:00","og_image":[{"width":1920,"height":1283,"url":"https:\/\/www.intoscana.it\/wp-content\/uploads\/villa-medicea-la-magia-photo-stefano-casati-09039.jpg","type":"image\/jpeg"}],"author":"Redazione","twitter_card":"summary_large_image","twitter_creator":"@intoscana","twitter_site":"@intoscana","twitter_misc":{"Written by":"Redazione","Est. reading time":"1 minuto"},"schema":{"@context":"https:\/\/schema.org","@graph":[{"@type":"WebPage","@id":"https:\/\/www.intoscana.it\/it\/tra-passato-e-futuro-la-villa-medicea-la-magia-a-quarrata\/","url":"https:\/\/www.intoscana.it\/it\/tra-passato-e-futuro-la-villa-medicea-la-magia-a-quarrata\/","name":"Tra passato e futuro: la Villa Medicea la M\u00e0gia a Quarrata - intoscana","isPartOf":{"@id":"https:\/\/www.intoscana.it\/it\/#website"},"primaryImageOfPage":{"@id":"https:\/\/www.intoscana.it\/it\/tra-passato-e-futuro-la-villa-medicea-la-magia-a-quarrata\/#primaryimage"},"image":{"@id":"https:\/\/www.intoscana.it\/it\/tra-passato-e-futuro-la-villa-medicea-la-magia-a-quarrata\/#primaryimage"},"thumbnailUrl":"https:\/\/www.intoscana.it\/wp-content\/uploads\/villa-medicea-la-magia-photo-stefano-casati-09039.jpg","datePublished":"2019-04-16T11:56:55+00:00","dateModified":"2020-05-18T08:46:56+00:00","author":{"@id":"https:\/\/www.intoscana.it\/it\/#\/schema\/person\/9223810753230f20bd670fdd322661f8"},"description":"Tra passato e futuro la Villa Medicea La M\u00e0gia a Quarrata","breadcrumb":{"@id":"https:\/\/www.intoscana.it\/it\/tra-passato-e-futuro-la-villa-medicea-la-magia-a-quarrata\/#breadcrumb"},"inLanguage":"it-IT","potentialAction":[{"@type":"ReadAction","target":["https:\/\/www.intoscana.it\/it\/tra-passato-e-futuro-la-villa-medicea-la-magia-a-quarrata\/"]}]},{"@type":"ImageObject","inLanguage":"it-IT","@id":"https:\/\/www.intoscana.it\/it\/tra-passato-e-futuro-la-villa-medicea-la-magia-a-quarrata\/#primaryimage","url":"https:\/\/www.intoscana.it\/wp-content\/uploads\/villa-medicea-la-magia-photo-stefano-casati-09039.jpg","contentUrl":"https:\/\/www.intoscana.it\/wp-content\/uploads\/villa-medicea-la-magia-photo-stefano-casati-09039.jpg","width":1920,"height":1283},{"@type":"BreadcrumbList","@id":"https:\/\/www.intoscana.it\/it\/tra-passato-e-futuro-la-villa-medicea-la-magia-a-quarrata\/#breadcrumb","itemListElement":[{"@type":"ListItem","position":1,"name":"Home","item":"https:\/\/www.intoscana.it\/it\/"},{"@type":"ListItem","position":2,"name":"Tra passato e futuro: la Villa Medicea la M\u00e0gia a Quarrata"}]},{"@type":"WebSite","@id":"https:\/\/www.intoscana.it\/it\/#website","url":"https:\/\/www.intoscana.it\/it\/","name":"intoscana","description":"","potentialAction":[{"@type":"SearchAction","target":{"@type":"EntryPoint","urlTemplate":"https:\/\/www.intoscana.it\/it\/?s={search_term_string}"},"query-input":{"@type":"PropertyValueSpecification","valueRequired":true,"valueName":"search_term_string"}}],"inLanguage":"it-IT"},{"@type":"Person","@id":"https:\/\/www.intoscana.it\/it\/#\/schema\/person\/9223810753230f20bd670fdd322661f8","name":"Redazione","url":"https:\/\/www.intoscana.it\/it\/author\/redazione\/"}]}},"_links":{"self":[{"href":"https:\/\/www.intoscana.it\/it\/wp-json\/wp\/v2\/posts\/55697","targetHints":{"allow":["GET"]}}],"collection":[{"href":"https:\/\/www.intoscana.it\/it\/wp-json\/wp\/v2\/posts"}],"about":[{"href":"https:\/\/www.intoscana.it\/it\/wp-json\/wp\/v2\/types\/post"}],"author":[{"embeddable":true,"href":"https:\/\/www.intoscana.it\/it\/wp-json\/wp\/v2\/users\/525"}],"replies":[{"embeddable":true,"href":"https:\/\/www.intoscana.it\/it\/wp-json\/wp\/v2\/comments?post=55697"}],"version-history":[{"count":0,"href":"https:\/\/www.intoscana.it\/it\/wp-json\/wp\/v2\/posts\/55697\/revisions"}],"wp:featuredmedia":[{"embeddable":true,"href":"https:\/\/www.intoscana.it\/it\/wp-json\/wp\/v2\/media\/92748"}],"wp:attachment":[{"href":"https:\/\/www.intoscana.it\/it\/wp-json\/wp\/v2\/media?parent=55697"}],"wp:term":[{"taxonomy":"category","embeddable":true,"href":"https:\/\/www.intoscana.it\/it\/wp-json\/wp\/v2\/categories?post=55697"},{"taxonomy":"post_tag","embeddable":true,"href":"https:\/\/www.intoscana.it\/it\/wp-json\/wp\/v2\/tags?post=55697"}],"curies":[{"name":"wp","href":"https:\/\/api.w.org\/{rel}","templated":true}]}}