{"id":55709,"date":"2019-05-09T10:50:58","date_gmt":"2019-05-09T10:50:58","guid":{"rendered":"http:\/\/www.intoscana.it\/la-toscana-al-salone-del-libro-con-un-patto-per-la-lettura-e-leonardo\/"},"modified":"2025-05-27T15:42:40","modified_gmt":"2025-05-27T13:42:40","slug":"la-toscana-al-salone-del-libro-con-un-patto-per-la-lettura-e-leonardo","status":"publish","type":"post","link":"https:\/\/www.intoscana.it\/it\/la-toscana-al-salone-del-libro-con-un-patto-per-la-lettura-e-leonardo\/","title":{"rendered":"La Toscana al Salone del libro con un patto per la lettura e Leonardo"},"content":{"rendered":"<p><strong>La Toscana torna al Salone del libro che si apre oggi a Torino<\/strong> con uno stand e tanti incontri in programma fino a domenica, che seguiranno un doppio fil rouge:<strong> la promozione della lettura da una parte<\/strong> &#8211; quel leggere che colora la vita e pu\u00f2 in modo imprevedibile dischiudere la vita di nuovi orizzonti, come diceva anche il linguista Tullio de Mauro \u2013<strong> e Leonardo da Vinci dall&#8217;altra, nell&#8217;anno che ne ricorda i cinquecento anni dalla morte.<\/strong><\/p>\n<p><strong>Come ogni anno lo stand toscano, curato da Toscanalibri.it, sar\u00e0 la casa di tanti piccoli editori:<\/strong> trentanove in tutto da nove diverse province. La pattuglia pi\u00f9 numerose \u00e8 quella di Firenze (17), quindi Siena (5) Livorno e Pisa (4 per ciascuna), poi Lucca (3), Grosseto (2), Arezzo (1) e Pistoia (1).<\/p>\n<p>Al Salone del Libro di Torino \u2013 lo spazio della Regione Toscana si trova nel padiglione 2, stand G144 H145 &#8211; <strong>il genio di Vinci sar\u00e0 raccontato attraverso incursioni teatrali e la presentazione dei libri pubblicati da editori toscani.<\/strong> Al Salone sar\u00e0 inoltre illustrato il <strong>patto per la lettura promosso e lanciato lo scorso novembre dalla Regione Toscana:<\/strong> un&#8217;alleanza tra tutti i vari soggetti del mondo del libro, affinch\u00e9 la lettura possa diventare un&#8217;abitudine sociale quotidiana, perch\u00e9 sulle buone letture si costruiscono le fondamenta dell&#8217;essere cittadini. E fondare biblioteche, scriveva la Yourcenar, \u00e8 come costruire ancora granai pubblici ed ammassare riserve contro un inverno dello spirito che, da molti indizi, mio malgrado vedo venire.<\/p>\n<p><strong> Purtroppo in Italia si legge poco e soprattutto si legge sempre meno dopo aver concluso il percorso scolastico, quando cio\u00e8 leggere diventa una scelta e non pi\u00f9 un obbligo<\/strong>. Invece leggere libri e conoscere, ricorda la vice presidente della giunta regionale toscana che il 9 maggio sar\u00e0 a Torino per l&#8217;inaugurazione del Salone, costituiscono le chiavi per comprendere i propri diritti e doveri.<\/p>\n<p><strong>Per questo la Regione ha scelto di aiutare i festival, le piccole case editrici e di lanciare un patto per la lettura: una strada a cui ha fatto da precursore il progetto &#8220;Leggere in Toscana&#8221;<\/strong>, dove si \u00e8 provato a mettere insieme tutte le biblioteche e le dodici reti documentarie regionali a cui appartengono, le associazioni di editori Cna e Aie, le librerie indipendenti, il Centro per il libro e la lettura del Mibac, il centro regionale servizi per le biblioteche ragazzi in Toscana, l&#8217;ufficio scolastico regionale ma anche gli assessorati all&#8217;istruzione e alla sanit\u00e0 della Regione, perch\u00e9 si legge a scuola e si legge (o si pu\u00f2 leggere e si possono raggiungere potenziali lettori) anche all&#8217;ospedale o nelle sale di attesa degli ambulatori, oppure coinvolgendo associazioni culturali e di volontariato o supermercati e centri commerciali.<\/p>\n","protected":false},"excerpt":{"rendered":"<p>Lo stand toscano ospita tanti piccoli editori e promuove incontri con autori toscani, di cui molti dedicati al genio di Vinci<\/p>\n","protected":false},"author":525,"featured_media":92760,"comment_status":"open","ping_status":"open","sticky":false,"template":"","format":"standard","meta":{"_acf_changed":false,"footnotes":""},"categories":[493,5],"tags":[151,1626],"class_list":["post-55709","post","type-post","status-publish","format-standard","has-post-thumbnail","hentry","category-cultura","category-arte-e-cultura","tag-regione-toscana","tag-salone-libro-torino"],"acf":[],"yoast_head":"<!-- This site is optimized with the Yoast SEO Premium plugin v24.2 (Yoast SEO v25.6) - https:\/\/yoast.com\/wordpress\/plugins\/seo\/ -->\n<title>La Toscana al Salone del libro con un patto per la lettura e Leonardo - intoscana<\/title>\n<meta name=\"description\" content=\"La Toscana anche quest&#039;anno sar\u00e0 presente al Salone del libro di Torino con uno stand che ospita i piccoli editori toscani e tanti eventi.\" \/>\n<meta name=\"robots\" content=\"index, follow, max-snippet:-1, max-image-preview:large, max-video-preview:-1\" \/>\n<link rel=\"canonical\" href=\"https:\/\/www.intoscana.it\/it\/la-toscana-al-salone-del-libro-con-un-patto-per-la-lettura-e-leonardo\/\" \/>\n<meta property=\"og:locale\" content=\"it_IT\" \/>\n<meta property=\"og:type\" content=\"article\" \/>\n<meta property=\"og:title\" content=\"La Toscana al Salone del libro con un patto per la lettura e Leonardo\" \/>\n<meta property=\"og:description\" content=\"La Toscana anche quest&#039;anno sar\u00e0 presente al Salone del libro di Torino con uno stand che ospita i piccoli editori toscani e tanti eventi.\" \/>\n<meta property=\"og:url\" content=\"https:\/\/www.intoscana.it\/it\/la-toscana-al-salone-del-libro-con-un-patto-per-la-lettura-e-leonardo\/\" \/>\n<meta property=\"og:site_name\" content=\"intoscana\" \/>\n<meta property=\"article:publisher\" content=\"https:\/\/www.facebook.com\/intoscana.it\" \/>\n<meta property=\"article:published_time\" content=\"2019-05-09T10:50:58+00:00\" \/>\n<meta property=\"article:modified_time\" content=\"2025-05-27T13:42:40+00:00\" \/>\n<meta property=\"og:image\" content=\"https:\/\/www.intoscana.it\/wp-content\/uploads\/42-46805587-3.jpg\" \/>\n\t<meta property=\"og:image:width\" content=\"1000\" \/>\n\t<meta property=\"og:image:height\" content=\"665\" \/>\n\t<meta property=\"og:image:type\" content=\"image\/jpeg\" \/>\n<meta name=\"author\" content=\"Redazione\" \/>\n<meta name=\"twitter:card\" content=\"summary_large_image\" \/>\n<meta name=\"twitter:creator\" content=\"@intoscana\" \/>\n<meta name=\"twitter:site\" content=\"@intoscana\" \/>\n<meta name=\"twitter:label1\" content=\"Written by\" \/>\n\t<meta name=\"twitter:data1\" content=\"Redazione\" \/>\n\t<meta name=\"twitter:label2\" content=\"Est. reading time\" \/>\n\t<meta name=\"twitter:data2\" content=\"2 minuti\" \/>\n<script type=\"application\/ld+json\" class=\"yoast-schema-graph\">{\"@context\":\"https:\/\/schema.org\",\"@graph\":[{\"@type\":\"WebPage\",\"@id\":\"https:\/\/www.intoscana.it\/it\/la-toscana-al-salone-del-libro-con-un-patto-per-la-lettura-e-leonardo\/\",\"url\":\"https:\/\/www.intoscana.it\/it\/la-toscana-al-salone-del-libro-con-un-patto-per-la-lettura-e-leonardo\/\",\"name\":\"La Toscana al Salone del libro con un patto per la lettura e Leonardo - intoscana\",\"isPartOf\":{\"@id\":\"https:\/\/www.intoscana.it\/it\/#website\"},\"primaryImageOfPage\":{\"@id\":\"https:\/\/www.intoscana.it\/it\/la-toscana-al-salone-del-libro-con-un-patto-per-la-lettura-e-leonardo\/#primaryimage\"},\"image\":{\"@id\":\"https:\/\/www.intoscana.it\/it\/la-toscana-al-salone-del-libro-con-un-patto-per-la-lettura-e-leonardo\/#primaryimage\"},\"thumbnailUrl\":\"https:\/\/www.intoscana.it\/wp-content\/uploads\/42-46805587-3.jpg\",\"datePublished\":\"2019-05-09T10:50:58+00:00\",\"dateModified\":\"2025-05-27T13:42:40+00:00\",\"author\":{\"@id\":\"https:\/\/www.intoscana.it\/it\/#\/schema\/person\/9223810753230f20bd670fdd322661f8\"},\"description\":\"La Toscana anche quest'anno sar\u00e0 presente al Salone del libro di Torino con uno stand che ospita i piccoli editori toscani e tanti eventi.\",\"breadcrumb\":{\"@id\":\"https:\/\/www.intoscana.it\/it\/la-toscana-al-salone-del-libro-con-un-patto-per-la-lettura-e-leonardo\/#breadcrumb\"},\"inLanguage\":\"it-IT\",\"potentialAction\":[{\"@type\":\"ReadAction\",\"target\":[\"https:\/\/www.intoscana.it\/it\/la-toscana-al-salone-del-libro-con-un-patto-per-la-lettura-e-leonardo\/\"]}]},{\"@type\":\"ImageObject\",\"inLanguage\":\"it-IT\",\"@id\":\"https:\/\/www.intoscana.it\/it\/la-toscana-al-salone-del-libro-con-un-patto-per-la-lettura-e-leonardo\/#primaryimage\",\"url\":\"https:\/\/www.intoscana.it\/wp-content\/uploads\/42-46805587-3.jpg\",\"contentUrl\":\"https:\/\/www.intoscana.it\/wp-content\/uploads\/42-46805587-3.jpg\",\"width\":1000,\"height\":665},{\"@type\":\"BreadcrumbList\",\"@id\":\"https:\/\/www.intoscana.it\/it\/la-toscana-al-salone-del-libro-con-un-patto-per-la-lettura-e-leonardo\/#breadcrumb\",\"itemListElement\":[{\"@type\":\"ListItem\",\"position\":1,\"name\":\"Home\",\"item\":\"https:\/\/www.intoscana.it\/it\/\"},{\"@type\":\"ListItem\",\"position\":2,\"name\":\"La Toscana al Salone del libro con un patto per la lettura e Leonardo\"}]},{\"@type\":\"WebSite\",\"@id\":\"https:\/\/www.intoscana.it\/it\/#website\",\"url\":\"https:\/\/www.intoscana.it\/it\/\",\"name\":\"intoscana\",\"description\":\"\",\"potentialAction\":[{\"@type\":\"SearchAction\",\"target\":{\"@type\":\"EntryPoint\",\"urlTemplate\":\"https:\/\/www.intoscana.it\/it\/?s={search_term_string}\"},\"query-input\":{\"@type\":\"PropertyValueSpecification\",\"valueRequired\":true,\"valueName\":\"search_term_string\"}}],\"inLanguage\":\"it-IT\"},{\"@type\":\"Person\",\"@id\":\"https:\/\/www.intoscana.it\/it\/#\/schema\/person\/9223810753230f20bd670fdd322661f8\",\"name\":\"Redazione\",\"url\":\"https:\/\/www.intoscana.it\/it\/author\/redazione\/\"}]}<\/script>\n<!-- \/ Yoast SEO Premium plugin. -->","yoast_head_json":{"title":"La Toscana al Salone del libro con un patto per la lettura e Leonardo - intoscana","description":"La Toscana anche quest'anno sar\u00e0 presente al Salone del libro di Torino con uno stand che ospita i piccoli editori toscani e tanti eventi.","robots":{"index":"index","follow":"follow","max-snippet":"max-snippet:-1","max-image-preview":"max-image-preview:large","max-video-preview":"max-video-preview:-1"},"canonical":"https:\/\/www.intoscana.it\/it\/la-toscana-al-salone-del-libro-con-un-patto-per-la-lettura-e-leonardo\/","og_locale":"it_IT","og_type":"article","og_title":"La Toscana al Salone del libro con un patto per la lettura e Leonardo","og_description":"La Toscana anche quest'anno sar\u00e0 presente al Salone del libro di Torino con uno stand che ospita i piccoli editori toscani e tanti eventi.","og_url":"https:\/\/www.intoscana.it\/it\/la-toscana-al-salone-del-libro-con-un-patto-per-la-lettura-e-leonardo\/","og_site_name":"intoscana","article_publisher":"https:\/\/www.facebook.com\/intoscana.it","article_published_time":"2019-05-09T10:50:58+00:00","article_modified_time":"2025-05-27T13:42:40+00:00","og_image":[{"width":1000,"height":665,"url":"https:\/\/www.intoscana.it\/wp-content\/uploads\/42-46805587-3.jpg","type":"image\/jpeg"}],"author":"Redazione","twitter_card":"summary_large_image","twitter_creator":"@intoscana","twitter_site":"@intoscana","twitter_misc":{"Written by":"Redazione","Est. reading time":"2 minuti"},"schema":{"@context":"https:\/\/schema.org","@graph":[{"@type":"WebPage","@id":"https:\/\/www.intoscana.it\/it\/la-toscana-al-salone-del-libro-con-un-patto-per-la-lettura-e-leonardo\/","url":"https:\/\/www.intoscana.it\/it\/la-toscana-al-salone-del-libro-con-un-patto-per-la-lettura-e-leonardo\/","name":"La Toscana al Salone del libro con un patto per la lettura e Leonardo - intoscana","isPartOf":{"@id":"https:\/\/www.intoscana.it\/it\/#website"},"primaryImageOfPage":{"@id":"https:\/\/www.intoscana.it\/it\/la-toscana-al-salone-del-libro-con-un-patto-per-la-lettura-e-leonardo\/#primaryimage"},"image":{"@id":"https:\/\/www.intoscana.it\/it\/la-toscana-al-salone-del-libro-con-un-patto-per-la-lettura-e-leonardo\/#primaryimage"},"thumbnailUrl":"https:\/\/www.intoscana.it\/wp-content\/uploads\/42-46805587-3.jpg","datePublished":"2019-05-09T10:50:58+00:00","dateModified":"2025-05-27T13:42:40+00:00","author":{"@id":"https:\/\/www.intoscana.it\/it\/#\/schema\/person\/9223810753230f20bd670fdd322661f8"},"description":"La Toscana anche quest'anno sar\u00e0 presente al Salone del libro di Torino con uno stand che ospita i piccoli editori toscani e tanti eventi.","breadcrumb":{"@id":"https:\/\/www.intoscana.it\/it\/la-toscana-al-salone-del-libro-con-un-patto-per-la-lettura-e-leonardo\/#breadcrumb"},"inLanguage":"it-IT","potentialAction":[{"@type":"ReadAction","target":["https:\/\/www.intoscana.it\/it\/la-toscana-al-salone-del-libro-con-un-patto-per-la-lettura-e-leonardo\/"]}]},{"@type":"ImageObject","inLanguage":"it-IT","@id":"https:\/\/www.intoscana.it\/it\/la-toscana-al-salone-del-libro-con-un-patto-per-la-lettura-e-leonardo\/#primaryimage","url":"https:\/\/www.intoscana.it\/wp-content\/uploads\/42-46805587-3.jpg","contentUrl":"https:\/\/www.intoscana.it\/wp-content\/uploads\/42-46805587-3.jpg","width":1000,"height":665},{"@type":"BreadcrumbList","@id":"https:\/\/www.intoscana.it\/it\/la-toscana-al-salone-del-libro-con-un-patto-per-la-lettura-e-leonardo\/#breadcrumb","itemListElement":[{"@type":"ListItem","position":1,"name":"Home","item":"https:\/\/www.intoscana.it\/it\/"},{"@type":"ListItem","position":2,"name":"La Toscana al Salone del libro con un patto per la lettura e Leonardo"}]},{"@type":"WebSite","@id":"https:\/\/www.intoscana.it\/it\/#website","url":"https:\/\/www.intoscana.it\/it\/","name":"intoscana","description":"","potentialAction":[{"@type":"SearchAction","target":{"@type":"EntryPoint","urlTemplate":"https:\/\/www.intoscana.it\/it\/?s={search_term_string}"},"query-input":{"@type":"PropertyValueSpecification","valueRequired":true,"valueName":"search_term_string"}}],"inLanguage":"it-IT"},{"@type":"Person","@id":"https:\/\/www.intoscana.it\/it\/#\/schema\/person\/9223810753230f20bd670fdd322661f8","name":"Redazione","url":"https:\/\/www.intoscana.it\/it\/author\/redazione\/"}]}},"_links":{"self":[{"href":"https:\/\/www.intoscana.it\/it\/wp-json\/wp\/v2\/posts\/55709","targetHints":{"allow":["GET"]}}],"collection":[{"href":"https:\/\/www.intoscana.it\/it\/wp-json\/wp\/v2\/posts"}],"about":[{"href":"https:\/\/www.intoscana.it\/it\/wp-json\/wp\/v2\/types\/post"}],"author":[{"embeddable":true,"href":"https:\/\/www.intoscana.it\/it\/wp-json\/wp\/v2\/users\/525"}],"replies":[{"embeddable":true,"href":"https:\/\/www.intoscana.it\/it\/wp-json\/wp\/v2\/comments?post=55709"}],"version-history":[{"count":1,"href":"https:\/\/www.intoscana.it\/it\/wp-json\/wp\/v2\/posts\/55709\/revisions"}],"predecessor-version":[{"id":386925,"href":"https:\/\/www.intoscana.it\/it\/wp-json\/wp\/v2\/posts\/55709\/revisions\/386925"}],"wp:featuredmedia":[{"embeddable":true,"href":"https:\/\/www.intoscana.it\/it\/wp-json\/wp\/v2\/media\/92760"}],"wp:attachment":[{"href":"https:\/\/www.intoscana.it\/it\/wp-json\/wp\/v2\/media?parent=55709"}],"wp:term":[{"taxonomy":"category","embeddable":true,"href":"https:\/\/www.intoscana.it\/it\/wp-json\/wp\/v2\/categories?post=55709"},{"taxonomy":"post_tag","embeddable":true,"href":"https:\/\/www.intoscana.it\/it\/wp-json\/wp\/v2\/tags?post=55709"}],"curies":[{"name":"wp","href":"https:\/\/api.w.org\/{rel}","templated":true}]}}