{"id":55720,"date":"2019-02-05T09:26:35","date_gmt":"2019-02-05T09:26:35","guid":{"rendered":"http:\/\/www.intoscana.it\/cucinotta-belvedere-e-andreozzi-sono-le-figlie-di-eva-in-1-toscana\/"},"modified":"2020-05-18T10:47:04","modified_gmt":"2020-05-18T08:47:04","slug":"cucinotta-belvedere-e-andreozzi-sono-le-figlie-di-eva-in-1-toscana","status":"publish","type":"post","link":"https:\/\/www.intoscana.it\/it\/cucinotta-belvedere-e-andreozzi-sono-le-figlie-di-eva-in-1-toscana\/","title":{"rendered":"Cucinotta, Belvedere e Andreozzi sono le &#8216;Figlie di Eva&#8217; in 1\u00b0 toscana"},"content":{"rendered":"<p>Saranno <strong>Maria Grazia Cucinotta, Vittoria Belvedere e Michela Andreozzi<\/strong> le protagoniste di una storia di solidariet\u00e0 tutta al femminile, in cui <strong>tre donne si uniscono per vendicarsi dello stesso uomo<\/strong>. Lo spettacolo andr\u00e0 in scena in prima toscana <strong>marted\u00ec 5 febbraio<\/strong> alle 21.00 presso il <strong>Teatrodante Carlo Monni di Campi Bisenzio.<\/strong><\/p>\n<p> <em><strong>\u201cFiglie di E.V.A\u201d<\/strong> <\/em>\u00e8 la storia di tre donne sull\u2019orlo di una crisi di nervi, legate allo stesso uomo: <strong>un politico spregiudicato, corrotto e doppiogiochist<\/strong>a, candidato sindaco delle imminenti elezioni. C\u2019\u00e8 <strong>Elvira, la segretaria tuttofare, Vicky la moglie tradita un po\u2019 ingenua<\/strong> e un po\u2019 scaltra e <strong>Antonia la ricercatrice universitaria<\/strong> con una scomoda <strong>sindrome di La Tourette<\/strong> che sta aiutando il figlio del politico a laurearsi. L\u2019uomo in questione, Nicola Papaleo, dopo averle usate per arrivare in vetta, le scarica senza mezzi termini: manda Elvira in galera per falso in bilancio, abbandona Vicky per una donna pi\u00f9 giovane e spedisce Antonia a insegnare a Vibo Valentia perch\u00e9 non ha fatto promuovere suo figlio. Le donne, dopo un tentativo di vendetta personale che nessuna di loro riesce a portare a termine, pur conoscendosi appena e detestandosi parecchio, si uniscono per vendicarsi tutte insieme. <strong>Ingaggiano un giovane, bellissimo e sprovveduto attore squattrinato, Luca,<\/strong> e come tre streghe usano tutti i loro trucchi per trasformarlo ne \u201cl\u2019uomo perfetto\u201d, istruendolo, sistemandolo e preparandolo fino a fare di lui un antagonista politico cos\u00ec forte da distruggere il cinico candidato premier proprio sul terreno in cui si sente pi\u00f9 forte: la politica. <strong>Un po\u2019 Pigmalione, un po\u2019 Club delle Prime Mogli, un po\u2019 Streghe di Eastwick,<\/strong> Figlie di Eva \u00e8 una storia di solidariet\u00e0, una riflessione sulla condizione femminile, costretta a stare un passo indietro ma capace, se provocata, di tirare fuori risorse geniali e rimontare vincendo in volata.<\/p>\n<p>\u00c8&nbsp;disponibile il <strong>servizio navetta su prenotazione, da Firenze.<\/strong> Gli spettatori interessati dovranno prenotare entro le ore 17 del giorno dello spettacolo telefonando in biglietteria. Il servizio \u00e8 offerto grazie alla gentile collaborazione della Fratellanza Popolare di San Donnino.<\/p>\n<p> Durante lo svolgimento degli spettacoli \u00e8 possibile usufruire del servizio di<strong> baby parking,<\/strong> organizzato in collaborazione con Centro Iniziative Teatrali. <strong>Potrete portare con voi i vostri bambini e lasciarli ad un animatore\/attore che li porter\u00e0 nel &#8220;Salone delle Fiabe&#8221;<\/strong> al terzo piano del teatro e li intratterr\u00e0 con racconti, fiabe, attivit\u00e0 teatrali e ludiche. Il servizio \u00e8 gratuito e disponibile per bambini dai 3 anni. \u00c8 necessaria la prenotazione entro due giorni dalla data di spettacolo.<\/p>\n<p><strong> Per informazioni:<\/strong> Biglietti disponibili in tutti i punti vendita Ticketone, su <a title=\"www.ticketone.it\" href=\"http:\/\/www.ticketone.it\" target=\"_blank\" rel=\"noopener noreferrer\" class=\"broken_link\"><strong>www.ticketone.it<\/strong><\/a> e presso la biglietteria del teatro. Prenotazioni al 055.8940864 &#8211; biglietteria@teatrodante.it <strong><a href=\"http:\/\/www.teatrodante.it\" target=\"_blank\" rel=\"noopener noreferrer\">www.teatrodante.it<\/a><\/strong><\/p>\n<a class=\"googlemapbutton\" href=\"https:\/\/www.google.com\/maps\/search\/?api=1&#038;query=Teatrodante%20Carlo%20Monni+piazza%20Dante,%2023+Campi%20Bisenzio\" target=\"_blank\">Vedi mappa <i class=\"fas fa-map-marker-alt\"><\/i><\/a>\n","protected":false},"excerpt":{"rendered":"<p>Marted\u00ec 5 febbraio presso il Teatrodante Carlo Monni di Campi Bisenzio una storia di solidariet\u00e0 femminile<\/p>\n","protected":false},"author":525,"featured_media":92771,"comment_status":"open","ping_status":"open","sticky":false,"template":"","format":"standard","meta":{"_acf_changed":false,"footnotes":""},"categories":[493,5],"tags":[],"class_list":["post-55720","post","type-post","status-publish","format-standard","has-post-thumbnail","hentry","category-cultura","category-arte-e-cultura"],"acf":[],"yoast_head":"<!-- This site is optimized with the Yoast SEO Premium plugin v24.2 (Yoast SEO v25.6) - https:\/\/yoast.com\/wordpress\/plugins\/seo\/ -->\n<title>Cucinotta, Belvedere e Andreozzi sono le &#039;Figlie di Eva&#039; in 1\u00b0 toscana - intoscana<\/title>\n<meta name=\"description\" content=\"Marted\u00ec 9 febbraio Cucinotta, Belvedere e Andreozzi sono le &#039;Figlie di Eva&#039; in prima toscana\" \/>\n<meta name=\"robots\" content=\"index, follow, max-snippet:-1, max-image-preview:large, max-video-preview:-1\" \/>\n<link rel=\"canonical\" href=\"https:\/\/www.intoscana.it\/it\/cucinotta-belvedere-e-andreozzi-sono-le-figlie-di-eva-in-1-toscana\/\" \/>\n<meta property=\"og:locale\" content=\"it_IT\" \/>\n<meta property=\"og:type\" content=\"article\" \/>\n<meta property=\"og:title\" content=\"Cucinotta, Belvedere e Andreozzi sono le &#039;Figlie di Eva&#039; in 1\u00b0 toscana\" \/>\n<meta property=\"og:description\" content=\"Marted\u00ec 9 febbraio Cucinotta, Belvedere e Andreozzi sono le &#039;Figlie di Eva&#039; in prima toscana\" \/>\n<meta property=\"og:url\" content=\"https:\/\/www.intoscana.it\/it\/cucinotta-belvedere-e-andreozzi-sono-le-figlie-di-eva-in-1-toscana\/\" \/>\n<meta property=\"og:site_name\" content=\"intoscana\" \/>\n<meta property=\"article:publisher\" content=\"https:\/\/www.facebook.com\/intoscana.it\" \/>\n<meta property=\"article:published_time\" content=\"2019-02-05T09:26:35+00:00\" \/>\n<meta property=\"article:modified_time\" content=\"2020-05-18T08:47:04+00:00\" \/>\n<meta property=\"og:image\" content=\"https:\/\/www.intoscana.it\/wp-content\/uploads\/figlie-di-eva-fabio-lovino_1.jpg\" \/>\n\t<meta property=\"og:image:width\" content=\"2000\" \/>\n\t<meta property=\"og:image:height\" content=\"1333\" \/>\n\t<meta property=\"og:image:type\" content=\"image\/jpeg\" \/>\n<meta name=\"author\" content=\"Redazione\" \/>\n<meta name=\"twitter:card\" content=\"summary_large_image\" \/>\n<meta name=\"twitter:creator\" content=\"@intoscana\" \/>\n<meta name=\"twitter:site\" content=\"@intoscana\" \/>\n<meta name=\"twitter:label1\" content=\"Written by\" \/>\n\t<meta name=\"twitter:data1\" content=\"Redazione\" \/>\n\t<meta name=\"twitter:label2\" content=\"Est. reading time\" \/>\n\t<meta name=\"twitter:data2\" content=\"2 minuti\" \/>\n<script type=\"application\/ld+json\" class=\"yoast-schema-graph\">{\"@context\":\"https:\/\/schema.org\",\"@graph\":[{\"@type\":\"WebPage\",\"@id\":\"https:\/\/www.intoscana.it\/it\/cucinotta-belvedere-e-andreozzi-sono-le-figlie-di-eva-in-1-toscana\/\",\"url\":\"https:\/\/www.intoscana.it\/it\/cucinotta-belvedere-e-andreozzi-sono-le-figlie-di-eva-in-1-toscana\/\",\"name\":\"Cucinotta, Belvedere e Andreozzi sono le 'Figlie di Eva' in 1\u00b0 toscana - intoscana\",\"isPartOf\":{\"@id\":\"https:\/\/www.intoscana.it\/it\/#website\"},\"primaryImageOfPage\":{\"@id\":\"https:\/\/www.intoscana.it\/it\/cucinotta-belvedere-e-andreozzi-sono-le-figlie-di-eva-in-1-toscana\/#primaryimage\"},\"image\":{\"@id\":\"https:\/\/www.intoscana.it\/it\/cucinotta-belvedere-e-andreozzi-sono-le-figlie-di-eva-in-1-toscana\/#primaryimage\"},\"thumbnailUrl\":\"https:\/\/www.intoscana.it\/wp-content\/uploads\/figlie-di-eva-fabio-lovino_1.jpg\",\"datePublished\":\"2019-02-05T09:26:35+00:00\",\"dateModified\":\"2020-05-18T08:47:04+00:00\",\"author\":{\"@id\":\"https:\/\/www.intoscana.it\/it\/#\/schema\/person\/9223810753230f20bd670fdd322661f8\"},\"description\":\"Marted\u00ec 9 febbraio Cucinotta, Belvedere e Andreozzi sono le 'Figlie di Eva' in prima toscana\",\"breadcrumb\":{\"@id\":\"https:\/\/www.intoscana.it\/it\/cucinotta-belvedere-e-andreozzi-sono-le-figlie-di-eva-in-1-toscana\/#breadcrumb\"},\"inLanguage\":\"it-IT\",\"potentialAction\":[{\"@type\":\"ReadAction\",\"target\":[\"https:\/\/www.intoscana.it\/it\/cucinotta-belvedere-e-andreozzi-sono-le-figlie-di-eva-in-1-toscana\/\"]}]},{\"@type\":\"ImageObject\",\"inLanguage\":\"it-IT\",\"@id\":\"https:\/\/www.intoscana.it\/it\/cucinotta-belvedere-e-andreozzi-sono-le-figlie-di-eva-in-1-toscana\/#primaryimage\",\"url\":\"https:\/\/www.intoscana.it\/wp-content\/uploads\/figlie-di-eva-fabio-lovino_1.jpg\",\"contentUrl\":\"https:\/\/www.intoscana.it\/wp-content\/uploads\/figlie-di-eva-fabio-lovino_1.jpg\",\"width\":2000,\"height\":1333},{\"@type\":\"BreadcrumbList\",\"@id\":\"https:\/\/www.intoscana.it\/it\/cucinotta-belvedere-e-andreozzi-sono-le-figlie-di-eva-in-1-toscana\/#breadcrumb\",\"itemListElement\":[{\"@type\":\"ListItem\",\"position\":1,\"name\":\"Home\",\"item\":\"https:\/\/www.intoscana.it\/it\/\"},{\"@type\":\"ListItem\",\"position\":2,\"name\":\"Cucinotta, Belvedere e Andreozzi sono le &#8216;Figlie di Eva&#8217; in 1\u00b0 toscana\"}]},{\"@type\":\"WebSite\",\"@id\":\"https:\/\/www.intoscana.it\/it\/#website\",\"url\":\"https:\/\/www.intoscana.it\/it\/\",\"name\":\"intoscana\",\"description\":\"\",\"potentialAction\":[{\"@type\":\"SearchAction\",\"target\":{\"@type\":\"EntryPoint\",\"urlTemplate\":\"https:\/\/www.intoscana.it\/it\/?s={search_term_string}\"},\"query-input\":{\"@type\":\"PropertyValueSpecification\",\"valueRequired\":true,\"valueName\":\"search_term_string\"}}],\"inLanguage\":\"it-IT\"},{\"@type\":\"Person\",\"@id\":\"https:\/\/www.intoscana.it\/it\/#\/schema\/person\/9223810753230f20bd670fdd322661f8\",\"name\":\"Redazione\",\"url\":\"https:\/\/www.intoscana.it\/it\/author\/redazione\/\"}]}<\/script>\n<!-- \/ Yoast SEO Premium plugin. -->","yoast_head_json":{"title":"Cucinotta, Belvedere e Andreozzi sono le 'Figlie di Eva' in 1\u00b0 toscana - intoscana","description":"Marted\u00ec 9 febbraio Cucinotta, Belvedere e Andreozzi sono le 'Figlie di Eva' in prima toscana","robots":{"index":"index","follow":"follow","max-snippet":"max-snippet:-1","max-image-preview":"max-image-preview:large","max-video-preview":"max-video-preview:-1"},"canonical":"https:\/\/www.intoscana.it\/it\/cucinotta-belvedere-e-andreozzi-sono-le-figlie-di-eva-in-1-toscana\/","og_locale":"it_IT","og_type":"article","og_title":"Cucinotta, Belvedere e Andreozzi sono le 'Figlie di Eva' in 1\u00b0 toscana","og_description":"Marted\u00ec 9 febbraio Cucinotta, Belvedere e Andreozzi sono le 'Figlie di Eva' in prima toscana","og_url":"https:\/\/www.intoscana.it\/it\/cucinotta-belvedere-e-andreozzi-sono-le-figlie-di-eva-in-1-toscana\/","og_site_name":"intoscana","article_publisher":"https:\/\/www.facebook.com\/intoscana.it","article_published_time":"2019-02-05T09:26:35+00:00","article_modified_time":"2020-05-18T08:47:04+00:00","og_image":[{"width":2000,"height":1333,"url":"https:\/\/www.intoscana.it\/wp-content\/uploads\/figlie-di-eva-fabio-lovino_1.jpg","type":"image\/jpeg"}],"author":"Redazione","twitter_card":"summary_large_image","twitter_creator":"@intoscana","twitter_site":"@intoscana","twitter_misc":{"Written by":"Redazione","Est. reading time":"2 minuti"},"schema":{"@context":"https:\/\/schema.org","@graph":[{"@type":"WebPage","@id":"https:\/\/www.intoscana.it\/it\/cucinotta-belvedere-e-andreozzi-sono-le-figlie-di-eva-in-1-toscana\/","url":"https:\/\/www.intoscana.it\/it\/cucinotta-belvedere-e-andreozzi-sono-le-figlie-di-eva-in-1-toscana\/","name":"Cucinotta, Belvedere e Andreozzi sono le 'Figlie di Eva' in 1\u00b0 toscana - intoscana","isPartOf":{"@id":"https:\/\/www.intoscana.it\/it\/#website"},"primaryImageOfPage":{"@id":"https:\/\/www.intoscana.it\/it\/cucinotta-belvedere-e-andreozzi-sono-le-figlie-di-eva-in-1-toscana\/#primaryimage"},"image":{"@id":"https:\/\/www.intoscana.it\/it\/cucinotta-belvedere-e-andreozzi-sono-le-figlie-di-eva-in-1-toscana\/#primaryimage"},"thumbnailUrl":"https:\/\/www.intoscana.it\/wp-content\/uploads\/figlie-di-eva-fabio-lovino_1.jpg","datePublished":"2019-02-05T09:26:35+00:00","dateModified":"2020-05-18T08:47:04+00:00","author":{"@id":"https:\/\/www.intoscana.it\/it\/#\/schema\/person\/9223810753230f20bd670fdd322661f8"},"description":"Marted\u00ec 9 febbraio Cucinotta, Belvedere e Andreozzi sono le 'Figlie di Eva' in prima toscana","breadcrumb":{"@id":"https:\/\/www.intoscana.it\/it\/cucinotta-belvedere-e-andreozzi-sono-le-figlie-di-eva-in-1-toscana\/#breadcrumb"},"inLanguage":"it-IT","potentialAction":[{"@type":"ReadAction","target":["https:\/\/www.intoscana.it\/it\/cucinotta-belvedere-e-andreozzi-sono-le-figlie-di-eva-in-1-toscana\/"]}]},{"@type":"ImageObject","inLanguage":"it-IT","@id":"https:\/\/www.intoscana.it\/it\/cucinotta-belvedere-e-andreozzi-sono-le-figlie-di-eva-in-1-toscana\/#primaryimage","url":"https:\/\/www.intoscana.it\/wp-content\/uploads\/figlie-di-eva-fabio-lovino_1.jpg","contentUrl":"https:\/\/www.intoscana.it\/wp-content\/uploads\/figlie-di-eva-fabio-lovino_1.jpg","width":2000,"height":1333},{"@type":"BreadcrumbList","@id":"https:\/\/www.intoscana.it\/it\/cucinotta-belvedere-e-andreozzi-sono-le-figlie-di-eva-in-1-toscana\/#breadcrumb","itemListElement":[{"@type":"ListItem","position":1,"name":"Home","item":"https:\/\/www.intoscana.it\/it\/"},{"@type":"ListItem","position":2,"name":"Cucinotta, Belvedere e Andreozzi sono le &#8216;Figlie di Eva&#8217; in 1\u00b0 toscana"}]},{"@type":"WebSite","@id":"https:\/\/www.intoscana.it\/it\/#website","url":"https:\/\/www.intoscana.it\/it\/","name":"intoscana","description":"","potentialAction":[{"@type":"SearchAction","target":{"@type":"EntryPoint","urlTemplate":"https:\/\/www.intoscana.it\/it\/?s={search_term_string}"},"query-input":{"@type":"PropertyValueSpecification","valueRequired":true,"valueName":"search_term_string"}}],"inLanguage":"it-IT"},{"@type":"Person","@id":"https:\/\/www.intoscana.it\/it\/#\/schema\/person\/9223810753230f20bd670fdd322661f8","name":"Redazione","url":"https:\/\/www.intoscana.it\/it\/author\/redazione\/"}]}},"_links":{"self":[{"href":"https:\/\/www.intoscana.it\/it\/wp-json\/wp\/v2\/posts\/55720","targetHints":{"allow":["GET"]}}],"collection":[{"href":"https:\/\/www.intoscana.it\/it\/wp-json\/wp\/v2\/posts"}],"about":[{"href":"https:\/\/www.intoscana.it\/it\/wp-json\/wp\/v2\/types\/post"}],"author":[{"embeddable":true,"href":"https:\/\/www.intoscana.it\/it\/wp-json\/wp\/v2\/users\/525"}],"replies":[{"embeddable":true,"href":"https:\/\/www.intoscana.it\/it\/wp-json\/wp\/v2\/comments?post=55720"}],"version-history":[{"count":0,"href":"https:\/\/www.intoscana.it\/it\/wp-json\/wp\/v2\/posts\/55720\/revisions"}],"wp:featuredmedia":[{"embeddable":true,"href":"https:\/\/www.intoscana.it\/it\/wp-json\/wp\/v2\/media\/92771"}],"wp:attachment":[{"href":"https:\/\/www.intoscana.it\/it\/wp-json\/wp\/v2\/media?parent=55720"}],"wp:term":[{"taxonomy":"category","embeddable":true,"href":"https:\/\/www.intoscana.it\/it\/wp-json\/wp\/v2\/categories?post=55720"},{"taxonomy":"post_tag","embeddable":true,"href":"https:\/\/www.intoscana.it\/it\/wp-json\/wp\/v2\/tags?post=55720"}],"curies":[{"name":"wp","href":"https:\/\/api.w.org\/{rel}","templated":true}]}}