{"id":55725,"date":"2019-01-22T09:45:50","date_gmt":"2019-01-22T09:45:50","guid":{"rendered":"http:\/\/www.intoscana.it\/a-prato-si-festeggia-il-capodanno-cinese-inizia-lanno-del-maiale\/"},"modified":"2020-05-18T10:47:06","modified_gmt":"2020-05-18T08:47:06","slug":"a-prato-si-festeggia-il-capodanno-cinese-inizia-lanno-del-maiale","status":"publish","type":"post","link":"https:\/\/www.intoscana.it\/it\/a-prato-si-festeggia-il-capodanno-cinese-inizia-lanno-del-maiale\/","title":{"rendered":"A Prato si festeggia il Capodanno Cinese: inizia l&#8217;anno del maiale"},"content":{"rendered":"<p>Sar\u00e0 un evento imperdibile quello che si sta preparando a Prato per il prossimo <strong>Capodanno cinese<\/strong>:<strong> l&#8217;Associazione buddista della comunit\u00e0 cinese<\/strong> in Italia che ha la sua sede nel<strong> tempio buddista di Prato PU HUA SI<\/strong>&nbsp;in piazza della Gualchierina ha commissionato la costruzione di <strong>imponenti lanterne raffiguranti i principali monumenti<\/strong>&nbsp;e simboli delle pi\u00f9 importanti regioni cinesi. <strong>Le grandi lanterne saranno posizionate nell&#8217;area della Piazza del Mercato Nuovo<\/strong>, in prossimit\u00e0 del Tempio, con una disposizione che rispecchier\u00e0 la loro collocazione sulla pianta geografica della grande nazione asiatica.&nbsp;All&#8217;interno dell&#8217;area sar\u00e0 collocato anche un palco sul quale si terranno una grande variet\u00e0 di spettacoli di <strong>danza tradizionale cinese, musica, arti marziali e karaoke<\/strong>.<\/p>\n<p>Ad aprire i festeggiamenti sar\u00e0&nbsp;<strong>il concerto di Giulia Mazzoni,<\/strong> la pianista pratese reduce dal suo secondo tour in Asia, sold out in tutti i teatri, partito da Taiwan e concluso in Cina, che ha portato l\u2019artista a suonare in teatri di grande prestigio come il \u201cTaoyuan City Performing Art Center\u201d di Taiwan o il \u201cTianjin Jiwan Grand Theater\u201d in Cina. Il concerto si terr\u00e0 sul palco di <strong>Piazza del Mercato Nuovo,<\/strong> durante la <strong>cerimonia di inaugurazione,<\/strong> che inizier\u00e0 <strong>alle ore 10.00 il 14 febbraio.<\/strong>&nbsp;<\/p>\n<p>La settimana si chiuder\u00e0 con le due tradizionali sfilate del dragone: <strong>il 16 febbraio la sfilata nella zona industriale e il 17 febbraio la tradizionale sfilata in via Pistoiese con arrivo in piazza del Comune<\/strong>. Entrambi i cortei partiranno alle ore 10.00 dal Tempio Buddista di Piazza della Gualchierina.<\/p>\n<p>Si terr\u00e0 una piccola anteprima dei festeggiamenti il <strong>4 febbraio<\/strong> con la <strong>Cerimonia dei rintocchi rituali della campana del tempio Buddista Pu HUA SI<\/strong>.<\/p>\n","protected":false},"excerpt":{"rendered":"<p>Dal 14 al 17 febbraio un imponente allestimento in piazza del mercato nuovo con eventi, musica, danza e la spettacolare sfilata del Dragone<\/p>\n","protected":false},"author":525,"featured_media":92776,"comment_status":"open","ping_status":"open","sticky":false,"template":"","format":"standard","meta":{"_acf_changed":false,"footnotes":""},"categories":[493,5],"tags":[259],"class_list":["post-55725","post","type-post","status-publish","format-standard","has-post-thumbnail","hentry","category-cultura","category-arte-e-cultura","tag-prato"],"acf":[],"yoast_head":"<!-- This site is optimized with the Yoast SEO Premium plugin v24.2 (Yoast SEO v25.6) - https:\/\/yoast.com\/wordpress\/plugins\/seo\/ -->\n<title>A Prato si festeggia il Capodanno Cinese: inizia l&#039;anno del maiale - intoscana<\/title>\n<meta name=\"description\" content=\"A prato si festeggia il Capodanno Cinese: inizia l&#039;anno del maiale\" \/>\n<meta name=\"robots\" content=\"index, follow, max-snippet:-1, max-image-preview:large, max-video-preview:-1\" \/>\n<link rel=\"canonical\" href=\"https:\/\/www.intoscana.it\/it\/a-prato-si-festeggia-il-capodanno-cinese-inizia-lanno-del-maiale\/\" \/>\n<meta property=\"og:locale\" content=\"it_IT\" \/>\n<meta property=\"og:type\" content=\"article\" \/>\n<meta property=\"og:title\" content=\"A Prato si festeggia il Capodanno Cinese: inizia l&#039;anno del maiale\" \/>\n<meta property=\"og:description\" content=\"A prato si festeggia il Capodanno Cinese: inizia l&#039;anno del maiale\" \/>\n<meta property=\"og:url\" content=\"https:\/\/www.intoscana.it\/it\/a-prato-si-festeggia-il-capodanno-cinese-inizia-lanno-del-maiale\/\" \/>\n<meta property=\"og:site_name\" content=\"intoscana\" \/>\n<meta property=\"article:publisher\" content=\"https:\/\/www.facebook.com\/intoscana.it\" \/>\n<meta property=\"article:published_time\" content=\"2019-01-22T09:45:50+00:00\" \/>\n<meta property=\"article:modified_time\" content=\"2020-05-18T08:47:06+00:00\" \/>\n<meta property=\"og:image\" content=\"https:\/\/www.intoscana.it\/wp-content\/uploads\/90085833af193983b8a057b5a04c13a0.jpg\" \/>\n\t<meta property=\"og:image:width\" content=\"990\" \/>\n\t<meta property=\"og:image:height\" content=\"661\" \/>\n\t<meta property=\"og:image:type\" content=\"image\/jpeg\" \/>\n<meta name=\"author\" content=\"Redazione\" \/>\n<meta name=\"twitter:card\" content=\"summary_large_image\" \/>\n<meta name=\"twitter:creator\" content=\"@intoscana\" \/>\n<meta name=\"twitter:site\" content=\"@intoscana\" \/>\n<meta name=\"twitter:label1\" content=\"Written by\" \/>\n\t<meta name=\"twitter:data1\" content=\"Redazione\" \/>\n\t<meta name=\"twitter:label2\" content=\"Est. reading time\" \/>\n\t<meta name=\"twitter:data2\" content=\"1 minuto\" \/>\n<script type=\"application\/ld+json\" class=\"yoast-schema-graph\">{\"@context\":\"https:\/\/schema.org\",\"@graph\":[{\"@type\":\"WebPage\",\"@id\":\"https:\/\/www.intoscana.it\/it\/a-prato-si-festeggia-il-capodanno-cinese-inizia-lanno-del-maiale\/\",\"url\":\"https:\/\/www.intoscana.it\/it\/a-prato-si-festeggia-il-capodanno-cinese-inizia-lanno-del-maiale\/\",\"name\":\"A Prato si festeggia il Capodanno Cinese: inizia l'anno del maiale - intoscana\",\"isPartOf\":{\"@id\":\"https:\/\/www.intoscana.it\/it\/#website\"},\"primaryImageOfPage\":{\"@id\":\"https:\/\/www.intoscana.it\/it\/a-prato-si-festeggia-il-capodanno-cinese-inizia-lanno-del-maiale\/#primaryimage\"},\"image\":{\"@id\":\"https:\/\/www.intoscana.it\/it\/a-prato-si-festeggia-il-capodanno-cinese-inizia-lanno-del-maiale\/#primaryimage\"},\"thumbnailUrl\":\"https:\/\/www.intoscana.it\/wp-content\/uploads\/90085833af193983b8a057b5a04c13a0.jpg\",\"datePublished\":\"2019-01-22T09:45:50+00:00\",\"dateModified\":\"2020-05-18T08:47:06+00:00\",\"author\":{\"@id\":\"https:\/\/www.intoscana.it\/it\/#\/schema\/person\/9223810753230f20bd670fdd322661f8\"},\"description\":\"A prato si festeggia il Capodanno Cinese: inizia l'anno del maiale\",\"breadcrumb\":{\"@id\":\"https:\/\/www.intoscana.it\/it\/a-prato-si-festeggia-il-capodanno-cinese-inizia-lanno-del-maiale\/#breadcrumb\"},\"inLanguage\":\"it-IT\",\"potentialAction\":[{\"@type\":\"ReadAction\",\"target\":[\"https:\/\/www.intoscana.it\/it\/a-prato-si-festeggia-il-capodanno-cinese-inizia-lanno-del-maiale\/\"]}]},{\"@type\":\"ImageObject\",\"inLanguage\":\"it-IT\",\"@id\":\"https:\/\/www.intoscana.it\/it\/a-prato-si-festeggia-il-capodanno-cinese-inizia-lanno-del-maiale\/#primaryimage\",\"url\":\"https:\/\/www.intoscana.it\/wp-content\/uploads\/90085833af193983b8a057b5a04c13a0.jpg\",\"contentUrl\":\"https:\/\/www.intoscana.it\/wp-content\/uploads\/90085833af193983b8a057b5a04c13a0.jpg\",\"width\":990,\"height\":661},{\"@type\":\"BreadcrumbList\",\"@id\":\"https:\/\/www.intoscana.it\/it\/a-prato-si-festeggia-il-capodanno-cinese-inizia-lanno-del-maiale\/#breadcrumb\",\"itemListElement\":[{\"@type\":\"ListItem\",\"position\":1,\"name\":\"Home\",\"item\":\"https:\/\/www.intoscana.it\/it\/\"},{\"@type\":\"ListItem\",\"position\":2,\"name\":\"A Prato si festeggia il Capodanno Cinese: inizia l&#8217;anno del maiale\"}]},{\"@type\":\"WebSite\",\"@id\":\"https:\/\/www.intoscana.it\/it\/#website\",\"url\":\"https:\/\/www.intoscana.it\/it\/\",\"name\":\"intoscana\",\"description\":\"\",\"potentialAction\":[{\"@type\":\"SearchAction\",\"target\":{\"@type\":\"EntryPoint\",\"urlTemplate\":\"https:\/\/www.intoscana.it\/it\/?s={search_term_string}\"},\"query-input\":{\"@type\":\"PropertyValueSpecification\",\"valueRequired\":true,\"valueName\":\"search_term_string\"}}],\"inLanguage\":\"it-IT\"},{\"@type\":\"Person\",\"@id\":\"https:\/\/www.intoscana.it\/it\/#\/schema\/person\/9223810753230f20bd670fdd322661f8\",\"name\":\"Redazione\",\"url\":\"https:\/\/www.intoscana.it\/it\/author\/redazione\/\"}]}<\/script>\n<!-- \/ Yoast SEO Premium plugin. -->","yoast_head_json":{"title":"A Prato si festeggia il Capodanno Cinese: inizia l'anno del maiale - intoscana","description":"A prato si festeggia il Capodanno Cinese: inizia l'anno del maiale","robots":{"index":"index","follow":"follow","max-snippet":"max-snippet:-1","max-image-preview":"max-image-preview:large","max-video-preview":"max-video-preview:-1"},"canonical":"https:\/\/www.intoscana.it\/it\/a-prato-si-festeggia-il-capodanno-cinese-inizia-lanno-del-maiale\/","og_locale":"it_IT","og_type":"article","og_title":"A Prato si festeggia il Capodanno Cinese: inizia l'anno del maiale","og_description":"A prato si festeggia il Capodanno Cinese: inizia l'anno del maiale","og_url":"https:\/\/www.intoscana.it\/it\/a-prato-si-festeggia-il-capodanno-cinese-inizia-lanno-del-maiale\/","og_site_name":"intoscana","article_publisher":"https:\/\/www.facebook.com\/intoscana.it","article_published_time":"2019-01-22T09:45:50+00:00","article_modified_time":"2020-05-18T08:47:06+00:00","og_image":[{"width":990,"height":661,"url":"https:\/\/www.intoscana.it\/wp-content\/uploads\/90085833af193983b8a057b5a04c13a0.jpg","type":"image\/jpeg"}],"author":"Redazione","twitter_card":"summary_large_image","twitter_creator":"@intoscana","twitter_site":"@intoscana","twitter_misc":{"Written by":"Redazione","Est. reading time":"1 minuto"},"schema":{"@context":"https:\/\/schema.org","@graph":[{"@type":"WebPage","@id":"https:\/\/www.intoscana.it\/it\/a-prato-si-festeggia-il-capodanno-cinese-inizia-lanno-del-maiale\/","url":"https:\/\/www.intoscana.it\/it\/a-prato-si-festeggia-il-capodanno-cinese-inizia-lanno-del-maiale\/","name":"A Prato si festeggia il Capodanno Cinese: inizia l'anno del maiale - intoscana","isPartOf":{"@id":"https:\/\/www.intoscana.it\/it\/#website"},"primaryImageOfPage":{"@id":"https:\/\/www.intoscana.it\/it\/a-prato-si-festeggia-il-capodanno-cinese-inizia-lanno-del-maiale\/#primaryimage"},"image":{"@id":"https:\/\/www.intoscana.it\/it\/a-prato-si-festeggia-il-capodanno-cinese-inizia-lanno-del-maiale\/#primaryimage"},"thumbnailUrl":"https:\/\/www.intoscana.it\/wp-content\/uploads\/90085833af193983b8a057b5a04c13a0.jpg","datePublished":"2019-01-22T09:45:50+00:00","dateModified":"2020-05-18T08:47:06+00:00","author":{"@id":"https:\/\/www.intoscana.it\/it\/#\/schema\/person\/9223810753230f20bd670fdd322661f8"},"description":"A prato si festeggia il Capodanno Cinese: inizia l'anno del maiale","breadcrumb":{"@id":"https:\/\/www.intoscana.it\/it\/a-prato-si-festeggia-il-capodanno-cinese-inizia-lanno-del-maiale\/#breadcrumb"},"inLanguage":"it-IT","potentialAction":[{"@type":"ReadAction","target":["https:\/\/www.intoscana.it\/it\/a-prato-si-festeggia-il-capodanno-cinese-inizia-lanno-del-maiale\/"]}]},{"@type":"ImageObject","inLanguage":"it-IT","@id":"https:\/\/www.intoscana.it\/it\/a-prato-si-festeggia-il-capodanno-cinese-inizia-lanno-del-maiale\/#primaryimage","url":"https:\/\/www.intoscana.it\/wp-content\/uploads\/90085833af193983b8a057b5a04c13a0.jpg","contentUrl":"https:\/\/www.intoscana.it\/wp-content\/uploads\/90085833af193983b8a057b5a04c13a0.jpg","width":990,"height":661},{"@type":"BreadcrumbList","@id":"https:\/\/www.intoscana.it\/it\/a-prato-si-festeggia-il-capodanno-cinese-inizia-lanno-del-maiale\/#breadcrumb","itemListElement":[{"@type":"ListItem","position":1,"name":"Home","item":"https:\/\/www.intoscana.it\/it\/"},{"@type":"ListItem","position":2,"name":"A Prato si festeggia il Capodanno Cinese: inizia l&#8217;anno del maiale"}]},{"@type":"WebSite","@id":"https:\/\/www.intoscana.it\/it\/#website","url":"https:\/\/www.intoscana.it\/it\/","name":"intoscana","description":"","potentialAction":[{"@type":"SearchAction","target":{"@type":"EntryPoint","urlTemplate":"https:\/\/www.intoscana.it\/it\/?s={search_term_string}"},"query-input":{"@type":"PropertyValueSpecification","valueRequired":true,"valueName":"search_term_string"}}],"inLanguage":"it-IT"},{"@type":"Person","@id":"https:\/\/www.intoscana.it\/it\/#\/schema\/person\/9223810753230f20bd670fdd322661f8","name":"Redazione","url":"https:\/\/www.intoscana.it\/it\/author\/redazione\/"}]}},"_links":{"self":[{"href":"https:\/\/www.intoscana.it\/it\/wp-json\/wp\/v2\/posts\/55725","targetHints":{"allow":["GET"]}}],"collection":[{"href":"https:\/\/www.intoscana.it\/it\/wp-json\/wp\/v2\/posts"}],"about":[{"href":"https:\/\/www.intoscana.it\/it\/wp-json\/wp\/v2\/types\/post"}],"author":[{"embeddable":true,"href":"https:\/\/www.intoscana.it\/it\/wp-json\/wp\/v2\/users\/525"}],"replies":[{"embeddable":true,"href":"https:\/\/www.intoscana.it\/it\/wp-json\/wp\/v2\/comments?post=55725"}],"version-history":[{"count":0,"href":"https:\/\/www.intoscana.it\/it\/wp-json\/wp\/v2\/posts\/55725\/revisions"}],"wp:featuredmedia":[{"embeddable":true,"href":"https:\/\/www.intoscana.it\/it\/wp-json\/wp\/v2\/media\/92776"}],"wp:attachment":[{"href":"https:\/\/www.intoscana.it\/it\/wp-json\/wp\/v2\/media?parent=55725"}],"wp:term":[{"taxonomy":"category","embeddable":true,"href":"https:\/\/www.intoscana.it\/it\/wp-json\/wp\/v2\/categories?post=55725"},{"taxonomy":"post_tag","embeddable":true,"href":"https:\/\/www.intoscana.it\/it\/wp-json\/wp\/v2\/tags?post=55725"}],"curies":[{"name":"wp","href":"https:\/\/api.w.org\/{rel}","templated":true}]}}