{"id":55763,"date":"2019-04-09T09:32:45","date_gmt":"2019-04-09T09:32:45","guid":{"rendered":"http:\/\/www.intoscana.it\/la-poesia-e-il-posto-giusto-lesordio-dello-scrittore-giovanni-de-caro\/"},"modified":"2020-05-18T10:47:19","modified_gmt":"2020-05-18T08:47:19","slug":"la-poesia-e-il-posto-giusto-lesordio-dello-scrittore-giovanni-de-caro","status":"publish","type":"post","link":"https:\/\/www.intoscana.it\/it\/la-poesia-e-il-posto-giusto-lesordio-dello-scrittore-giovanni-de-caro\/","title":{"rendered":"La poesia \u00e8 il \u2018posto giusto\u2019: l\u2019esordio dello scrittore Giovanni De Caro"},"content":{"rendered":"<p>&nbsp;<\/p>\n<p><strong>Giovanni De Caro, classe &#8217;77, vive a Pisa<\/strong> dove si prende cura dei capolavori architettonici della citt\u00e0. Nella sua vita ha svolto ogni tipo di lavoro da barista ad autista, ha svolto il servizio civile a Volterra e poi ha studiato come educatore facendo il tirocinio&nbsp;<strong>nella sezione maschile nel reparto di psichiatria dell&#8217;ospedale Santa Chiara di Pisa<\/strong>, un&#8217;esperienza che si porter\u00e0 dentro per sempre.&nbsp;Le sue passioni pi\u00f9 grandi oltre al calcio e allo sport in generale sono il cinema e <strong>le poesie dei grandi poeti e cantautori italiani.<\/strong>&nbsp;Quando cala la notte e il ritmo della vita si fa pi\u00f9 denso spesso apre un quaderno e lascia scorrere le sue parole sulla pagina, una vita &#8216;parallela&#8217; che lo accompagna ormai da tantissimi anni.&nbsp;<strong>&#8220;Una scena che non posso dirti&#8221;<\/strong> pubblicato da <strong>Edizioni Ensemble<\/strong> \u00e8 il suo esordio &#8216;cartaceo&#8217; nella poesia. <strong>Ecco la nostra intervista.<\/strong>&nbsp;<\/p>\n<p><strong>Ciao Giovanni! Quando comincia il tuo amore per la poesia, quando hai cominciato a scrivere poesie?<\/strong><br \/>Ho cominciato intorno ai 18 anni. Avevo da poco iniziato ad ascoltare i cantautori italiani, e mi si era aperto un mondo. Leggendo i testi delle canzoni, avevo scoperto che la parola scritta ha una forza diversa da quella cantata. Leggere il testo di una canzone o ascoltarla, erano due esperienze molto diverse, ed entrambe belle. Allora non potendo cantare, iniziai a scrivere dei testi. All\u2019inizio non pensavo alla poesia, scrivevo pensando solo alle canzoni. In un certo senso ho iniziato scrivendo canzoni. Forse il mio vero sogno era quello di fare il cantante!<\/p>\n<p> <strong>Quali sono i tuoi poeti preferiti?<\/strong><br \/>Beh \u00e8 sempre molto difficile rispondere a questa domanda. Direi impossibile. Volendo fare un gioco, dico che il mio poeta preferito \u00e8 quello che dice sempre la verit\u00e0 a s\u00e9 stesso, ha la sfrontatezza di <strong>Bukowski,<\/strong> l\u2019eleganza trasognata di <strong>Montale,<\/strong> il cervello di <strong>Pasolini,<\/strong> e l\u2019estro di <strong>Dylan Thomas.<\/strong><\/p>\n<p> <strong>Vorrei capire come e quando nasce una poesia? Scrivi di notte o di giorno?<\/strong><br \/>Una poesia per me nasce quasi sempre di notte, salvo rari casi. Come non lo so. Le poche nate di giorno nascono da sole, vengono fuori gi\u00e0 con le parole, come diceva uno. Mi piace scrivere la sera, prima di dormire. Credo sia il momento migliore. Di solito nasce da una sola frase. Mi viene in mente un inizio, uno spunto o un\u2019idea, e la scrivo. Spesso parto da una frase che ho sentito dire a qualcuno durante il giorno, o che ho semplicemente pensato. Il giorno \u00e8 pieno di frasi bellissime. Di giorno si memorizza e di notte si scrive, credo funzioni cos\u00ec.<\/p>\n<p> <strong>In una delle tue poesie pi\u00f9 belle a un certo punto dici &#8216;sono sicuro di stare nel posto giusto qui in cucina a scrivere&#8217;, \u00e8 come se la scrittura ti ricollocasse nel mondo, ti desse appunto &#8216;un posto giusto dove stare&#8217;. Cos&#8217;\u00e8 per te la scrittura?<\/strong><br \/>L\u2019hai gi\u00e0 detto! \u00c8 un posto giusto dove stare. Non saprei dirlo meglio, e infatti nella poesia lo dico cos\u00ec. Che posto \u00e8? Quando scrivi sei nel posto dove tutti possono giudicarti e tu puoi giudicare tutti. In pratica \u00e8 il massimo della libert\u00e0, e per questo mi piace. Poi \u00e8 anche un modo per non morire del tutto quando poi morirai. Io la intendo pi\u00f9 che altro cos\u00ec la scrittura. Tutto quello che uno scrive nella vita credo sia solo un lunghissimo testamento. \u00c8 quello che lasci. Poi c\u2019\u00e8 anche chi non vuole farlo il testamento, per carit\u00e0, per\u00f2 il senso della scrittura per me \u00e8 questo, \u00e8 la conseguenza naturale del mio attaccamento alla vita.<\/p>\n<p> <strong>Nelle tue poesie ci sono molte donne, o forse sempre la stessa, ma usi per descriverle\/la spesso metafore dal regno animale, prima \u00e8 un levriero, poi un cervo o una volpe. Come mai?<\/strong><br \/>Non ci avevo pensato! Non so, mi piacciono molto gli animali, mi affascinano gli occhi e i movimenti che hanno. Mi chiedo cosa pensano. Magari non mi batto per i loro diritti per\u00f2 li tratto con amore, sempre. Anche con le donne \u00e8 cos\u00ec, inevitabilmente. C\u2019\u00e8 sempre questa barriera invisibile di incomprensione, perch\u00e9 sono esseri molto diversi, l\u2019uomo e la donna. Non ci capiamo a vicenda e ognuno a modo suo scappa. Come il cervo, o la volpe.<\/p>\n<p><strong>&#8216;Baby Love&#8217; \u00e8 una delle mie poesie preferite, in cui si assiste a un capovolgimento del punto di vista dello spettatore. Mi sembra che il periodo dell&#8217;infanzia, di quando eri bambino, sia per te particolarmente importante, \u00e8 cos\u00ec?<\/strong><br \/>\u00c8 la cosa pi\u00f9 importante del mondo, non dimenticare mai il bambino che siamo stati. La pi\u00f9 importante di tutte.<\/p>\n<p><strong>&#8216;Una scena che non posso dirti&#8217;, \u00e8 la poesia che da il titolo al tuo libro. \u00c8&nbsp;una poesia densa di mistero in cui si capisce che \u00e8 successo qualcosa di terribile e inevitabile, ma non sappiamo cosa. Puoi dirci qualcosa di pi\u00f9? Oppure lasciamo l&#8217;interpretazione aperta ai lettori?<\/strong><br \/>L\u2019ho scritta a quattro mani insieme al mio amico e fratello <strong>Luca Torri.<\/strong> C\u2019\u00e8 stato un periodo in cui vivevamo insieme, con altri amici, e una sera nacque per gioco questa idea di scrivere insieme. Nel libro ce ne sono quattro o cinque scritte con Luca. Quella che hai citato parla di un segreto inconfessabile, ma solo apparentemente. Lascia credere che sia successo qualcosa, magari quando eravamo bambini, ma in realt\u00e0 \u00e8 successo soltanto che siamo diventati grandi. E questa \u00e8 la vera tragedia. Da bambini dovevamo obbedire ai nostri genitori, e non vedevamo l\u2019ora di diventare grandi per essere finalmente liberi. Poi si \u00e8 liberi ma non cambia granch\u00e9, anzi le cose peggiorano, perch\u00e9 si continua a obbedire, ma non ai genitori&#8230;<\/p>\n<p><strong> Mi sembra che nelle tue poesie si oscilli sempre tra un grande amore e &#8216;stupore&#8217; per tutto quello che \u00e8 la vita e allo stesso tempo un dolore, una malinconia di base, un approccio disincantato allo stare al mondo che ne pensi?<\/strong><br \/>Penso sia una analisi esatta. La malinconia viene proprio da questo grande amore per tutto ci\u00f2 che \u00e8 la vita. Pi\u00f9 ti piace la vita e pi\u00f9 sarai triste, perch\u00e9 purtroppo esiste il tempo. E la vita ha un tempo limitato. Per\u00f2 secondo me la malinconia serve, perch\u00e9 ti salva dalla tristezza profonda. \u00c8 come un vaccino per l\u2019umore, ti fa un po\u2019 male e dura tutta la vita, per\u00f2 ti salva dalla malattia vera.<\/p>\n<p><strong>Per informazioni sul libro:<\/strong><br \/><strong><a href=\"https:\/\/www.edizioniensemble.it\">https:\/\/www.edizioniensemble.it<br \/><\/a><\/strong><br \/><strong>Foto di BrAt82<\/strong><\/p>\n","protected":false},"excerpt":{"rendered":"<p>Lo scrittore pisano ha da poco pubblicato &#8216;Una scena che non posso dirti&#8217; per la casa editrice Edizioni Ensemble<\/p>\n","protected":false},"author":518,"featured_media":92814,"comment_status":"open","ping_status":"open","sticky":false,"template":"","format":"standard","meta":{"_acf_changed":false,"footnotes":""},"categories":[493,5],"tags":[],"class_list":["post-55763","post","type-post","status-publish","format-standard","has-post-thumbnail","hentry","category-cultura","category-arte-e-cultura"],"acf":[],"yoast_head":"<!-- This site is optimized with the Yoast SEO Premium plugin v24.2 (Yoast SEO v25.6) - https:\/\/yoast.com\/wordpress\/plugins\/seo\/ -->\n<title>La poesia \u00e8 il \u2018posto giusto\u2019: l\u2019esordio dello scrittore Giovanni De Caro - intoscana<\/title>\n<meta name=\"description\" content=\"La poesia \u00e8 il \u2018posto giusto\u2019: l\u2019esordio di Giovanni De Caro\" \/>\n<meta name=\"robots\" content=\"index, follow, max-snippet:-1, max-image-preview:large, max-video-preview:-1\" \/>\n<link rel=\"canonical\" href=\"https:\/\/www.intoscana.it\/it\/la-poesia-e-il-posto-giusto-lesordio-dello-scrittore-giovanni-de-caro\/\" \/>\n<meta property=\"og:locale\" content=\"it_IT\" \/>\n<meta property=\"og:type\" content=\"article\" \/>\n<meta property=\"og:title\" content=\"La poesia \u00e8 il \u2018posto giusto\u2019: l\u2019esordio dello scrittore Giovanni De Caro\" \/>\n<meta property=\"og:description\" content=\"La poesia \u00e8 il \u2018posto giusto\u2019: l\u2019esordio di Giovanni De Caro\" \/>\n<meta property=\"og:url\" content=\"https:\/\/www.intoscana.it\/it\/la-poesia-e-il-posto-giusto-lesordio-dello-scrittore-giovanni-de-caro\/\" \/>\n<meta property=\"og:site_name\" content=\"intoscana\" \/>\n<meta property=\"article:publisher\" content=\"https:\/\/www.facebook.com\/intoscana.it\" \/>\n<meta property=\"article:published_time\" content=\"2019-04-09T09:32:45+00:00\" \/>\n<meta property=\"article:modified_time\" content=\"2020-05-18T08:47:19+00:00\" \/>\n<meta property=\"og:image\" content=\"https:\/\/www.intoscana.it\/wp-content\/uploads\/scrivere_penna.jpg\" \/>\n\t<meta property=\"og:image:width\" content=\"2000\" \/>\n\t<meta property=\"og:image:height\" content=\"1333\" \/>\n\t<meta property=\"og:image:type\" content=\"image\/jpeg\" \/>\n<meta name=\"author\" content=\"Costanza Baldini\" \/>\n<meta name=\"twitter:card\" content=\"summary_large_image\" \/>\n<meta name=\"twitter:creator\" content=\"@intoscana\" \/>\n<meta name=\"twitter:site\" content=\"@intoscana\" \/>\n<meta name=\"twitter:label1\" content=\"Written by\" \/>\n\t<meta name=\"twitter:data1\" content=\"Costanza Baldini\" \/>\n\t<meta name=\"twitter:label2\" content=\"Est. reading time\" \/>\n\t<meta name=\"twitter:data2\" content=\"5 minuti\" \/>\n<script type=\"application\/ld+json\" class=\"yoast-schema-graph\">{\"@context\":\"https:\/\/schema.org\",\"@graph\":[{\"@type\":\"WebPage\",\"@id\":\"https:\/\/www.intoscana.it\/it\/la-poesia-e-il-posto-giusto-lesordio-dello-scrittore-giovanni-de-caro\/\",\"url\":\"https:\/\/www.intoscana.it\/it\/la-poesia-e-il-posto-giusto-lesordio-dello-scrittore-giovanni-de-caro\/\",\"name\":\"La poesia \u00e8 il \u2018posto giusto\u2019: l\u2019esordio dello scrittore Giovanni De Caro - intoscana\",\"isPartOf\":{\"@id\":\"https:\/\/www.intoscana.it\/it\/#website\"},\"primaryImageOfPage\":{\"@id\":\"https:\/\/www.intoscana.it\/it\/la-poesia-e-il-posto-giusto-lesordio-dello-scrittore-giovanni-de-caro\/#primaryimage\"},\"image\":{\"@id\":\"https:\/\/www.intoscana.it\/it\/la-poesia-e-il-posto-giusto-lesordio-dello-scrittore-giovanni-de-caro\/#primaryimage\"},\"thumbnailUrl\":\"https:\/\/www.intoscana.it\/wp-content\/uploads\/scrivere_penna.jpg\",\"datePublished\":\"2019-04-09T09:32:45+00:00\",\"dateModified\":\"2020-05-18T08:47:19+00:00\",\"author\":{\"@id\":\"https:\/\/www.intoscana.it\/it\/#\/schema\/person\/d469f35f09739bdf00bf5dd3f0647a82\"},\"description\":\"La poesia \u00e8 il \u2018posto giusto\u2019: l\u2019esordio di Giovanni De Caro\",\"breadcrumb\":{\"@id\":\"https:\/\/www.intoscana.it\/it\/la-poesia-e-il-posto-giusto-lesordio-dello-scrittore-giovanni-de-caro\/#breadcrumb\"},\"inLanguage\":\"it-IT\",\"potentialAction\":[{\"@type\":\"ReadAction\",\"target\":[\"https:\/\/www.intoscana.it\/it\/la-poesia-e-il-posto-giusto-lesordio-dello-scrittore-giovanni-de-caro\/\"]}]},{\"@type\":\"ImageObject\",\"inLanguage\":\"it-IT\",\"@id\":\"https:\/\/www.intoscana.it\/it\/la-poesia-e-il-posto-giusto-lesordio-dello-scrittore-giovanni-de-caro\/#primaryimage\",\"url\":\"https:\/\/www.intoscana.it\/wp-content\/uploads\/scrivere_penna.jpg\",\"contentUrl\":\"https:\/\/www.intoscana.it\/wp-content\/uploads\/scrivere_penna.jpg\",\"width\":2000,\"height\":1333},{\"@type\":\"BreadcrumbList\",\"@id\":\"https:\/\/www.intoscana.it\/it\/la-poesia-e-il-posto-giusto-lesordio-dello-scrittore-giovanni-de-caro\/#breadcrumb\",\"itemListElement\":[{\"@type\":\"ListItem\",\"position\":1,\"name\":\"Home\",\"item\":\"https:\/\/www.intoscana.it\/it\/\"},{\"@type\":\"ListItem\",\"position\":2,\"name\":\"La poesia \u00e8 il \u2018posto giusto\u2019: l\u2019esordio dello scrittore Giovanni De Caro\"}]},{\"@type\":\"WebSite\",\"@id\":\"https:\/\/www.intoscana.it\/it\/#website\",\"url\":\"https:\/\/www.intoscana.it\/it\/\",\"name\":\"intoscana\",\"description\":\"\",\"potentialAction\":[{\"@type\":\"SearchAction\",\"target\":{\"@type\":\"EntryPoint\",\"urlTemplate\":\"https:\/\/www.intoscana.it\/it\/?s={search_term_string}\"},\"query-input\":{\"@type\":\"PropertyValueSpecification\",\"valueRequired\":true,\"valueName\":\"search_term_string\"}}],\"inLanguage\":\"it-IT\"},{\"@type\":\"Person\",\"@id\":\"https:\/\/www.intoscana.it\/it\/#\/schema\/person\/d469f35f09739bdf00bf5dd3f0647a82\",\"name\":\"Costanza Baldini\",\"url\":\"https:\/\/www.intoscana.it\/it\/author\/costanza-baldini\/\"}]}<\/script>\n<!-- \/ Yoast SEO Premium plugin. -->","yoast_head_json":{"title":"La poesia \u00e8 il \u2018posto giusto\u2019: l\u2019esordio dello scrittore Giovanni De Caro - intoscana","description":"La poesia \u00e8 il \u2018posto giusto\u2019: l\u2019esordio di Giovanni De Caro","robots":{"index":"index","follow":"follow","max-snippet":"max-snippet:-1","max-image-preview":"max-image-preview:large","max-video-preview":"max-video-preview:-1"},"canonical":"https:\/\/www.intoscana.it\/it\/la-poesia-e-il-posto-giusto-lesordio-dello-scrittore-giovanni-de-caro\/","og_locale":"it_IT","og_type":"article","og_title":"La poesia \u00e8 il \u2018posto giusto\u2019: l\u2019esordio dello scrittore Giovanni De Caro","og_description":"La poesia \u00e8 il \u2018posto giusto\u2019: l\u2019esordio di Giovanni De Caro","og_url":"https:\/\/www.intoscana.it\/it\/la-poesia-e-il-posto-giusto-lesordio-dello-scrittore-giovanni-de-caro\/","og_site_name":"intoscana","article_publisher":"https:\/\/www.facebook.com\/intoscana.it","article_published_time":"2019-04-09T09:32:45+00:00","article_modified_time":"2020-05-18T08:47:19+00:00","og_image":[{"width":2000,"height":1333,"url":"https:\/\/www.intoscana.it\/wp-content\/uploads\/scrivere_penna.jpg","type":"image\/jpeg"}],"author":"Costanza Baldini","twitter_card":"summary_large_image","twitter_creator":"@intoscana","twitter_site":"@intoscana","twitter_misc":{"Written by":"Costanza Baldini","Est. reading time":"5 minuti"},"schema":{"@context":"https:\/\/schema.org","@graph":[{"@type":"WebPage","@id":"https:\/\/www.intoscana.it\/it\/la-poesia-e-il-posto-giusto-lesordio-dello-scrittore-giovanni-de-caro\/","url":"https:\/\/www.intoscana.it\/it\/la-poesia-e-il-posto-giusto-lesordio-dello-scrittore-giovanni-de-caro\/","name":"La poesia \u00e8 il \u2018posto giusto\u2019: l\u2019esordio dello scrittore Giovanni De Caro - intoscana","isPartOf":{"@id":"https:\/\/www.intoscana.it\/it\/#website"},"primaryImageOfPage":{"@id":"https:\/\/www.intoscana.it\/it\/la-poesia-e-il-posto-giusto-lesordio-dello-scrittore-giovanni-de-caro\/#primaryimage"},"image":{"@id":"https:\/\/www.intoscana.it\/it\/la-poesia-e-il-posto-giusto-lesordio-dello-scrittore-giovanni-de-caro\/#primaryimage"},"thumbnailUrl":"https:\/\/www.intoscana.it\/wp-content\/uploads\/scrivere_penna.jpg","datePublished":"2019-04-09T09:32:45+00:00","dateModified":"2020-05-18T08:47:19+00:00","author":{"@id":"https:\/\/www.intoscana.it\/it\/#\/schema\/person\/d469f35f09739bdf00bf5dd3f0647a82"},"description":"La poesia \u00e8 il \u2018posto giusto\u2019: l\u2019esordio di Giovanni De Caro","breadcrumb":{"@id":"https:\/\/www.intoscana.it\/it\/la-poesia-e-il-posto-giusto-lesordio-dello-scrittore-giovanni-de-caro\/#breadcrumb"},"inLanguage":"it-IT","potentialAction":[{"@type":"ReadAction","target":["https:\/\/www.intoscana.it\/it\/la-poesia-e-il-posto-giusto-lesordio-dello-scrittore-giovanni-de-caro\/"]}]},{"@type":"ImageObject","inLanguage":"it-IT","@id":"https:\/\/www.intoscana.it\/it\/la-poesia-e-il-posto-giusto-lesordio-dello-scrittore-giovanni-de-caro\/#primaryimage","url":"https:\/\/www.intoscana.it\/wp-content\/uploads\/scrivere_penna.jpg","contentUrl":"https:\/\/www.intoscana.it\/wp-content\/uploads\/scrivere_penna.jpg","width":2000,"height":1333},{"@type":"BreadcrumbList","@id":"https:\/\/www.intoscana.it\/it\/la-poesia-e-il-posto-giusto-lesordio-dello-scrittore-giovanni-de-caro\/#breadcrumb","itemListElement":[{"@type":"ListItem","position":1,"name":"Home","item":"https:\/\/www.intoscana.it\/it\/"},{"@type":"ListItem","position":2,"name":"La poesia \u00e8 il \u2018posto giusto\u2019: l\u2019esordio dello scrittore Giovanni De Caro"}]},{"@type":"WebSite","@id":"https:\/\/www.intoscana.it\/it\/#website","url":"https:\/\/www.intoscana.it\/it\/","name":"intoscana","description":"","potentialAction":[{"@type":"SearchAction","target":{"@type":"EntryPoint","urlTemplate":"https:\/\/www.intoscana.it\/it\/?s={search_term_string}"},"query-input":{"@type":"PropertyValueSpecification","valueRequired":true,"valueName":"search_term_string"}}],"inLanguage":"it-IT"},{"@type":"Person","@id":"https:\/\/www.intoscana.it\/it\/#\/schema\/person\/d469f35f09739bdf00bf5dd3f0647a82","name":"Costanza Baldini","url":"https:\/\/www.intoscana.it\/it\/author\/costanza-baldini\/"}]}},"_links":{"self":[{"href":"https:\/\/www.intoscana.it\/it\/wp-json\/wp\/v2\/posts\/55763","targetHints":{"allow":["GET"]}}],"collection":[{"href":"https:\/\/www.intoscana.it\/it\/wp-json\/wp\/v2\/posts"}],"about":[{"href":"https:\/\/www.intoscana.it\/it\/wp-json\/wp\/v2\/types\/post"}],"author":[{"embeddable":true,"href":"https:\/\/www.intoscana.it\/it\/wp-json\/wp\/v2\/users\/518"}],"replies":[{"embeddable":true,"href":"https:\/\/www.intoscana.it\/it\/wp-json\/wp\/v2\/comments?post=55763"}],"version-history":[{"count":0,"href":"https:\/\/www.intoscana.it\/it\/wp-json\/wp\/v2\/posts\/55763\/revisions"}],"wp:featuredmedia":[{"embeddable":true,"href":"https:\/\/www.intoscana.it\/it\/wp-json\/wp\/v2\/media\/92814"}],"wp:attachment":[{"href":"https:\/\/www.intoscana.it\/it\/wp-json\/wp\/v2\/media?parent=55763"}],"wp:term":[{"taxonomy":"category","embeddable":true,"href":"https:\/\/www.intoscana.it\/it\/wp-json\/wp\/v2\/categories?post=55763"},{"taxonomy":"post_tag","embeddable":true,"href":"https:\/\/www.intoscana.it\/it\/wp-json\/wp\/v2\/tags?post=55763"}],"curies":[{"name":"wp","href":"https:\/\/api.w.org\/{rel}","templated":true}]}}