{"id":55771,"date":"2019-04-10T11:07:38","date_gmt":"2019-04-10T11:07:38","guid":{"rendered":"http:\/\/www.intoscana.it\/a-empoli-arriva-leggenda-il-festival-della-lettura-per-bimbi-e-ragazzi\/"},"modified":"2020-05-18T10:47:22","modified_gmt":"2020-05-18T08:47:22","slug":"a-empoli-arriva-leggenda-il-festival-della-lettura-per-bimbi-e-ragazzi","status":"publish","type":"post","link":"https:\/\/www.intoscana.it\/it\/a-empoli-arriva-leggenda-il-festival-della-lettura-per-bimbi-e-ragazzi\/","title":{"rendered":"A Empoli arriva Leggenda, il festival della lettura per bimbi e ragazzi"},"content":{"rendered":"<p><strong>&#8220;Leggenda&#8221; fa il bis a Empoli: la cittadina ospiter\u00e0 la seconda edizione del festival della lettura e dell&#8217;ascolto, rivolto ai bambini e ai ragazzi fino ai 14 anni,<\/strong> ma anche alle famiglie, agli insegnanti, educatori ed esperti, e in generale a tutti gli amanti delle storie e della lettura.&nbsp;<\/p>\n<p><strong> Quest&#8217;anno la rassegna \u00e8 in programma dal 16 al 19 maggio e coinvolger\u00e0 l&#8217;intera citt\u00e0 di Empoli<\/strong> <strong>con spettacoli, incontri con autori, laboratori,<\/strong> mostre, luoghi magici, mostra mercato del libro.In tutto oltre 150 eventi, che si snoderanno dalla Biblioteca comunale \u201cRenato Fucini\u201d al Chiostro degli Agostiniani, da Piazza Farinata degli Uberti al Museo del Vetro. Tra gli ospiti anche <strong>Michela Murgia, Loredana Lipperini, Valeria Parrella ma anche Chiara Carminati, Luigi Garlando e Fabrizio Silei. <\/strong><\/p>\n<p>Il festival avr\u00e0 anche un&#8217;anteprima molto speciale:<strong> gioved\u00ec 11 aprile, alle 21, lo scrittore francese Daniel Pennac sar\u00e0 <\/strong>al Palazzetto delle Esposizioni per l&#8217;evento &#8220;Aspettando Leggenda&#8221;.<\/p>\n<p>Per informazioni: <span style=\"text-decoration: underline;\"><a href=\"http:\/\/www.leggendafestival.it\/\" target=\"_blank\" rel=\"noopener noreferrer\">www.leggendafestival.it<\/a><\/span><\/p>\n","protected":false},"excerpt":{"rendered":"<p>Dal 16 al 19 maggio la seconda edizione della rassegna rivolta agli under 14 con ospiti come Michela Murgia e Valeria Parrella<\/p>\n","protected":false},"author":525,"featured_media":92822,"comment_status":"open","ping_status":"open","sticky":false,"template":"","format":"standard","meta":{"_acf_changed":false,"footnotes":""},"categories":[493,5],"tags":[],"class_list":["post-55771","post","type-post","status-publish","format-standard","has-post-thumbnail","hentry","category-cultura","category-arte-e-cultura"],"acf":[],"yoast_head":"<!-- This site is optimized with the Yoast SEO Premium plugin v24.2 (Yoast SEO v25.6) - https:\/\/yoast.com\/wordpress\/plugins\/seo\/ -->\n<title>A Empoli arriva Leggenda, il festival della lettura per bimbi e ragazzi - intoscana<\/title>\n<meta name=\"description\" content=\"Dal 16 al 19 maggio oltre 150 eventi e grandi ospiti al festival Leggenda a Empoli, dedicato alla letteratura per bambini e ragazzi.\" \/>\n<meta name=\"robots\" content=\"index, follow, max-snippet:-1, max-image-preview:large, max-video-preview:-1\" \/>\n<link rel=\"canonical\" href=\"https:\/\/www.intoscana.it\/it\/a-empoli-arriva-leggenda-il-festival-della-lettura-per-bimbi-e-ragazzi\/\" \/>\n<meta property=\"og:locale\" content=\"it_IT\" \/>\n<meta property=\"og:type\" content=\"article\" \/>\n<meta property=\"og:title\" content=\"A Empoli arriva Leggenda, il festival della lettura per bimbi e ragazzi\" \/>\n<meta property=\"og:description\" content=\"Dal 16 al 19 maggio oltre 150 eventi e grandi ospiti al festival Leggenda a Empoli, dedicato alla letteratura per bambini e ragazzi.\" \/>\n<meta property=\"og:url\" content=\"https:\/\/www.intoscana.it\/it\/a-empoli-arriva-leggenda-il-festival-della-lettura-per-bimbi-e-ragazzi\/\" \/>\n<meta property=\"og:site_name\" content=\"intoscana\" \/>\n<meta property=\"article:publisher\" content=\"https:\/\/www.facebook.com\/intoscana.it\" \/>\n<meta property=\"article:published_time\" content=\"2019-04-10T11:07:38+00:00\" \/>\n<meta property=\"article:modified_time\" content=\"2020-05-18T08:47:22+00:00\" \/>\n<meta property=\"og:image\" content=\"https:\/\/www.intoscana.it\/wp-content\/uploads\/leggere-4.jpg\" \/>\n\t<meta property=\"og:image:width\" content=\"625\" \/>\n\t<meta property=\"og:image:height\" content=\"397\" \/>\n\t<meta property=\"og:image:type\" content=\"image\/jpeg\" \/>\n<meta name=\"author\" content=\"Redazione\" \/>\n<meta name=\"twitter:card\" content=\"summary_large_image\" \/>\n<meta name=\"twitter:creator\" content=\"@intoscana\" \/>\n<meta name=\"twitter:site\" content=\"@intoscana\" \/>\n<meta name=\"twitter:label1\" content=\"Written by\" \/>\n\t<meta name=\"twitter:data1\" content=\"Redazione\" \/>\n\t<meta name=\"twitter:label2\" content=\"Est. reading time\" \/>\n\t<meta name=\"twitter:data2\" content=\"1 minuto\" \/>\n<script type=\"application\/ld+json\" class=\"yoast-schema-graph\">{\"@context\":\"https:\/\/schema.org\",\"@graph\":[{\"@type\":\"WebPage\",\"@id\":\"https:\/\/www.intoscana.it\/it\/a-empoli-arriva-leggenda-il-festival-della-lettura-per-bimbi-e-ragazzi\/\",\"url\":\"https:\/\/www.intoscana.it\/it\/a-empoli-arriva-leggenda-il-festival-della-lettura-per-bimbi-e-ragazzi\/\",\"name\":\"A Empoli arriva Leggenda, il festival della lettura per bimbi e ragazzi - intoscana\",\"isPartOf\":{\"@id\":\"https:\/\/www.intoscana.it\/it\/#website\"},\"primaryImageOfPage\":{\"@id\":\"https:\/\/www.intoscana.it\/it\/a-empoli-arriva-leggenda-il-festival-della-lettura-per-bimbi-e-ragazzi\/#primaryimage\"},\"image\":{\"@id\":\"https:\/\/www.intoscana.it\/it\/a-empoli-arriva-leggenda-il-festival-della-lettura-per-bimbi-e-ragazzi\/#primaryimage\"},\"thumbnailUrl\":\"https:\/\/www.intoscana.it\/wp-content\/uploads\/leggere-4.jpg\",\"datePublished\":\"2019-04-10T11:07:38+00:00\",\"dateModified\":\"2020-05-18T08:47:22+00:00\",\"author\":{\"@id\":\"https:\/\/www.intoscana.it\/it\/#\/schema\/person\/9223810753230f20bd670fdd322661f8\"},\"description\":\"Dal 16 al 19 maggio oltre 150 eventi e grandi ospiti al festival Leggenda a Empoli, dedicato alla letteratura per bambini e ragazzi.\",\"breadcrumb\":{\"@id\":\"https:\/\/www.intoscana.it\/it\/a-empoli-arriva-leggenda-il-festival-della-lettura-per-bimbi-e-ragazzi\/#breadcrumb\"},\"inLanguage\":\"it-IT\",\"potentialAction\":[{\"@type\":\"ReadAction\",\"target\":[\"https:\/\/www.intoscana.it\/it\/a-empoli-arriva-leggenda-il-festival-della-lettura-per-bimbi-e-ragazzi\/\"]}]},{\"@type\":\"ImageObject\",\"inLanguage\":\"it-IT\",\"@id\":\"https:\/\/www.intoscana.it\/it\/a-empoli-arriva-leggenda-il-festival-della-lettura-per-bimbi-e-ragazzi\/#primaryimage\",\"url\":\"https:\/\/www.intoscana.it\/wp-content\/uploads\/leggere-4.jpg\",\"contentUrl\":\"https:\/\/www.intoscana.it\/wp-content\/uploads\/leggere-4.jpg\",\"width\":625,\"height\":397},{\"@type\":\"BreadcrumbList\",\"@id\":\"https:\/\/www.intoscana.it\/it\/a-empoli-arriva-leggenda-il-festival-della-lettura-per-bimbi-e-ragazzi\/#breadcrumb\",\"itemListElement\":[{\"@type\":\"ListItem\",\"position\":1,\"name\":\"Home\",\"item\":\"https:\/\/www.intoscana.it\/it\/\"},{\"@type\":\"ListItem\",\"position\":2,\"name\":\"A Empoli arriva Leggenda, il festival della lettura per bimbi e ragazzi\"}]},{\"@type\":\"WebSite\",\"@id\":\"https:\/\/www.intoscana.it\/it\/#website\",\"url\":\"https:\/\/www.intoscana.it\/it\/\",\"name\":\"intoscana\",\"description\":\"\",\"potentialAction\":[{\"@type\":\"SearchAction\",\"target\":{\"@type\":\"EntryPoint\",\"urlTemplate\":\"https:\/\/www.intoscana.it\/it\/?s={search_term_string}\"},\"query-input\":{\"@type\":\"PropertyValueSpecification\",\"valueRequired\":true,\"valueName\":\"search_term_string\"}}],\"inLanguage\":\"it-IT\"},{\"@type\":\"Person\",\"@id\":\"https:\/\/www.intoscana.it\/it\/#\/schema\/person\/9223810753230f20bd670fdd322661f8\",\"name\":\"Redazione\",\"url\":\"https:\/\/www.intoscana.it\/it\/author\/redazione\/\"}]}<\/script>\n<!-- \/ Yoast SEO Premium plugin. -->","yoast_head_json":{"title":"A Empoli arriva Leggenda, il festival della lettura per bimbi e ragazzi - intoscana","description":"Dal 16 al 19 maggio oltre 150 eventi e grandi ospiti al festival Leggenda a Empoli, dedicato alla letteratura per bambini e ragazzi.","robots":{"index":"index","follow":"follow","max-snippet":"max-snippet:-1","max-image-preview":"max-image-preview:large","max-video-preview":"max-video-preview:-1"},"canonical":"https:\/\/www.intoscana.it\/it\/a-empoli-arriva-leggenda-il-festival-della-lettura-per-bimbi-e-ragazzi\/","og_locale":"it_IT","og_type":"article","og_title":"A Empoli arriva Leggenda, il festival della lettura per bimbi e ragazzi","og_description":"Dal 16 al 19 maggio oltre 150 eventi e grandi ospiti al festival Leggenda a Empoli, dedicato alla letteratura per bambini e ragazzi.","og_url":"https:\/\/www.intoscana.it\/it\/a-empoli-arriva-leggenda-il-festival-della-lettura-per-bimbi-e-ragazzi\/","og_site_name":"intoscana","article_publisher":"https:\/\/www.facebook.com\/intoscana.it","article_published_time":"2019-04-10T11:07:38+00:00","article_modified_time":"2020-05-18T08:47:22+00:00","og_image":[{"width":625,"height":397,"url":"https:\/\/www.intoscana.it\/wp-content\/uploads\/leggere-4.jpg","type":"image\/jpeg"}],"author":"Redazione","twitter_card":"summary_large_image","twitter_creator":"@intoscana","twitter_site":"@intoscana","twitter_misc":{"Written by":"Redazione","Est. reading time":"1 minuto"},"schema":{"@context":"https:\/\/schema.org","@graph":[{"@type":"WebPage","@id":"https:\/\/www.intoscana.it\/it\/a-empoli-arriva-leggenda-il-festival-della-lettura-per-bimbi-e-ragazzi\/","url":"https:\/\/www.intoscana.it\/it\/a-empoli-arriva-leggenda-il-festival-della-lettura-per-bimbi-e-ragazzi\/","name":"A Empoli arriva Leggenda, il festival della lettura per bimbi e ragazzi - intoscana","isPartOf":{"@id":"https:\/\/www.intoscana.it\/it\/#website"},"primaryImageOfPage":{"@id":"https:\/\/www.intoscana.it\/it\/a-empoli-arriva-leggenda-il-festival-della-lettura-per-bimbi-e-ragazzi\/#primaryimage"},"image":{"@id":"https:\/\/www.intoscana.it\/it\/a-empoli-arriva-leggenda-il-festival-della-lettura-per-bimbi-e-ragazzi\/#primaryimage"},"thumbnailUrl":"https:\/\/www.intoscana.it\/wp-content\/uploads\/leggere-4.jpg","datePublished":"2019-04-10T11:07:38+00:00","dateModified":"2020-05-18T08:47:22+00:00","author":{"@id":"https:\/\/www.intoscana.it\/it\/#\/schema\/person\/9223810753230f20bd670fdd322661f8"},"description":"Dal 16 al 19 maggio oltre 150 eventi e grandi ospiti al festival Leggenda a Empoli, dedicato alla letteratura per bambini e ragazzi.","breadcrumb":{"@id":"https:\/\/www.intoscana.it\/it\/a-empoli-arriva-leggenda-il-festival-della-lettura-per-bimbi-e-ragazzi\/#breadcrumb"},"inLanguage":"it-IT","potentialAction":[{"@type":"ReadAction","target":["https:\/\/www.intoscana.it\/it\/a-empoli-arriva-leggenda-il-festival-della-lettura-per-bimbi-e-ragazzi\/"]}]},{"@type":"ImageObject","inLanguage":"it-IT","@id":"https:\/\/www.intoscana.it\/it\/a-empoli-arriva-leggenda-il-festival-della-lettura-per-bimbi-e-ragazzi\/#primaryimage","url":"https:\/\/www.intoscana.it\/wp-content\/uploads\/leggere-4.jpg","contentUrl":"https:\/\/www.intoscana.it\/wp-content\/uploads\/leggere-4.jpg","width":625,"height":397},{"@type":"BreadcrumbList","@id":"https:\/\/www.intoscana.it\/it\/a-empoli-arriva-leggenda-il-festival-della-lettura-per-bimbi-e-ragazzi\/#breadcrumb","itemListElement":[{"@type":"ListItem","position":1,"name":"Home","item":"https:\/\/www.intoscana.it\/it\/"},{"@type":"ListItem","position":2,"name":"A Empoli arriva Leggenda, il festival della lettura per bimbi e ragazzi"}]},{"@type":"WebSite","@id":"https:\/\/www.intoscana.it\/it\/#website","url":"https:\/\/www.intoscana.it\/it\/","name":"intoscana","description":"","potentialAction":[{"@type":"SearchAction","target":{"@type":"EntryPoint","urlTemplate":"https:\/\/www.intoscana.it\/it\/?s={search_term_string}"},"query-input":{"@type":"PropertyValueSpecification","valueRequired":true,"valueName":"search_term_string"}}],"inLanguage":"it-IT"},{"@type":"Person","@id":"https:\/\/www.intoscana.it\/it\/#\/schema\/person\/9223810753230f20bd670fdd322661f8","name":"Redazione","url":"https:\/\/www.intoscana.it\/it\/author\/redazione\/"}]}},"_links":{"self":[{"href":"https:\/\/www.intoscana.it\/it\/wp-json\/wp\/v2\/posts\/55771","targetHints":{"allow":["GET"]}}],"collection":[{"href":"https:\/\/www.intoscana.it\/it\/wp-json\/wp\/v2\/posts"}],"about":[{"href":"https:\/\/www.intoscana.it\/it\/wp-json\/wp\/v2\/types\/post"}],"author":[{"embeddable":true,"href":"https:\/\/www.intoscana.it\/it\/wp-json\/wp\/v2\/users\/525"}],"replies":[{"embeddable":true,"href":"https:\/\/www.intoscana.it\/it\/wp-json\/wp\/v2\/comments?post=55771"}],"version-history":[{"count":0,"href":"https:\/\/www.intoscana.it\/it\/wp-json\/wp\/v2\/posts\/55771\/revisions"}],"wp:featuredmedia":[{"embeddable":true,"href":"https:\/\/www.intoscana.it\/it\/wp-json\/wp\/v2\/media\/92822"}],"wp:attachment":[{"href":"https:\/\/www.intoscana.it\/it\/wp-json\/wp\/v2\/media?parent=55771"}],"wp:term":[{"taxonomy":"category","embeddable":true,"href":"https:\/\/www.intoscana.it\/it\/wp-json\/wp\/v2\/categories?post=55771"},{"taxonomy":"post_tag","embeddable":true,"href":"https:\/\/www.intoscana.it\/it\/wp-json\/wp\/v2\/tags?post=55771"}],"curies":[{"name":"wp","href":"https:\/\/api.w.org\/{rel}","templated":true}]}}