{"id":55775,"date":"2019-04-16T12:32:16","date_gmt":"2019-04-16T12:32:16","guid":{"rendered":"http:\/\/www.intoscana.it\/al-palazzo-mediceo-di-seravezza-leonardo-e-i-medici-spiegati-ai-bambini\/"},"modified":"2020-05-18T10:47:23","modified_gmt":"2020-05-18T08:47:23","slug":"al-palazzo-mediceo-di-seravezza-leonardo-e-i-medici-spiegati-ai-bambini","status":"publish","type":"post","link":"https:\/\/www.intoscana.it\/it\/al-palazzo-mediceo-di-seravezza-leonardo-e-i-medici-spiegati-ai-bambini\/","title":{"rendered":"Al palazzo mediceo di Seravezza Leonardo e i Medici spiegati ai bambini"},"content":{"rendered":"<p><strong>Tra le 14 residenze e giardini medicei che gioved\u00ec 18 aprile si aprono al pubblico, c\u2019\u00e8 anche il palazzo mediceo di Serravezza<\/strong>, voluto da Cosimo I e a lungo luogo di ritiro estivo per la famiglia Medici. Si potr\u00e0 accedere all\u2019antica residenza dalle 15:00 alle 19:00, con tanti appuntamenti ideali per la famiglia a cadenzare il pomeriggio.<\/p>\n<p><strong>Si parte alle 15 con un laboratorio pensato per i bambini<\/strong>: divertendosi, i pi\u00f9 piccoli potranno avvicinarsi a <strong>Leonardo da Vinci<\/strong> e alla sua pittura, in particolare alle vedute che fanno da sfondo ai suoi quadri. Quest\u2019anno, infatti, il tema della giornata \u00e8 proprio \u2018paesaggi rurali\u2019, paesaggi che indubbiamente in Toscana sono stati segnati e disegnati dalle opere medicee. L\u2019attivit\u00e0 \u00e8 pensata per bambini dai 5 ai 9 anni ed \u00e8 svolta in collaborazione con la Biblioteca Comunale Sirio Giannini. \u00c8 necessario prenotare entro le ore 18 del giorno precedente.<\/p>\n<p>Per cogliere l\u2019occasione di esplorare anche il centro storico di Serravezza baster\u00e0 seguire le note della <strong>Street Band Fantomatik Orchestra<\/strong>, che, a partire dalle 16, come un moderno pifferaio magico guider\u00e0 i curiosi prima nel giardino mediceo e poi tra le vie della citt\u00e0.<\/p>\n<p>Per concludere, ai visitatori \u00e8 riservato un incontro fuori dal comune: la Granduchessa Maria Cristina di Lorena e la sua dama di compagnia accompagneranno gli ospiti nelle sale del palazzo, raccontando storie e segreti della famiglia Medici.<\/p>\n<p>Le ville e i giardini medicei sono dal 2013 nella Lista dei Beni Culturali e Naturali del Patrimonio Mondiale UNESCO come sito seriale. La giornata del 18 aprile \u00e8 perfetta per conoscere meglio questi tesori regionali. <strong>Maggiori informazioni sull\u2019evento: <a href=\"https:\/\/villegiardinimedicei.it\/18aprile\/\" class=\"broken_link\">villegiardinimedicei.it<\/a><\/strong><\/p>\n","protected":false},"excerpt":{"rendered":"<p>Per la giornata internazionale dei monumenti e dei siti, anche nella cittadina della Versilia tante iniziative perfette per le famiglie: laboratori, visite teatralizzate e divertenti bande musicali.<\/p>\n","protected":false},"author":525,"featured_media":92826,"comment_status":"open","ping_status":"open","sticky":false,"template":"","format":"standard","meta":{"_acf_changed":false,"footnotes":""},"categories":[493,5],"tags":[],"class_list":["post-55775","post","type-post","status-publish","format-standard","has-post-thumbnail","hentry","category-cultura","category-arte-e-cultura"],"acf":[],"yoast_head":"<!-- This site is optimized with the Yoast SEO Premium plugin v24.2 (Yoast SEO v25.6) - https:\/\/yoast.com\/wordpress\/plugins\/seo\/ -->\n<title>Al palazzo mediceo di Seravezza Leonardo e i Medici spiegati ai bambini - intoscana<\/title>\n<meta name=\"description\" content=\"Gioved\u00ec 18 aprile, giornata internazionale dei monumenti e dei siti, un pomeriggio di attivit\u00e0 per tutta la famiglia, con laboratori e visite teatralizzate.\" \/>\n<meta name=\"robots\" content=\"index, follow, max-snippet:-1, max-image-preview:large, max-video-preview:-1\" \/>\n<link rel=\"canonical\" href=\"https:\/\/www.intoscana.it\/it\/al-palazzo-mediceo-di-seravezza-leonardo-e-i-medici-spiegati-ai-bambini\/\" \/>\n<meta property=\"og:locale\" content=\"it_IT\" \/>\n<meta property=\"og:type\" content=\"article\" \/>\n<meta property=\"og:title\" content=\"Al palazzo mediceo di Seravezza Leonardo e i Medici spiegati ai bambini\" \/>\n<meta property=\"og:description\" content=\"Gioved\u00ec 18 aprile, giornata internazionale dei monumenti e dei siti, un pomeriggio di attivit\u00e0 per tutta la famiglia, con laboratori e visite teatralizzate.\" \/>\n<meta property=\"og:url\" content=\"https:\/\/www.intoscana.it\/it\/al-palazzo-mediceo-di-seravezza-leonardo-e-i-medici-spiegati-ai-bambini\/\" \/>\n<meta property=\"og:site_name\" content=\"intoscana\" \/>\n<meta property=\"article:publisher\" content=\"https:\/\/www.facebook.com\/intoscana.it\" \/>\n<meta property=\"article:published_time\" content=\"2019-04-16T12:32:16+00:00\" \/>\n<meta property=\"article:modified_time\" content=\"2020-05-18T08:47:23+00:00\" \/>\n<meta property=\"og:image\" content=\"https:\/\/www.intoscana.it\/wp-content\/uploads\/seravezza.jpg\" \/>\n\t<meta property=\"og:image:width\" content=\"1920\" \/>\n\t<meta property=\"og:image:height\" content=\"1280\" \/>\n\t<meta property=\"og:image:type\" content=\"image\/jpeg\" \/>\n<meta name=\"author\" content=\"Redazione\" \/>\n<meta name=\"twitter:card\" content=\"summary_large_image\" \/>\n<meta name=\"twitter:creator\" content=\"@intoscana\" \/>\n<meta name=\"twitter:site\" content=\"@intoscana\" \/>\n<meta name=\"twitter:label1\" content=\"Written by\" \/>\n\t<meta name=\"twitter:data1\" content=\"Redazione\" \/>\n\t<meta name=\"twitter:label2\" content=\"Est. reading time\" \/>\n\t<meta name=\"twitter:data2\" content=\"1 minuto\" \/>\n<script type=\"application\/ld+json\" class=\"yoast-schema-graph\">{\"@context\":\"https:\/\/schema.org\",\"@graph\":[{\"@type\":\"WebPage\",\"@id\":\"https:\/\/www.intoscana.it\/it\/al-palazzo-mediceo-di-seravezza-leonardo-e-i-medici-spiegati-ai-bambini\/\",\"url\":\"https:\/\/www.intoscana.it\/it\/al-palazzo-mediceo-di-seravezza-leonardo-e-i-medici-spiegati-ai-bambini\/\",\"name\":\"Al palazzo mediceo di Seravezza Leonardo e i Medici spiegati ai bambini - intoscana\",\"isPartOf\":{\"@id\":\"https:\/\/www.intoscana.it\/it\/#website\"},\"primaryImageOfPage\":{\"@id\":\"https:\/\/www.intoscana.it\/it\/al-palazzo-mediceo-di-seravezza-leonardo-e-i-medici-spiegati-ai-bambini\/#primaryimage\"},\"image\":{\"@id\":\"https:\/\/www.intoscana.it\/it\/al-palazzo-mediceo-di-seravezza-leonardo-e-i-medici-spiegati-ai-bambini\/#primaryimage\"},\"thumbnailUrl\":\"https:\/\/www.intoscana.it\/wp-content\/uploads\/seravezza.jpg\",\"datePublished\":\"2019-04-16T12:32:16+00:00\",\"dateModified\":\"2020-05-18T08:47:23+00:00\",\"author\":{\"@id\":\"https:\/\/www.intoscana.it\/it\/#\/schema\/person\/9223810753230f20bd670fdd322661f8\"},\"description\":\"Gioved\u00ec 18 aprile, giornata internazionale dei monumenti e dei siti, un pomeriggio di attivit\u00e0 per tutta la famiglia, con laboratori e visite teatralizzate.\",\"breadcrumb\":{\"@id\":\"https:\/\/www.intoscana.it\/it\/al-palazzo-mediceo-di-seravezza-leonardo-e-i-medici-spiegati-ai-bambini\/#breadcrumb\"},\"inLanguage\":\"it-IT\",\"potentialAction\":[{\"@type\":\"ReadAction\",\"target\":[\"https:\/\/www.intoscana.it\/it\/al-palazzo-mediceo-di-seravezza-leonardo-e-i-medici-spiegati-ai-bambini\/\"]}]},{\"@type\":\"ImageObject\",\"inLanguage\":\"it-IT\",\"@id\":\"https:\/\/www.intoscana.it\/it\/al-palazzo-mediceo-di-seravezza-leonardo-e-i-medici-spiegati-ai-bambini\/#primaryimage\",\"url\":\"https:\/\/www.intoscana.it\/wp-content\/uploads\/seravezza.jpg\",\"contentUrl\":\"https:\/\/www.intoscana.it\/wp-content\/uploads\/seravezza.jpg\",\"width\":1920,\"height\":1280,\"caption\":\"Il Palazzo Mediceo di Seravezza\"},{\"@type\":\"BreadcrumbList\",\"@id\":\"https:\/\/www.intoscana.it\/it\/al-palazzo-mediceo-di-seravezza-leonardo-e-i-medici-spiegati-ai-bambini\/#breadcrumb\",\"itemListElement\":[{\"@type\":\"ListItem\",\"position\":1,\"name\":\"Home\",\"item\":\"https:\/\/www.intoscana.it\/it\/\"},{\"@type\":\"ListItem\",\"position\":2,\"name\":\"Al palazzo mediceo di Seravezza Leonardo e i Medici spiegati ai bambini\"}]},{\"@type\":\"WebSite\",\"@id\":\"https:\/\/www.intoscana.it\/it\/#website\",\"url\":\"https:\/\/www.intoscana.it\/it\/\",\"name\":\"intoscana\",\"description\":\"\",\"potentialAction\":[{\"@type\":\"SearchAction\",\"target\":{\"@type\":\"EntryPoint\",\"urlTemplate\":\"https:\/\/www.intoscana.it\/it\/?s={search_term_string}\"},\"query-input\":{\"@type\":\"PropertyValueSpecification\",\"valueRequired\":true,\"valueName\":\"search_term_string\"}}],\"inLanguage\":\"it-IT\"},{\"@type\":\"Person\",\"@id\":\"https:\/\/www.intoscana.it\/it\/#\/schema\/person\/9223810753230f20bd670fdd322661f8\",\"name\":\"Redazione\",\"url\":\"https:\/\/www.intoscana.it\/it\/author\/redazione\/\"}]}<\/script>\n<!-- \/ Yoast SEO Premium plugin. -->","yoast_head_json":{"title":"Al palazzo mediceo di Seravezza Leonardo e i Medici spiegati ai bambini - intoscana","description":"Gioved\u00ec 18 aprile, giornata internazionale dei monumenti e dei siti, un pomeriggio di attivit\u00e0 per tutta la famiglia, con laboratori e visite teatralizzate.","robots":{"index":"index","follow":"follow","max-snippet":"max-snippet:-1","max-image-preview":"max-image-preview:large","max-video-preview":"max-video-preview:-1"},"canonical":"https:\/\/www.intoscana.it\/it\/al-palazzo-mediceo-di-seravezza-leonardo-e-i-medici-spiegati-ai-bambini\/","og_locale":"it_IT","og_type":"article","og_title":"Al palazzo mediceo di Seravezza Leonardo e i Medici spiegati ai bambini","og_description":"Gioved\u00ec 18 aprile, giornata internazionale dei monumenti e dei siti, un pomeriggio di attivit\u00e0 per tutta la famiglia, con laboratori e visite teatralizzate.","og_url":"https:\/\/www.intoscana.it\/it\/al-palazzo-mediceo-di-seravezza-leonardo-e-i-medici-spiegati-ai-bambini\/","og_site_name":"intoscana","article_publisher":"https:\/\/www.facebook.com\/intoscana.it","article_published_time":"2019-04-16T12:32:16+00:00","article_modified_time":"2020-05-18T08:47:23+00:00","og_image":[{"width":1920,"height":1280,"url":"https:\/\/www.intoscana.it\/wp-content\/uploads\/seravezza.jpg","type":"image\/jpeg"}],"author":"Redazione","twitter_card":"summary_large_image","twitter_creator":"@intoscana","twitter_site":"@intoscana","twitter_misc":{"Written by":"Redazione","Est. reading time":"1 minuto"},"schema":{"@context":"https:\/\/schema.org","@graph":[{"@type":"WebPage","@id":"https:\/\/www.intoscana.it\/it\/al-palazzo-mediceo-di-seravezza-leonardo-e-i-medici-spiegati-ai-bambini\/","url":"https:\/\/www.intoscana.it\/it\/al-palazzo-mediceo-di-seravezza-leonardo-e-i-medici-spiegati-ai-bambini\/","name":"Al palazzo mediceo di Seravezza Leonardo e i Medici spiegati ai bambini - intoscana","isPartOf":{"@id":"https:\/\/www.intoscana.it\/it\/#website"},"primaryImageOfPage":{"@id":"https:\/\/www.intoscana.it\/it\/al-palazzo-mediceo-di-seravezza-leonardo-e-i-medici-spiegati-ai-bambini\/#primaryimage"},"image":{"@id":"https:\/\/www.intoscana.it\/it\/al-palazzo-mediceo-di-seravezza-leonardo-e-i-medici-spiegati-ai-bambini\/#primaryimage"},"thumbnailUrl":"https:\/\/www.intoscana.it\/wp-content\/uploads\/seravezza.jpg","datePublished":"2019-04-16T12:32:16+00:00","dateModified":"2020-05-18T08:47:23+00:00","author":{"@id":"https:\/\/www.intoscana.it\/it\/#\/schema\/person\/9223810753230f20bd670fdd322661f8"},"description":"Gioved\u00ec 18 aprile, giornata internazionale dei monumenti e dei siti, un pomeriggio di attivit\u00e0 per tutta la famiglia, con laboratori e visite teatralizzate.","breadcrumb":{"@id":"https:\/\/www.intoscana.it\/it\/al-palazzo-mediceo-di-seravezza-leonardo-e-i-medici-spiegati-ai-bambini\/#breadcrumb"},"inLanguage":"it-IT","potentialAction":[{"@type":"ReadAction","target":["https:\/\/www.intoscana.it\/it\/al-palazzo-mediceo-di-seravezza-leonardo-e-i-medici-spiegati-ai-bambini\/"]}]},{"@type":"ImageObject","inLanguage":"it-IT","@id":"https:\/\/www.intoscana.it\/it\/al-palazzo-mediceo-di-seravezza-leonardo-e-i-medici-spiegati-ai-bambini\/#primaryimage","url":"https:\/\/www.intoscana.it\/wp-content\/uploads\/seravezza.jpg","contentUrl":"https:\/\/www.intoscana.it\/wp-content\/uploads\/seravezza.jpg","width":1920,"height":1280,"caption":"Il Palazzo Mediceo di Seravezza"},{"@type":"BreadcrumbList","@id":"https:\/\/www.intoscana.it\/it\/al-palazzo-mediceo-di-seravezza-leonardo-e-i-medici-spiegati-ai-bambini\/#breadcrumb","itemListElement":[{"@type":"ListItem","position":1,"name":"Home","item":"https:\/\/www.intoscana.it\/it\/"},{"@type":"ListItem","position":2,"name":"Al palazzo mediceo di Seravezza Leonardo e i Medici spiegati ai bambini"}]},{"@type":"WebSite","@id":"https:\/\/www.intoscana.it\/it\/#website","url":"https:\/\/www.intoscana.it\/it\/","name":"intoscana","description":"","potentialAction":[{"@type":"SearchAction","target":{"@type":"EntryPoint","urlTemplate":"https:\/\/www.intoscana.it\/it\/?s={search_term_string}"},"query-input":{"@type":"PropertyValueSpecification","valueRequired":true,"valueName":"search_term_string"}}],"inLanguage":"it-IT"},{"@type":"Person","@id":"https:\/\/www.intoscana.it\/it\/#\/schema\/person\/9223810753230f20bd670fdd322661f8","name":"Redazione","url":"https:\/\/www.intoscana.it\/it\/author\/redazione\/"}]}},"_links":{"self":[{"href":"https:\/\/www.intoscana.it\/it\/wp-json\/wp\/v2\/posts\/55775","targetHints":{"allow":["GET"]}}],"collection":[{"href":"https:\/\/www.intoscana.it\/it\/wp-json\/wp\/v2\/posts"}],"about":[{"href":"https:\/\/www.intoscana.it\/it\/wp-json\/wp\/v2\/types\/post"}],"author":[{"embeddable":true,"href":"https:\/\/www.intoscana.it\/it\/wp-json\/wp\/v2\/users\/525"}],"replies":[{"embeddable":true,"href":"https:\/\/www.intoscana.it\/it\/wp-json\/wp\/v2\/comments?post=55775"}],"version-history":[{"count":0,"href":"https:\/\/www.intoscana.it\/it\/wp-json\/wp\/v2\/posts\/55775\/revisions"}],"wp:featuredmedia":[{"embeddable":true,"href":"https:\/\/www.intoscana.it\/it\/wp-json\/wp\/v2\/media\/92826"}],"wp:attachment":[{"href":"https:\/\/www.intoscana.it\/it\/wp-json\/wp\/v2\/media?parent=55775"}],"wp:term":[{"taxonomy":"category","embeddable":true,"href":"https:\/\/www.intoscana.it\/it\/wp-json\/wp\/v2\/categories?post=55775"},{"taxonomy":"post_tag","embeddable":true,"href":"https:\/\/www.intoscana.it\/it\/wp-json\/wp\/v2\/tags?post=55775"}],"curies":[{"name":"wp","href":"https:\/\/api.w.org\/{rel}","templated":true}]}}