{"id":55776,"date":"2019-04-16T15:36:09","date_gmt":"2019-04-16T15:36:09","guid":{"rendered":"http:\/\/www.intoscana.it\/incendio-di-notre-dame-in-arrivo-un-piano-di-aiuti-da-firenze\/"},"modified":"2020-05-18T10:47:24","modified_gmt":"2020-05-18T08:47:24","slug":"incendio-di-notre-dame-in-arrivo-un-piano-di-aiuti-da-firenze","status":"publish","type":"post","link":"https:\/\/www.intoscana.it\/it\/incendio-di-notre-dame-in-arrivo-un-piano-di-aiuti-da-firenze\/","title":{"rendered":"Incendio di Notre-Dame: in arrivo un piano di aiuti da Firenze"},"content":{"rendered":"<p><strong>Le maestranze fiorentine sono pronte a fornire il loro aiuto nella ricostruzione della cattedrale di Notre Dame a Parigi,<\/strong> devastata ieri da un terribile incendio. Lo ha annunciato il sindaco di Firenze, che ha spiegato che il Comune nelle prossime settimane organizzar\u00e0 un piano di <strong>coinvolgimento volontario di artigiani, restauratori e architetti<\/strong> per dare una mano nella ricostruzione. Il sindaco ha anche inviato un messaggio di cordoglio alla prima cittadina di Parigi, Anne Hidalgo.<\/p>\n<p>Un messaggio di vicinanza da Firenze arriva anche dal <strong>direttore delle Gallerie degli Uffizi,&nbsp;Eike Schmidt. &#8220;Siamo tutti vicini alla Francia e alla Chiesa cattolica, \u00e8 un momento di solidariet\u00e0,<\/strong> chiaramente poteva andare molto peggio, ma comunque quello che \u00e8 successo \u00e8 terribile e dobbiamo tutti quanti impegnarci per dare un mano, senz&#8217;altro lo far\u00f2 anche io&#8221;. Parlando della ricostruzione della cattedrale di Parigi, Schmidt ha detto che &#8220;<strong>\u00e8 sopravvissuta alla rivoluzione francese e a due guerre mondiali ma comunque non sar\u00e0 mai pi\u00f9 com&#8217;era.<\/strong> Non soltanto la parte medievale gotica, ma anche la parte dell&#8217;800 sar\u00e0 da ricostruire quindi sar\u00e0 un lavoro di almeno un decennio. Non \u00e8 concepibile farlo in tempi pi\u00f9 veloci e sar\u00e0 un lavoro che richiede una collaborazione di tutti, un progetto nazionale della Francia, ma con ripercussione internazionale&#8221;. <\/p>\n<p>&#8220;Fare valutazioni ora \u00e8 presto e inopportuno e il rischio zero non esiste da nessuna parte, ma nella conservazione dei beni culturali \u00e8 fondamentale operare con le migliori professionalit\u00e0 disponibili: dall&#8217;elettricista al restauratore&#8221; ha commentato invece <strong>Gianluca De Felice, direttore dell&#8217;Opera primaziale pisana, la fabbriceria che custodisce la cattedrale e l&#8217;intero complesso monumentale di Piazza dei Miracoli a Pisa<\/strong>. <br \/> &#8220;In Francia la conservazione dei monumenti \u00e8 completamente nelle mani dello Stato &#8211; aggiunge De Felice &#8211; ma i responsabili della cattedrale parigina sono starti nostri ospiti ad alcuni convegni annuali sulla conservazione delle cattedrali europee e <strong>se ci chiederanno aiuto in qualunque modo non ci tireremo indietro&#8221;.<\/strong><\/p>\n","protected":false},"excerpt":{"rendered":"<p>La citt\u00e0 coinvolger\u00e0 restauratori, artigiani e architetti per dare una mano nella ricostruzione della cattedrale parigina<\/p>\n","protected":false},"author":525,"featured_media":92827,"comment_status":"open","ping_status":"open","sticky":false,"template":"","format":"standard","meta":{"_acf_changed":false,"footnotes":""},"categories":[493,5],"tags":[],"class_list":["post-55776","post","type-post","status-publish","format-standard","has-post-thumbnail","hentry","category-cultura","category-arte-e-cultura"],"acf":[],"yoast_head":"<!-- This site is optimized with the Yoast SEO Premium plugin v24.2 (Yoast SEO v25.6) - https:\/\/yoast.com\/wordpress\/plugins\/seo\/ -->\n<title>Incendio di Notre-Dame: in arrivo un piano di aiuti da Firenze - intoscana<\/title>\n<meta name=\"description\" content=\"Da Firenze arriva un&#039;offerta di aiuto per la ricostruzione di Notre Dame, devastata da un incendio: l&#039;idea \u00e8 mettere insieme un gruppo di maestranze.\" \/>\n<meta name=\"robots\" content=\"index, follow, max-snippet:-1, max-image-preview:large, max-video-preview:-1\" \/>\n<link rel=\"canonical\" href=\"https:\/\/www.intoscana.it\/it\/incendio-di-notre-dame-in-arrivo-un-piano-di-aiuti-da-firenze\/\" \/>\n<meta property=\"og:locale\" content=\"it_IT\" \/>\n<meta property=\"og:type\" content=\"article\" \/>\n<meta property=\"og:title\" content=\"Incendio di Notre-Dame: in arrivo un piano di aiuti da Firenze\" \/>\n<meta property=\"og:description\" content=\"Da Firenze arriva un&#039;offerta di aiuto per la ricostruzione di Notre Dame, devastata da un incendio: l&#039;idea \u00e8 mettere insieme un gruppo di maestranze.\" \/>\n<meta property=\"og:url\" content=\"https:\/\/www.intoscana.it\/it\/incendio-di-notre-dame-in-arrivo-un-piano-di-aiuti-da-firenze\/\" \/>\n<meta property=\"og:site_name\" content=\"intoscana\" \/>\n<meta property=\"article:publisher\" content=\"https:\/\/www.facebook.com\/intoscana.it\" \/>\n<meta property=\"article:published_time\" content=\"2019-04-16T15:36:09+00:00\" \/>\n<meta property=\"article:modified_time\" content=\"2020-05-18T08:47:24+00:00\" \/>\n<meta property=\"og:image\" content=\"https:\/\/www.intoscana.it\/wp-content\/uploads\/notre-dame-1.jpg\" \/>\n\t<meta property=\"og:image:width\" content=\"663\" \/>\n\t<meta property=\"og:image:height\" content=\"495\" \/>\n\t<meta property=\"og:image:type\" content=\"image\/jpeg\" \/>\n<meta name=\"author\" content=\"Redazione\" \/>\n<meta name=\"twitter:card\" content=\"summary_large_image\" \/>\n<meta name=\"twitter:creator\" content=\"@intoscana\" \/>\n<meta name=\"twitter:site\" content=\"@intoscana\" \/>\n<meta name=\"twitter:label1\" content=\"Written by\" \/>\n\t<meta name=\"twitter:data1\" content=\"Redazione\" \/>\n\t<meta name=\"twitter:label2\" content=\"Est. reading time\" \/>\n\t<meta name=\"twitter:data2\" content=\"2 minuti\" \/>\n<script type=\"application\/ld+json\" class=\"yoast-schema-graph\">{\"@context\":\"https:\/\/schema.org\",\"@graph\":[{\"@type\":\"WebPage\",\"@id\":\"https:\/\/www.intoscana.it\/it\/incendio-di-notre-dame-in-arrivo-un-piano-di-aiuti-da-firenze\/\",\"url\":\"https:\/\/www.intoscana.it\/it\/incendio-di-notre-dame-in-arrivo-un-piano-di-aiuti-da-firenze\/\",\"name\":\"Incendio di Notre-Dame: in arrivo un piano di aiuti da Firenze - intoscana\",\"isPartOf\":{\"@id\":\"https:\/\/www.intoscana.it\/it\/#website\"},\"primaryImageOfPage\":{\"@id\":\"https:\/\/www.intoscana.it\/it\/incendio-di-notre-dame-in-arrivo-un-piano-di-aiuti-da-firenze\/#primaryimage\"},\"image\":{\"@id\":\"https:\/\/www.intoscana.it\/it\/incendio-di-notre-dame-in-arrivo-un-piano-di-aiuti-da-firenze\/#primaryimage\"},\"thumbnailUrl\":\"https:\/\/www.intoscana.it\/wp-content\/uploads\/notre-dame-1.jpg\",\"datePublished\":\"2019-04-16T15:36:09+00:00\",\"dateModified\":\"2020-05-18T08:47:24+00:00\",\"author\":{\"@id\":\"https:\/\/www.intoscana.it\/it\/#\/schema\/person\/9223810753230f20bd670fdd322661f8\"},\"description\":\"Da Firenze arriva un'offerta di aiuto per la ricostruzione di Notre Dame, devastata da un incendio: l'idea \u00e8 mettere insieme un gruppo di maestranze.\",\"breadcrumb\":{\"@id\":\"https:\/\/www.intoscana.it\/it\/incendio-di-notre-dame-in-arrivo-un-piano-di-aiuti-da-firenze\/#breadcrumb\"},\"inLanguage\":\"it-IT\",\"potentialAction\":[{\"@type\":\"ReadAction\",\"target\":[\"https:\/\/www.intoscana.it\/it\/incendio-di-notre-dame-in-arrivo-un-piano-di-aiuti-da-firenze\/\"]}]},{\"@type\":\"ImageObject\",\"inLanguage\":\"it-IT\",\"@id\":\"https:\/\/www.intoscana.it\/it\/incendio-di-notre-dame-in-arrivo-un-piano-di-aiuti-da-firenze\/#primaryimage\",\"url\":\"https:\/\/www.intoscana.it\/wp-content\/uploads\/notre-dame-1.jpg\",\"contentUrl\":\"https:\/\/www.intoscana.it\/wp-content\/uploads\/notre-dame-1.jpg\",\"width\":663,\"height\":495},{\"@type\":\"BreadcrumbList\",\"@id\":\"https:\/\/www.intoscana.it\/it\/incendio-di-notre-dame-in-arrivo-un-piano-di-aiuti-da-firenze\/#breadcrumb\",\"itemListElement\":[{\"@type\":\"ListItem\",\"position\":1,\"name\":\"Home\",\"item\":\"https:\/\/www.intoscana.it\/it\/\"},{\"@type\":\"ListItem\",\"position\":2,\"name\":\"Incendio di Notre-Dame: in arrivo un piano di aiuti da Firenze\"}]},{\"@type\":\"WebSite\",\"@id\":\"https:\/\/www.intoscana.it\/it\/#website\",\"url\":\"https:\/\/www.intoscana.it\/it\/\",\"name\":\"intoscana\",\"description\":\"\",\"potentialAction\":[{\"@type\":\"SearchAction\",\"target\":{\"@type\":\"EntryPoint\",\"urlTemplate\":\"https:\/\/www.intoscana.it\/it\/?s={search_term_string}\"},\"query-input\":{\"@type\":\"PropertyValueSpecification\",\"valueRequired\":true,\"valueName\":\"search_term_string\"}}],\"inLanguage\":\"it-IT\"},{\"@type\":\"Person\",\"@id\":\"https:\/\/www.intoscana.it\/it\/#\/schema\/person\/9223810753230f20bd670fdd322661f8\",\"name\":\"Redazione\",\"url\":\"https:\/\/www.intoscana.it\/it\/author\/redazione\/\"}]}<\/script>\n<!-- \/ Yoast SEO Premium plugin. -->","yoast_head_json":{"title":"Incendio di Notre-Dame: in arrivo un piano di aiuti da Firenze - intoscana","description":"Da Firenze arriva un'offerta di aiuto per la ricostruzione di Notre Dame, devastata da un incendio: l'idea \u00e8 mettere insieme un gruppo di maestranze.","robots":{"index":"index","follow":"follow","max-snippet":"max-snippet:-1","max-image-preview":"max-image-preview:large","max-video-preview":"max-video-preview:-1"},"canonical":"https:\/\/www.intoscana.it\/it\/incendio-di-notre-dame-in-arrivo-un-piano-di-aiuti-da-firenze\/","og_locale":"it_IT","og_type":"article","og_title":"Incendio di Notre-Dame: in arrivo un piano di aiuti da Firenze","og_description":"Da Firenze arriva un'offerta di aiuto per la ricostruzione di Notre Dame, devastata da un incendio: l'idea \u00e8 mettere insieme un gruppo di maestranze.","og_url":"https:\/\/www.intoscana.it\/it\/incendio-di-notre-dame-in-arrivo-un-piano-di-aiuti-da-firenze\/","og_site_name":"intoscana","article_publisher":"https:\/\/www.facebook.com\/intoscana.it","article_published_time":"2019-04-16T15:36:09+00:00","article_modified_time":"2020-05-18T08:47:24+00:00","og_image":[{"width":663,"height":495,"url":"https:\/\/www.intoscana.it\/wp-content\/uploads\/notre-dame-1.jpg","type":"image\/jpeg"}],"author":"Redazione","twitter_card":"summary_large_image","twitter_creator":"@intoscana","twitter_site":"@intoscana","twitter_misc":{"Written by":"Redazione","Est. reading time":"2 minuti"},"schema":{"@context":"https:\/\/schema.org","@graph":[{"@type":"WebPage","@id":"https:\/\/www.intoscana.it\/it\/incendio-di-notre-dame-in-arrivo-un-piano-di-aiuti-da-firenze\/","url":"https:\/\/www.intoscana.it\/it\/incendio-di-notre-dame-in-arrivo-un-piano-di-aiuti-da-firenze\/","name":"Incendio di Notre-Dame: in arrivo un piano di aiuti da Firenze - intoscana","isPartOf":{"@id":"https:\/\/www.intoscana.it\/it\/#website"},"primaryImageOfPage":{"@id":"https:\/\/www.intoscana.it\/it\/incendio-di-notre-dame-in-arrivo-un-piano-di-aiuti-da-firenze\/#primaryimage"},"image":{"@id":"https:\/\/www.intoscana.it\/it\/incendio-di-notre-dame-in-arrivo-un-piano-di-aiuti-da-firenze\/#primaryimage"},"thumbnailUrl":"https:\/\/www.intoscana.it\/wp-content\/uploads\/notre-dame-1.jpg","datePublished":"2019-04-16T15:36:09+00:00","dateModified":"2020-05-18T08:47:24+00:00","author":{"@id":"https:\/\/www.intoscana.it\/it\/#\/schema\/person\/9223810753230f20bd670fdd322661f8"},"description":"Da Firenze arriva un'offerta di aiuto per la ricostruzione di Notre Dame, devastata da un incendio: l'idea \u00e8 mettere insieme un gruppo di maestranze.","breadcrumb":{"@id":"https:\/\/www.intoscana.it\/it\/incendio-di-notre-dame-in-arrivo-un-piano-di-aiuti-da-firenze\/#breadcrumb"},"inLanguage":"it-IT","potentialAction":[{"@type":"ReadAction","target":["https:\/\/www.intoscana.it\/it\/incendio-di-notre-dame-in-arrivo-un-piano-di-aiuti-da-firenze\/"]}]},{"@type":"ImageObject","inLanguage":"it-IT","@id":"https:\/\/www.intoscana.it\/it\/incendio-di-notre-dame-in-arrivo-un-piano-di-aiuti-da-firenze\/#primaryimage","url":"https:\/\/www.intoscana.it\/wp-content\/uploads\/notre-dame-1.jpg","contentUrl":"https:\/\/www.intoscana.it\/wp-content\/uploads\/notre-dame-1.jpg","width":663,"height":495},{"@type":"BreadcrumbList","@id":"https:\/\/www.intoscana.it\/it\/incendio-di-notre-dame-in-arrivo-un-piano-di-aiuti-da-firenze\/#breadcrumb","itemListElement":[{"@type":"ListItem","position":1,"name":"Home","item":"https:\/\/www.intoscana.it\/it\/"},{"@type":"ListItem","position":2,"name":"Incendio di Notre-Dame: in arrivo un piano di aiuti da Firenze"}]},{"@type":"WebSite","@id":"https:\/\/www.intoscana.it\/it\/#website","url":"https:\/\/www.intoscana.it\/it\/","name":"intoscana","description":"","potentialAction":[{"@type":"SearchAction","target":{"@type":"EntryPoint","urlTemplate":"https:\/\/www.intoscana.it\/it\/?s={search_term_string}"},"query-input":{"@type":"PropertyValueSpecification","valueRequired":true,"valueName":"search_term_string"}}],"inLanguage":"it-IT"},{"@type":"Person","@id":"https:\/\/www.intoscana.it\/it\/#\/schema\/person\/9223810753230f20bd670fdd322661f8","name":"Redazione","url":"https:\/\/www.intoscana.it\/it\/author\/redazione\/"}]}},"_links":{"self":[{"href":"https:\/\/www.intoscana.it\/it\/wp-json\/wp\/v2\/posts\/55776","targetHints":{"allow":["GET"]}}],"collection":[{"href":"https:\/\/www.intoscana.it\/it\/wp-json\/wp\/v2\/posts"}],"about":[{"href":"https:\/\/www.intoscana.it\/it\/wp-json\/wp\/v2\/types\/post"}],"author":[{"embeddable":true,"href":"https:\/\/www.intoscana.it\/it\/wp-json\/wp\/v2\/users\/525"}],"replies":[{"embeddable":true,"href":"https:\/\/www.intoscana.it\/it\/wp-json\/wp\/v2\/comments?post=55776"}],"version-history":[{"count":0,"href":"https:\/\/www.intoscana.it\/it\/wp-json\/wp\/v2\/posts\/55776\/revisions"}],"wp:featuredmedia":[{"embeddable":true,"href":"https:\/\/www.intoscana.it\/it\/wp-json\/wp\/v2\/media\/92827"}],"wp:attachment":[{"href":"https:\/\/www.intoscana.it\/it\/wp-json\/wp\/v2\/media?parent=55776"}],"wp:term":[{"taxonomy":"category","embeddable":true,"href":"https:\/\/www.intoscana.it\/it\/wp-json\/wp\/v2\/categories?post=55776"},{"taxonomy":"post_tag","embeddable":true,"href":"https:\/\/www.intoscana.it\/it\/wp-json\/wp\/v2\/tags?post=55776"}],"curies":[{"name":"wp","href":"https:\/\/api.w.org\/{rel}","templated":true}]}}