{"id":56076,"date":"2019-06-08T14:12:02","date_gmt":"2019-06-08T14:12:02","guid":{"rendered":"http:\/\/www.intoscana.it\/la-giovane-monna-lisa-in-mostra-per-la-prima-volta-a-firenze\/"},"modified":"2020-05-19T15:39:09","modified_gmt":"2020-05-19T13:39:09","slug":"giovane-monna-lisa-firenze","status":"publish","type":"post","link":"https:\/\/www.intoscana.it\/it\/giovane-monna-lisa-firenze\/","title":{"rendered":"La giovane Monna Lisa in mostra per la prima volta a Firenze"},"content":{"rendered":"<p><strong>\u00c8 esposta a Firenze per la prima volta in Europa fuori dal caveau in cui viene custodita l&#8217;opera conosciuta come la giovane Monna Lisa<\/strong> (chiamata Earlier Mona Lisa nei paesi anglofoni), la tela sulla cui attribuzione a Leonardo da Vinci si discute e che riprende il tema della Gioconda proponendo un confronto con l&#8217;iconica Monna Lisa conservata al Louvre.<\/p>\n\n<p>&nbsp;<\/p>\n<p><strong>La mostra fiorentina si terr\u00e0 dal 10 giugno al 30 luglio<\/strong>&nbsp;nella sala delle feste di Palazzo Bastogi. La prima europea di &#8216;Earlier Mona Lisa&#8217; segue due inedite trasferte in Asia &#8211; Shangai e Singapore &#8211; e \u00e8 stata curata da The Mona Lisa Foundation con un percorso multimediale. P<strong>er la fondazione non ci sono dubbi: quest&#8217;opera, incompiuta, ritrae una giovane Lisa Gherardini e fu commissionata a Leonardo tra il 1503 e il 1506 circa dieci anni prima della Gioconda del Louvre.<\/strong><\/p>\n<p><strong>&#8220;Non sappiamo chi l&#8217;abbia realmente rappresentata e io certo non posso esprimermi prima di un riscontro e di una documentazione certa, ma l&#8217;opera \u00e8 bellissima &#8211; ha commentato il presidente del Consiglio regionale della Toscana, Eugenio Giani,<\/strong> presentando la mostra in anteprima alla stampa &#8211; suscita suggestioni e straordinarie emozioni. Inserita nel contesto delle iniziative dedicate al cinquecentenario leonardiano, offre una testimonianza e un&#8217;occasione unica per Firenze e la Toscana&#8221;.<\/p>\n<p><strong> A partire da luned\u00ec, la mostra sar\u00e0 visitabile con ingresso libero e la magia di Leonardo potr\u00e0 essere apprezzata anche da non vedenti.<\/strong> Grazie al contributo di un team interdisciplinare guidato dal professor Giorgio Verdiani del dipartimento di Architettura dell&#8217;Universit\u00e0 di Firenze, alla collaborazione dei volontari dell&#8217;Unione italiana ciechi e alla comunit\u00e0 cinese dell&#8217;associazione Ramunion Italia, <strong>sono state create riproduzioni tattili di &#8216;Earlier Mona Lisa&#8217; e della &#8216;Monna Lisa&#8217; del Louvre. Il sistema in 3D permetter\u00e0 di cogliere le principali differenze tra le due opere<\/strong> con singoli dettagli disposti in modo da consentire confronti diretti, per esempio, tra le labbra delle due versioni.&nbsp;<\/p>\n","protected":false},"excerpt":{"rendered":"<p>L&#8217;opera, che alcuni attribuiscono a Leonardo da Vinci, sar\u00e0 esposta fino al 30 luglio nella sala delle feste di palazzo Bastogi<\/p>\n","protected":false},"author":525,"featured_media":93103,"comment_status":"open","ping_status":"open","sticky":false,"template":"","format":"standard","meta":{"_acf_changed":false,"footnotes":""},"categories":[493,5],"tags":[174,231],"class_list":["post-56076","post","type-post","status-publish","format-standard","has-post-thumbnail","hentry","category-cultura","category-arte-e-cultura","tag-arte","tag-leonardo-da-vinci"],"acf":[],"yoast_head":"<!-- This site is optimized with the Yoast SEO Premium plugin v24.2 (Yoast SEO v25.6) - https:\/\/yoast.com\/wordpress\/plugins\/seo\/ -->\n<title>La giovane Monna Lisa in mostra per la prima volta a Firenze - intoscana<\/title>\n<meta name=\"description\" content=\"A Palazzo Bastogi a Firenze fino al 30 luglio in mostra per la prima volta la giovane Monna Lisa, un quadro la cui attribuzione a Leonardo \u00e8 ancora controversa.\" \/>\n<meta name=\"robots\" content=\"index, follow, max-snippet:-1, max-image-preview:large, max-video-preview:-1\" \/>\n<link rel=\"canonical\" href=\"https:\/\/www.intoscana.it\/it\/giovane-monna-lisa-firenze\/\" \/>\n<meta property=\"og:locale\" content=\"it_IT\" \/>\n<meta property=\"og:type\" content=\"article\" \/>\n<meta property=\"og:title\" content=\"La giovane Monna Lisa in mostra per la prima volta a Firenze\" \/>\n<meta property=\"og:description\" content=\"A Palazzo Bastogi a Firenze fino al 30 luglio in mostra per la prima volta la giovane Monna Lisa, un quadro la cui attribuzione a Leonardo \u00e8 ancora controversa.\" \/>\n<meta property=\"og:url\" content=\"https:\/\/www.intoscana.it\/it\/giovane-monna-lisa-firenze\/\" \/>\n<meta property=\"og:site_name\" content=\"intoscana\" \/>\n<meta property=\"article:publisher\" content=\"https:\/\/www.facebook.com\/intoscana.it\" \/>\n<meta property=\"article:published_time\" content=\"2019-06-08T14:12:02+00:00\" \/>\n<meta property=\"article:modified_time\" content=\"2020-05-19T13:39:09+00:00\" \/>\n<meta property=\"og:image\" content=\"https:\/\/www.intoscana.it\/wp-content\/uploads\/the_isleworth_mona_lisa-1.jpg\" \/>\n\t<meta property=\"og:image:width\" content=\"1210\" \/>\n\t<meta property=\"og:image:height\" content=\"1600\" \/>\n\t<meta property=\"og:image:type\" content=\"image\/jpeg\" \/>\n<meta name=\"author\" content=\"Redazione\" \/>\n<meta name=\"twitter:card\" content=\"summary_large_image\" \/>\n<meta name=\"twitter:creator\" content=\"@intoscana\" \/>\n<meta name=\"twitter:site\" content=\"@intoscana\" \/>\n<meta name=\"twitter:label1\" content=\"Written by\" \/>\n\t<meta name=\"twitter:data1\" content=\"Redazione\" \/>\n\t<meta name=\"twitter:label2\" content=\"Est. reading time\" \/>\n\t<meta name=\"twitter:data2\" content=\"2 minuti\" \/>\n<script type=\"application\/ld+json\" class=\"yoast-schema-graph\">{\"@context\":\"https:\/\/schema.org\",\"@graph\":[{\"@type\":\"WebPage\",\"@id\":\"https:\/\/www.intoscana.it\/it\/giovane-monna-lisa-firenze\/\",\"url\":\"https:\/\/www.intoscana.it\/it\/giovane-monna-lisa-firenze\/\",\"name\":\"La giovane Monna Lisa in mostra per la prima volta a Firenze - intoscana\",\"isPartOf\":{\"@id\":\"https:\/\/www.intoscana.it\/it\/#website\"},\"primaryImageOfPage\":{\"@id\":\"https:\/\/www.intoscana.it\/it\/giovane-monna-lisa-firenze\/#primaryimage\"},\"image\":{\"@id\":\"https:\/\/www.intoscana.it\/it\/giovane-monna-lisa-firenze\/#primaryimage\"},\"thumbnailUrl\":\"https:\/\/www.intoscana.it\/wp-content\/uploads\/the_isleworth_mona_lisa-1.jpg\",\"datePublished\":\"2019-06-08T14:12:02+00:00\",\"dateModified\":\"2020-05-19T13:39:09+00:00\",\"author\":{\"@id\":\"https:\/\/www.intoscana.it\/it\/#\/schema\/person\/9223810753230f20bd670fdd322661f8\"},\"description\":\"A Palazzo Bastogi a Firenze fino al 30 luglio in mostra per la prima volta la giovane Monna Lisa, un quadro la cui attribuzione a Leonardo \u00e8 ancora controversa.\",\"breadcrumb\":{\"@id\":\"https:\/\/www.intoscana.it\/it\/giovane-monna-lisa-firenze\/#breadcrumb\"},\"inLanguage\":\"it-IT\",\"potentialAction\":[{\"@type\":\"ReadAction\",\"target\":[\"https:\/\/www.intoscana.it\/it\/giovane-monna-lisa-firenze\/\"]}]},{\"@type\":\"ImageObject\",\"inLanguage\":\"it-IT\",\"@id\":\"https:\/\/www.intoscana.it\/it\/giovane-monna-lisa-firenze\/#primaryimage\",\"url\":\"https:\/\/www.intoscana.it\/wp-content\/uploads\/the_isleworth_mona_lisa-1.jpg\",\"contentUrl\":\"https:\/\/www.intoscana.it\/wp-content\/uploads\/the_isleworth_mona_lisa-1.jpg\",\"width\":1210,\"height\":1600},{\"@type\":\"BreadcrumbList\",\"@id\":\"https:\/\/www.intoscana.it\/it\/giovane-monna-lisa-firenze\/#breadcrumb\",\"itemListElement\":[{\"@type\":\"ListItem\",\"position\":1,\"name\":\"Home\",\"item\":\"https:\/\/www.intoscana.it\/it\/\"},{\"@type\":\"ListItem\",\"position\":2,\"name\":\"La giovane Monna Lisa in mostra per la prima volta a Firenze\"}]},{\"@type\":\"WebSite\",\"@id\":\"https:\/\/www.intoscana.it\/it\/#website\",\"url\":\"https:\/\/www.intoscana.it\/it\/\",\"name\":\"intoscana\",\"description\":\"\",\"potentialAction\":[{\"@type\":\"SearchAction\",\"target\":{\"@type\":\"EntryPoint\",\"urlTemplate\":\"https:\/\/www.intoscana.it\/it\/?s={search_term_string}\"},\"query-input\":{\"@type\":\"PropertyValueSpecification\",\"valueRequired\":true,\"valueName\":\"search_term_string\"}}],\"inLanguage\":\"it-IT\"},{\"@type\":\"Person\",\"@id\":\"https:\/\/www.intoscana.it\/it\/#\/schema\/person\/9223810753230f20bd670fdd322661f8\",\"name\":\"Redazione\",\"url\":\"https:\/\/www.intoscana.it\/it\/author\/redazione\/\"}]}<\/script>\n<!-- \/ Yoast SEO Premium plugin. -->","yoast_head_json":{"title":"La giovane Monna Lisa in mostra per la prima volta a Firenze - intoscana","description":"A Palazzo Bastogi a Firenze fino al 30 luglio in mostra per la prima volta la giovane Monna Lisa, un quadro la cui attribuzione a Leonardo \u00e8 ancora controversa.","robots":{"index":"index","follow":"follow","max-snippet":"max-snippet:-1","max-image-preview":"max-image-preview:large","max-video-preview":"max-video-preview:-1"},"canonical":"https:\/\/www.intoscana.it\/it\/giovane-monna-lisa-firenze\/","og_locale":"it_IT","og_type":"article","og_title":"La giovane Monna Lisa in mostra per la prima volta a Firenze","og_description":"A Palazzo Bastogi a Firenze fino al 30 luglio in mostra per la prima volta la giovane Monna Lisa, un quadro la cui attribuzione a Leonardo \u00e8 ancora controversa.","og_url":"https:\/\/www.intoscana.it\/it\/giovane-monna-lisa-firenze\/","og_site_name":"intoscana","article_publisher":"https:\/\/www.facebook.com\/intoscana.it","article_published_time":"2019-06-08T14:12:02+00:00","article_modified_time":"2020-05-19T13:39:09+00:00","og_image":[{"width":1210,"height":1600,"url":"https:\/\/www.intoscana.it\/wp-content\/uploads\/the_isleworth_mona_lisa-1.jpg","type":"image\/jpeg"}],"author":"Redazione","twitter_card":"summary_large_image","twitter_creator":"@intoscana","twitter_site":"@intoscana","twitter_misc":{"Written by":"Redazione","Est. reading time":"2 minuti"},"schema":{"@context":"https:\/\/schema.org","@graph":[{"@type":"WebPage","@id":"https:\/\/www.intoscana.it\/it\/giovane-monna-lisa-firenze\/","url":"https:\/\/www.intoscana.it\/it\/giovane-monna-lisa-firenze\/","name":"La giovane Monna Lisa in mostra per la prima volta a Firenze - intoscana","isPartOf":{"@id":"https:\/\/www.intoscana.it\/it\/#website"},"primaryImageOfPage":{"@id":"https:\/\/www.intoscana.it\/it\/giovane-monna-lisa-firenze\/#primaryimage"},"image":{"@id":"https:\/\/www.intoscana.it\/it\/giovane-monna-lisa-firenze\/#primaryimage"},"thumbnailUrl":"https:\/\/www.intoscana.it\/wp-content\/uploads\/the_isleworth_mona_lisa-1.jpg","datePublished":"2019-06-08T14:12:02+00:00","dateModified":"2020-05-19T13:39:09+00:00","author":{"@id":"https:\/\/www.intoscana.it\/it\/#\/schema\/person\/9223810753230f20bd670fdd322661f8"},"description":"A Palazzo Bastogi a Firenze fino al 30 luglio in mostra per la prima volta la giovane Monna Lisa, un quadro la cui attribuzione a Leonardo \u00e8 ancora controversa.","breadcrumb":{"@id":"https:\/\/www.intoscana.it\/it\/giovane-monna-lisa-firenze\/#breadcrumb"},"inLanguage":"it-IT","potentialAction":[{"@type":"ReadAction","target":["https:\/\/www.intoscana.it\/it\/giovane-monna-lisa-firenze\/"]}]},{"@type":"ImageObject","inLanguage":"it-IT","@id":"https:\/\/www.intoscana.it\/it\/giovane-monna-lisa-firenze\/#primaryimage","url":"https:\/\/www.intoscana.it\/wp-content\/uploads\/the_isleworth_mona_lisa-1.jpg","contentUrl":"https:\/\/www.intoscana.it\/wp-content\/uploads\/the_isleworth_mona_lisa-1.jpg","width":1210,"height":1600},{"@type":"BreadcrumbList","@id":"https:\/\/www.intoscana.it\/it\/giovane-monna-lisa-firenze\/#breadcrumb","itemListElement":[{"@type":"ListItem","position":1,"name":"Home","item":"https:\/\/www.intoscana.it\/it\/"},{"@type":"ListItem","position":2,"name":"La giovane Monna Lisa in mostra per la prima volta a Firenze"}]},{"@type":"WebSite","@id":"https:\/\/www.intoscana.it\/it\/#website","url":"https:\/\/www.intoscana.it\/it\/","name":"intoscana","description":"","potentialAction":[{"@type":"SearchAction","target":{"@type":"EntryPoint","urlTemplate":"https:\/\/www.intoscana.it\/it\/?s={search_term_string}"},"query-input":{"@type":"PropertyValueSpecification","valueRequired":true,"valueName":"search_term_string"}}],"inLanguage":"it-IT"},{"@type":"Person","@id":"https:\/\/www.intoscana.it\/it\/#\/schema\/person\/9223810753230f20bd670fdd322661f8","name":"Redazione","url":"https:\/\/www.intoscana.it\/it\/author\/redazione\/"}]}},"_links":{"self":[{"href":"https:\/\/www.intoscana.it\/it\/wp-json\/wp\/v2\/posts\/56076","targetHints":{"allow":["GET"]}}],"collection":[{"href":"https:\/\/www.intoscana.it\/it\/wp-json\/wp\/v2\/posts"}],"about":[{"href":"https:\/\/www.intoscana.it\/it\/wp-json\/wp\/v2\/types\/post"}],"author":[{"embeddable":true,"href":"https:\/\/www.intoscana.it\/it\/wp-json\/wp\/v2\/users\/525"}],"replies":[{"embeddable":true,"href":"https:\/\/www.intoscana.it\/it\/wp-json\/wp\/v2\/comments?post=56076"}],"version-history":[{"count":0,"href":"https:\/\/www.intoscana.it\/it\/wp-json\/wp\/v2\/posts\/56076\/revisions"}],"wp:featuredmedia":[{"embeddable":true,"href":"https:\/\/www.intoscana.it\/it\/wp-json\/wp\/v2\/media\/93103"}],"wp:attachment":[{"href":"https:\/\/www.intoscana.it\/it\/wp-json\/wp\/v2\/media?parent=56076"}],"wp:term":[{"taxonomy":"category","embeddable":true,"href":"https:\/\/www.intoscana.it\/it\/wp-json\/wp\/v2\/categories?post=56076"},{"taxonomy":"post_tag","embeddable":true,"href":"https:\/\/www.intoscana.it\/it\/wp-json\/wp\/v2\/tags?post=56076"}],"curies":[{"name":"wp","href":"https:\/\/api.w.org\/{rel}","templated":true}]}}