{"id":57039,"date":"2019-02-12T15:52:00","date_gmt":"2019-02-12T15:52:00","guid":{"rendered":"http:\/\/www.intoscana.it\/giovanisi-in-tour-il-progetto-si-presenta-a-borgo-a-mozzano\/"},"modified":"2020-05-18T10:39:39","modified_gmt":"2020-05-18T08:39:39","slug":"giovanisi-in-tour-il-progetto-si-presenta-a-borgo-a-mozzano","status":"publish","type":"post","link":"https:\/\/www.intoscana.it\/it\/giovanisi-in-tour-il-progetto-si-presenta-a-borgo-a-mozzano\/","title":{"rendered":"Giovanis\u00ec in tour: il progetto si presenta a Borgo a Mozzano"},"content":{"rendered":"<p><strong>Mercoled\u00ec 13 febbraio fa tappa a Borgo a Mozzano, in provincia di Lucca, Giovanis\u00ec in tour<\/strong>, il progetto raccontato dai giovani toscani. L&#8217;appuntamento \u00e8 dalle 11 alle 12.30 presso il Convento ex Oblate di Piazza degli Alpin, per l&#8217;incontro \u00e8 organizzato in collaborazione con il Comune di Borgo a Mozzano, il Centro per l&#8217;impiego della Valle del Serchio e l&#8217;ISI di Barga (ITT Enzo Ferrari).<\/p>\n<p>Protagoniste dell&#8217;incontro, moderato dal giornalista di Intoscana.it Gianluca Testa e ivolto alle classi quarte e quinte dell&#8217;ISI Barga, saranno le <strong>Storie Possibili di alcuni degli oltre 278mila beneficiari del progetto regionale.<br \/><\/strong>C&#8217;\u00e8 chi ha deciso di <strong>diventare imprenditore<\/strong> trasformando la sua passione per la musica in un lavoro, chi ha ampliato la sua azienda impegnata nel settore della stampa 3D, <strong>chi si \u00e8 formato grazie a un tirocinio o attraverso un&#8217;esperienza di cittadinanza attiva<\/strong> con il Servizio civile, chi ha deciso di accrescere le proprie competenze seguendo un corso professionale e chi ha trovato uno spazio di lavoro beneficiando dei voucher per coworker.<\/p>\n<p>Durante gli incontri, insieme alle molteplici e variegate esperienze raccontate dalla voce di chi le ha vissute, <strong>lo staff Giovanis\u00ec, illustrer\u00e0 le opportunit\u00e0 e le misure inserite nel progetto regionale.<\/strong> <\/p>\n","protected":false},"excerpt":{"rendered":"<p>Mercoled\u00ec 13 febbraio i ragazzi toscani che hanno beneficiato delle diverse opportunit\u00e0 offerte dalla Regione raccontano la loro esperienza<\/p>\n","protected":false},"author":525,"featured_media":94810,"comment_status":"open","ping_status":"open","sticky":false,"template":"","format":"standard","meta":{"_acf_changed":false,"footnotes":""},"categories":[494,17],"tags":[244],"class_list":["post-57039","post","type-post","status-publish","format-standard","has-post-thumbnail","hentry","category-attualita","category-giovani","tag-giovanisi"],"acf":[],"yoast_head":"<!-- This site is optimized with the Yoast SEO Premium plugin v24.2 (Yoast SEO v25.6) - https:\/\/yoast.com\/wordpress\/plugins\/seo\/ -->\n<title>Giovanis\u00ec in tour: il progetto si presenta a Borgo a Mozzano - intoscana<\/title>\n<meta name=\"description\" content=\"Il 13 febbraio fa tappa a Borgo a Mozzano Giovanis\u00ec in tour, per raccontare le opportunit\u00e0 del progetto regionale.\" \/>\n<meta name=\"robots\" content=\"index, follow, max-snippet:-1, max-image-preview:large, max-video-preview:-1\" \/>\n<link rel=\"canonical\" href=\"https:\/\/www.intoscana.it\/it\/giovanisi-in-tour-il-progetto-si-presenta-a-borgo-a-mozzano\/\" \/>\n<meta property=\"og:locale\" content=\"it_IT\" \/>\n<meta property=\"og:type\" content=\"article\" \/>\n<meta property=\"og:title\" content=\"Giovanis\u00ec in tour: il progetto si presenta a Borgo a Mozzano\" \/>\n<meta property=\"og:description\" content=\"Il 13 febbraio fa tappa a Borgo a Mozzano Giovanis\u00ec in tour, per raccontare le opportunit\u00e0 del progetto regionale.\" \/>\n<meta property=\"og:url\" content=\"https:\/\/www.intoscana.it\/it\/giovanisi-in-tour-il-progetto-si-presenta-a-borgo-a-mozzano\/\" \/>\n<meta property=\"og:site_name\" content=\"intoscana\" \/>\n<meta property=\"article:publisher\" content=\"https:\/\/www.facebook.com\/intoscana.it\" \/>\n<meta property=\"article:published_time\" content=\"2019-02-12T15:52:00+00:00\" \/>\n<meta property=\"article:modified_time\" content=\"2020-05-18T08:39:39+00:00\" \/>\n<meta property=\"og:image\" content=\"https:\/\/www.intoscana.it\/wp-content\/uploads\/studio_03-5.jpg\" \/>\n\t<meta property=\"og:image:width\" content=\"768\" \/>\n\t<meta property=\"og:image:height\" content=\"389\" \/>\n\t<meta property=\"og:image:type\" content=\"image\/jpeg\" \/>\n<meta name=\"author\" content=\"Redazione\" \/>\n<meta name=\"twitter:card\" content=\"summary_large_image\" \/>\n<meta name=\"twitter:creator\" content=\"@intoscana\" \/>\n<meta name=\"twitter:site\" content=\"@intoscana\" \/>\n<meta name=\"twitter:label1\" content=\"Written by\" \/>\n\t<meta name=\"twitter:data1\" content=\"Redazione\" \/>\n\t<meta name=\"twitter:label2\" content=\"Est. reading time\" \/>\n\t<meta name=\"twitter:data2\" content=\"1 minuto\" \/>\n<script type=\"application\/ld+json\" class=\"yoast-schema-graph\">{\"@context\":\"https:\/\/schema.org\",\"@graph\":[{\"@type\":\"WebPage\",\"@id\":\"https:\/\/www.intoscana.it\/it\/giovanisi-in-tour-il-progetto-si-presenta-a-borgo-a-mozzano\/\",\"url\":\"https:\/\/www.intoscana.it\/it\/giovanisi-in-tour-il-progetto-si-presenta-a-borgo-a-mozzano\/\",\"name\":\"Giovanis\u00ec in tour: il progetto si presenta a Borgo a Mozzano - intoscana\",\"isPartOf\":{\"@id\":\"https:\/\/www.intoscana.it\/it\/#website\"},\"primaryImageOfPage\":{\"@id\":\"https:\/\/www.intoscana.it\/it\/giovanisi-in-tour-il-progetto-si-presenta-a-borgo-a-mozzano\/#primaryimage\"},\"image\":{\"@id\":\"https:\/\/www.intoscana.it\/it\/giovanisi-in-tour-il-progetto-si-presenta-a-borgo-a-mozzano\/#primaryimage\"},\"thumbnailUrl\":\"https:\/\/www.intoscana.it\/wp-content\/uploads\/studio_03-5.jpg\",\"datePublished\":\"2019-02-12T15:52:00+00:00\",\"dateModified\":\"2020-05-18T08:39:39+00:00\",\"author\":{\"@id\":\"https:\/\/www.intoscana.it\/it\/#\/schema\/person\/9223810753230f20bd670fdd322661f8\"},\"description\":\"Il 13 febbraio fa tappa a Borgo a Mozzano Giovanis\u00ec in tour, per raccontare le opportunit\u00e0 del progetto regionale.\",\"breadcrumb\":{\"@id\":\"https:\/\/www.intoscana.it\/it\/giovanisi-in-tour-il-progetto-si-presenta-a-borgo-a-mozzano\/#breadcrumb\"},\"inLanguage\":\"it-IT\",\"potentialAction\":[{\"@type\":\"ReadAction\",\"target\":[\"https:\/\/www.intoscana.it\/it\/giovanisi-in-tour-il-progetto-si-presenta-a-borgo-a-mozzano\/\"]}]},{\"@type\":\"ImageObject\",\"inLanguage\":\"it-IT\",\"@id\":\"https:\/\/www.intoscana.it\/it\/giovanisi-in-tour-il-progetto-si-presenta-a-borgo-a-mozzano\/#primaryimage\",\"url\":\"https:\/\/www.intoscana.it\/wp-content\/uploads\/studio_03-5.jpg\",\"contentUrl\":\"https:\/\/www.intoscana.it\/wp-content\/uploads\/studio_03-5.jpg\",\"width\":768,\"height\":389},{\"@type\":\"BreadcrumbList\",\"@id\":\"https:\/\/www.intoscana.it\/it\/giovanisi-in-tour-il-progetto-si-presenta-a-borgo-a-mozzano\/#breadcrumb\",\"itemListElement\":[{\"@type\":\"ListItem\",\"position\":1,\"name\":\"Home\",\"item\":\"https:\/\/www.intoscana.it\/it\/\"},{\"@type\":\"ListItem\",\"position\":2,\"name\":\"Giovanis\u00ec in tour: il progetto si presenta a Borgo a Mozzano\"}]},{\"@type\":\"WebSite\",\"@id\":\"https:\/\/www.intoscana.it\/it\/#website\",\"url\":\"https:\/\/www.intoscana.it\/it\/\",\"name\":\"intoscana\",\"description\":\"\",\"potentialAction\":[{\"@type\":\"SearchAction\",\"target\":{\"@type\":\"EntryPoint\",\"urlTemplate\":\"https:\/\/www.intoscana.it\/it\/?s={search_term_string}\"},\"query-input\":{\"@type\":\"PropertyValueSpecification\",\"valueRequired\":true,\"valueName\":\"search_term_string\"}}],\"inLanguage\":\"it-IT\"},{\"@type\":\"Person\",\"@id\":\"https:\/\/www.intoscana.it\/it\/#\/schema\/person\/9223810753230f20bd670fdd322661f8\",\"name\":\"Redazione\",\"url\":\"https:\/\/www.intoscana.it\/it\/author\/redazione\/\"}]}<\/script>\n<!-- \/ Yoast SEO Premium plugin. -->","yoast_head_json":{"title":"Giovanis\u00ec in tour: il progetto si presenta a Borgo a Mozzano - intoscana","description":"Il 13 febbraio fa tappa a Borgo a Mozzano Giovanis\u00ec in tour, per raccontare le opportunit\u00e0 del progetto regionale.","robots":{"index":"index","follow":"follow","max-snippet":"max-snippet:-1","max-image-preview":"max-image-preview:large","max-video-preview":"max-video-preview:-1"},"canonical":"https:\/\/www.intoscana.it\/it\/giovanisi-in-tour-il-progetto-si-presenta-a-borgo-a-mozzano\/","og_locale":"it_IT","og_type":"article","og_title":"Giovanis\u00ec in tour: il progetto si presenta a Borgo a Mozzano","og_description":"Il 13 febbraio fa tappa a Borgo a Mozzano Giovanis\u00ec in tour, per raccontare le opportunit\u00e0 del progetto regionale.","og_url":"https:\/\/www.intoscana.it\/it\/giovanisi-in-tour-il-progetto-si-presenta-a-borgo-a-mozzano\/","og_site_name":"intoscana","article_publisher":"https:\/\/www.facebook.com\/intoscana.it","article_published_time":"2019-02-12T15:52:00+00:00","article_modified_time":"2020-05-18T08:39:39+00:00","og_image":[{"width":768,"height":389,"url":"https:\/\/www.intoscana.it\/wp-content\/uploads\/studio_03-5.jpg","type":"image\/jpeg"}],"author":"Redazione","twitter_card":"summary_large_image","twitter_creator":"@intoscana","twitter_site":"@intoscana","twitter_misc":{"Written by":"Redazione","Est. reading time":"1 minuto"},"schema":{"@context":"https:\/\/schema.org","@graph":[{"@type":"WebPage","@id":"https:\/\/www.intoscana.it\/it\/giovanisi-in-tour-il-progetto-si-presenta-a-borgo-a-mozzano\/","url":"https:\/\/www.intoscana.it\/it\/giovanisi-in-tour-il-progetto-si-presenta-a-borgo-a-mozzano\/","name":"Giovanis\u00ec in tour: il progetto si presenta a Borgo a Mozzano - intoscana","isPartOf":{"@id":"https:\/\/www.intoscana.it\/it\/#website"},"primaryImageOfPage":{"@id":"https:\/\/www.intoscana.it\/it\/giovanisi-in-tour-il-progetto-si-presenta-a-borgo-a-mozzano\/#primaryimage"},"image":{"@id":"https:\/\/www.intoscana.it\/it\/giovanisi-in-tour-il-progetto-si-presenta-a-borgo-a-mozzano\/#primaryimage"},"thumbnailUrl":"https:\/\/www.intoscana.it\/wp-content\/uploads\/studio_03-5.jpg","datePublished":"2019-02-12T15:52:00+00:00","dateModified":"2020-05-18T08:39:39+00:00","author":{"@id":"https:\/\/www.intoscana.it\/it\/#\/schema\/person\/9223810753230f20bd670fdd322661f8"},"description":"Il 13 febbraio fa tappa a Borgo a Mozzano Giovanis\u00ec in tour, per raccontare le opportunit\u00e0 del progetto regionale.","breadcrumb":{"@id":"https:\/\/www.intoscana.it\/it\/giovanisi-in-tour-il-progetto-si-presenta-a-borgo-a-mozzano\/#breadcrumb"},"inLanguage":"it-IT","potentialAction":[{"@type":"ReadAction","target":["https:\/\/www.intoscana.it\/it\/giovanisi-in-tour-il-progetto-si-presenta-a-borgo-a-mozzano\/"]}]},{"@type":"ImageObject","inLanguage":"it-IT","@id":"https:\/\/www.intoscana.it\/it\/giovanisi-in-tour-il-progetto-si-presenta-a-borgo-a-mozzano\/#primaryimage","url":"https:\/\/www.intoscana.it\/wp-content\/uploads\/studio_03-5.jpg","contentUrl":"https:\/\/www.intoscana.it\/wp-content\/uploads\/studio_03-5.jpg","width":768,"height":389},{"@type":"BreadcrumbList","@id":"https:\/\/www.intoscana.it\/it\/giovanisi-in-tour-il-progetto-si-presenta-a-borgo-a-mozzano\/#breadcrumb","itemListElement":[{"@type":"ListItem","position":1,"name":"Home","item":"https:\/\/www.intoscana.it\/it\/"},{"@type":"ListItem","position":2,"name":"Giovanis\u00ec in tour: il progetto si presenta a Borgo a Mozzano"}]},{"@type":"WebSite","@id":"https:\/\/www.intoscana.it\/it\/#website","url":"https:\/\/www.intoscana.it\/it\/","name":"intoscana","description":"","potentialAction":[{"@type":"SearchAction","target":{"@type":"EntryPoint","urlTemplate":"https:\/\/www.intoscana.it\/it\/?s={search_term_string}"},"query-input":{"@type":"PropertyValueSpecification","valueRequired":true,"valueName":"search_term_string"}}],"inLanguage":"it-IT"},{"@type":"Person","@id":"https:\/\/www.intoscana.it\/it\/#\/schema\/person\/9223810753230f20bd670fdd322661f8","name":"Redazione","url":"https:\/\/www.intoscana.it\/it\/author\/redazione\/"}]}},"_links":{"self":[{"href":"https:\/\/www.intoscana.it\/it\/wp-json\/wp\/v2\/posts\/57039","targetHints":{"allow":["GET"]}}],"collection":[{"href":"https:\/\/www.intoscana.it\/it\/wp-json\/wp\/v2\/posts"}],"about":[{"href":"https:\/\/www.intoscana.it\/it\/wp-json\/wp\/v2\/types\/post"}],"author":[{"embeddable":true,"href":"https:\/\/www.intoscana.it\/it\/wp-json\/wp\/v2\/users\/525"}],"replies":[{"embeddable":true,"href":"https:\/\/www.intoscana.it\/it\/wp-json\/wp\/v2\/comments?post=57039"}],"version-history":[{"count":0,"href":"https:\/\/www.intoscana.it\/it\/wp-json\/wp\/v2\/posts\/57039\/revisions"}],"wp:featuredmedia":[{"embeddable":true,"href":"https:\/\/www.intoscana.it\/it\/wp-json\/wp\/v2\/media\/94810"}],"wp:attachment":[{"href":"https:\/\/www.intoscana.it\/it\/wp-json\/wp\/v2\/media?parent=57039"}],"wp:term":[{"taxonomy":"category","embeddable":true,"href":"https:\/\/www.intoscana.it\/it\/wp-json\/wp\/v2\/categories?post=57039"},{"taxonomy":"post_tag","embeddable":true,"href":"https:\/\/www.intoscana.it\/it\/wp-json\/wp\/v2\/tags?post=57039"}],"curies":[{"name":"wp","href":"https:\/\/api.w.org\/{rel}","templated":true}]}}