{"id":57241,"date":"2020-03-18T14:25:56","date_gmt":"2020-03-18T14:25:56","guid":{"rendered":"http:\/\/www.intoscana.it\/cura-italia-la-toscana-potenzia-la-cassa-integrazione-in-deroga\/"},"modified":"2020-05-19T15:41:27","modified_gmt":"2020-05-19T13:41:27","slug":"cassa-integrazione-deroga-potenziata","status":"publish","type":"post","link":"https:\/\/www.intoscana.it\/it\/cassa-integrazione-deroga-potenziata\/","title":{"rendered":"Cura Italia, la Toscana potenzia la cassa integrazione in deroga"},"content":{"rendered":"<p>Firmato stamani l&#8217;accordo tra Regione Toscana e parti sociali, rappresentate dalla commissione permanente regionale Tripartita,&nbsp; che definisce<strong>&nbsp;criteri e modalit\u00e0 procedurali per l&#8217;utilizzo della cassa integrazione in deroga<\/strong>. Potranno richiedere la <strong>cassa in deroga <\/strong>&#8211; come previsto dall&#8217;ultimo decreto del Governo &#8216;Cura Italia&#8217; &#8211;<strong>&nbsp; tutti i datori di lavoro del settore privato<\/strong>, inclusi quelli agricoli, della pesca e del terzo settore, compresi gli enti religiosi civilmente riconosciuti, ossia la generalit\u00e0 degli imprenditori con la sola esclusione dei datori di lavoro domestici, a beneficio di tutti i lavoratori dipendenti di unit\u00e0 produttive con sede in Toscana alla data del <strong>23 febbraio scorso<\/strong>.<\/p>\n<p>A partire da tale data, per ciascuna unit\u00e0 produttiva, la<strong> cassa integrazione in deroga<\/strong> pu\u00f2 essere concessa per un periodo non superiore a nove settimane. Grazie alla stipula di questo accordo quadro, i datori di lavoro potranno presentare domanda di concessione di cassa integrazione alla Regione Toscana, per via telematica, attraverso un sistema informativo che sar\u00e0 reso disponibile a breve.<\/p>\n<p>&#8220;E&#8217; necessario per\u00f2 sottolineare&#8221;, specifica l&#8217;assessore al lavoro della Regione, <strong>Cristina Grieco<\/strong>, &#8220;<em>che le domande non possono essere presentate immediatamente perch\u00e9 ci\u00f2 sar\u00e0 possibile solo quando saranno emanati i decreti interministeriali e la circolare applicativa dell&#8217;Inps. Daremo notizia di quando ci\u00f2 sar\u00e0 possibile precisando anche l&#8217;avvio dell&#8217;apposita procedura telematica&#8221;.<\/em><\/p>\n<p>Oltre ai 3 miliardi di euro messi a disposizione dal Governo e che andranno ripartiti tra le Regioni, la Toscana aggiunge altri <strong>60 milioni di economie<\/strong> frutto della gestione virtuosa dei precedenti ammortizzatori in deroga che sono stati accantonati e oggi rimessi dunque a disposizione di imprese e lavoratori del territorio.&nbsp;<\/p>\n<p><em> &#8220;Si tratta di una misura molto attesa da imprese e lavoratori<\/em> &#8211; ha ribadito<strong> Grieco<\/strong> &#8211; <em>attualmente in grande apprensione e difficolt\u00e0 a causa degli impatti devastanti connessi all&#8217;adozione delle indispensabili ma pesanti misure di contenimento e gestione dell&#8217;emergenza sanitaria. Come Regione ci siamo fatti trovare immediatamente pronti e gi\u00e0 oggi abbiamo sottoscritto l&#8217;accordo con le parti sociali&#8221;.<\/em><\/p>\n<p>&nbsp;<\/p>\n<p>Per info sulle&nbsp; procedure di cassa integrazione in deroga:&nbsp;<\/p>\n<p>055-4382338, 055-4382347 o 055-4382093 dal marted\u00ec al gioved\u00ec dalle 10 alle 13<\/p>\n<p>mail <a href=\"mailto:acigsderoga@regione.toscana.it.\">acigsderoga@regione.toscana.it. <\/a><\/p>\n<p>&nbsp;<\/p>\n","protected":false},"excerpt":{"rendered":"<p>Altri 60 milioni arrivano dalle casse della Regione e si aggiungeranno alle risorse che verranno ripartire dal Governo, previste nel decreto &#8216;Cura Italia&#8217;<\/p>\n","protected":false},"author":525,"featured_media":94958,"comment_status":"open","ping_status":"open","sticky":false,"template":"","format":"standard","meta":{"_acf_changed":false,"footnotes":""},"categories":[494,7],"tags":[],"class_list":["post-57241","post","type-post","status-publish","format-standard","has-post-thumbnail","hentry","category-attualita","category-societa"],"acf":[],"yoast_head":"<!-- This site is optimized with the Yoast SEO Premium plugin v24.2 (Yoast SEO v25.6) - https:\/\/yoast.com\/wordpress\/plugins\/seo\/ -->\n<title>Cura Italia, la Toscana potenzia la cassa integrazione in deroga - intoscana<\/title>\n<meta name=\"description\" content=\"Corona Virus, la Toscana potenzia di altri 60 milioni la cassa integrazione per le aziende che abbiamo bisogno di farne ricorso per emergenza corona virus.\" \/>\n<meta name=\"robots\" content=\"index, follow, max-snippet:-1, max-image-preview:large, max-video-preview:-1\" \/>\n<link rel=\"canonical\" href=\"https:\/\/www.intoscana.it\/it\/cassa-integrazione-deroga-potenziata\/\" \/>\n<meta property=\"og:locale\" content=\"it_IT\" \/>\n<meta property=\"og:type\" content=\"article\" \/>\n<meta property=\"og:title\" content=\"Cura Italia, la Toscana potenzia la cassa integrazione in deroga\" \/>\n<meta property=\"og:description\" content=\"Corona Virus, la Toscana potenzia di altri 60 milioni la cassa integrazione per le aziende che abbiamo bisogno di farne ricorso per emergenza corona virus.\" \/>\n<meta property=\"og:url\" content=\"https:\/\/www.intoscana.it\/it\/cassa-integrazione-deroga-potenziata\/\" \/>\n<meta property=\"og:site_name\" content=\"intoscana\" \/>\n<meta property=\"article:publisher\" content=\"https:\/\/www.facebook.com\/intoscana.it\" \/>\n<meta property=\"article:published_time\" content=\"2020-03-18T14:25:56+00:00\" \/>\n<meta property=\"article:modified_time\" content=\"2020-05-19T13:41:27+00:00\" \/>\n<meta property=\"og:image\" content=\"https:\/\/www.intoscana.it\/wp-content\/uploads\/soldi-16.jpg\" \/>\n\t<meta property=\"og:image:width\" content=\"1000\" \/>\n\t<meta property=\"og:image:height\" content=\"619\" \/>\n\t<meta property=\"og:image:type\" content=\"image\/jpeg\" \/>\n<meta name=\"author\" content=\"Redazione\" \/>\n<meta name=\"twitter:card\" content=\"summary_large_image\" \/>\n<meta name=\"twitter:creator\" content=\"@intoscana\" \/>\n<meta name=\"twitter:site\" content=\"@intoscana\" \/>\n<meta name=\"twitter:label1\" content=\"Written by\" \/>\n\t<meta name=\"twitter:data1\" content=\"Redazione\" \/>\n\t<meta name=\"twitter:label2\" content=\"Est. reading time\" \/>\n\t<meta name=\"twitter:data2\" content=\"2 minuti\" \/>\n<script type=\"application\/ld+json\" class=\"yoast-schema-graph\">{\"@context\":\"https:\/\/schema.org\",\"@graph\":[{\"@type\":\"WebPage\",\"@id\":\"https:\/\/www.intoscana.it\/it\/cassa-integrazione-deroga-potenziata\/\",\"url\":\"https:\/\/www.intoscana.it\/it\/cassa-integrazione-deroga-potenziata\/\",\"name\":\"Cura Italia, la Toscana potenzia la cassa integrazione in deroga - intoscana\",\"isPartOf\":{\"@id\":\"https:\/\/www.intoscana.it\/it\/#website\"},\"primaryImageOfPage\":{\"@id\":\"https:\/\/www.intoscana.it\/it\/cassa-integrazione-deroga-potenziata\/#primaryimage\"},\"image\":{\"@id\":\"https:\/\/www.intoscana.it\/it\/cassa-integrazione-deroga-potenziata\/#primaryimage\"},\"thumbnailUrl\":\"https:\/\/www.intoscana.it\/wp-content\/uploads\/soldi-16.jpg\",\"datePublished\":\"2020-03-18T14:25:56+00:00\",\"dateModified\":\"2020-05-19T13:41:27+00:00\",\"author\":{\"@id\":\"https:\/\/www.intoscana.it\/it\/#\/schema\/person\/9223810753230f20bd670fdd322661f8\"},\"description\":\"Corona Virus, la Toscana potenzia di altri 60 milioni la cassa integrazione per le aziende che abbiamo bisogno di farne ricorso per emergenza corona virus.\",\"breadcrumb\":{\"@id\":\"https:\/\/www.intoscana.it\/it\/cassa-integrazione-deroga-potenziata\/#breadcrumb\"},\"inLanguage\":\"it-IT\",\"potentialAction\":[{\"@type\":\"ReadAction\",\"target\":[\"https:\/\/www.intoscana.it\/it\/cassa-integrazione-deroga-potenziata\/\"]}]},{\"@type\":\"ImageObject\",\"inLanguage\":\"it-IT\",\"@id\":\"https:\/\/www.intoscana.it\/it\/cassa-integrazione-deroga-potenziata\/#primaryimage\",\"url\":\"https:\/\/www.intoscana.it\/wp-content\/uploads\/soldi-16.jpg\",\"contentUrl\":\"https:\/\/www.intoscana.it\/wp-content\/uploads\/soldi-16.jpg\",\"width\":1000,\"height\":619,\"caption\":\"La Regione aggiunge altri 60 milioni di euro per la cassa integrazione.\"},{\"@type\":\"BreadcrumbList\",\"@id\":\"https:\/\/www.intoscana.it\/it\/cassa-integrazione-deroga-potenziata\/#breadcrumb\",\"itemListElement\":[{\"@type\":\"ListItem\",\"position\":1,\"name\":\"Home\",\"item\":\"https:\/\/www.intoscana.it\/it\/\"},{\"@type\":\"ListItem\",\"position\":2,\"name\":\"Cura Italia, la Toscana potenzia la cassa integrazione in deroga\"}]},{\"@type\":\"WebSite\",\"@id\":\"https:\/\/www.intoscana.it\/it\/#website\",\"url\":\"https:\/\/www.intoscana.it\/it\/\",\"name\":\"intoscana\",\"description\":\"\",\"potentialAction\":[{\"@type\":\"SearchAction\",\"target\":{\"@type\":\"EntryPoint\",\"urlTemplate\":\"https:\/\/www.intoscana.it\/it\/?s={search_term_string}\"},\"query-input\":{\"@type\":\"PropertyValueSpecification\",\"valueRequired\":true,\"valueName\":\"search_term_string\"}}],\"inLanguage\":\"it-IT\"},{\"@type\":\"Person\",\"@id\":\"https:\/\/www.intoscana.it\/it\/#\/schema\/person\/9223810753230f20bd670fdd322661f8\",\"name\":\"Redazione\",\"url\":\"https:\/\/www.intoscana.it\/it\/author\/redazione\/\"}]}<\/script>\n<!-- \/ Yoast SEO Premium plugin. -->","yoast_head_json":{"title":"Cura Italia, la Toscana potenzia la cassa integrazione in deroga - intoscana","description":"Corona Virus, la Toscana potenzia di altri 60 milioni la cassa integrazione per le aziende che abbiamo bisogno di farne ricorso per emergenza corona virus.","robots":{"index":"index","follow":"follow","max-snippet":"max-snippet:-1","max-image-preview":"max-image-preview:large","max-video-preview":"max-video-preview:-1"},"canonical":"https:\/\/www.intoscana.it\/it\/cassa-integrazione-deroga-potenziata\/","og_locale":"it_IT","og_type":"article","og_title":"Cura Italia, la Toscana potenzia la cassa integrazione in deroga","og_description":"Corona Virus, la Toscana potenzia di altri 60 milioni la cassa integrazione per le aziende che abbiamo bisogno di farne ricorso per emergenza corona virus.","og_url":"https:\/\/www.intoscana.it\/it\/cassa-integrazione-deroga-potenziata\/","og_site_name":"intoscana","article_publisher":"https:\/\/www.facebook.com\/intoscana.it","article_published_time":"2020-03-18T14:25:56+00:00","article_modified_time":"2020-05-19T13:41:27+00:00","og_image":[{"width":1000,"height":619,"url":"https:\/\/www.intoscana.it\/wp-content\/uploads\/soldi-16.jpg","type":"image\/jpeg"}],"author":"Redazione","twitter_card":"summary_large_image","twitter_creator":"@intoscana","twitter_site":"@intoscana","twitter_misc":{"Written by":"Redazione","Est. reading time":"2 minuti"},"schema":{"@context":"https:\/\/schema.org","@graph":[{"@type":"WebPage","@id":"https:\/\/www.intoscana.it\/it\/cassa-integrazione-deroga-potenziata\/","url":"https:\/\/www.intoscana.it\/it\/cassa-integrazione-deroga-potenziata\/","name":"Cura Italia, la Toscana potenzia la cassa integrazione in deroga - intoscana","isPartOf":{"@id":"https:\/\/www.intoscana.it\/it\/#website"},"primaryImageOfPage":{"@id":"https:\/\/www.intoscana.it\/it\/cassa-integrazione-deroga-potenziata\/#primaryimage"},"image":{"@id":"https:\/\/www.intoscana.it\/it\/cassa-integrazione-deroga-potenziata\/#primaryimage"},"thumbnailUrl":"https:\/\/www.intoscana.it\/wp-content\/uploads\/soldi-16.jpg","datePublished":"2020-03-18T14:25:56+00:00","dateModified":"2020-05-19T13:41:27+00:00","author":{"@id":"https:\/\/www.intoscana.it\/it\/#\/schema\/person\/9223810753230f20bd670fdd322661f8"},"description":"Corona Virus, la Toscana potenzia di altri 60 milioni la cassa integrazione per le aziende che abbiamo bisogno di farne ricorso per emergenza corona virus.","breadcrumb":{"@id":"https:\/\/www.intoscana.it\/it\/cassa-integrazione-deroga-potenziata\/#breadcrumb"},"inLanguage":"it-IT","potentialAction":[{"@type":"ReadAction","target":["https:\/\/www.intoscana.it\/it\/cassa-integrazione-deroga-potenziata\/"]}]},{"@type":"ImageObject","inLanguage":"it-IT","@id":"https:\/\/www.intoscana.it\/it\/cassa-integrazione-deroga-potenziata\/#primaryimage","url":"https:\/\/www.intoscana.it\/wp-content\/uploads\/soldi-16.jpg","contentUrl":"https:\/\/www.intoscana.it\/wp-content\/uploads\/soldi-16.jpg","width":1000,"height":619,"caption":"La Regione aggiunge altri 60 milioni di euro per la cassa integrazione."},{"@type":"BreadcrumbList","@id":"https:\/\/www.intoscana.it\/it\/cassa-integrazione-deroga-potenziata\/#breadcrumb","itemListElement":[{"@type":"ListItem","position":1,"name":"Home","item":"https:\/\/www.intoscana.it\/it\/"},{"@type":"ListItem","position":2,"name":"Cura Italia, la Toscana potenzia la cassa integrazione in deroga"}]},{"@type":"WebSite","@id":"https:\/\/www.intoscana.it\/it\/#website","url":"https:\/\/www.intoscana.it\/it\/","name":"intoscana","description":"","potentialAction":[{"@type":"SearchAction","target":{"@type":"EntryPoint","urlTemplate":"https:\/\/www.intoscana.it\/it\/?s={search_term_string}"},"query-input":{"@type":"PropertyValueSpecification","valueRequired":true,"valueName":"search_term_string"}}],"inLanguage":"it-IT"},{"@type":"Person","@id":"https:\/\/www.intoscana.it\/it\/#\/schema\/person\/9223810753230f20bd670fdd322661f8","name":"Redazione","url":"https:\/\/www.intoscana.it\/it\/author\/redazione\/"}]}},"_links":{"self":[{"href":"https:\/\/www.intoscana.it\/it\/wp-json\/wp\/v2\/posts\/57241","targetHints":{"allow":["GET"]}}],"collection":[{"href":"https:\/\/www.intoscana.it\/it\/wp-json\/wp\/v2\/posts"}],"about":[{"href":"https:\/\/www.intoscana.it\/it\/wp-json\/wp\/v2\/types\/post"}],"author":[{"embeddable":true,"href":"https:\/\/www.intoscana.it\/it\/wp-json\/wp\/v2\/users\/525"}],"replies":[{"embeddable":true,"href":"https:\/\/www.intoscana.it\/it\/wp-json\/wp\/v2\/comments?post=57241"}],"version-history":[{"count":0,"href":"https:\/\/www.intoscana.it\/it\/wp-json\/wp\/v2\/posts\/57241\/revisions"}],"wp:featuredmedia":[{"embeddable":true,"href":"https:\/\/www.intoscana.it\/it\/wp-json\/wp\/v2\/media\/94958"}],"wp:attachment":[{"href":"https:\/\/www.intoscana.it\/it\/wp-json\/wp\/v2\/media?parent=57241"}],"wp:term":[{"taxonomy":"category","embeddable":true,"href":"https:\/\/www.intoscana.it\/it\/wp-json\/wp\/v2\/categories?post=57241"},{"taxonomy":"post_tag","embeddable":true,"href":"https:\/\/www.intoscana.it\/it\/wp-json\/wp\/v2\/tags?post=57241"}],"curies":[{"name":"wp","href":"https:\/\/api.w.org\/{rel}","templated":true}]}}