{"id":57278,"date":"2019-06-25T16:04:56","date_gmt":"2019-06-25T16:04:56","guid":{"rendered":"http:\/\/www.intoscana.it\/european-social-sound4u-un-concorso-per-band-emergenti\/"},"modified":"2020-05-19T15:41:29","modified_gmt":"2020-05-19T13:41:29","slug":"concorso-band-europa","status":"publish","type":"post","link":"https:\/\/www.intoscana.it\/it\/concorso-band-europa\/","title":{"rendered":"European Social Sound4U: un concorso per band emergenti"},"content":{"rendered":"<p>Ampliare tra i giovani la visibilit\u00e0 e il ruolo dell&#8217;Unione Europea, la sua cultura e i suoi valor. \u00c8 questo l&#8217;obiettivo del <strong>concorso per band giovanili emergenti under 35 <a href=\"http:\/\/www.europeansocialsound.it%20\" target=\"_blank\" rel=\"noopener noreferrer\">European Social Sound4U<\/a>, il talent scouting che mette in palio 10mila euro<\/strong> con cui il gruppo vincitore potr\u00e0 finanzier\u00e0 la produzione del prorpio progetto artistico. Le iscrizioni al bando si aprono il 28 giugno e resteranno aperte fino al 30 luglio.<\/p>\n<p><strong>&#8220;Nelle pause fisiologiche dei cambi di palco tra le band&#8221;, ha detto la vicepresidente e assessore alla cultura della Toscana, Monica Barni,<\/strong> &#8220;la Regione proporr\u00e0 delle pillole informative per far conoscere i numerosi interventi che ha messo a punto per aiutare i giovani nella scelta consapevole degli studi, per orientarsi e avvicinarsi al mondo del lavoro, per perfezionare gli studi o per formarsi nei settori economici strategici&#8221;.<\/p>\n<p><strong>Un obiettivo cos\u00ec importante che la Toscana ha scelto di destinare alle politiche a favore dei giovani il 35% della dotazione finanziaria<\/strong> di 732 milioni di euro della programmazione (2014-2020) del Fondo Sociale Europeo, anche grazie al Progetto Giovanis\u00ec. &#8220;European Social Sound4U \u00e8 inoltre un&#8217;opportunit\u00e0 per rispondere al bisogno di crescita professionale dei giovani nel campo musicale e una forma di sostegno alla cultura giovanile&#8221;, ha continuato Monica Barni. <\/p>\n<p>European Social Sound4U&nbsp; articolato in serate di eliminazioni regionali (semifinali), una finale in ciascun territorio regionale aderente all&#8217;iniziativa ed una finalissima nazionale che si svolger\u00e0 il 14 dicembre prossimo a Matera. <strong>Le iscrizioni sono a numero chiuso, 80 in Toscana, 16 sono gli artisti o gruppi che saranno selezionati per il concorso da una giuria nazionale. In Toscana ad ottobre sono previste due eliminatorie e una finale regionale.<\/strong> Da qui usciranno i due gruppi che parteciperanno alla finale di Matera.<\/p>\n","protected":false},"excerpt":{"rendered":"<p>C&#8217;\u00e8 tempo fino al 30 luglio per partecipare al concorso che mette in palio 10mila euro per band under 35, promosso dall&#8217;Unione Europea<\/p>\n","protected":false},"author":525,"featured_media":94985,"comment_status":"open","ping_status":"open","sticky":false,"template":"","format":"standard","meta":{"_acf_changed":false,"footnotes":""},"categories":[494,17],"tags":[265,221,244],"class_list":["post-57278","post","type-post","status-publish","format-standard","has-post-thumbnail","hentry","category-attualita","category-giovani","tag-concorsi","tag-giovani","tag-giovanisi"],"acf":[],"yoast_head":"<!-- This site is optimized with the Yoast SEO Premium plugin v24.2 (Yoast SEO v25.6) - https:\/\/yoast.com\/wordpress\/plugins\/seo\/ -->\n<title>European Social Sound4U: un concorso per band emergenti - intoscana<\/title>\n<meta name=\"robots\" content=\"index, follow, max-snippet:-1, max-image-preview:large, max-video-preview:-1\" \/>\n<link rel=\"canonical\" href=\"https:\/\/www.intoscana.it\/it\/concorso-band-europa\/\" \/>\n<meta property=\"og:locale\" content=\"it_IT\" \/>\n<meta property=\"og:type\" content=\"article\" \/>\n<meta property=\"og:title\" content=\"European Social Sound4U: un concorso per band emergenti\" \/>\n<meta property=\"og:description\" content=\"C&#039;\u00e8 tempo fino al 30 luglio per partecipare al concorso che mette in palio 10mila euro per band under 35, promosso dall&#039;Unione Europea\" \/>\n<meta property=\"og:url\" content=\"https:\/\/www.intoscana.it\/it\/concorso-band-europa\/\" \/>\n<meta property=\"og:site_name\" content=\"intoscana\" \/>\n<meta property=\"article:publisher\" content=\"https:\/\/www.facebook.com\/intoscana.it\" \/>\n<meta property=\"article:published_time\" content=\"2019-06-25T16:04:56+00:00\" \/>\n<meta property=\"article:modified_time\" content=\"2020-05-19T13:41:29+00:00\" \/>\n<meta property=\"og:image\" content=\"https:\/\/www.intoscana.it\/wp-content\/uploads\/4937d7a7545d9e8e695e674454f3b3f7.jpg\" \/>\n\t<meta property=\"og:image:width\" content=\"500\" \/>\n\t<meta property=\"og:image:height\" content=\"333\" \/>\n\t<meta property=\"og:image:type\" content=\"image\/jpeg\" \/>\n<meta name=\"author\" content=\"Redazione\" \/>\n<meta name=\"twitter:card\" content=\"summary_large_image\" \/>\n<meta name=\"twitter:creator\" content=\"@intoscana\" \/>\n<meta name=\"twitter:site\" content=\"@intoscana\" \/>\n<meta name=\"twitter:label1\" content=\"Written by\" \/>\n\t<meta name=\"twitter:data1\" content=\"Redazione\" \/>\n\t<meta name=\"twitter:label2\" content=\"Est. reading time\" \/>\n\t<meta name=\"twitter:data2\" content=\"1 minuto\" \/>\n<script type=\"application\/ld+json\" class=\"yoast-schema-graph\">{\"@context\":\"https:\/\/schema.org\",\"@graph\":[{\"@type\":\"WebPage\",\"@id\":\"https:\/\/www.intoscana.it\/it\/concorso-band-europa\/\",\"url\":\"https:\/\/www.intoscana.it\/it\/concorso-band-europa\/\",\"name\":\"European Social Sound4U: un concorso per band emergenti - intoscana\",\"isPartOf\":{\"@id\":\"https:\/\/www.intoscana.it\/it\/#website\"},\"primaryImageOfPage\":{\"@id\":\"https:\/\/www.intoscana.it\/it\/concorso-band-europa\/#primaryimage\"},\"image\":{\"@id\":\"https:\/\/www.intoscana.it\/it\/concorso-band-europa\/#primaryimage\"},\"thumbnailUrl\":\"https:\/\/www.intoscana.it\/wp-content\/uploads\/4937d7a7545d9e8e695e674454f3b3f7.jpg\",\"datePublished\":\"2019-06-25T16:04:56+00:00\",\"dateModified\":\"2020-05-19T13:41:29+00:00\",\"author\":{\"@id\":\"https:\/\/www.intoscana.it\/it\/#\/schema\/person\/9223810753230f20bd670fdd322661f8\"},\"breadcrumb\":{\"@id\":\"https:\/\/www.intoscana.it\/it\/concorso-band-europa\/#breadcrumb\"},\"inLanguage\":\"it-IT\",\"potentialAction\":[{\"@type\":\"ReadAction\",\"target\":[\"https:\/\/www.intoscana.it\/it\/concorso-band-europa\/\"]}]},{\"@type\":\"ImageObject\",\"inLanguage\":\"it-IT\",\"@id\":\"https:\/\/www.intoscana.it\/it\/concorso-band-europa\/#primaryimage\",\"url\":\"https:\/\/www.intoscana.it\/wp-content\/uploads\/4937d7a7545d9e8e695e674454f3b3f7.jpg\",\"contentUrl\":\"https:\/\/www.intoscana.it\/wp-content\/uploads\/4937d7a7545d9e8e695e674454f3b3f7.jpg\",\"width\":500,\"height\":333},{\"@type\":\"BreadcrumbList\",\"@id\":\"https:\/\/www.intoscana.it\/it\/concorso-band-europa\/#breadcrumb\",\"itemListElement\":[{\"@type\":\"ListItem\",\"position\":1,\"name\":\"Home\",\"item\":\"https:\/\/www.intoscana.it\/it\/\"},{\"@type\":\"ListItem\",\"position\":2,\"name\":\"European Social Sound4U: un concorso per band emergenti\"}]},{\"@type\":\"WebSite\",\"@id\":\"https:\/\/www.intoscana.it\/it\/#website\",\"url\":\"https:\/\/www.intoscana.it\/it\/\",\"name\":\"intoscana\",\"description\":\"\",\"potentialAction\":[{\"@type\":\"SearchAction\",\"target\":{\"@type\":\"EntryPoint\",\"urlTemplate\":\"https:\/\/www.intoscana.it\/it\/?s={search_term_string}\"},\"query-input\":{\"@type\":\"PropertyValueSpecification\",\"valueRequired\":true,\"valueName\":\"search_term_string\"}}],\"inLanguage\":\"it-IT\"},{\"@type\":\"Person\",\"@id\":\"https:\/\/www.intoscana.it\/it\/#\/schema\/person\/9223810753230f20bd670fdd322661f8\",\"name\":\"Redazione\",\"url\":\"https:\/\/www.intoscana.it\/it\/author\/redazione\/\"}]}<\/script>\n<!-- \/ Yoast SEO Premium plugin. -->","yoast_head_json":{"title":"European Social Sound4U: un concorso per band emergenti - intoscana","robots":{"index":"index","follow":"follow","max-snippet":"max-snippet:-1","max-image-preview":"max-image-preview:large","max-video-preview":"max-video-preview:-1"},"canonical":"https:\/\/www.intoscana.it\/it\/concorso-band-europa\/","og_locale":"it_IT","og_type":"article","og_title":"European Social Sound4U: un concorso per band emergenti","og_description":"C'\u00e8 tempo fino al 30 luglio per partecipare al concorso che mette in palio 10mila euro per band under 35, promosso dall'Unione Europea","og_url":"https:\/\/www.intoscana.it\/it\/concorso-band-europa\/","og_site_name":"intoscana","article_publisher":"https:\/\/www.facebook.com\/intoscana.it","article_published_time":"2019-06-25T16:04:56+00:00","article_modified_time":"2020-05-19T13:41:29+00:00","og_image":[{"width":500,"height":333,"url":"https:\/\/www.intoscana.it\/wp-content\/uploads\/4937d7a7545d9e8e695e674454f3b3f7.jpg","type":"image\/jpeg"}],"author":"Redazione","twitter_card":"summary_large_image","twitter_creator":"@intoscana","twitter_site":"@intoscana","twitter_misc":{"Written by":"Redazione","Est. reading time":"1 minuto"},"schema":{"@context":"https:\/\/schema.org","@graph":[{"@type":"WebPage","@id":"https:\/\/www.intoscana.it\/it\/concorso-band-europa\/","url":"https:\/\/www.intoscana.it\/it\/concorso-band-europa\/","name":"European Social Sound4U: un concorso per band emergenti - intoscana","isPartOf":{"@id":"https:\/\/www.intoscana.it\/it\/#website"},"primaryImageOfPage":{"@id":"https:\/\/www.intoscana.it\/it\/concorso-band-europa\/#primaryimage"},"image":{"@id":"https:\/\/www.intoscana.it\/it\/concorso-band-europa\/#primaryimage"},"thumbnailUrl":"https:\/\/www.intoscana.it\/wp-content\/uploads\/4937d7a7545d9e8e695e674454f3b3f7.jpg","datePublished":"2019-06-25T16:04:56+00:00","dateModified":"2020-05-19T13:41:29+00:00","author":{"@id":"https:\/\/www.intoscana.it\/it\/#\/schema\/person\/9223810753230f20bd670fdd322661f8"},"breadcrumb":{"@id":"https:\/\/www.intoscana.it\/it\/concorso-band-europa\/#breadcrumb"},"inLanguage":"it-IT","potentialAction":[{"@type":"ReadAction","target":["https:\/\/www.intoscana.it\/it\/concorso-band-europa\/"]}]},{"@type":"ImageObject","inLanguage":"it-IT","@id":"https:\/\/www.intoscana.it\/it\/concorso-band-europa\/#primaryimage","url":"https:\/\/www.intoscana.it\/wp-content\/uploads\/4937d7a7545d9e8e695e674454f3b3f7.jpg","contentUrl":"https:\/\/www.intoscana.it\/wp-content\/uploads\/4937d7a7545d9e8e695e674454f3b3f7.jpg","width":500,"height":333},{"@type":"BreadcrumbList","@id":"https:\/\/www.intoscana.it\/it\/concorso-band-europa\/#breadcrumb","itemListElement":[{"@type":"ListItem","position":1,"name":"Home","item":"https:\/\/www.intoscana.it\/it\/"},{"@type":"ListItem","position":2,"name":"European Social Sound4U: un concorso per band emergenti"}]},{"@type":"WebSite","@id":"https:\/\/www.intoscana.it\/it\/#website","url":"https:\/\/www.intoscana.it\/it\/","name":"intoscana","description":"","potentialAction":[{"@type":"SearchAction","target":{"@type":"EntryPoint","urlTemplate":"https:\/\/www.intoscana.it\/it\/?s={search_term_string}"},"query-input":{"@type":"PropertyValueSpecification","valueRequired":true,"valueName":"search_term_string"}}],"inLanguage":"it-IT"},{"@type":"Person","@id":"https:\/\/www.intoscana.it\/it\/#\/schema\/person\/9223810753230f20bd670fdd322661f8","name":"Redazione","url":"https:\/\/www.intoscana.it\/it\/author\/redazione\/"}]}},"_links":{"self":[{"href":"https:\/\/www.intoscana.it\/it\/wp-json\/wp\/v2\/posts\/57278","targetHints":{"allow":["GET"]}}],"collection":[{"href":"https:\/\/www.intoscana.it\/it\/wp-json\/wp\/v2\/posts"}],"about":[{"href":"https:\/\/www.intoscana.it\/it\/wp-json\/wp\/v2\/types\/post"}],"author":[{"embeddable":true,"href":"https:\/\/www.intoscana.it\/it\/wp-json\/wp\/v2\/users\/525"}],"replies":[{"embeddable":true,"href":"https:\/\/www.intoscana.it\/it\/wp-json\/wp\/v2\/comments?post=57278"}],"version-history":[{"count":0,"href":"https:\/\/www.intoscana.it\/it\/wp-json\/wp\/v2\/posts\/57278\/revisions"}],"wp:featuredmedia":[{"embeddable":true,"href":"https:\/\/www.intoscana.it\/it\/wp-json\/wp\/v2\/media\/94985"}],"wp:attachment":[{"href":"https:\/\/www.intoscana.it\/it\/wp-json\/wp\/v2\/media?parent=57278"}],"wp:term":[{"taxonomy":"category","embeddable":true,"href":"https:\/\/www.intoscana.it\/it\/wp-json\/wp\/v2\/categories?post=57278"},{"taxonomy":"post_tag","embeddable":true,"href":"https:\/\/www.intoscana.it\/it\/wp-json\/wp\/v2\/tags?post=57278"}],"curies":[{"name":"wp","href":"https:\/\/api.w.org\/{rel}","templated":true}]}}