{"id":58680,"date":"2019-05-21T15:42:57","date_gmt":"2019-05-21T15:42:57","guid":{"rendered":"http:\/\/www.intoscana.it\/un-brand-di-qualita-per-le-imprese-e-in-arrivo-il-marchio-toscana\/"},"modified":"2020-05-18T10:22:23","modified_gmt":"2020-05-18T08:22:23","slug":"un-brand-di-qualita-per-le-imprese-e-in-arrivo-il-marchio-toscana","status":"publish","type":"post","link":"https:\/\/www.intoscana.it\/it\/un-brand-di-qualita-per-le-imprese-e-in-arrivo-il-marchio-toscana\/","title":{"rendered":"Un brand di qualit\u00e0 per le imprese: \u00e8 in arrivo il marchio &#8216;Toscana&#8217;"},"content":{"rendered":"<p><strong>La Toscana si appresta ad approvare un marchio di qualit\u00e0 per le proprie imprese, che cos\u00ec potranno proporsi sui mercati e sfruttare il brand del made in Tuscany,<\/strong> da sempre conosciuto a livello planetario come sinonimo di qualit\u00e0 e bellezza. Un marchio, ha spiegato il presidente della Regione, che l<strong>e aziende potranno ottenere per le proprie attivit\u00e0 di promozione e comunicazione, rispettando un disciplinare semplice<\/strong> ed attraverso una procedura snella.<\/p>\n<p><strong> Il marchio individuer\u00e0 il territorio in cui \u00e8 localizzata l&#8217;impresa, la Toscana,<\/strong> e valorizzer\u00e0 le componenti caratteristiche del luogo in cui l&#8217;impresa produce, svolge le proprie attivit\u00e0 e si propone ai mercati nazionali ed internazionali. La Toscana \u00e8 una regione che punta molto sull&#8217;export (circa il 30% del Pil regionale) e la richiesta di una certificazione trasversale ai vari settori produttivi \u00e8 arrivata da pi\u00f9 parti dato che le realt\u00e0 che hanno gi\u00e0 adottato iniziative analoghe hanno registrato importanti aumenti di fatturato.<\/p>\n<p><strong>Il marchio diventa cos\u00ec per le imprese lo strumento per valorizzare e promuovere i territori dove operano<\/strong> ed il legame che hanno instaurato con questi in termini, appunto, di competenze e capacit\u00e0 utilizzate per produrre ricchezza. Il marchio non va sostituire le certificazioni o le denominazioni gi\u00e0 utilizzate ad esempio nel settore agroalimentare. Il disciplinare per il rilascio della certificazione contempler\u00e0 poche ma essenziali condizioni legate alla tutela e sicurezza del lavoro, coesione sociale e territoriale, regolarit\u00e0 amministrativa, sostenibilit\u00e0 ambientale e stabilit\u00e0 economico-finanziaria. <strong>L&#8217;iniziativa sar\u00e0 aperta a tutte le imprese.<\/strong> Gli uffici regionali stanno gi\u00e0 lavorando alla stesura del disciplinare e alla definizione del logo e delle procedure per il rilascio del diritto d&#8217;uso.<\/p>\n","protected":false},"excerpt":{"rendered":"<p>La Regione sta per approvare il marchio per le aziende che vogliono sfruttare il made in Tuscany sui mercati internazionali<\/p>\n","protected":false},"author":525,"featured_media":96179,"comment_status":"open","ping_status":"open","sticky":false,"template":"","format":"standard","meta":{"_acf_changed":false,"footnotes":""},"categories":[9],"tags":[],"class_list":["post-58680","post","type-post","status-publish","format-standard","has-post-thumbnail","hentry","category-made-in-toscana"],"acf":[],"yoast_head":"<!-- This site is optimized with the Yoast SEO Premium plugin v24.2 (Yoast SEO v25.6) - https:\/\/yoast.com\/wordpress\/plugins\/seo\/ -->\n<title>Un brand di qualit\u00e0 per le imprese: \u00e8 in arrivo il marchio &#039;Toscana&#039; - intoscana<\/title>\n<meta name=\"description\" content=\"La Regione sta per varare il brand di qualit\u00e0 &#039;Toscana&#039; a cui potranno aderire le imprese che vogliono promuoversi all&#039;estero utilizzando il made in Tuscany.\" \/>\n<meta name=\"robots\" content=\"index, follow, max-snippet:-1, max-image-preview:large, max-video-preview:-1\" \/>\n<link rel=\"canonical\" href=\"https:\/\/www.intoscana.it\/it\/un-brand-di-qualita-per-le-imprese-e-in-arrivo-il-marchio-toscana\/\" \/>\n<meta property=\"og:locale\" content=\"it_IT\" \/>\n<meta property=\"og:type\" content=\"article\" \/>\n<meta property=\"og:title\" content=\"Un brand di qualit\u00e0 per le imprese: \u00e8 in arrivo il marchio &#039;Toscana&#039;\" \/>\n<meta property=\"og:description\" content=\"La Regione sta per varare il brand di qualit\u00e0 &#039;Toscana&#039; a cui potranno aderire le imprese che vogliono promuoversi all&#039;estero utilizzando il made in Tuscany.\" \/>\n<meta property=\"og:url\" content=\"https:\/\/www.intoscana.it\/it\/un-brand-di-qualita-per-le-imprese-e-in-arrivo-il-marchio-toscana\/\" \/>\n<meta property=\"og:site_name\" content=\"intoscana\" \/>\n<meta property=\"article:publisher\" content=\"https:\/\/www.facebook.com\/intoscana.it\" \/>\n<meta property=\"article:published_time\" content=\"2019-05-21T15:42:57+00:00\" \/>\n<meta property=\"article:modified_time\" content=\"2020-05-18T08:22:23+00:00\" \/>\n<meta property=\"og:image\" content=\"https:\/\/www.intoscana.it\/wp-content\/uploads\/imprese-economia-8.jpg\" \/>\n\t<meta property=\"og:image:width\" content=\"1000\" \/>\n\t<meta property=\"og:image:height\" content=\"664\" \/>\n\t<meta property=\"og:image:type\" content=\"image\/jpeg\" \/>\n<meta name=\"author\" content=\"Redazione\" \/>\n<meta name=\"twitter:card\" content=\"summary_large_image\" \/>\n<meta name=\"twitter:creator\" content=\"@intoscana\" \/>\n<meta name=\"twitter:site\" content=\"@intoscana\" \/>\n<meta name=\"twitter:label1\" content=\"Written by\" \/>\n\t<meta name=\"twitter:data1\" content=\"Redazione\" \/>\n\t<meta name=\"twitter:label2\" content=\"Est. reading time\" \/>\n\t<meta name=\"twitter:data2\" content=\"1 minuto\" \/>\n<script type=\"application\/ld+json\" class=\"yoast-schema-graph\">{\"@context\":\"https:\/\/schema.org\",\"@graph\":[{\"@type\":\"WebPage\",\"@id\":\"https:\/\/www.intoscana.it\/it\/un-brand-di-qualita-per-le-imprese-e-in-arrivo-il-marchio-toscana\/\",\"url\":\"https:\/\/www.intoscana.it\/it\/un-brand-di-qualita-per-le-imprese-e-in-arrivo-il-marchio-toscana\/\",\"name\":\"Un brand di qualit\u00e0 per le imprese: \u00e8 in arrivo il marchio 'Toscana' - intoscana\",\"isPartOf\":{\"@id\":\"https:\/\/www.intoscana.it\/it\/#website\"},\"primaryImageOfPage\":{\"@id\":\"https:\/\/www.intoscana.it\/it\/un-brand-di-qualita-per-le-imprese-e-in-arrivo-il-marchio-toscana\/#primaryimage\"},\"image\":{\"@id\":\"https:\/\/www.intoscana.it\/it\/un-brand-di-qualita-per-le-imprese-e-in-arrivo-il-marchio-toscana\/#primaryimage\"},\"thumbnailUrl\":\"https:\/\/www.intoscana.it\/wp-content\/uploads\/imprese-economia-8.jpg\",\"datePublished\":\"2019-05-21T15:42:57+00:00\",\"dateModified\":\"2020-05-18T08:22:23+00:00\",\"author\":{\"@id\":\"https:\/\/www.intoscana.it\/it\/#\/schema\/person\/9223810753230f20bd670fdd322661f8\"},\"description\":\"La Regione sta per varare il brand di qualit\u00e0 'Toscana' a cui potranno aderire le imprese che vogliono promuoversi all'estero utilizzando il made in Tuscany.\",\"breadcrumb\":{\"@id\":\"https:\/\/www.intoscana.it\/it\/un-brand-di-qualita-per-le-imprese-e-in-arrivo-il-marchio-toscana\/#breadcrumb\"},\"inLanguage\":\"it-IT\",\"potentialAction\":[{\"@type\":\"ReadAction\",\"target\":[\"https:\/\/www.intoscana.it\/it\/un-brand-di-qualita-per-le-imprese-e-in-arrivo-il-marchio-toscana\/\"]}]},{\"@type\":\"ImageObject\",\"inLanguage\":\"it-IT\",\"@id\":\"https:\/\/www.intoscana.it\/it\/un-brand-di-qualita-per-le-imprese-e-in-arrivo-il-marchio-toscana\/#primaryimage\",\"url\":\"https:\/\/www.intoscana.it\/wp-content\/uploads\/imprese-economia-8.jpg\",\"contentUrl\":\"https:\/\/www.intoscana.it\/wp-content\/uploads\/imprese-economia-8.jpg\",\"width\":1000,\"height\":664},{\"@type\":\"BreadcrumbList\",\"@id\":\"https:\/\/www.intoscana.it\/it\/un-brand-di-qualita-per-le-imprese-e-in-arrivo-il-marchio-toscana\/#breadcrumb\",\"itemListElement\":[{\"@type\":\"ListItem\",\"position\":1,\"name\":\"Home\",\"item\":\"https:\/\/www.intoscana.it\/it\/\"},{\"@type\":\"ListItem\",\"position\":2,\"name\":\"Un brand di qualit\u00e0 per le imprese: \u00e8 in arrivo il marchio &#8216;Toscana&#8217;\"}]},{\"@type\":\"WebSite\",\"@id\":\"https:\/\/www.intoscana.it\/it\/#website\",\"url\":\"https:\/\/www.intoscana.it\/it\/\",\"name\":\"intoscana\",\"description\":\"\",\"potentialAction\":[{\"@type\":\"SearchAction\",\"target\":{\"@type\":\"EntryPoint\",\"urlTemplate\":\"https:\/\/www.intoscana.it\/it\/?s={search_term_string}\"},\"query-input\":{\"@type\":\"PropertyValueSpecification\",\"valueRequired\":true,\"valueName\":\"search_term_string\"}}],\"inLanguage\":\"it-IT\"},{\"@type\":\"Person\",\"@id\":\"https:\/\/www.intoscana.it\/it\/#\/schema\/person\/9223810753230f20bd670fdd322661f8\",\"name\":\"Redazione\",\"url\":\"https:\/\/www.intoscana.it\/it\/author\/redazione\/\"}]}<\/script>\n<!-- \/ Yoast SEO Premium plugin. -->","yoast_head_json":{"title":"Un brand di qualit\u00e0 per le imprese: \u00e8 in arrivo il marchio 'Toscana' - intoscana","description":"La Regione sta per varare il brand di qualit\u00e0 'Toscana' a cui potranno aderire le imprese che vogliono promuoversi all'estero utilizzando il made in Tuscany.","robots":{"index":"index","follow":"follow","max-snippet":"max-snippet:-1","max-image-preview":"max-image-preview:large","max-video-preview":"max-video-preview:-1"},"canonical":"https:\/\/www.intoscana.it\/it\/un-brand-di-qualita-per-le-imprese-e-in-arrivo-il-marchio-toscana\/","og_locale":"it_IT","og_type":"article","og_title":"Un brand di qualit\u00e0 per le imprese: \u00e8 in arrivo il marchio 'Toscana'","og_description":"La Regione sta per varare il brand di qualit\u00e0 'Toscana' a cui potranno aderire le imprese che vogliono promuoversi all'estero utilizzando il made in Tuscany.","og_url":"https:\/\/www.intoscana.it\/it\/un-brand-di-qualita-per-le-imprese-e-in-arrivo-il-marchio-toscana\/","og_site_name":"intoscana","article_publisher":"https:\/\/www.facebook.com\/intoscana.it","article_published_time":"2019-05-21T15:42:57+00:00","article_modified_time":"2020-05-18T08:22:23+00:00","og_image":[{"width":1000,"height":664,"url":"https:\/\/www.intoscana.it\/wp-content\/uploads\/imprese-economia-8.jpg","type":"image\/jpeg"}],"author":"Redazione","twitter_card":"summary_large_image","twitter_creator":"@intoscana","twitter_site":"@intoscana","twitter_misc":{"Written by":"Redazione","Est. reading time":"1 minuto"},"schema":{"@context":"https:\/\/schema.org","@graph":[{"@type":"WebPage","@id":"https:\/\/www.intoscana.it\/it\/un-brand-di-qualita-per-le-imprese-e-in-arrivo-il-marchio-toscana\/","url":"https:\/\/www.intoscana.it\/it\/un-brand-di-qualita-per-le-imprese-e-in-arrivo-il-marchio-toscana\/","name":"Un brand di qualit\u00e0 per le imprese: \u00e8 in arrivo il marchio 'Toscana' - intoscana","isPartOf":{"@id":"https:\/\/www.intoscana.it\/it\/#website"},"primaryImageOfPage":{"@id":"https:\/\/www.intoscana.it\/it\/un-brand-di-qualita-per-le-imprese-e-in-arrivo-il-marchio-toscana\/#primaryimage"},"image":{"@id":"https:\/\/www.intoscana.it\/it\/un-brand-di-qualita-per-le-imprese-e-in-arrivo-il-marchio-toscana\/#primaryimage"},"thumbnailUrl":"https:\/\/www.intoscana.it\/wp-content\/uploads\/imprese-economia-8.jpg","datePublished":"2019-05-21T15:42:57+00:00","dateModified":"2020-05-18T08:22:23+00:00","author":{"@id":"https:\/\/www.intoscana.it\/it\/#\/schema\/person\/9223810753230f20bd670fdd322661f8"},"description":"La Regione sta per varare il brand di qualit\u00e0 'Toscana' a cui potranno aderire le imprese che vogliono promuoversi all'estero utilizzando il made in Tuscany.","breadcrumb":{"@id":"https:\/\/www.intoscana.it\/it\/un-brand-di-qualita-per-le-imprese-e-in-arrivo-il-marchio-toscana\/#breadcrumb"},"inLanguage":"it-IT","potentialAction":[{"@type":"ReadAction","target":["https:\/\/www.intoscana.it\/it\/un-brand-di-qualita-per-le-imprese-e-in-arrivo-il-marchio-toscana\/"]}]},{"@type":"ImageObject","inLanguage":"it-IT","@id":"https:\/\/www.intoscana.it\/it\/un-brand-di-qualita-per-le-imprese-e-in-arrivo-il-marchio-toscana\/#primaryimage","url":"https:\/\/www.intoscana.it\/wp-content\/uploads\/imprese-economia-8.jpg","contentUrl":"https:\/\/www.intoscana.it\/wp-content\/uploads\/imprese-economia-8.jpg","width":1000,"height":664},{"@type":"BreadcrumbList","@id":"https:\/\/www.intoscana.it\/it\/un-brand-di-qualita-per-le-imprese-e-in-arrivo-il-marchio-toscana\/#breadcrumb","itemListElement":[{"@type":"ListItem","position":1,"name":"Home","item":"https:\/\/www.intoscana.it\/it\/"},{"@type":"ListItem","position":2,"name":"Un brand di qualit\u00e0 per le imprese: \u00e8 in arrivo il marchio &#8216;Toscana&#8217;"}]},{"@type":"WebSite","@id":"https:\/\/www.intoscana.it\/it\/#website","url":"https:\/\/www.intoscana.it\/it\/","name":"intoscana","description":"","potentialAction":[{"@type":"SearchAction","target":{"@type":"EntryPoint","urlTemplate":"https:\/\/www.intoscana.it\/it\/?s={search_term_string}"},"query-input":{"@type":"PropertyValueSpecification","valueRequired":true,"valueName":"search_term_string"}}],"inLanguage":"it-IT"},{"@type":"Person","@id":"https:\/\/www.intoscana.it\/it\/#\/schema\/person\/9223810753230f20bd670fdd322661f8","name":"Redazione","url":"https:\/\/www.intoscana.it\/it\/author\/redazione\/"}]}},"_links":{"self":[{"href":"https:\/\/www.intoscana.it\/it\/wp-json\/wp\/v2\/posts\/58680","targetHints":{"allow":["GET"]}}],"collection":[{"href":"https:\/\/www.intoscana.it\/it\/wp-json\/wp\/v2\/posts"}],"about":[{"href":"https:\/\/www.intoscana.it\/it\/wp-json\/wp\/v2\/types\/post"}],"author":[{"embeddable":true,"href":"https:\/\/www.intoscana.it\/it\/wp-json\/wp\/v2\/users\/525"}],"replies":[{"embeddable":true,"href":"https:\/\/www.intoscana.it\/it\/wp-json\/wp\/v2\/comments?post=58680"}],"version-history":[{"count":0,"href":"https:\/\/www.intoscana.it\/it\/wp-json\/wp\/v2\/posts\/58680\/revisions"}],"wp:featuredmedia":[{"embeddable":true,"href":"https:\/\/www.intoscana.it\/it\/wp-json\/wp\/v2\/media\/96179"}],"wp:attachment":[{"href":"https:\/\/www.intoscana.it\/it\/wp-json\/wp\/v2\/media?parent=58680"}],"wp:term":[{"taxonomy":"category","embeddable":true,"href":"https:\/\/www.intoscana.it\/it\/wp-json\/wp\/v2\/categories?post=58680"},{"taxonomy":"post_tag","embeddable":true,"href":"https:\/\/www.intoscana.it\/it\/wp-json\/wp\/v2\/tags?post=58680"}],"curies":[{"name":"wp","href":"https:\/\/api.w.org\/{rel}","templated":true}]}}