{"id":58681,"date":"2019-05-20T16:19:44","date_gmt":"2019-05-20T16:19:44","guid":{"rendered":"http:\/\/www.intoscana.it\/agribusiness-a-pisa-nasce-il-polo-professionale-agralpi\/"},"modified":"2020-05-18T10:22:23","modified_gmt":"2020-05-18T08:22:23","slug":"agribusiness-a-pisa-nasce-il-polo-professionale-agralpi","status":"publish","type":"post","link":"https:\/\/www.intoscana.it\/it\/agribusiness-a-pisa-nasce-il-polo-professionale-agralpi\/","title":{"rendered":"Agribusiness: a Pisa nasce il polo professionale Agralpi"},"content":{"rendered":"<p><strong>Fare rete nella filiera agribusiness in provincia di Pisa<\/strong>. \u00c8 questo l\u2019obiettivo del <strong>nuovo Polo Tecnico Professionale Agralpi, nato grazie al progetto Faro, finanziato dalla Regione Toscana,<\/strong> che punta a rafforzare la struttura organizzativa dell&#8217;agribusiness nel territorio e a promuove legami pi\u00f9 stretti fra scuole imprese e famiglie. <\/p>\n<p>Il progetto \u00e8 stato presentato oggi presso <strong>l\u2019Istituto Santoni a Pisa, capofila dell\u2019iniziativa,<\/strong> che come ha spiegato il dirigente scolastico Alessandro Bonsignori, ha l\u2019obiettivo di creare un pi\u00f9 stretto legame con il territorio per offrire un serio punto di incontro tra domanda e offerta di lavoro nell&#8217;ambito dei settori interessati. <strong>Gli studenti e le famiglie verranno a conoscenza di ci\u00f2 che viene richiesto dal mercato del lavoro e avranno maggiori possibilit\u00e0 di impiego. Anche le imprese avranno pi\u00f9 ampie opportunit\u00e0<\/strong> di poter trovare le nuove professionalit\u00e0 di cui hanno bisogno.<\/p>\n<p><strong>Agralpi infatti sta per Agro Alimentare Pisano ed \u00e8 un Polo Tecnico Professionale che ha l\u2019obiettivo di aiutare il contatto tra studenti, mondo della formazione e imprese<\/strong> del sistema agroalimentare e agroindustriale del territorio pisano. Fra gli strumenti che Agralpi metter\u00e0 in campo, oltre al <a href=\"http:\/\/www.agralpisano.it\" target=\"_blank\" rel=\"noopener noreferrer\"><span style=\"text-decoration: underline;\">sito internet<\/span><\/a>, ci sar\u00e0 anche un osservatorio permanente per <strong>indagini e rilevazioni sui fabbisogni della filiera agribusiness, incontro fra scuole e imprese, seminari per gli studenti,<\/strong> promozione e coordinamento della attivit\u00e0 gi\u00e0 in campo per favorire l\u2019incontro fra mondo della scuola e sbocchi occupazionali, come l\u2019alternanza scuola-lavoro, i tirocini, l\u2019apprendistato.<\/p>\n","protected":false},"excerpt":{"rendered":"<p>L&#8217;iniziativa che fa parte del progetto Faro, finanziato dalla Regione Toscana, punta a creare legami pi\u00f9 stretti tra scuola e impresa<\/p>\n","protected":false},"author":525,"featured_media":96180,"comment_status":"open","ping_status":"open","sticky":false,"template":"","format":"standard","meta":{"_acf_changed":false,"footnotes":""},"categories":[9],"tags":[],"class_list":["post-58681","post","type-post","status-publish","format-standard","has-post-thumbnail","hentry","category-made-in-toscana"],"acf":[],"yoast_head":"<!-- This site is optimized with the Yoast SEO Premium plugin v24.2 (Yoast SEO v25.6) - https:\/\/yoast.com\/wordpress\/plugins\/seo\/ -->\n<title>Agribusiness: a Pisa nasce il polo professionale Agralpi - intoscana<\/title>\n<meta name=\"description\" content=\"A Pisa nasce il nuovo polo professionale Agralpi, un Polo Tecnico Professionale pensato per avvicinare il mondo delle imprese agricole a quello della scuola.\" \/>\n<meta name=\"robots\" content=\"index, follow, max-snippet:-1, max-image-preview:large, max-video-preview:-1\" \/>\n<link rel=\"canonical\" href=\"https:\/\/www.intoscana.it\/it\/agribusiness-a-pisa-nasce-il-polo-professionale-agralpi\/\" \/>\n<meta property=\"og:locale\" content=\"it_IT\" \/>\n<meta property=\"og:type\" content=\"article\" \/>\n<meta property=\"og:title\" content=\"Agribusiness: a Pisa nasce il polo professionale Agralpi\" \/>\n<meta property=\"og:description\" content=\"A Pisa nasce il nuovo polo professionale Agralpi, un Polo Tecnico Professionale pensato per avvicinare il mondo delle imprese agricole a quello della scuola.\" \/>\n<meta property=\"og:url\" content=\"https:\/\/www.intoscana.it\/it\/agribusiness-a-pisa-nasce-il-polo-professionale-agralpi\/\" \/>\n<meta property=\"og:site_name\" content=\"intoscana\" \/>\n<meta property=\"article:publisher\" content=\"https:\/\/www.facebook.com\/intoscana.it\" \/>\n<meta property=\"article:published_time\" content=\"2019-05-20T16:19:44+00:00\" \/>\n<meta property=\"article:modified_time\" content=\"2020-05-18T08:22:23+00:00\" \/>\n<meta property=\"og:image\" content=\"https:\/\/www.intoscana.it\/wp-content\/uploads\/139a4c38da4c897e860b6d7bdd0978d8-7.jpg\" \/>\n\t<meta property=\"og:image:width\" content=\"468\" \/>\n\t<meta property=\"og:image:height\" content=\"312\" \/>\n\t<meta property=\"og:image:type\" content=\"image\/jpeg\" \/>\n<meta name=\"author\" content=\"Redazione\" \/>\n<meta name=\"twitter:card\" content=\"summary_large_image\" \/>\n<meta name=\"twitter:creator\" content=\"@intoscana\" \/>\n<meta name=\"twitter:site\" content=\"@intoscana\" \/>\n<meta name=\"twitter:label1\" content=\"Written by\" \/>\n\t<meta name=\"twitter:data1\" content=\"Redazione\" \/>\n\t<meta name=\"twitter:label2\" content=\"Est. reading time\" \/>\n\t<meta name=\"twitter:data2\" content=\"1 minuto\" \/>\n<script type=\"application\/ld+json\" class=\"yoast-schema-graph\">{\"@context\":\"https:\/\/schema.org\",\"@graph\":[{\"@type\":\"WebPage\",\"@id\":\"https:\/\/www.intoscana.it\/it\/agribusiness-a-pisa-nasce-il-polo-professionale-agralpi\/\",\"url\":\"https:\/\/www.intoscana.it\/it\/agribusiness-a-pisa-nasce-il-polo-professionale-agralpi\/\",\"name\":\"Agribusiness: a Pisa nasce il polo professionale Agralpi - intoscana\",\"isPartOf\":{\"@id\":\"https:\/\/www.intoscana.it\/it\/#website\"},\"primaryImageOfPage\":{\"@id\":\"https:\/\/www.intoscana.it\/it\/agribusiness-a-pisa-nasce-il-polo-professionale-agralpi\/#primaryimage\"},\"image\":{\"@id\":\"https:\/\/www.intoscana.it\/it\/agribusiness-a-pisa-nasce-il-polo-professionale-agralpi\/#primaryimage\"},\"thumbnailUrl\":\"https:\/\/www.intoscana.it\/wp-content\/uploads\/139a4c38da4c897e860b6d7bdd0978d8-7.jpg\",\"datePublished\":\"2019-05-20T16:19:44+00:00\",\"dateModified\":\"2020-05-18T08:22:23+00:00\",\"author\":{\"@id\":\"https:\/\/www.intoscana.it\/it\/#\/schema\/person\/9223810753230f20bd670fdd322661f8\"},\"description\":\"A Pisa nasce il nuovo polo professionale Agralpi, un Polo Tecnico Professionale pensato per avvicinare il mondo delle imprese agricole a quello della scuola.\",\"breadcrumb\":{\"@id\":\"https:\/\/www.intoscana.it\/it\/agribusiness-a-pisa-nasce-il-polo-professionale-agralpi\/#breadcrumb\"},\"inLanguage\":\"it-IT\",\"potentialAction\":[{\"@type\":\"ReadAction\",\"target\":[\"https:\/\/www.intoscana.it\/it\/agribusiness-a-pisa-nasce-il-polo-professionale-agralpi\/\"]}]},{\"@type\":\"ImageObject\",\"inLanguage\":\"it-IT\",\"@id\":\"https:\/\/www.intoscana.it\/it\/agribusiness-a-pisa-nasce-il-polo-professionale-agralpi\/#primaryimage\",\"url\":\"https:\/\/www.intoscana.it\/wp-content\/uploads\/139a4c38da4c897e860b6d7bdd0978d8-7.jpg\",\"contentUrl\":\"https:\/\/www.intoscana.it\/wp-content\/uploads\/139a4c38da4c897e860b6d7bdd0978d8-7.jpg\",\"width\":468,\"height\":312},{\"@type\":\"BreadcrumbList\",\"@id\":\"https:\/\/www.intoscana.it\/it\/agribusiness-a-pisa-nasce-il-polo-professionale-agralpi\/#breadcrumb\",\"itemListElement\":[{\"@type\":\"ListItem\",\"position\":1,\"name\":\"Home\",\"item\":\"https:\/\/www.intoscana.it\/it\/\"},{\"@type\":\"ListItem\",\"position\":2,\"name\":\"Agribusiness: a Pisa nasce il polo professionale Agralpi\"}]},{\"@type\":\"WebSite\",\"@id\":\"https:\/\/www.intoscana.it\/it\/#website\",\"url\":\"https:\/\/www.intoscana.it\/it\/\",\"name\":\"intoscana\",\"description\":\"\",\"potentialAction\":[{\"@type\":\"SearchAction\",\"target\":{\"@type\":\"EntryPoint\",\"urlTemplate\":\"https:\/\/www.intoscana.it\/it\/?s={search_term_string}\"},\"query-input\":{\"@type\":\"PropertyValueSpecification\",\"valueRequired\":true,\"valueName\":\"search_term_string\"}}],\"inLanguage\":\"it-IT\"},{\"@type\":\"Person\",\"@id\":\"https:\/\/www.intoscana.it\/it\/#\/schema\/person\/9223810753230f20bd670fdd322661f8\",\"name\":\"Redazione\",\"url\":\"https:\/\/www.intoscana.it\/it\/author\/redazione\/\"}]}<\/script>\n<!-- \/ Yoast SEO Premium plugin. -->","yoast_head_json":{"title":"Agribusiness: a Pisa nasce il polo professionale Agralpi - intoscana","description":"A Pisa nasce il nuovo polo professionale Agralpi, un Polo Tecnico Professionale pensato per avvicinare il mondo delle imprese agricole a quello della scuola.","robots":{"index":"index","follow":"follow","max-snippet":"max-snippet:-1","max-image-preview":"max-image-preview:large","max-video-preview":"max-video-preview:-1"},"canonical":"https:\/\/www.intoscana.it\/it\/agribusiness-a-pisa-nasce-il-polo-professionale-agralpi\/","og_locale":"it_IT","og_type":"article","og_title":"Agribusiness: a Pisa nasce il polo professionale Agralpi","og_description":"A Pisa nasce il nuovo polo professionale Agralpi, un Polo Tecnico Professionale pensato per avvicinare il mondo delle imprese agricole a quello della scuola.","og_url":"https:\/\/www.intoscana.it\/it\/agribusiness-a-pisa-nasce-il-polo-professionale-agralpi\/","og_site_name":"intoscana","article_publisher":"https:\/\/www.facebook.com\/intoscana.it","article_published_time":"2019-05-20T16:19:44+00:00","article_modified_time":"2020-05-18T08:22:23+00:00","og_image":[{"width":468,"height":312,"url":"https:\/\/www.intoscana.it\/wp-content\/uploads\/139a4c38da4c897e860b6d7bdd0978d8-7.jpg","type":"image\/jpeg"}],"author":"Redazione","twitter_card":"summary_large_image","twitter_creator":"@intoscana","twitter_site":"@intoscana","twitter_misc":{"Written by":"Redazione","Est. reading time":"1 minuto"},"schema":{"@context":"https:\/\/schema.org","@graph":[{"@type":"WebPage","@id":"https:\/\/www.intoscana.it\/it\/agribusiness-a-pisa-nasce-il-polo-professionale-agralpi\/","url":"https:\/\/www.intoscana.it\/it\/agribusiness-a-pisa-nasce-il-polo-professionale-agralpi\/","name":"Agribusiness: a Pisa nasce il polo professionale Agralpi - intoscana","isPartOf":{"@id":"https:\/\/www.intoscana.it\/it\/#website"},"primaryImageOfPage":{"@id":"https:\/\/www.intoscana.it\/it\/agribusiness-a-pisa-nasce-il-polo-professionale-agralpi\/#primaryimage"},"image":{"@id":"https:\/\/www.intoscana.it\/it\/agribusiness-a-pisa-nasce-il-polo-professionale-agralpi\/#primaryimage"},"thumbnailUrl":"https:\/\/www.intoscana.it\/wp-content\/uploads\/139a4c38da4c897e860b6d7bdd0978d8-7.jpg","datePublished":"2019-05-20T16:19:44+00:00","dateModified":"2020-05-18T08:22:23+00:00","author":{"@id":"https:\/\/www.intoscana.it\/it\/#\/schema\/person\/9223810753230f20bd670fdd322661f8"},"description":"A Pisa nasce il nuovo polo professionale Agralpi, un Polo Tecnico Professionale pensato per avvicinare il mondo delle imprese agricole a quello della scuola.","breadcrumb":{"@id":"https:\/\/www.intoscana.it\/it\/agribusiness-a-pisa-nasce-il-polo-professionale-agralpi\/#breadcrumb"},"inLanguage":"it-IT","potentialAction":[{"@type":"ReadAction","target":["https:\/\/www.intoscana.it\/it\/agribusiness-a-pisa-nasce-il-polo-professionale-agralpi\/"]}]},{"@type":"ImageObject","inLanguage":"it-IT","@id":"https:\/\/www.intoscana.it\/it\/agribusiness-a-pisa-nasce-il-polo-professionale-agralpi\/#primaryimage","url":"https:\/\/www.intoscana.it\/wp-content\/uploads\/139a4c38da4c897e860b6d7bdd0978d8-7.jpg","contentUrl":"https:\/\/www.intoscana.it\/wp-content\/uploads\/139a4c38da4c897e860b6d7bdd0978d8-7.jpg","width":468,"height":312},{"@type":"BreadcrumbList","@id":"https:\/\/www.intoscana.it\/it\/agribusiness-a-pisa-nasce-il-polo-professionale-agralpi\/#breadcrumb","itemListElement":[{"@type":"ListItem","position":1,"name":"Home","item":"https:\/\/www.intoscana.it\/it\/"},{"@type":"ListItem","position":2,"name":"Agribusiness: a Pisa nasce il polo professionale Agralpi"}]},{"@type":"WebSite","@id":"https:\/\/www.intoscana.it\/it\/#website","url":"https:\/\/www.intoscana.it\/it\/","name":"intoscana","description":"","potentialAction":[{"@type":"SearchAction","target":{"@type":"EntryPoint","urlTemplate":"https:\/\/www.intoscana.it\/it\/?s={search_term_string}"},"query-input":{"@type":"PropertyValueSpecification","valueRequired":true,"valueName":"search_term_string"}}],"inLanguage":"it-IT"},{"@type":"Person","@id":"https:\/\/www.intoscana.it\/it\/#\/schema\/person\/9223810753230f20bd670fdd322661f8","name":"Redazione","url":"https:\/\/www.intoscana.it\/it\/author\/redazione\/"}]}},"_links":{"self":[{"href":"https:\/\/www.intoscana.it\/it\/wp-json\/wp\/v2\/posts\/58681","targetHints":{"allow":["GET"]}}],"collection":[{"href":"https:\/\/www.intoscana.it\/it\/wp-json\/wp\/v2\/posts"}],"about":[{"href":"https:\/\/www.intoscana.it\/it\/wp-json\/wp\/v2\/types\/post"}],"author":[{"embeddable":true,"href":"https:\/\/www.intoscana.it\/it\/wp-json\/wp\/v2\/users\/525"}],"replies":[{"embeddable":true,"href":"https:\/\/www.intoscana.it\/it\/wp-json\/wp\/v2\/comments?post=58681"}],"version-history":[{"count":0,"href":"https:\/\/www.intoscana.it\/it\/wp-json\/wp\/v2\/posts\/58681\/revisions"}],"wp:featuredmedia":[{"embeddable":true,"href":"https:\/\/www.intoscana.it\/it\/wp-json\/wp\/v2\/media\/96180"}],"wp:attachment":[{"href":"https:\/\/www.intoscana.it\/it\/wp-json\/wp\/v2\/media?parent=58681"}],"wp:term":[{"taxonomy":"category","embeddable":true,"href":"https:\/\/www.intoscana.it\/it\/wp-json\/wp\/v2\/categories?post=58681"},{"taxonomy":"post_tag","embeddable":true,"href":"https:\/\/www.intoscana.it\/it\/wp-json\/wp\/v2\/tags?post=58681"}],"curies":[{"name":"wp","href":"https:\/\/api.w.org\/{rel}","templated":true}]}}