{"id":58694,"date":"2020-03-19T12:01:29","date_gmt":"2020-03-19T12:01:29","guid":{"rendered":"http:\/\/www.intoscana.it\/era-in-cina-a-gennaio-ricordo-occhi-disperati-ora-la-vita-sta-ricominciando\/"},"modified":"2020-05-19T15:43:19","modified_gmt":"2020-05-19T13:43:19","slug":"era-in-cina-a-gennaio-ricordo-occhi-disperati-ora-li-la-vita-sta-ricominciando","status":"publish","type":"post","link":"https:\/\/www.intoscana.it\/it\/era-in-cina-a-gennaio-ricordo-occhi-disperati-ora-li-la-vita-sta-ricominciando\/","title":{"rendered":"Era in Cina a gennaio: &#8216;Ricordo occhi disperati, ora la vita sta ricominciando&#8217;"},"content":{"rendered":"<p>La Cina lo ha accolto venti anni fa e da allora \u00e8 diventata la sua seconda patria.&nbsp;<strong>Giancarlo Maffei<\/strong> \u00e8 di Montemurlo, ex assessore della Provincia di Prato, da quindici anni, per quattro mesi l\u2019anno, <strong>vive a Nanchino, nella Cina orientale.<\/strong> Qui ha aperto la sua attivit\u00e0 di promozione del made in Italy specializzandosi nella vendita dei vini italiani. E a dicembre, quando la Cina per prima ha sperimentato la quarantena per l&#8217;<strong>emergenza Coronavirus<\/strong>, si trovava proprio a Nanchino.<\/p>\n<p>Rientrato in Italia a fine gennaio (quando ancora era possibile) non avrebbe mai creduto che <strong>di l\u00ec a poco si sarebbe trovato a vivere, per la seconda volta, la paura del contagio<\/strong>: il virus sembrava, a lui come a tutti, una \u201c<em>cosa cinese<\/em>\u201d, ed \u00e8 questo l\u2019errore in cui tutti siamo incappati.<\/p>\n<p>Ora, a distanza di quasi due mesi da quando \u00e8 scattato il <em>lockdown<\/em> (era il 24 gennaio) <strong>la Cina sembra stia vincendo la propria battaglia<\/strong>: <strong>i contagi sono diminuiti drasticamente<\/strong> e quelli che ci sono, sono per lo pi\u00f9 importati. La Cina oggi \u00e8 il <strong>riferimento mondiale<\/strong> per ipotizzare (o sperare) previsioni su quando la curva dei contagi scender\u00e0 anche in Europa. Ma a gennaio, quando i cinesi si apprestavano a celebrare l\u2019arrivo dell\u2019anno del Topo, la situazione era molto diversa.<\/p>\n<p>Quasi nascosti dalle mascherine obbligatorie, <strong>i giovani a Shanghai avevano occhi disperati<\/strong>: \u201c<em>In Cina<\/em> \u2013 racconta Giancarlo Maffei \u2013 <em>\u00e8 difficile vedere persone anziane per le strade e ci sono tanti giovani che lavorano nei bar di Shanghai. Ho l\u2019immagine di quegli occhi dietro le mascherine, occhi disperati<\/em>\u201d.<\/p>\n<p><strong>Giancarlo, quando \u00e8 tornato si sarebbe mai immaginato che il virus sarebbe arrivato anche in Italia?<\/strong><br \/>\u201c<em>Non credevo che avrebbe avuto in Italia la stessa violenza con cui l\u2019ho visto espandersi in Cina. Credevo anche io che le aree pi\u00f9 a rischio sarebbero state quelle a maggiore densit\u00e0 cinese, Prato su tutte, invece non \u00e8 stato cos\u00ec (Prato tra le province toscane \u00e8 quella che, al momento, fa registrare il numero pi\u00f9 basso di contagi, ndr). Una cosa per\u00f2 che ho sempre detto, anche alla luce delle polemiche che stavano prendendo piede, \u00e8 che il virus non guarda in faccia a nessuno<\/em>\u201d.<\/p>\n<p>C\u2019\u00e8 un\u2019altra immagine che Maffei menziona nel suo racconto e che rende bene l\u2019idea di quella che era <strong>Shanghai<\/strong>, gi\u00e0 svuotata per le celebrazioni del capodanno e alle prese con le prime avvisaglie dell\u2019epidemia: <strong>le strade deserte al punto da poterle attraversare a occhi chiusi<\/strong>, sicuri che nessuna macchina sarebbe sopraggiunta. Un\u2019immagine di grande impatto considerando che la perla d\u2019Oriente, <strong>con i suoi 24 milioni di abitanti, \u00e8 tra le citt\u00e0 pi\u00f9 popolose al mondo, con elevatissimi volumi di traffico.<\/strong><\/p>\n<p>\u201c<em>Ogni giorno qualcosa chiudeva, un bar, un locale, un ristorante. In poco tempo le citt\u00e0 si sono svuotate\u201d<\/em>. Sono entrate in vigore <strong>le misure di quarantena<\/strong>: l\u2019obbligo di non uscire dal quartiere, di non spostarsi per nessun motivo, stop ai trasporti pubblici. Immediati sono <strong>scattati i rigidi controlli per le strade <\/strong>e i tempi per gli acquisti nei negozi ancora aperti (farmacie e generi alimentari) sono stati contingentati: <strong>concesso recarsi a fare la spesa ad un solo membro a famiglia, due volte la settimana.<\/strong><\/p>\n<p><strong>Il presidente Xi Jinping<\/strong> ha adottato misure drastiche, avvalendosi anche della sorveglianza di massa. <strong>Misure coraggiose per certi versi, discutibili per altri<\/strong>. Indubbiamente difficili da concepire, e da accettare, fuori della Repubblica Popolare Cinese.&nbsp;<\/p>\n<p>\u201c<em>L\u00ec vige un rigido sistema di imposizione e di rispetto delle regole che \u00e8 diverso dal nostro<\/em> \u2013 spiega &#8211; <em>A noi sono serviti tre decreti, in Cina l\u2019isolamento \u00e8 stato imposto fin da subito come un obbligo con conseguenze penali. Le fughe da una citt\u00e0 all\u2019altra che hanno tenuto banco nei primi giorni della zona rossa in Italia non si sarebbero mai potute verificare. In molti accusano la dittatura cinese, \u00e8 sicuramente anche per il regime politico che l\u00ec non ci sono state reticenze, ma c\u2019\u00e8 un altro aspetto da tener presente: la Cina ha bisogno di dare un\u2019immagine positiva di s\u00e9 all\u2019esterno e al mondo<\/em>\u201d.<\/p>\n<p><strong>Ora per\u00f2 il mondo guarda all\u2019Italia e alla nostra capacit\u00e0 di gestire questa emergenza. Ci viene detto che siamo indietro di un mese (circa) rispetto al quadro cinese.<\/strong><br \/>\u201c<em>Shanghai e la provincia di Nanchino sono state chiuse il 1\u00b0 febbraio, il 20 dello stesso mese alcune fabbriche hanno avuto l\u2019autorizzazione a riaprire. Le scuole sono ancora chiuse ma alcuni ristoranti hanno tirato su le serrande (vendendo al banco). Anche alcune banche hanno ripreso l\u2019attivit\u00e0. In tre settimane la situazione \u00e8 cambiata, forse per la fine del mese (marzo, ndr) si potr\u00e0 tornare ad una quasi normalit\u00e0 ma \u00e8 difficile fare previsioni<\/em>\u201d.<\/p>\n<p>Maffei \u00e8 prudente, la preoccupazione per il futuro \u00e8 tanta anche se <strong>a Nanchino la vita sta piano piano ricominciando<\/strong>.<\/p>\n<p>Ha riaperto anche il suo negozio. Lui \u00e8 ancora a Montemurlo, lo stanno gestendo i suoi collaboratori con cui \u00e8 costantemente in contatto. \u201c<em>Dalla Cina i segnali che arrivano per i connazionali sono chiari: non rientrate. I rientri sono fortemente limitati, l\u2019Ambasciata non rilascia visti, anche per questo la ripartenza \u00e8 lenta. Il virus sta ancora girando e non intendono correre lo stesso rischio di dicembre quando c\u2019erano pochi controlli<\/em>\u201d.<\/p>\n<p>Per le strade <strong>c\u2019\u00e8 un secondo virus<\/strong>, che a differenza dell\u2019altro, continua a dilagare. <strong>\u00c8 la paura<\/strong>. \u201c<em>I cinesi non se la sentono di andare al ristorante e il consumo interno \u00e8 basso. Diventer\u00e0 fondamentale l\u2019impegno del Governo per il futuro del Paese<\/em>\u201d.<br \/><strong>L\u2019obiettivo a breve termine \u00e8 quella quasi <em>normalit\u00e0<\/em> che poi dovremmo sudarci, piano piano, anche noi.<\/strong> Ma intanto l\u00ec la vita ha fatto capolino.<\/p>\n","protected":false},"excerpt":{"rendered":"<p>Giancarlo Maffei, ex assessore e imprenditore pratese, si trovava a Nanchino quando \u00e8 scoppiata l&#8217;emergenza Coronavirus. Dal suo racconto anche segnali incoraggianti<\/p>\n","protected":false},"author":503,"featured_media":96193,"comment_status":"open","ping_status":"open","sticky":false,"template":"","format":"standard","meta":{"_acf_changed":false,"footnotes":""},"categories":[494,7],"tags":[367,259],"class_list":["post-58694","post","type-post","status-publish","format-standard","has-post-thumbnail","hentry","category-attualita","category-societa","tag-cina","tag-prato"],"acf":[],"yoast_head":"<!-- This site is optimized with the Yoast SEO Premium plugin v24.2 (Yoast SEO v25.6) - https:\/\/yoast.com\/wordpress\/plugins\/seo\/ -->\n<title>Era in Cina a gennaio: &#039;Ricordo occhi disperati, ora la vita sta ricominciando&#039; - intoscana<\/title>\n<meta name=\"description\" content=\"Giancarlo Maffei si trovava a Nanchino quando \u00e8 scoppiata l&#039;emergenza sanitaria per il Coronavirus\" \/>\n<meta name=\"robots\" content=\"index, follow, max-snippet:-1, max-image-preview:large, max-video-preview:-1\" \/>\n<link rel=\"canonical\" href=\"https:\/\/www.intoscana.it\/it\/era-in-cina-a-gennaio-ricordo-occhi-disperati-ora-li-la-vita-sta-ricominciando\/\" \/>\n<meta property=\"og:locale\" content=\"it_IT\" \/>\n<meta property=\"og:type\" content=\"article\" \/>\n<meta property=\"og:title\" content=\"Era in Cina a gennaio: &#039;Ricordo occhi disperati, ora la vita sta ricominciando&#039;\" \/>\n<meta property=\"og:description\" content=\"Giancarlo Maffei si trovava a Nanchino quando \u00e8 scoppiata l&#039;emergenza sanitaria per il Coronavirus\" \/>\n<meta property=\"og:url\" content=\"https:\/\/www.intoscana.it\/it\/era-in-cina-a-gennaio-ricordo-occhi-disperati-ora-li-la-vita-sta-ricominciando\/\" \/>\n<meta property=\"og:site_name\" content=\"intoscana\" \/>\n<meta property=\"article:publisher\" content=\"https:\/\/www.facebook.com\/intoscana.it\" \/>\n<meta property=\"article:published_time\" content=\"2020-03-19T12:01:29+00:00\" \/>\n<meta property=\"article:modified_time\" content=\"2020-05-19T13:43:19+00:00\" \/>\n<meta property=\"og:image\" content=\"https:\/\/www.intoscana.it\/wp-content\/uploads\/84330209_2505589619700132_9193415408764321792_n.jpg\" \/>\n\t<meta property=\"og:image:width\" content=\"709\" \/>\n\t<meta property=\"og:image:height\" content=\"717\" \/>\n\t<meta property=\"og:image:type\" content=\"image\/jpeg\" \/>\n<meta name=\"author\" content=\"Giulia Rafanelli\" \/>\n<meta name=\"twitter:card\" content=\"summary_large_image\" \/>\n<meta name=\"twitter:creator\" content=\"@intoscana\" \/>\n<meta name=\"twitter:site\" content=\"@intoscana\" \/>\n<meta name=\"twitter:label1\" content=\"Written by\" \/>\n\t<meta name=\"twitter:data1\" content=\"Giulia Rafanelli\" \/>\n\t<meta name=\"twitter:label2\" content=\"Est. reading time\" \/>\n\t<meta name=\"twitter:data2\" content=\"5 minuti\" \/>\n<script type=\"application\/ld+json\" class=\"yoast-schema-graph\">{\"@context\":\"https:\/\/schema.org\",\"@graph\":[{\"@type\":\"WebPage\",\"@id\":\"https:\/\/www.intoscana.it\/it\/era-in-cina-a-gennaio-ricordo-occhi-disperati-ora-li-la-vita-sta-ricominciando\/\",\"url\":\"https:\/\/www.intoscana.it\/it\/era-in-cina-a-gennaio-ricordo-occhi-disperati-ora-li-la-vita-sta-ricominciando\/\",\"name\":\"Era in Cina a gennaio: 'Ricordo occhi disperati, ora la vita sta ricominciando' - intoscana\",\"isPartOf\":{\"@id\":\"https:\/\/www.intoscana.it\/it\/#website\"},\"primaryImageOfPage\":{\"@id\":\"https:\/\/www.intoscana.it\/it\/era-in-cina-a-gennaio-ricordo-occhi-disperati-ora-li-la-vita-sta-ricominciando\/#primaryimage\"},\"image\":{\"@id\":\"https:\/\/www.intoscana.it\/it\/era-in-cina-a-gennaio-ricordo-occhi-disperati-ora-li-la-vita-sta-ricominciando\/#primaryimage\"},\"thumbnailUrl\":\"https:\/\/www.intoscana.it\/wp-content\/uploads\/84330209_2505589619700132_9193415408764321792_n.jpg\",\"datePublished\":\"2020-03-19T12:01:29+00:00\",\"dateModified\":\"2020-05-19T13:43:19+00:00\",\"author\":{\"@id\":\"https:\/\/www.intoscana.it\/it\/#\/schema\/person\/333569b367b301e30262defcea56c939\"},\"description\":\"Giancarlo Maffei si trovava a Nanchino quando \u00e8 scoppiata l'emergenza sanitaria per il Coronavirus\",\"breadcrumb\":{\"@id\":\"https:\/\/www.intoscana.it\/it\/era-in-cina-a-gennaio-ricordo-occhi-disperati-ora-li-la-vita-sta-ricominciando\/#breadcrumb\"},\"inLanguage\":\"it-IT\",\"potentialAction\":[{\"@type\":\"ReadAction\",\"target\":[\"https:\/\/www.intoscana.it\/it\/era-in-cina-a-gennaio-ricordo-occhi-disperati-ora-li-la-vita-sta-ricominciando\/\"]}]},{\"@type\":\"ImageObject\",\"inLanguage\":\"it-IT\",\"@id\":\"https:\/\/www.intoscana.it\/it\/era-in-cina-a-gennaio-ricordo-occhi-disperati-ora-li-la-vita-sta-ricominciando\/#primaryimage\",\"url\":\"https:\/\/www.intoscana.it\/wp-content\/uploads\/84330209_2505589619700132_9193415408764321792_n.jpg\",\"contentUrl\":\"https:\/\/www.intoscana.it\/wp-content\/uploads\/84330209_2505589619700132_9193415408764321792_n.jpg\",\"width\":709,\"height\":717},{\"@type\":\"BreadcrumbList\",\"@id\":\"https:\/\/www.intoscana.it\/it\/era-in-cina-a-gennaio-ricordo-occhi-disperati-ora-li-la-vita-sta-ricominciando\/#breadcrumb\",\"itemListElement\":[{\"@type\":\"ListItem\",\"position\":1,\"name\":\"Home\",\"item\":\"https:\/\/www.intoscana.it\/it\/\"},{\"@type\":\"ListItem\",\"position\":2,\"name\":\"Era in Cina a gennaio: &#8216;Ricordo occhi disperati, ora la vita sta ricominciando&#8217;\"}]},{\"@type\":\"WebSite\",\"@id\":\"https:\/\/www.intoscana.it\/it\/#website\",\"url\":\"https:\/\/www.intoscana.it\/it\/\",\"name\":\"intoscana\",\"description\":\"\",\"potentialAction\":[{\"@type\":\"SearchAction\",\"target\":{\"@type\":\"EntryPoint\",\"urlTemplate\":\"https:\/\/www.intoscana.it\/it\/?s={search_term_string}\"},\"query-input\":{\"@type\":\"PropertyValueSpecification\",\"valueRequired\":true,\"valueName\":\"search_term_string\"}}],\"inLanguage\":\"it-IT\"},{\"@type\":\"Person\",\"@id\":\"https:\/\/www.intoscana.it\/it\/#\/schema\/person\/333569b367b301e30262defcea56c939\",\"name\":\"Giulia Rafanelli\",\"url\":\"https:\/\/www.intoscana.it\/it\/author\/giulia-rafanelli\/\"}]}<\/script>\n<!-- \/ Yoast SEO Premium plugin. -->","yoast_head_json":{"title":"Era in Cina a gennaio: 'Ricordo occhi disperati, ora la vita sta ricominciando' - intoscana","description":"Giancarlo Maffei si trovava a Nanchino quando \u00e8 scoppiata l'emergenza sanitaria per il Coronavirus","robots":{"index":"index","follow":"follow","max-snippet":"max-snippet:-1","max-image-preview":"max-image-preview:large","max-video-preview":"max-video-preview:-1"},"canonical":"https:\/\/www.intoscana.it\/it\/era-in-cina-a-gennaio-ricordo-occhi-disperati-ora-li-la-vita-sta-ricominciando\/","og_locale":"it_IT","og_type":"article","og_title":"Era in Cina a gennaio: 'Ricordo occhi disperati, ora la vita sta ricominciando'","og_description":"Giancarlo Maffei si trovava a Nanchino quando \u00e8 scoppiata l'emergenza sanitaria per il Coronavirus","og_url":"https:\/\/www.intoscana.it\/it\/era-in-cina-a-gennaio-ricordo-occhi-disperati-ora-li-la-vita-sta-ricominciando\/","og_site_name":"intoscana","article_publisher":"https:\/\/www.facebook.com\/intoscana.it","article_published_time":"2020-03-19T12:01:29+00:00","article_modified_time":"2020-05-19T13:43:19+00:00","og_image":[{"width":709,"height":717,"url":"https:\/\/www.intoscana.it\/wp-content\/uploads\/84330209_2505589619700132_9193415408764321792_n.jpg","type":"image\/jpeg"}],"author":"Giulia Rafanelli","twitter_card":"summary_large_image","twitter_creator":"@intoscana","twitter_site":"@intoscana","twitter_misc":{"Written by":"Giulia Rafanelli","Est. reading time":"5 minuti"},"schema":{"@context":"https:\/\/schema.org","@graph":[{"@type":"WebPage","@id":"https:\/\/www.intoscana.it\/it\/era-in-cina-a-gennaio-ricordo-occhi-disperati-ora-li-la-vita-sta-ricominciando\/","url":"https:\/\/www.intoscana.it\/it\/era-in-cina-a-gennaio-ricordo-occhi-disperati-ora-li-la-vita-sta-ricominciando\/","name":"Era in Cina a gennaio: 'Ricordo occhi disperati, ora la vita sta ricominciando' - intoscana","isPartOf":{"@id":"https:\/\/www.intoscana.it\/it\/#website"},"primaryImageOfPage":{"@id":"https:\/\/www.intoscana.it\/it\/era-in-cina-a-gennaio-ricordo-occhi-disperati-ora-li-la-vita-sta-ricominciando\/#primaryimage"},"image":{"@id":"https:\/\/www.intoscana.it\/it\/era-in-cina-a-gennaio-ricordo-occhi-disperati-ora-li-la-vita-sta-ricominciando\/#primaryimage"},"thumbnailUrl":"https:\/\/www.intoscana.it\/wp-content\/uploads\/84330209_2505589619700132_9193415408764321792_n.jpg","datePublished":"2020-03-19T12:01:29+00:00","dateModified":"2020-05-19T13:43:19+00:00","author":{"@id":"https:\/\/www.intoscana.it\/it\/#\/schema\/person\/333569b367b301e30262defcea56c939"},"description":"Giancarlo Maffei si trovava a Nanchino quando \u00e8 scoppiata l'emergenza sanitaria per il Coronavirus","breadcrumb":{"@id":"https:\/\/www.intoscana.it\/it\/era-in-cina-a-gennaio-ricordo-occhi-disperati-ora-li-la-vita-sta-ricominciando\/#breadcrumb"},"inLanguage":"it-IT","potentialAction":[{"@type":"ReadAction","target":["https:\/\/www.intoscana.it\/it\/era-in-cina-a-gennaio-ricordo-occhi-disperati-ora-li-la-vita-sta-ricominciando\/"]}]},{"@type":"ImageObject","inLanguage":"it-IT","@id":"https:\/\/www.intoscana.it\/it\/era-in-cina-a-gennaio-ricordo-occhi-disperati-ora-li-la-vita-sta-ricominciando\/#primaryimage","url":"https:\/\/www.intoscana.it\/wp-content\/uploads\/84330209_2505589619700132_9193415408764321792_n.jpg","contentUrl":"https:\/\/www.intoscana.it\/wp-content\/uploads\/84330209_2505589619700132_9193415408764321792_n.jpg","width":709,"height":717},{"@type":"BreadcrumbList","@id":"https:\/\/www.intoscana.it\/it\/era-in-cina-a-gennaio-ricordo-occhi-disperati-ora-li-la-vita-sta-ricominciando\/#breadcrumb","itemListElement":[{"@type":"ListItem","position":1,"name":"Home","item":"https:\/\/www.intoscana.it\/it\/"},{"@type":"ListItem","position":2,"name":"Era in Cina a gennaio: &#8216;Ricordo occhi disperati, ora la vita sta ricominciando&#8217;"}]},{"@type":"WebSite","@id":"https:\/\/www.intoscana.it\/it\/#website","url":"https:\/\/www.intoscana.it\/it\/","name":"intoscana","description":"","potentialAction":[{"@type":"SearchAction","target":{"@type":"EntryPoint","urlTemplate":"https:\/\/www.intoscana.it\/it\/?s={search_term_string}"},"query-input":{"@type":"PropertyValueSpecification","valueRequired":true,"valueName":"search_term_string"}}],"inLanguage":"it-IT"},{"@type":"Person","@id":"https:\/\/www.intoscana.it\/it\/#\/schema\/person\/333569b367b301e30262defcea56c939","name":"Giulia Rafanelli","url":"https:\/\/www.intoscana.it\/it\/author\/giulia-rafanelli\/"}]}},"_links":{"self":[{"href":"https:\/\/www.intoscana.it\/it\/wp-json\/wp\/v2\/posts\/58694","targetHints":{"allow":["GET"]}}],"collection":[{"href":"https:\/\/www.intoscana.it\/it\/wp-json\/wp\/v2\/posts"}],"about":[{"href":"https:\/\/www.intoscana.it\/it\/wp-json\/wp\/v2\/types\/post"}],"author":[{"embeddable":true,"href":"https:\/\/www.intoscana.it\/it\/wp-json\/wp\/v2\/users\/503"}],"replies":[{"embeddable":true,"href":"https:\/\/www.intoscana.it\/it\/wp-json\/wp\/v2\/comments?post=58694"}],"version-history":[{"count":0,"href":"https:\/\/www.intoscana.it\/it\/wp-json\/wp\/v2\/posts\/58694\/revisions"}],"wp:featuredmedia":[{"embeddable":true,"href":"https:\/\/www.intoscana.it\/it\/wp-json\/wp\/v2\/media\/96193"}],"wp:attachment":[{"href":"https:\/\/www.intoscana.it\/it\/wp-json\/wp\/v2\/media?parent=58694"}],"wp:term":[{"taxonomy":"category","embeddable":true,"href":"https:\/\/www.intoscana.it\/it\/wp-json\/wp\/v2\/categories?post=58694"},{"taxonomy":"post_tag","embeddable":true,"href":"https:\/\/www.intoscana.it\/it\/wp-json\/wp\/v2\/tags?post=58694"}],"curies":[{"name":"wp","href":"https:\/\/api.w.org\/{rel}","templated":true}]}}