{"id":58700,"date":"2020-03-23T14:47:01","date_gmt":"2020-03-23T14:47:01","guid":{"rendered":"http:\/\/www.intoscana.it\/da-prada-a-gucci-lalta-moda-toscana-si-mobilita-per-le-mascherine\/"},"modified":"2020-05-19T15:43:22","modified_gmt":"2020-05-19T13:43:22","slug":"alta-moda-mascherine","status":"publish","type":"post","link":"https:\/\/www.intoscana.it\/it\/alta-moda-mascherine\/","title":{"rendered":"Da Prada a Gucci l\u2019alta moda toscana si mobilita per le mascherine"},"content":{"rendered":"<p>Anche l<strong>a Toscana dell\u2019alta moda scende in campo contro il Coronavirus. Si amplia la filiera produttiva di mascherine e altri dispositivi di protezione made in Toscana<\/strong>, nata da un\u2019idea della Regione che ha lanciato un appello alle imprese per convertire la loro produzione in questo momento di emergenza sanitaria. Sono state in tante le imprese a risponde all\u2019appello, tra cui anche maison come<strong> Gucci, Salvatore Ferragamo, Fendi, Celine, Prada, Valentino ed Ermanno Scervino.<\/strong> <\/p>\n<p>La Regione infatti ha deciso di coinvolgere le imprese toscane ideando un tipo di mascherina triplo strato in tessuto non tessuto con elastico, testata dai laboratori di analisi dell\u2019Universit\u00e0 di Firenze e compatibile con i requisiti di sicurezza di quelle chirurgiche ma a marchio CE. <strong>La produzione giornaliera delle mascherine toscane ad oggi \u00e8 di 129 mila e dovrebbe crescere ancora: 149 mila marted\u00ec e 187 mila mercoled\u00ec.<\/p>\n<p>Tra le case d&#8217;alta moda al lavoro c&#8217;\u00e8 anche&nbsp;Prada che su richiesta della Regione&nbsp;ha avviato lo scorso mercoled\u00ec la produzione di 80mila camici e 110mila mascherine<\/strong> da destinare al personale sanitario della Toscana. Il piano prevede consegne giornaliere che saranno ultimate il 6 aprile. Camici e maschere sono prodotti internamente presso l&#8217;unico stabilimento del Gruppo &#8211; Prada Montone (Perugia rimasto operativo a questo scopo e da una rete di fornitori esterni sul territorio italiano&#8221;<\/p>\n<p><img decoding=\"async\" alt=\"mascherine\" style=\"width: 600px;\" title=\"mascherine\" src=\"https:\/\/www.intoscana.it\/shared\/intoscana\/immagini\/shutterstock_1523389421.jpg\" height=\"400\" \/><\/p>\n<p><strong><br \/>Ha risposto all&#8217;appello anche Ermanno Scervino.&nbsp;&#8220;Le nostre sarte erano a casa per precauzione, abbiamo chiesto loro se volevano fare volontariato per produrre mascherine, camici e cuffie,<\/strong> e hanno aderito tutte, anche le loro vicine di casa: per noi \u00e8 un grande orgoglio&#8221; spiega Toni Scervino, amministratore delegato dell&#8217;azienda. &#8220;L&#8217;assessore regionale Saccardi ci ha chiamati, e noi ci siamo subito messi a disposizione&#8221;, spiega Scervino, che loda l&#8217;operato delle sarte impegnate ogni giorno a cucire mascherine e camici: &#8220;Questa \u00e8 la bella Italia &#8211; aggiunge &#8211; mi commuovo a dirlo&#8221;.<br \/><strong>Il materiale utilizzato dalle sarte di Scervino \u00e8 il tessuto&nbsp;<\/strong><strong>non tessuto (Tnt), <\/strong>il cui uso \u00e8 indicato dalla Regione sulla scorta delle analisi di laboratorio condotte da PontLab e dall&#8217;Universit\u00e0 di Firenze, e che viene fornito alla maison da aziende di Prato: tutti i giorni gli incaricati dell&#8217;azienda portano le pezze di Tnt, gli elastici e i ferretti a casa delle sarte, ritirando nell&#8217;occasione anche i dispositivi gi\u00e0 realizzati, destinati alle aziende sanitarie e alle residenze sanitarie assistenziali della Toscana. &#8220;Abbiamo saputo che non hanno questi dispositivi &#8211; dice Scervino &#8211; e noi con questo vogliamo contribuire a tutelare i nostri anziani&#8221;.<\/p>\n<p><strong>Sono invece oltre 1.100.000 le mascherine chirurgiche e 55mila i camici che Gucci doner\u00e0 nei prossimi giorni alla Toscana.<\/strong> Gi\u00e0 nelle scorse settimane l&#8217;azienda, in collaborazione con la filiera, ha avviato la produzione del materiale richiesto.&nbsp;L&#8217;offerta si aggiunge alla donazione di 2 milioni a favore di&nbsp;alcune delle principali realt\u00e0 ed organizzazioni sanitarie in Lombardia, Veneto, Toscana e Lazio.<\/p>\n<p>&nbsp;<\/p>\n","protected":false},"excerpt":{"rendered":"<p>Le maison hanno risposto all\u2019appello della Regione e hanno avviato la produzione di dispositivi di protezione, compresi camici e cuffie, indispensabili per tutti gli operatori sanitari<\/p>\n","protected":false},"author":525,"featured_media":96199,"comment_status":"open","ping_status":"open","sticky":false,"template":"","format":"standard","meta":{"_acf_changed":false,"footnotes":""},"categories":[9],"tags":[415],"class_list":["post-58700","post","type-post","status-publish","format-standard","has-post-thumbnail","hentry","category-made-in-toscana","tag-gucci"],"acf":[],"yoast_head":"<!-- This site is optimized with the Yoast SEO Premium plugin v24.2 (Yoast SEO v25.6) - https:\/\/yoast.com\/wordpress\/plugins\/seo\/ -->\n<title>Da Prada a Gucci l\u2019alta moda toscana si mobilita per le mascherine - intoscana<\/title>\n<meta name=\"robots\" content=\"index, follow, max-snippet:-1, max-image-preview:large, max-video-preview:-1\" \/>\n<link rel=\"canonical\" href=\"https:\/\/www.intoscana.it\/it\/alta-moda-mascherine\/\" \/>\n<meta property=\"og:locale\" content=\"it_IT\" \/>\n<meta property=\"og:type\" content=\"article\" \/>\n<meta property=\"og:title\" content=\"Da Prada a Gucci l\u2019alta moda toscana si mobilita per le mascherine\" \/>\n<meta property=\"og:description\" content=\"Le maison hanno risposto all\u2019appello della Regione e hanno avviato la produzione di dispositivi di protezione, compresi camici e cuffie, indispensabili per tutti gli operatori sanitari\" \/>\n<meta property=\"og:url\" content=\"https:\/\/www.intoscana.it\/it\/alta-moda-mascherine\/\" \/>\n<meta property=\"og:site_name\" content=\"intoscana\" \/>\n<meta property=\"article:publisher\" content=\"https:\/\/www.facebook.com\/intoscana.it\" \/>\n<meta property=\"article:published_time\" content=\"2020-03-23T14:47:01+00:00\" \/>\n<meta property=\"article:modified_time\" content=\"2020-05-19T13:43:22+00:00\" \/>\n<meta property=\"og:image\" content=\"https:\/\/www.intoscana.it\/wp-content\/uploads\/shutterstock_1679393287.jpg\" \/>\n\t<meta property=\"og:image:width\" content=\"2000\" \/>\n\t<meta property=\"og:image:height\" content=\"1335\" \/>\n\t<meta property=\"og:image:type\" content=\"image\/jpeg\" \/>\n<meta name=\"author\" content=\"Redazione\" \/>\n<meta name=\"twitter:card\" content=\"summary_large_image\" \/>\n<meta name=\"twitter:creator\" content=\"@intoscana\" \/>\n<meta name=\"twitter:site\" content=\"@intoscana\" \/>\n<meta name=\"twitter:label1\" content=\"Written by\" \/>\n\t<meta name=\"twitter:data1\" content=\"Redazione\" \/>\n\t<meta name=\"twitter:label2\" content=\"Est. reading time\" \/>\n\t<meta name=\"twitter:data2\" content=\"2 minuti\" \/>\n<script type=\"application\/ld+json\" class=\"yoast-schema-graph\">{\"@context\":\"https:\/\/schema.org\",\"@graph\":[{\"@type\":\"WebPage\",\"@id\":\"https:\/\/www.intoscana.it\/it\/alta-moda-mascherine\/\",\"url\":\"https:\/\/www.intoscana.it\/it\/alta-moda-mascherine\/\",\"name\":\"Da Prada a Gucci l\u2019alta moda toscana si mobilita per le mascherine - intoscana\",\"isPartOf\":{\"@id\":\"https:\/\/www.intoscana.it\/it\/#website\"},\"primaryImageOfPage\":{\"@id\":\"https:\/\/www.intoscana.it\/it\/alta-moda-mascherine\/#primaryimage\"},\"image\":{\"@id\":\"https:\/\/www.intoscana.it\/it\/alta-moda-mascherine\/#primaryimage\"},\"thumbnailUrl\":\"https:\/\/www.intoscana.it\/wp-content\/uploads\/shutterstock_1679393287.jpg\",\"datePublished\":\"2020-03-23T14:47:01+00:00\",\"dateModified\":\"2020-05-19T13:43:22+00:00\",\"author\":{\"@id\":\"https:\/\/www.intoscana.it\/it\/#\/schema\/person\/9223810753230f20bd670fdd322661f8\"},\"breadcrumb\":{\"@id\":\"https:\/\/www.intoscana.it\/it\/alta-moda-mascherine\/#breadcrumb\"},\"inLanguage\":\"it-IT\",\"potentialAction\":[{\"@type\":\"ReadAction\",\"target\":[\"https:\/\/www.intoscana.it\/it\/alta-moda-mascherine\/\"]}]},{\"@type\":\"ImageObject\",\"inLanguage\":\"it-IT\",\"@id\":\"https:\/\/www.intoscana.it\/it\/alta-moda-mascherine\/#primaryimage\",\"url\":\"https:\/\/www.intoscana.it\/wp-content\/uploads\/shutterstock_1679393287.jpg\",\"contentUrl\":\"https:\/\/www.intoscana.it\/wp-content\/uploads\/shutterstock_1679393287.jpg\",\"width\":2000,\"height\":1335,\"caption\":\"Produzione di mascherine\"},{\"@type\":\"BreadcrumbList\",\"@id\":\"https:\/\/www.intoscana.it\/it\/alta-moda-mascherine\/#breadcrumb\",\"itemListElement\":[{\"@type\":\"ListItem\",\"position\":1,\"name\":\"Home\",\"item\":\"https:\/\/www.intoscana.it\/it\/\"},{\"@type\":\"ListItem\",\"position\":2,\"name\":\"Da Prada a Gucci l\u2019alta moda toscana si mobilita per le mascherine\"}]},{\"@type\":\"WebSite\",\"@id\":\"https:\/\/www.intoscana.it\/it\/#website\",\"url\":\"https:\/\/www.intoscana.it\/it\/\",\"name\":\"intoscana\",\"description\":\"\",\"potentialAction\":[{\"@type\":\"SearchAction\",\"target\":{\"@type\":\"EntryPoint\",\"urlTemplate\":\"https:\/\/www.intoscana.it\/it\/?s={search_term_string}\"},\"query-input\":{\"@type\":\"PropertyValueSpecification\",\"valueRequired\":true,\"valueName\":\"search_term_string\"}}],\"inLanguage\":\"it-IT\"},{\"@type\":\"Person\",\"@id\":\"https:\/\/www.intoscana.it\/it\/#\/schema\/person\/9223810753230f20bd670fdd322661f8\",\"name\":\"Redazione\",\"url\":\"https:\/\/www.intoscana.it\/it\/author\/redazione\/\"}]}<\/script>\n<!-- \/ Yoast SEO Premium plugin. -->","yoast_head_json":{"title":"Da Prada a Gucci l\u2019alta moda toscana si mobilita per le mascherine - intoscana","robots":{"index":"index","follow":"follow","max-snippet":"max-snippet:-1","max-image-preview":"max-image-preview:large","max-video-preview":"max-video-preview:-1"},"canonical":"https:\/\/www.intoscana.it\/it\/alta-moda-mascherine\/","og_locale":"it_IT","og_type":"article","og_title":"Da Prada a Gucci l\u2019alta moda toscana si mobilita per le mascherine","og_description":"Le maison hanno risposto all\u2019appello della Regione e hanno avviato la produzione di dispositivi di protezione, compresi camici e cuffie, indispensabili per tutti gli operatori sanitari","og_url":"https:\/\/www.intoscana.it\/it\/alta-moda-mascherine\/","og_site_name":"intoscana","article_publisher":"https:\/\/www.facebook.com\/intoscana.it","article_published_time":"2020-03-23T14:47:01+00:00","article_modified_time":"2020-05-19T13:43:22+00:00","og_image":[{"width":2000,"height":1335,"url":"https:\/\/www.intoscana.it\/wp-content\/uploads\/shutterstock_1679393287.jpg","type":"image\/jpeg"}],"author":"Redazione","twitter_card":"summary_large_image","twitter_creator":"@intoscana","twitter_site":"@intoscana","twitter_misc":{"Written by":"Redazione","Est. reading time":"2 minuti"},"schema":{"@context":"https:\/\/schema.org","@graph":[{"@type":"WebPage","@id":"https:\/\/www.intoscana.it\/it\/alta-moda-mascherine\/","url":"https:\/\/www.intoscana.it\/it\/alta-moda-mascherine\/","name":"Da Prada a Gucci l\u2019alta moda toscana si mobilita per le mascherine - intoscana","isPartOf":{"@id":"https:\/\/www.intoscana.it\/it\/#website"},"primaryImageOfPage":{"@id":"https:\/\/www.intoscana.it\/it\/alta-moda-mascherine\/#primaryimage"},"image":{"@id":"https:\/\/www.intoscana.it\/it\/alta-moda-mascherine\/#primaryimage"},"thumbnailUrl":"https:\/\/www.intoscana.it\/wp-content\/uploads\/shutterstock_1679393287.jpg","datePublished":"2020-03-23T14:47:01+00:00","dateModified":"2020-05-19T13:43:22+00:00","author":{"@id":"https:\/\/www.intoscana.it\/it\/#\/schema\/person\/9223810753230f20bd670fdd322661f8"},"breadcrumb":{"@id":"https:\/\/www.intoscana.it\/it\/alta-moda-mascherine\/#breadcrumb"},"inLanguage":"it-IT","potentialAction":[{"@type":"ReadAction","target":["https:\/\/www.intoscana.it\/it\/alta-moda-mascherine\/"]}]},{"@type":"ImageObject","inLanguage":"it-IT","@id":"https:\/\/www.intoscana.it\/it\/alta-moda-mascherine\/#primaryimage","url":"https:\/\/www.intoscana.it\/wp-content\/uploads\/shutterstock_1679393287.jpg","contentUrl":"https:\/\/www.intoscana.it\/wp-content\/uploads\/shutterstock_1679393287.jpg","width":2000,"height":1335,"caption":"Produzione di mascherine"},{"@type":"BreadcrumbList","@id":"https:\/\/www.intoscana.it\/it\/alta-moda-mascherine\/#breadcrumb","itemListElement":[{"@type":"ListItem","position":1,"name":"Home","item":"https:\/\/www.intoscana.it\/it\/"},{"@type":"ListItem","position":2,"name":"Da Prada a Gucci l\u2019alta moda toscana si mobilita per le mascherine"}]},{"@type":"WebSite","@id":"https:\/\/www.intoscana.it\/it\/#website","url":"https:\/\/www.intoscana.it\/it\/","name":"intoscana","description":"","potentialAction":[{"@type":"SearchAction","target":{"@type":"EntryPoint","urlTemplate":"https:\/\/www.intoscana.it\/it\/?s={search_term_string}"},"query-input":{"@type":"PropertyValueSpecification","valueRequired":true,"valueName":"search_term_string"}}],"inLanguage":"it-IT"},{"@type":"Person","@id":"https:\/\/www.intoscana.it\/it\/#\/schema\/person\/9223810753230f20bd670fdd322661f8","name":"Redazione","url":"https:\/\/www.intoscana.it\/it\/author\/redazione\/"}]}},"_links":{"self":[{"href":"https:\/\/www.intoscana.it\/it\/wp-json\/wp\/v2\/posts\/58700","targetHints":{"allow":["GET"]}}],"collection":[{"href":"https:\/\/www.intoscana.it\/it\/wp-json\/wp\/v2\/posts"}],"about":[{"href":"https:\/\/www.intoscana.it\/it\/wp-json\/wp\/v2\/types\/post"}],"author":[{"embeddable":true,"href":"https:\/\/www.intoscana.it\/it\/wp-json\/wp\/v2\/users\/525"}],"replies":[{"embeddable":true,"href":"https:\/\/www.intoscana.it\/it\/wp-json\/wp\/v2\/comments?post=58700"}],"version-history":[{"count":0,"href":"https:\/\/www.intoscana.it\/it\/wp-json\/wp\/v2\/posts\/58700\/revisions"}],"wp:featuredmedia":[{"embeddable":true,"href":"https:\/\/www.intoscana.it\/it\/wp-json\/wp\/v2\/media\/96199"}],"wp:attachment":[{"href":"https:\/\/www.intoscana.it\/it\/wp-json\/wp\/v2\/media?parent=58700"}],"wp:term":[{"taxonomy":"category","embeddable":true,"href":"https:\/\/www.intoscana.it\/it\/wp-json\/wp\/v2\/categories?post=58700"},{"taxonomy":"post_tag","embeddable":true,"href":"https:\/\/www.intoscana.it\/it\/wp-json\/wp\/v2\/tags?post=58700"}],"curies":[{"name":"wp","href":"https:\/\/api.w.org\/{rel}","templated":true}]}}