{"id":58950,"date":"2020-01-29T09:19:00","date_gmt":"2020-01-29T09:19:00","guid":{"rendered":"http:\/\/www.intoscana.it\/dalla-toscana-le-id-eight-scarpe-etiche-e-vegane-da-materiali-riciclati\/"},"modified":"2020-05-19T15:43:26","modified_gmt":"2020-05-19T13:43:26","slug":"ideight-scarpe","status":"publish","type":"post","link":"https:\/\/www.intoscana.it\/it\/ideight-scarpe\/","title":{"rendered":"Dalla Toscana le &#8216;Id-Eight&#8217;: scarpe etiche e vegane da materiali riciclati"},"content":{"rendered":"<p>La p<strong>roduct manager napoletana Giuliana Borzillo<\/strong> e lo<strong> stilista coreano Dong Seon Lee<\/strong> sono una coppia multiculturale che ha fondato a Firenze una <strong>startup innovativa nel campo della moda sostenibile<\/strong>: la <strong>ID-LAB<\/strong>. Hanno da poco lanciato la loro <strong>prima collezione di sneakers sostenibili, made in Italy etiche e vegane<\/strong>.<\/p>\n<p>Questa giovane coppia ha voluto realizzare <strong>una calzatura a basso impatto ambientale che utilizza materiali di origine non animale e riciclati:<\/strong> simil-pelli derivanti <strong>dagli scarti delle foglie di ananas, dagli scarti delle vinacce e delle mele<\/strong>. Tutti i dettagli della calzatura sono in materiale riciclato, <strong>dalla suola, alle etichette, ai lacci<\/strong>. Il design \u00e8 casual e unisex e molto curato nella scelta dei colori che presentano una gamma arcobaleno. <strong>Tutta la filiera del prodotto \u00e8 controllata,<\/strong> dai materiali, al trasporto che sar\u00e0 affidato a ditte che <strong>non sfruttano i lavoratori e che rispettano i diritti sindacali.<\/strong><\/p>\n<a class=\"fotogallery\" href=\"#modalgallery\" rel=\"modal:open\">sfoglia la gallery <i class=\"fas fa-chevron-right\"><\/i><\/a>\n    <div class=\"modal\" id=\"modalgallery\">\n        <div class=\"gallery\">\n          <div class=\"galleryimg\">\n            <div class=\"slidegallerybig\"> <div class=\"itemimg\">\n            <div class=\"wrapimg\">\n            <img decoding=\"async\" src=\"https:\/\/www.intoscana.it\/wp-content\/uploads\/schermata-2020-01-28-alle-11.31.17.jpg\">\n            <\/div>\n            <\/div> <div class=\"itemimg\">\n            <div class=\"wrapimg\">\n            <img decoding=\"async\" src=\"https:\/\/www.intoscana.it\/wp-content\/uploads\/schermata-2020-01-28-alle-11.31.27.jpg\">\n            <\/div>\n            <\/div> <div class=\"itemimg\">\n            <div class=\"wrapimg\">\n            <img decoding=\"async\" src=\"https:\/\/www.intoscana.it\/wp-content\/uploads\/schermata-2020-01-28-alle-11.31.32.jpg\">\n            <\/div>\n            <\/div> <div class=\"itemimg\">\n            <div class=\"wrapimg\">\n            <img decoding=\"async\" src=\"https:\/\/www.intoscana.it\/wp-content\/uploads\/schermata-2020-01-28-alle-11.31.40.jpg\">\n            <\/div>\n            <\/div> <div class=\"itemimg\">\n            <div class=\"wrapimg\">\n            <img decoding=\"async\" src=\"https:\/\/www.intoscana.it\/wp-content\/uploads\/schermata-2020-01-28-alle-11.31.46.jpg\">\n            <\/div>\n            <\/div> <div class=\"itemimg\">\n            <div class=\"wrapimg\">\n            <img decoding=\"async\" src=\"https:\/\/www.intoscana.it\/wp-content\/uploads\/schermata-2020-01-28-alle-11.31.51.jpg\">\n            <\/div>\n            <\/div>\n            <\/div>\n          <\/div>\n          <div class=\"asidemenu\">\n            <div class=\"action\">\n              <div class=\"countlidegallery\"><\/div>\n              <div class=\"closegallery\" href=\"#modalgallery\" rel=\"modal:close\"><i class=\"far fa-times\"><\/i><\/div>\n            <\/div>\n            <div class=\"title\">\n              <h2>Dalla Toscana le 'Id-Eight': scarpe etiche e vegane da materiali riciclati<\/h2>\n              <div class=\"socialarticolo\"> \n            <div class=\"contsocialico\">\n              <ul>\n                <li><a target=\"_blank\" href=\"https:\/\/www.facebook.com\/sharer\/sharer.php?u=https:\/\/www.intoscana.it\/it\/ideight-scarpe\/\"> <i class=\"fab fa-facebook-f\"><\/i><\/a><\/li>\n                <li><a target=\"_blank\" href=\"https:\/\/twitter.com\/home?status=https:\/\/www.intoscana.it\/it\/ideight-scarpe\/\"> <i class=\"fab fa-twitter\"><\/i><\/a><\/li>\n                <li>\n                  <div class=\"shareall\" target=\"_blank\" href=\"\"> <i class=\"fas fa-share-alt\"><\/i><\/div>\n                  <div class=\"sharemore\">\n                    <ul>\n                      <li><a target=\"_blank\" href=\"https:\/\/www.linkedin.com\/shareArticle?url=https:\/\/www.intoscana.it\/it\/ideight-scarpe\/\"> <i class=\"fab fa-linkedin\"><\/i><\/a><\/li>\n                      <li><a target=\"_blank\" href=\"http:\/\/www.pinterest.com\/pin\/create\/bookmarklet\/?url=https:\/\/www.intoscana.it\/it\/ideight-scarpe\/\"> <i class=\"fab fa-pinterest\"><\/i><\/a><\/li>\n                      <li><a target=\"_blank\" href=\"mailto?subject=Dalla Toscana le &#039;Id-Eight&#039;: scarpe etiche e vegane da materiali riciclati&body=https:\/\/www.intoscana.it\/it\/ideight-scarpe\/\"> <i class=\"fas fa-envelope\"><\/i><\/a><\/li>\n                    <\/ul>\n                    <div class=\"closesharemore\">\n                    <i class=\"fas fa-times\"><\/i>\n                    <\/div>\n                  <\/div>\n                <\/li>\n              <\/ul>\n            <\/div>\n          <\/div>\n        <\/div>\n          <\/div>\n        <\/div>\n      <\/div>\n<p>Il team che supporta i due fondatori della startup \u00e8 composto da <strong>giovani professionisti impegnati nella difesa dell&#8217;ambiente.<\/strong> Anche il <strong>packaging in cartone riciclato<\/strong> \u00e8 attento alla sostenibilit\u00e0 e all&#8217;interno della scatola c&#8217;\u00e8 una piccola sorpresa, <strong>una &#8220;bomba di semi&#8221; di fiori autoctoni<\/strong> che attirano le api da lanciare negli spazi liberi delle nostre citt\u00e0 per promuovere la biodiversit\u00e0 locale.<\/p>\n<p>A met\u00e0 febbraio partir\u00e0 una raccolta fondi sulla piattaforma <strong>Kickstarter<\/strong> per sostenere i costi di produzione e tutti coloro che credono nel progetto e intendono sostenerlo potranno fare una donazione, e riceveranno i ringraziamenti pubblici dei due giovani fondatori o addirittura un paio di scarpe firmate.<\/p>\n<p>Un <strong>piccolo progetto green<\/strong> che vuole tentare la strada della sperimentazione di <strong>una economia diversa, condivisa, partecipativa, circolare e del dono,<\/strong> attenta ai valori della difesa dell&#8217;ambiente e delle relazioni fra le persone.<\/p>\n<p>Per informazioni:<br \/><a href=\"https:\/\/www.id-eight.it\/\">https:\/\/www.id-eight.it\/<\/a><\/p>\n<p>&nbsp;<\/p>\n","protected":false},"excerpt":{"rendered":"<p>Una startup green che vuole tentare la strada della sperimentazione di una economia diversa, condivisa, partecipativa e circolare<\/p>\n","protected":false},"author":525,"featured_media":96462,"comment_status":"open","ping_status":"open","sticky":false,"template":"","format":"standard","meta":{"_acf_changed":false,"footnotes":""},"categories":[9,13],"tags":[],"class_list":["post-58950","post","type-post","status-publish","format-standard","has-post-thumbnail","hentry","category-made-in-toscana","category-moda-e-design"],"acf":[],"yoast_head":"<!-- This site is optimized with the Yoast SEO Premium plugin v24.2 (Yoast SEO v25.6) - https:\/\/yoast.com\/wordpress\/plugins\/seo\/ -->\n<title>Dalla Toscana le &#039;Id-Eight&#039;: scarpe etiche e vegane da materiali riciclati - intoscana<\/title>\n<meta name=\"robots\" content=\"index, follow, max-snippet:-1, max-image-preview:large, max-video-preview:-1\" \/>\n<link rel=\"canonical\" href=\"https:\/\/www.intoscana.it\/it\/ideight-scarpe\/\" \/>\n<meta property=\"og:locale\" content=\"it_IT\" \/>\n<meta property=\"og:type\" content=\"article\" \/>\n<meta property=\"og:title\" content=\"Dalla Toscana le &#039;Id-Eight&#039;: scarpe etiche e vegane da materiali riciclati\" \/>\n<meta property=\"og:description\" content=\"Una startup green che vuole tentare la strada della sperimentazione di una economia diversa, condivisa, partecipativa e circolare\" \/>\n<meta property=\"og:url\" content=\"https:\/\/www.intoscana.it\/it\/ideight-scarpe\/\" \/>\n<meta property=\"og:site_name\" content=\"intoscana\" \/>\n<meta property=\"article:publisher\" content=\"https:\/\/www.facebook.com\/intoscana.it\" \/>\n<meta property=\"article:published_time\" content=\"2020-01-29T09:19:00+00:00\" \/>\n<meta property=\"article:modified_time\" content=\"2020-05-19T13:43:26+00:00\" \/>\n<meta property=\"og:image\" content=\"https:\/\/www.intoscana.it\/wp-content\/uploads\/81968633_143863927031157_2550468708417929216_o.jpg\" \/>\n\t<meta property=\"og:image:width\" content=\"1860\" \/>\n\t<meta property=\"og:image:height\" content=\"1241\" \/>\n\t<meta property=\"og:image:type\" content=\"image\/jpeg\" \/>\n<meta name=\"author\" content=\"Redazione\" \/>\n<meta name=\"twitter:card\" content=\"summary_large_image\" \/>\n<meta name=\"twitter:creator\" content=\"@intoscana\" \/>\n<meta name=\"twitter:site\" content=\"@intoscana\" \/>\n<meta name=\"twitter:label1\" content=\"Written by\" \/>\n\t<meta name=\"twitter:data1\" content=\"Redazione\" \/>\n\t<meta name=\"twitter:label2\" content=\"Est. reading time\" \/>\n\t<meta name=\"twitter:data2\" content=\"1 minuto\" \/>\n<script type=\"application\/ld+json\" class=\"yoast-schema-graph\">{\"@context\":\"https:\/\/schema.org\",\"@graph\":[{\"@type\":\"WebPage\",\"@id\":\"https:\/\/www.intoscana.it\/it\/ideight-scarpe\/\",\"url\":\"https:\/\/www.intoscana.it\/it\/ideight-scarpe\/\",\"name\":\"Dalla Toscana le 'Id-Eight': scarpe etiche e vegane da materiali riciclati - intoscana\",\"isPartOf\":{\"@id\":\"https:\/\/www.intoscana.it\/it\/#website\"},\"primaryImageOfPage\":{\"@id\":\"https:\/\/www.intoscana.it\/it\/ideight-scarpe\/#primaryimage\"},\"image\":{\"@id\":\"https:\/\/www.intoscana.it\/it\/ideight-scarpe\/#primaryimage\"},\"thumbnailUrl\":\"https:\/\/www.intoscana.it\/wp-content\/uploads\/81968633_143863927031157_2550468708417929216_o.jpg\",\"datePublished\":\"2020-01-29T09:19:00+00:00\",\"dateModified\":\"2020-05-19T13:43:26+00:00\",\"author\":{\"@id\":\"https:\/\/www.intoscana.it\/it\/#\/schema\/person\/9223810753230f20bd670fdd322661f8\"},\"breadcrumb\":{\"@id\":\"https:\/\/www.intoscana.it\/it\/ideight-scarpe\/#breadcrumb\"},\"inLanguage\":\"it-IT\",\"potentialAction\":[{\"@type\":\"ReadAction\",\"target\":[\"https:\/\/www.intoscana.it\/it\/ideight-scarpe\/\"]}]},{\"@type\":\"ImageObject\",\"inLanguage\":\"it-IT\",\"@id\":\"https:\/\/www.intoscana.it\/it\/ideight-scarpe\/#primaryimage\",\"url\":\"https:\/\/www.intoscana.it\/wp-content\/uploads\/81968633_143863927031157_2550468708417929216_o.jpg\",\"contentUrl\":\"https:\/\/www.intoscana.it\/wp-content\/uploads\/81968633_143863927031157_2550468708417929216_o.jpg\",\"width\":1860,\"height\":1241,\"caption\":\"'Id-Eight' scarpe etiche e vegane da materiali riciclati\"},{\"@type\":\"BreadcrumbList\",\"@id\":\"https:\/\/www.intoscana.it\/it\/ideight-scarpe\/#breadcrumb\",\"itemListElement\":[{\"@type\":\"ListItem\",\"position\":1,\"name\":\"Home\",\"item\":\"https:\/\/www.intoscana.it\/it\/\"},{\"@type\":\"ListItem\",\"position\":2,\"name\":\"Dalla Toscana le &#8216;Id-Eight&#8217;: scarpe etiche e vegane da materiali riciclati\"}]},{\"@type\":\"WebSite\",\"@id\":\"https:\/\/www.intoscana.it\/it\/#website\",\"url\":\"https:\/\/www.intoscana.it\/it\/\",\"name\":\"intoscana\",\"description\":\"\",\"potentialAction\":[{\"@type\":\"SearchAction\",\"target\":{\"@type\":\"EntryPoint\",\"urlTemplate\":\"https:\/\/www.intoscana.it\/it\/?s={search_term_string}\"},\"query-input\":{\"@type\":\"PropertyValueSpecification\",\"valueRequired\":true,\"valueName\":\"search_term_string\"}}],\"inLanguage\":\"it-IT\"},{\"@type\":\"Person\",\"@id\":\"https:\/\/www.intoscana.it\/it\/#\/schema\/person\/9223810753230f20bd670fdd322661f8\",\"name\":\"Redazione\",\"url\":\"https:\/\/www.intoscana.it\/it\/author\/redazione\/\"}]}<\/script>\n<!-- \/ Yoast SEO Premium plugin. -->","yoast_head_json":{"title":"Dalla Toscana le 'Id-Eight': scarpe etiche e vegane da materiali riciclati - intoscana","robots":{"index":"index","follow":"follow","max-snippet":"max-snippet:-1","max-image-preview":"max-image-preview:large","max-video-preview":"max-video-preview:-1"},"canonical":"https:\/\/www.intoscana.it\/it\/ideight-scarpe\/","og_locale":"it_IT","og_type":"article","og_title":"Dalla Toscana le 'Id-Eight': scarpe etiche e vegane da materiali riciclati","og_description":"Una startup green che vuole tentare la strada della sperimentazione di una economia diversa, condivisa, partecipativa e circolare","og_url":"https:\/\/www.intoscana.it\/it\/ideight-scarpe\/","og_site_name":"intoscana","article_publisher":"https:\/\/www.facebook.com\/intoscana.it","article_published_time":"2020-01-29T09:19:00+00:00","article_modified_time":"2020-05-19T13:43:26+00:00","og_image":[{"width":1860,"height":1241,"url":"https:\/\/www.intoscana.it\/wp-content\/uploads\/81968633_143863927031157_2550468708417929216_o.jpg","type":"image\/jpeg"}],"author":"Redazione","twitter_card":"summary_large_image","twitter_creator":"@intoscana","twitter_site":"@intoscana","twitter_misc":{"Written by":"Redazione","Est. reading time":"1 minuto"},"schema":{"@context":"https:\/\/schema.org","@graph":[{"@type":"WebPage","@id":"https:\/\/www.intoscana.it\/it\/ideight-scarpe\/","url":"https:\/\/www.intoscana.it\/it\/ideight-scarpe\/","name":"Dalla Toscana le 'Id-Eight': scarpe etiche e vegane da materiali riciclati - intoscana","isPartOf":{"@id":"https:\/\/www.intoscana.it\/it\/#website"},"primaryImageOfPage":{"@id":"https:\/\/www.intoscana.it\/it\/ideight-scarpe\/#primaryimage"},"image":{"@id":"https:\/\/www.intoscana.it\/it\/ideight-scarpe\/#primaryimage"},"thumbnailUrl":"https:\/\/www.intoscana.it\/wp-content\/uploads\/81968633_143863927031157_2550468708417929216_o.jpg","datePublished":"2020-01-29T09:19:00+00:00","dateModified":"2020-05-19T13:43:26+00:00","author":{"@id":"https:\/\/www.intoscana.it\/it\/#\/schema\/person\/9223810753230f20bd670fdd322661f8"},"breadcrumb":{"@id":"https:\/\/www.intoscana.it\/it\/ideight-scarpe\/#breadcrumb"},"inLanguage":"it-IT","potentialAction":[{"@type":"ReadAction","target":["https:\/\/www.intoscana.it\/it\/ideight-scarpe\/"]}]},{"@type":"ImageObject","inLanguage":"it-IT","@id":"https:\/\/www.intoscana.it\/it\/ideight-scarpe\/#primaryimage","url":"https:\/\/www.intoscana.it\/wp-content\/uploads\/81968633_143863927031157_2550468708417929216_o.jpg","contentUrl":"https:\/\/www.intoscana.it\/wp-content\/uploads\/81968633_143863927031157_2550468708417929216_o.jpg","width":1860,"height":1241,"caption":"'Id-Eight' scarpe etiche e vegane da materiali riciclati"},{"@type":"BreadcrumbList","@id":"https:\/\/www.intoscana.it\/it\/ideight-scarpe\/#breadcrumb","itemListElement":[{"@type":"ListItem","position":1,"name":"Home","item":"https:\/\/www.intoscana.it\/it\/"},{"@type":"ListItem","position":2,"name":"Dalla Toscana le &#8216;Id-Eight&#8217;: scarpe etiche e vegane da materiali riciclati"}]},{"@type":"WebSite","@id":"https:\/\/www.intoscana.it\/it\/#website","url":"https:\/\/www.intoscana.it\/it\/","name":"intoscana","description":"","potentialAction":[{"@type":"SearchAction","target":{"@type":"EntryPoint","urlTemplate":"https:\/\/www.intoscana.it\/it\/?s={search_term_string}"},"query-input":{"@type":"PropertyValueSpecification","valueRequired":true,"valueName":"search_term_string"}}],"inLanguage":"it-IT"},{"@type":"Person","@id":"https:\/\/www.intoscana.it\/it\/#\/schema\/person\/9223810753230f20bd670fdd322661f8","name":"Redazione","url":"https:\/\/www.intoscana.it\/it\/author\/redazione\/"}]}},"_links":{"self":[{"href":"https:\/\/www.intoscana.it\/it\/wp-json\/wp\/v2\/posts\/58950","targetHints":{"allow":["GET"]}}],"collection":[{"href":"https:\/\/www.intoscana.it\/it\/wp-json\/wp\/v2\/posts"}],"about":[{"href":"https:\/\/www.intoscana.it\/it\/wp-json\/wp\/v2\/types\/post"}],"author":[{"embeddable":true,"href":"https:\/\/www.intoscana.it\/it\/wp-json\/wp\/v2\/users\/525"}],"replies":[{"embeddable":true,"href":"https:\/\/www.intoscana.it\/it\/wp-json\/wp\/v2\/comments?post=58950"}],"version-history":[{"count":0,"href":"https:\/\/www.intoscana.it\/it\/wp-json\/wp\/v2\/posts\/58950\/revisions"}],"wp:featuredmedia":[{"embeddable":true,"href":"https:\/\/www.intoscana.it\/it\/wp-json\/wp\/v2\/media\/96462"}],"wp:attachment":[{"href":"https:\/\/www.intoscana.it\/it\/wp-json\/wp\/v2\/media?parent=58950"}],"wp:term":[{"taxonomy":"category","embeddable":true,"href":"https:\/\/www.intoscana.it\/it\/wp-json\/wp\/v2\/categories?post=58950"},{"taxonomy":"post_tag","embeddable":true,"href":"https:\/\/www.intoscana.it\/it\/wp-json\/wp\/v2\/tags?post=58950"}],"curies":[{"name":"wp","href":"https:\/\/api.w.org\/{rel}","templated":true}]}}