{"id":59020,"date":"2020-01-17T12:27:09","date_gmt":"2020-01-17T12:27:09","guid":{"rendered":"http:\/\/www.intoscana.it\/la-toscana-regina-della-moda-in-italia-prima-per-export-e-addetti\/"},"modified":"2020-05-19T15:43:33","modified_gmt":"2020-05-19T13:43:33","slug":"moda-irpet","status":"publish","type":"post","link":"https:\/\/www.intoscana.it\/it\/moda-irpet\/","title":{"rendered":"La Toscana regina della moda in Italia: prima per export e addetti"},"content":{"rendered":"<p>\u00c8 uno dei settori che ha pi\u00f9 subito i colpi della crisi globale del 2008 ma poi <strong>si \u00e8 rialzato in piedi e si \u00e8 affermato in tutto il mondo. \u00c8 la moda, un comparto che in Toscana d\u00e0 lavoro a circa 130mila persone<\/strong>, oltre il 7% dell\u2019occupazione complessiva, e realizza un valore aggiunto che supera i 5 miliardi e mezzo di euro. Nessuna altra regione in Italia raggiunge valori cos\u00ec alti: <strong>in termini di addetti infatti la Toscana ha il peso maggiore a livello nazionale con il 22,8% e domina anche nell\u2019export<\/strong>. Nel 2019 si stima che le esportazioni abbiano superato i 15 miliardi di euro, ponendo cos\u00ec la Toscana davanti anche alla Lombardia.<\/p>\n<p><strong>\u00c8 questa la fotografia del sistema moda regionale scattata dal rapporto dell\u2019Irpet<\/strong> che \u00e8 stato presentato oggi in un convegno a Firenze e ripercorre l\u2019evoluzione del settore negli ultimi vent\u2019anni, mostrando come abbia trainato l\u2019intera ripresa economica toscana. <strong>Un successo dovuto soprattutto dalla pelletteria, mentre tessile e calzature hanno dimostrato pi\u00f9 difficolt\u00e0 a posizionarsi sui mercati internazionali.<\/strong> \u00c8 qui infatti che si gioca la partita, visto che il 47% della produzione regionale della moda viene venduta all\u2019estero.<\/p>\n<p><img decoding=\"async\" style=\"width: 600px;\" title=\"tessile\" src=\"https:\/\/www.intoscana.it\/shared\/intoscana\/immagini\/made-in-toscana\/2010\/03\/12\/f8f6a73b5705cf5ebd42971f011fb82f.jpg\" alt=\"tessile\" height=\"400\" \/><\/p>\n<p><strong>Importantissimo il peso della moda nel mercato del lavoro:<\/strong> 115mila persone sono occupate nei settori della moda in senso stretto (tessile, abbigliamento, conceria, calzature, pelletteria, gioielleria), 1.800 nella produzione di macchine, 12.800 nel commercio all&#8217;ingrosso e nell&#8217;intermediazione e nell&#8217;ambito dell&#8217;industria manifatturiera la moda copre quasi il 40% degli addetti.<\/p>\n<p><strong>Tra le sfide da affrontare c\u2019\u00e8 invece quella di Industria 4.0: attualmente infatti le imprese sono in ritardo nell\u2019adottare queste nuove tecnologie rispetto ad altri settori,<\/strong> forse anche a causa delle dimensioni, prevalgono ancora infatti le aziende micro e piccole che hanno pi\u00f9 difficolt\u00e0 a investire nella digitalizzazione. <br \/>&#8220;Il sistema moda mantiene la sua eccezionalit\u00e0 per creativit\u00e0 e manualit\u00e0, caratteri che hanno poco a che vedere con l&#8217;innovazione tecnologica ma sono legati a formazione, cultura, storia, gusto \u2013 ha commentato <strong>l\u2019assessore alle attivit\u00e0 produttive della Toscana, Stefano Ciuoffo &#8211; tuttavia in un mercato cos\u00ec aleatorio e cos\u00ec vasto la creativit\u00e0 non basta, bisogna metterla a sistema.<\/strong> Se noi uniamo la creativit\u00e0, la manualit\u00e0, la nostra capacit\u00e0 di essere innovativi, all&#8217;innovazione tecnologica nell&#8217;ottimizzazione dei processi produttivi, forse non ce n&#8217;\u00e8 per nessuno, e noi saremo ancora protagonisti di questa eccellenza&#8221;.<\/p>\n\n","protected":false},"excerpt":{"rendered":"<p>Presentato oggi il rapporto dell&#8217;Irpet che racconta gli ultimi vent&#8217;anni di evoluzione del settore, che ha reagito alla crisi e ora domina sui mercati internazionali dando lavoro a 130mila persone<\/p>\n","protected":false},"author":502,"featured_media":96544,"comment_status":"open","ping_status":"open","sticky":false,"template":"","format":"standard","meta":{"_acf_changed":false,"footnotes":""},"categories":[9,13],"tags":[446,189],"class_list":["post-59020","post","type-post","status-publish","format-standard","has-post-thumbnail","hentry","category-made-in-toscana","category-moda-e-design","tag-export","tag-moda"],"acf":[],"yoast_head":"<!-- This site is optimized with the Yoast SEO Premium plugin v24.2 (Yoast SEO v25.6) - https:\/\/yoast.com\/wordpress\/plugins\/seo\/ -->\n<title>La Toscana regina della moda in Italia: prima per export e addetti - intoscana<\/title>\n<meta name=\"robots\" content=\"index, follow, max-snippet:-1, max-image-preview:large, max-video-preview:-1\" \/>\n<link rel=\"canonical\" href=\"https:\/\/www.intoscana.it\/it\/moda-irpet\/\" \/>\n<meta property=\"og:locale\" content=\"it_IT\" \/>\n<meta property=\"og:type\" content=\"article\" \/>\n<meta property=\"og:title\" content=\"La Toscana regina della moda in Italia: prima per export e addetti\" \/>\n<meta property=\"og:description\" content=\"Presentato oggi il rapporto dell&#039;Irpet che racconta gli ultimi vent&#039;anni di evoluzione del settore, che ha reagito alla crisi e ora domina sui mercati internazionali dando lavoro a 130mila persone\" \/>\n<meta property=\"og:url\" content=\"https:\/\/www.intoscana.it\/it\/moda-irpet\/\" \/>\n<meta property=\"og:site_name\" content=\"intoscana\" \/>\n<meta property=\"article:publisher\" content=\"https:\/\/www.facebook.com\/intoscana.it\" \/>\n<meta property=\"article:published_time\" content=\"2020-01-17T12:27:09+00:00\" \/>\n<meta property=\"article:modified_time\" content=\"2020-05-19T13:43:33+00:00\" \/>\n<meta property=\"og:image\" content=\"https:\/\/www.intoscana.it\/wp-content\/uploads\/Pelletteria-1.jpg\" \/>\n\t<meta property=\"og:image:width\" content=\"1000\" \/>\n\t<meta property=\"og:image:height\" content=\"666\" \/>\n\t<meta property=\"og:image:type\" content=\"image\/jpeg\" \/>\n<meta name=\"author\" content=\"Ilaria Giannini\" \/>\n<meta name=\"twitter:card\" content=\"summary_large_image\" \/>\n<meta name=\"twitter:creator\" content=\"@i.giannini@fst.it\" \/>\n<meta name=\"twitter:site\" content=\"@intoscana\" \/>\n<meta name=\"twitter:label1\" content=\"Written by\" \/>\n\t<meta name=\"twitter:data1\" content=\"Ilaria Giannini\" \/>\n\t<meta name=\"twitter:label2\" content=\"Est. reading time\" \/>\n\t<meta name=\"twitter:data2\" content=\"2 minuti\" \/>\n<script type=\"application\/ld+json\" class=\"yoast-schema-graph\">{\"@context\":\"https:\/\/schema.org\",\"@graph\":[{\"@type\":\"WebPage\",\"@id\":\"https:\/\/www.intoscana.it\/it\/moda-irpet\/\",\"url\":\"https:\/\/www.intoscana.it\/it\/moda-irpet\/\",\"name\":\"La Toscana regina della moda in Italia: prima per export e addetti - intoscana\",\"isPartOf\":{\"@id\":\"https:\/\/www.intoscana.it\/it\/#website\"},\"primaryImageOfPage\":{\"@id\":\"https:\/\/www.intoscana.it\/it\/moda-irpet\/#primaryimage\"},\"image\":{\"@id\":\"https:\/\/www.intoscana.it\/it\/moda-irpet\/#primaryimage\"},\"thumbnailUrl\":\"https:\/\/www.intoscana.it\/wp-content\/uploads\/Pelletteria-1.jpg\",\"datePublished\":\"2020-01-17T12:27:09+00:00\",\"dateModified\":\"2020-05-19T13:43:33+00:00\",\"author\":{\"@id\":\"https:\/\/www.intoscana.it\/it\/#\/schema\/person\/de95e1ed2c1c8c30a6922bbba3a90185\"},\"breadcrumb\":{\"@id\":\"https:\/\/www.intoscana.it\/it\/moda-irpet\/#breadcrumb\"},\"inLanguage\":\"it-IT\",\"potentialAction\":[{\"@type\":\"ReadAction\",\"target\":[\"https:\/\/www.intoscana.it\/it\/moda-irpet\/\"]}]},{\"@type\":\"ImageObject\",\"inLanguage\":\"it-IT\",\"@id\":\"https:\/\/www.intoscana.it\/it\/moda-irpet\/#primaryimage\",\"url\":\"https:\/\/www.intoscana.it\/wp-content\/uploads\/Pelletteria-1.jpg\",\"contentUrl\":\"https:\/\/www.intoscana.it\/wp-content\/uploads\/Pelletteria-1.jpg\",\"width\":1000,\"height\":666},{\"@type\":\"BreadcrumbList\",\"@id\":\"https:\/\/www.intoscana.it\/it\/moda-irpet\/#breadcrumb\",\"itemListElement\":[{\"@type\":\"ListItem\",\"position\":1,\"name\":\"Home\",\"item\":\"https:\/\/www.intoscana.it\/it\/\"},{\"@type\":\"ListItem\",\"position\":2,\"name\":\"La Toscana regina della moda in Italia: prima per export e addetti\"}]},{\"@type\":\"WebSite\",\"@id\":\"https:\/\/www.intoscana.it\/it\/#website\",\"url\":\"https:\/\/www.intoscana.it\/it\/\",\"name\":\"intoscana\",\"description\":\"\",\"potentialAction\":[{\"@type\":\"SearchAction\",\"target\":{\"@type\":\"EntryPoint\",\"urlTemplate\":\"https:\/\/www.intoscana.it\/it\/?s={search_term_string}\"},\"query-input\":{\"@type\":\"PropertyValueSpecification\",\"valueRequired\":true,\"valueName\":\"search_term_string\"}}],\"inLanguage\":\"it-IT\"},{\"@type\":\"Person\",\"@id\":\"https:\/\/www.intoscana.it\/it\/#\/schema\/person\/de95e1ed2c1c8c30a6922bbba3a90185\",\"name\":\"Ilaria Giannini\",\"sameAs\":[\"https:\/\/x.com\/i.giannini@fst.it\"],\"url\":\"https:\/\/www.intoscana.it\/it\/author\/ilaria-giannini\/\"}]}<\/script>\n<!-- \/ Yoast SEO Premium plugin. -->","yoast_head_json":{"title":"La Toscana regina della moda in Italia: prima per export e addetti - intoscana","robots":{"index":"index","follow":"follow","max-snippet":"max-snippet:-1","max-image-preview":"max-image-preview:large","max-video-preview":"max-video-preview:-1"},"canonical":"https:\/\/www.intoscana.it\/it\/moda-irpet\/","og_locale":"it_IT","og_type":"article","og_title":"La Toscana regina della moda in Italia: prima per export e addetti","og_description":"Presentato oggi il rapporto dell'Irpet che racconta gli ultimi vent'anni di evoluzione del settore, che ha reagito alla crisi e ora domina sui mercati internazionali dando lavoro a 130mila persone","og_url":"https:\/\/www.intoscana.it\/it\/moda-irpet\/","og_site_name":"intoscana","article_publisher":"https:\/\/www.facebook.com\/intoscana.it","article_published_time":"2020-01-17T12:27:09+00:00","article_modified_time":"2020-05-19T13:43:33+00:00","og_image":[{"width":1000,"height":666,"url":"https:\/\/www.intoscana.it\/wp-content\/uploads\/Pelletteria-1.jpg","type":"image\/jpeg"}],"author":"Ilaria Giannini","twitter_card":"summary_large_image","twitter_creator":"@i.giannini@fst.it","twitter_site":"@intoscana","twitter_misc":{"Written by":"Ilaria Giannini","Est. reading time":"2 minuti"},"schema":{"@context":"https:\/\/schema.org","@graph":[{"@type":"WebPage","@id":"https:\/\/www.intoscana.it\/it\/moda-irpet\/","url":"https:\/\/www.intoscana.it\/it\/moda-irpet\/","name":"La Toscana regina della moda in Italia: prima per export e addetti - intoscana","isPartOf":{"@id":"https:\/\/www.intoscana.it\/it\/#website"},"primaryImageOfPage":{"@id":"https:\/\/www.intoscana.it\/it\/moda-irpet\/#primaryimage"},"image":{"@id":"https:\/\/www.intoscana.it\/it\/moda-irpet\/#primaryimage"},"thumbnailUrl":"https:\/\/www.intoscana.it\/wp-content\/uploads\/Pelletteria-1.jpg","datePublished":"2020-01-17T12:27:09+00:00","dateModified":"2020-05-19T13:43:33+00:00","author":{"@id":"https:\/\/www.intoscana.it\/it\/#\/schema\/person\/de95e1ed2c1c8c30a6922bbba3a90185"},"breadcrumb":{"@id":"https:\/\/www.intoscana.it\/it\/moda-irpet\/#breadcrumb"},"inLanguage":"it-IT","potentialAction":[{"@type":"ReadAction","target":["https:\/\/www.intoscana.it\/it\/moda-irpet\/"]}]},{"@type":"ImageObject","inLanguage":"it-IT","@id":"https:\/\/www.intoscana.it\/it\/moda-irpet\/#primaryimage","url":"https:\/\/www.intoscana.it\/wp-content\/uploads\/Pelletteria-1.jpg","contentUrl":"https:\/\/www.intoscana.it\/wp-content\/uploads\/Pelletteria-1.jpg","width":1000,"height":666},{"@type":"BreadcrumbList","@id":"https:\/\/www.intoscana.it\/it\/moda-irpet\/#breadcrumb","itemListElement":[{"@type":"ListItem","position":1,"name":"Home","item":"https:\/\/www.intoscana.it\/it\/"},{"@type":"ListItem","position":2,"name":"La Toscana regina della moda in Italia: prima per export e addetti"}]},{"@type":"WebSite","@id":"https:\/\/www.intoscana.it\/it\/#website","url":"https:\/\/www.intoscana.it\/it\/","name":"intoscana","description":"","potentialAction":[{"@type":"SearchAction","target":{"@type":"EntryPoint","urlTemplate":"https:\/\/www.intoscana.it\/it\/?s={search_term_string}"},"query-input":{"@type":"PropertyValueSpecification","valueRequired":true,"valueName":"search_term_string"}}],"inLanguage":"it-IT"},{"@type":"Person","@id":"https:\/\/www.intoscana.it\/it\/#\/schema\/person\/de95e1ed2c1c8c30a6922bbba3a90185","name":"Ilaria Giannini","sameAs":["https:\/\/x.com\/i.giannini@fst.it"],"url":"https:\/\/www.intoscana.it\/it\/author\/ilaria-giannini\/"}]}},"_links":{"self":[{"href":"https:\/\/www.intoscana.it\/it\/wp-json\/wp\/v2\/posts\/59020","targetHints":{"allow":["GET"]}}],"collection":[{"href":"https:\/\/www.intoscana.it\/it\/wp-json\/wp\/v2\/posts"}],"about":[{"href":"https:\/\/www.intoscana.it\/it\/wp-json\/wp\/v2\/types\/post"}],"author":[{"embeddable":true,"href":"https:\/\/www.intoscana.it\/it\/wp-json\/wp\/v2\/users\/502"}],"replies":[{"embeddable":true,"href":"https:\/\/www.intoscana.it\/it\/wp-json\/wp\/v2\/comments?post=59020"}],"version-history":[{"count":0,"href":"https:\/\/www.intoscana.it\/it\/wp-json\/wp\/v2\/posts\/59020\/revisions"}],"wp:featuredmedia":[{"embeddable":true,"href":"https:\/\/www.intoscana.it\/it\/wp-json\/wp\/v2\/media\/96544"}],"wp:attachment":[{"href":"https:\/\/www.intoscana.it\/it\/wp-json\/wp\/v2\/media?parent=59020"}],"wp:term":[{"taxonomy":"category","embeddable":true,"href":"https:\/\/www.intoscana.it\/it\/wp-json\/wp\/v2\/categories?post=59020"},{"taxonomy":"post_tag","embeddable":true,"href":"https:\/\/www.intoscana.it\/it\/wp-json\/wp\/v2\/tags?post=59020"}],"curies":[{"name":"wp","href":"https:\/\/api.w.org\/{rel}","templated":true}]}}