{"id":59074,"date":"2019-05-08T10:14:21","date_gmt":"2019-05-08T10:14:21","guid":{"rendered":"http:\/\/www.intoscana.it\/pitti-uomo-festeggia-30-anni-e-ferragamo-sfila-in-piazza-signoria\/"},"modified":"2020-05-18T10:24:09","modified_gmt":"2020-05-18T08:24:09","slug":"pitti-uomo-festeggia-30-anni-e-ferragamo-sfila-in-piazza-signoria","status":"publish","type":"post","link":"https:\/\/www.intoscana.it\/it\/pitti-uomo-festeggia-30-anni-e-ferragamo-sfila-in-piazza-signoria\/","title":{"rendered":"Pitti Uomo festeggia 30 anni e Ferragamo sfila in Piazza Signoria"},"content":{"rendered":"<p><strong>Un&#8217;edizione pi\u00f9 ricca che mai, con un calendario fitto di mostre, eventi e sfilate<\/strong> che per quattro giorni trasformeranno Firenze nella capitale della moda maschile. <strong>L&#8217;edizione 96 di Pitti Uomo, in programma dall&#8217;11 al 14 giugno<\/strong>, si presenta come una vera scintilla che produce alchimie diverse: &#8216;The Pitti Special Click&#8217; \u00e8 il tema del salone con le collezioni moda e lifestyle per uomo per la primavera-estate 2020 (1.220 marchi, di cui il 45% esteri).<\/p>\n<p><strong>L&#8217;occasione \u00e8 anche il compleanno di Pitti Immagine Uomo, che compie 30 anni<\/strong> (il marchio \u00e8 nato nel 1982). &#8220;E&#8217; l&#8217;edizione pi\u00f9 completa in assoluto tra ricerca, componente culturale e creativit\u00e0, ha intorno a s\u00e9 ricchezza di offerta e contenuti &#8211; raggiunge tutti gli obbiettivi che ci siamo dati&#8221;, spiega l&#8217;ad Raffaello Napoleone.<\/p>\n<p>&#8220;La prima novit\u00e0 \u00e8 social &#8211; spiega l&#8217;ad di Pitti, Raffaello Napoleone &#8211; <strong>debutta una speciale collaborazione tra Pitti Immagine e Instagram, cos\u00ec alla Fortezza da Basso sar\u00e0 protagonista un set fotografico firmato Instagram<\/strong> mentre uno speciale progetto fotografico racconter\u00e0 in anteprima la mostra Romanzo Breve di Moda Maschile, al Museo della Moda e del Costume di Palazzo Pitti, curata da Olivier Saillard per i trent&#8217;anni di Pitti Uomo.<\/p>\n<p><strong>L&#8217;11 giugno inoltre Salvatore Ferragamo sfiler\u00e0 in piazza della Signoria<\/strong> con la sua nuova collezione menswear primavera-estate 2020.<strong> Uno speciale fashion show si terr\u00e0 cos\u00ec nel cuore della citt\u00e0: <\/strong>sotto la direzione creativa di Paul Andrew, della sfilata sar\u00e0 protagonista un menswear dal contenuto contemporaneo, con uno stile chiaro, caratterizzato da una fresca identit\u00e0 di lusso. <br \/>Sempre l&#8217;11 giugno il Gucci Garden inaugura il nuovo allestimento. <strong>Per la prima volta a Pitti Uomo inoltre ci sar\u00e0 un evento di Giorgio Armani, con A X Armani Exchange, mentre il brand Karl Lagerfeld render\u00e0 omaggio al grande stilista<\/strong> con una performance live dell&#8217;artista londinese Endless: un&#8217;installazione di 5X9 metri dove la street artist dipinger\u00e0 un ritratto di Karl Lagerfeld durante i quattro giorni della fiera.<\/p>\n","protected":false},"excerpt":{"rendered":"<p>Un&#8217;edizione speciale quella che si terr\u00e0 dall&#8217;11 al 14 giugno: tra gli eventi anche la sfilata di Giorgio Armani e l&#8217;omaggio a Karl Lagerfeld<\/p>\n","protected":false},"author":525,"featured_media":96598,"comment_status":"open","ping_status":"open","sticky":false,"template":"","format":"standard","meta":{"_acf_changed":false,"footnotes":""},"categories":[9,13],"tags":[189,364],"class_list":["post-59074","post","type-post","status-publish","format-standard","has-post-thumbnail","hentry","category-made-in-toscana","category-moda-e-design","tag-moda","tag-pitti-uomo"],"acf":[],"yoast_head":"<!-- This site is optimized with the Yoast SEO Premium plugin v24.2 (Yoast SEO v25.6) - https:\/\/yoast.com\/wordpress\/plugins\/seo\/ -->\n<title>Pitti Uomo festeggia 30 anni e Ferragamo sfila in Piazza Signoria - intoscana<\/title>\n<meta name=\"description\" content=\"Sar\u00e0 un&#039;edizione speciale quella di Pitti Uomo in programma dall&#039;11 al 14 giugno: tra gli eventi anche la sfilata di Ferragamo in piazza della Signoria.\" \/>\n<meta name=\"robots\" content=\"index, follow, max-snippet:-1, max-image-preview:large, max-video-preview:-1\" \/>\n<link rel=\"canonical\" href=\"https:\/\/www.intoscana.it\/it\/pitti-uomo-festeggia-30-anni-e-ferragamo-sfila-in-piazza-signoria\/\" \/>\n<meta property=\"og:locale\" content=\"it_IT\" \/>\n<meta property=\"og:type\" content=\"article\" \/>\n<meta property=\"og:title\" content=\"Pitti Uomo festeggia 30 anni e Ferragamo sfila in Piazza Signoria\" \/>\n<meta property=\"og:description\" content=\"Sar\u00e0 un&#039;edizione speciale quella di Pitti Uomo in programma dall&#039;11 al 14 giugno: tra gli eventi anche la sfilata di Ferragamo in piazza della Signoria.\" \/>\n<meta property=\"og:url\" content=\"https:\/\/www.intoscana.it\/it\/pitti-uomo-festeggia-30-anni-e-ferragamo-sfila-in-piazza-signoria\/\" \/>\n<meta property=\"og:site_name\" content=\"intoscana\" \/>\n<meta property=\"article:publisher\" content=\"https:\/\/www.facebook.com\/intoscana.it\" \/>\n<meta property=\"article:published_time\" content=\"2019-05-08T10:14:21+00:00\" \/>\n<meta property=\"article:modified_time\" content=\"2020-05-18T08:24:09+00:00\" \/>\n<meta property=\"og:image\" content=\"https:\/\/www.intoscana.it\/wp-content\/uploads\/schermata-2019-06-10-alle-12.21.33.jpg\" \/>\n\t<meta property=\"og:image:width\" content=\"527\" \/>\n\t<meta property=\"og:image:height\" content=\"589\" \/>\n\t<meta property=\"og:image:type\" content=\"image\/jpeg\" \/>\n<meta name=\"author\" content=\"Redazione\" \/>\n<meta name=\"twitter:card\" content=\"summary_large_image\" \/>\n<meta name=\"twitter:creator\" content=\"@intoscana\" \/>\n<meta name=\"twitter:site\" content=\"@intoscana\" \/>\n<meta name=\"twitter:label1\" content=\"Written by\" \/>\n\t<meta name=\"twitter:data1\" content=\"Redazione\" \/>\n\t<meta name=\"twitter:label2\" content=\"Est. reading time\" \/>\n\t<meta name=\"twitter:data2\" content=\"2 minuti\" \/>\n<script type=\"application\/ld+json\" class=\"yoast-schema-graph\">{\"@context\":\"https:\/\/schema.org\",\"@graph\":[{\"@type\":\"WebPage\",\"@id\":\"https:\/\/www.intoscana.it\/it\/pitti-uomo-festeggia-30-anni-e-ferragamo-sfila-in-piazza-signoria\/\",\"url\":\"https:\/\/www.intoscana.it\/it\/pitti-uomo-festeggia-30-anni-e-ferragamo-sfila-in-piazza-signoria\/\",\"name\":\"Pitti Uomo festeggia 30 anni e Ferragamo sfila in Piazza Signoria - intoscana\",\"isPartOf\":{\"@id\":\"https:\/\/www.intoscana.it\/it\/#website\"},\"primaryImageOfPage\":{\"@id\":\"https:\/\/www.intoscana.it\/it\/pitti-uomo-festeggia-30-anni-e-ferragamo-sfila-in-piazza-signoria\/#primaryimage\"},\"image\":{\"@id\":\"https:\/\/www.intoscana.it\/it\/pitti-uomo-festeggia-30-anni-e-ferragamo-sfila-in-piazza-signoria\/#primaryimage\"},\"thumbnailUrl\":\"https:\/\/www.intoscana.it\/wp-content\/uploads\/schermata-2019-06-10-alle-12.21.33.jpg\",\"datePublished\":\"2019-05-08T10:14:21+00:00\",\"dateModified\":\"2020-05-18T08:24:09+00:00\",\"author\":{\"@id\":\"https:\/\/www.intoscana.it\/it\/#\/schema\/person\/9223810753230f20bd670fdd322661f8\"},\"description\":\"Sar\u00e0 un'edizione speciale quella di Pitti Uomo in programma dall'11 al 14 giugno: tra gli eventi anche la sfilata di Ferragamo in piazza della Signoria.\",\"breadcrumb\":{\"@id\":\"https:\/\/www.intoscana.it\/it\/pitti-uomo-festeggia-30-anni-e-ferragamo-sfila-in-piazza-signoria\/#breadcrumb\"},\"inLanguage\":\"it-IT\",\"potentialAction\":[{\"@type\":\"ReadAction\",\"target\":[\"https:\/\/www.intoscana.it\/it\/pitti-uomo-festeggia-30-anni-e-ferragamo-sfila-in-piazza-signoria\/\"]}]},{\"@type\":\"ImageObject\",\"inLanguage\":\"it-IT\",\"@id\":\"https:\/\/www.intoscana.it\/it\/pitti-uomo-festeggia-30-anni-e-ferragamo-sfila-in-piazza-signoria\/#primaryimage\",\"url\":\"https:\/\/www.intoscana.it\/wp-content\/uploads\/schermata-2019-06-10-alle-12.21.33.jpg\",\"contentUrl\":\"https:\/\/www.intoscana.it\/wp-content\/uploads\/schermata-2019-06-10-alle-12.21.33.jpg\",\"width\":527,\"height\":589},{\"@type\":\"BreadcrumbList\",\"@id\":\"https:\/\/www.intoscana.it\/it\/pitti-uomo-festeggia-30-anni-e-ferragamo-sfila-in-piazza-signoria\/#breadcrumb\",\"itemListElement\":[{\"@type\":\"ListItem\",\"position\":1,\"name\":\"Home\",\"item\":\"https:\/\/www.intoscana.it\/it\/\"},{\"@type\":\"ListItem\",\"position\":2,\"name\":\"Pitti Uomo festeggia 30 anni e Ferragamo sfila in Piazza Signoria\"}]},{\"@type\":\"WebSite\",\"@id\":\"https:\/\/www.intoscana.it\/it\/#website\",\"url\":\"https:\/\/www.intoscana.it\/it\/\",\"name\":\"intoscana\",\"description\":\"\",\"potentialAction\":[{\"@type\":\"SearchAction\",\"target\":{\"@type\":\"EntryPoint\",\"urlTemplate\":\"https:\/\/www.intoscana.it\/it\/?s={search_term_string}\"},\"query-input\":{\"@type\":\"PropertyValueSpecification\",\"valueRequired\":true,\"valueName\":\"search_term_string\"}}],\"inLanguage\":\"it-IT\"},{\"@type\":\"Person\",\"@id\":\"https:\/\/www.intoscana.it\/it\/#\/schema\/person\/9223810753230f20bd670fdd322661f8\",\"name\":\"Redazione\",\"url\":\"https:\/\/www.intoscana.it\/it\/author\/redazione\/\"}]}<\/script>\n<!-- \/ Yoast SEO Premium plugin. -->","yoast_head_json":{"title":"Pitti Uomo festeggia 30 anni e Ferragamo sfila in Piazza Signoria - intoscana","description":"Sar\u00e0 un'edizione speciale quella di Pitti Uomo in programma dall'11 al 14 giugno: tra gli eventi anche la sfilata di Ferragamo in piazza della Signoria.","robots":{"index":"index","follow":"follow","max-snippet":"max-snippet:-1","max-image-preview":"max-image-preview:large","max-video-preview":"max-video-preview:-1"},"canonical":"https:\/\/www.intoscana.it\/it\/pitti-uomo-festeggia-30-anni-e-ferragamo-sfila-in-piazza-signoria\/","og_locale":"it_IT","og_type":"article","og_title":"Pitti Uomo festeggia 30 anni e Ferragamo sfila in Piazza Signoria","og_description":"Sar\u00e0 un'edizione speciale quella di Pitti Uomo in programma dall'11 al 14 giugno: tra gli eventi anche la sfilata di Ferragamo in piazza della Signoria.","og_url":"https:\/\/www.intoscana.it\/it\/pitti-uomo-festeggia-30-anni-e-ferragamo-sfila-in-piazza-signoria\/","og_site_name":"intoscana","article_publisher":"https:\/\/www.facebook.com\/intoscana.it","article_published_time":"2019-05-08T10:14:21+00:00","article_modified_time":"2020-05-18T08:24:09+00:00","og_image":[{"width":527,"height":589,"url":"https:\/\/www.intoscana.it\/wp-content\/uploads\/schermata-2019-06-10-alle-12.21.33.jpg","type":"image\/jpeg"}],"author":"Redazione","twitter_card":"summary_large_image","twitter_creator":"@intoscana","twitter_site":"@intoscana","twitter_misc":{"Written by":"Redazione","Est. reading time":"2 minuti"},"schema":{"@context":"https:\/\/schema.org","@graph":[{"@type":"WebPage","@id":"https:\/\/www.intoscana.it\/it\/pitti-uomo-festeggia-30-anni-e-ferragamo-sfila-in-piazza-signoria\/","url":"https:\/\/www.intoscana.it\/it\/pitti-uomo-festeggia-30-anni-e-ferragamo-sfila-in-piazza-signoria\/","name":"Pitti Uomo festeggia 30 anni e Ferragamo sfila in Piazza Signoria - intoscana","isPartOf":{"@id":"https:\/\/www.intoscana.it\/it\/#website"},"primaryImageOfPage":{"@id":"https:\/\/www.intoscana.it\/it\/pitti-uomo-festeggia-30-anni-e-ferragamo-sfila-in-piazza-signoria\/#primaryimage"},"image":{"@id":"https:\/\/www.intoscana.it\/it\/pitti-uomo-festeggia-30-anni-e-ferragamo-sfila-in-piazza-signoria\/#primaryimage"},"thumbnailUrl":"https:\/\/www.intoscana.it\/wp-content\/uploads\/schermata-2019-06-10-alle-12.21.33.jpg","datePublished":"2019-05-08T10:14:21+00:00","dateModified":"2020-05-18T08:24:09+00:00","author":{"@id":"https:\/\/www.intoscana.it\/it\/#\/schema\/person\/9223810753230f20bd670fdd322661f8"},"description":"Sar\u00e0 un'edizione speciale quella di Pitti Uomo in programma dall'11 al 14 giugno: tra gli eventi anche la sfilata di Ferragamo in piazza della Signoria.","breadcrumb":{"@id":"https:\/\/www.intoscana.it\/it\/pitti-uomo-festeggia-30-anni-e-ferragamo-sfila-in-piazza-signoria\/#breadcrumb"},"inLanguage":"it-IT","potentialAction":[{"@type":"ReadAction","target":["https:\/\/www.intoscana.it\/it\/pitti-uomo-festeggia-30-anni-e-ferragamo-sfila-in-piazza-signoria\/"]}]},{"@type":"ImageObject","inLanguage":"it-IT","@id":"https:\/\/www.intoscana.it\/it\/pitti-uomo-festeggia-30-anni-e-ferragamo-sfila-in-piazza-signoria\/#primaryimage","url":"https:\/\/www.intoscana.it\/wp-content\/uploads\/schermata-2019-06-10-alle-12.21.33.jpg","contentUrl":"https:\/\/www.intoscana.it\/wp-content\/uploads\/schermata-2019-06-10-alle-12.21.33.jpg","width":527,"height":589},{"@type":"BreadcrumbList","@id":"https:\/\/www.intoscana.it\/it\/pitti-uomo-festeggia-30-anni-e-ferragamo-sfila-in-piazza-signoria\/#breadcrumb","itemListElement":[{"@type":"ListItem","position":1,"name":"Home","item":"https:\/\/www.intoscana.it\/it\/"},{"@type":"ListItem","position":2,"name":"Pitti Uomo festeggia 30 anni e Ferragamo sfila in Piazza Signoria"}]},{"@type":"WebSite","@id":"https:\/\/www.intoscana.it\/it\/#website","url":"https:\/\/www.intoscana.it\/it\/","name":"intoscana","description":"","potentialAction":[{"@type":"SearchAction","target":{"@type":"EntryPoint","urlTemplate":"https:\/\/www.intoscana.it\/it\/?s={search_term_string}"},"query-input":{"@type":"PropertyValueSpecification","valueRequired":true,"valueName":"search_term_string"}}],"inLanguage":"it-IT"},{"@type":"Person","@id":"https:\/\/www.intoscana.it\/it\/#\/schema\/person\/9223810753230f20bd670fdd322661f8","name":"Redazione","url":"https:\/\/www.intoscana.it\/it\/author\/redazione\/"}]}},"_links":{"self":[{"href":"https:\/\/www.intoscana.it\/it\/wp-json\/wp\/v2\/posts\/59074","targetHints":{"allow":["GET"]}}],"collection":[{"href":"https:\/\/www.intoscana.it\/it\/wp-json\/wp\/v2\/posts"}],"about":[{"href":"https:\/\/www.intoscana.it\/it\/wp-json\/wp\/v2\/types\/post"}],"author":[{"embeddable":true,"href":"https:\/\/www.intoscana.it\/it\/wp-json\/wp\/v2\/users\/525"}],"replies":[{"embeddable":true,"href":"https:\/\/www.intoscana.it\/it\/wp-json\/wp\/v2\/comments?post=59074"}],"version-history":[{"count":0,"href":"https:\/\/www.intoscana.it\/it\/wp-json\/wp\/v2\/posts\/59074\/revisions"}],"wp:featuredmedia":[{"embeddable":true,"href":"https:\/\/www.intoscana.it\/it\/wp-json\/wp\/v2\/media\/96598"}],"wp:attachment":[{"href":"https:\/\/www.intoscana.it\/it\/wp-json\/wp\/v2\/media?parent=59074"}],"wp:term":[{"taxonomy":"category","embeddable":true,"href":"https:\/\/www.intoscana.it\/it\/wp-json\/wp\/v2\/categories?post=59074"},{"taxonomy":"post_tag","embeddable":true,"href":"https:\/\/www.intoscana.it\/it\/wp-json\/wp\/v2\/tags?post=59074"}],"curies":[{"name":"wp","href":"https:\/\/api.w.org\/{rel}","templated":true}]}}