{"id":59522,"date":"2019-02-08T15:17:08","date_gmt":"2019-02-08T15:17:08","guid":{"rendered":"http:\/\/www.intoscana.it\/la-mafia-in-toscana-bugli-velocizzare-le-pratiche-lintervista\/"},"modified":"2020-05-18T10:13:08","modified_gmt":"2020-05-18T08:13:08","slug":"la-mafia-in-toscana-bugli-velocizzare-le-pratiche-lintervista","status":"publish","type":"post","link":"https:\/\/www.intoscana.it\/it\/la-mafia-in-toscana-bugli-velocizzare-le-pratiche-lintervista\/","title":{"rendered":"La mafia in Toscana, Bugli: &#8216;Velocizzare le pratiche&#8217;. L&#8217;intervista"},"content":{"rendered":"<p>&#8216;C\u2019\u00e8 stato un momento in cui con la modifica della legge nazionale si prefigur\u00f2 l\u2019ipotesi di vendere ai privati. Ci fu un ampio schieramento di istituzioni e cittadini contro questa evenienza. E la Regione ribad\u00ec la propria disponibilit\u00e0 a prendersi in carico la tenuta&#8217;.&nbsp;<strong>Vittorio Bugli, assessore regionale alla Presidenza e alla cultura della Legalit\u00e0,<\/strong> \u00e8 stato impegnato in prima linea per una gestione congiunta Regione-Comuni della tenuta di <strong>Suvignano<\/strong>, estesa propriet\u00e0 in provincia di Siena confiscata definitivamente alla mafia nel 2007 e considerata il simbolo della lotta alla criminalit\u00e0 organizzata in Toscana <a href=\"https:\/\/www.intoscana.it\/it\/articolo\/suvignano-la-vittoria-della-legalita-sulla-mafia-in-toscana\/\"><span style=\"text-decoration: underline;\"><em><strong>(LEGGI la storia della tenuta di Suvignano).<\/strong><\/em><\/span><\/a><\/p>\n<p>Insieme all\u2019assessore ripercorriamo tutte le tappe della vicenda di Suvignano, una vicenda che parte da lontano. &#8216;Una vicenda \u2013 afferma per\u00f2 l\u2019assessore &#8211; che si sarebbe anche potuta concludere positivamente prima di quanto non \u00e8 stato fatto&#8217;.<\/p>\n<p><strong>Assessore, cosa intende sostenendo che questo passaggio di propriet\u00e0 si sarebbe potuto concludere pi\u00f9 in fretta?<\/strong><\/p>\n<p>&#8216;Le procedure per riconsegnare i beni confiscati alla comunit\u00e0 sono ancora troppo lente, farraginose. L\u2019Agenzia nazionale per i beni confiscati (ANBSC) \u00e8 una struttura che si d\u00e0 molto da fare ma non ha sufficienti forze per accelerare l\u2019iter di assegnazione dei beni.&nbsp;A questo scopo noi <em>(la Regione Toscana, ndr<\/em>) abbiamo costituito un <strong>tavolo regionale<\/strong> con le Forze dell\u2019Ordine, Anci, i sindaci che di volta in volta sono coinvolti e le varie associazioni che si occupano di beni confiscati e legalit\u00e0, proprio allo scopo di unire le forze e avviare azioni per favorire le procedure di gestione dei beni confiscati, mediando con i Comuni, semplificando le pratiche burocratiche, ecc.. &#8216;.<\/p>\n<p><strong>E quali risultati avete ottenuto?<\/strong><\/p>\n<p>&#8216;Una Conferenza dei Servizi indetta dalla Prefettura e dall\u2019Agenzia nazionale per i beni confiscati che ha consentito di assegnare oltre alla tenuta di Suvignano anche <strong>33 immobili confiscati alla mafia per farne case popolari<\/strong>. \u00c8 stato sicuramente un passo avanti importante. Resta vero, tuttavia, che <strong>i beni confiscati in Toscana sono molti, circa 300<\/strong>. \u00c8 fondamentale velocizzare le pratiche per trovare loro una nuova destinazione: dobbiamo fare in modo che i beni confiscati alla mafia siano utilizzati per fini coerenti con quelli della legalit\u00e0 e che la loro gestione sia sostenibile anche da un punto di vista economico. Per questo la Regione Toscana mette a disposizione anche proprie risorse&#8217;.<\/p>\n<p><strong>Ecco parliamo di risorse. Per Suvignano sono stati stanziati 800 mila euro, avete messo a bilancio finanziamenti anche per gli altri beni confiscati?<\/strong><\/p>\n<p>&#8216;Per i 33 immobili divenuti case popolari non ce n\u2019\u00e8 stato bisogno perch\u00e9 erano in buone condizioni ma nell\u2019ultima Legge di Bilancio abbiamo stanziato <strong>un milione di euro<\/strong>: quest\u2019anno 800 mila euro sono stati destinati a Suvignano, i restanti 200 mila saranno assegnati tramite bando o manifestazione d\u2019interesse a beneficio di Comuni o Enti che, dovendo gestire il bene, hanno bisogno di una mano, ad esempio, per interventi di ristrutturazione. Il contributo di natura economica che la Regione mette a disposizione \u00e8 soprattutto un\u2019<strong>azione strategica<\/strong> perch\u00e9, a volte, gli Enti non si propongono per occuparsi dei beni per via delle spese che dovranno sostenere&#8217;.<\/p>\n<p><strong>Quindi quando potranno essere assegnati i restanti beni confiscati?<\/strong><\/p>\n<p>&#8216;Non dipende soltanto da noi, molto dall\u2019agenzia nazionale. Da parte della Regione c\u2019\u00e8 piena disponibilit\u00e0 a dare una mano, anche per valutare la possibilit\u00e0 di assegnarli anche in via temporanea in attesa di concludere l\u2019iter necessario o in attesa della sentenza di confisca definitiva. Ovviamente \u00e8 un\u2019ipotesi che deve essere approfondita&#8217;.<\/p>\n<p><strong>A suo avviso in che modo si potrebbe rendere pi\u00f9 snello l\u2019iter per l\u2019assegnazione degli immobili che prima erano nelle mani della mafia?<\/strong><\/p>\n<p>&#8216;Quando si parla di iter procedurale si parla di sentenze, di adempimenti burocratici, di professionisti che devono valutare il bene immobile o la propriet\u00e0, ecc. Le forze dell\u2019Agenzia nazionale sono limitate e la legislazione per i beni confiscati \u00e8 molto particolare. \u00c8 fondamentale <strong>far crescere professionisti<\/strong>, anche a livello locale, in grado di seguire tutto il processo, serve quindi una <strong>formazione<\/strong> ad hoc per le figure professionali coinvolte nei vari passaggi: soggetti che lavorano nelle istituzioni, avvocati, commercialisti, ecc. Allo stesso modo \u00e8 importante anche formare professionisti della pubblica amministrazione in grado di intercettare eventuali infiltrazioni mafiose, di individuare i campanelli d\u2019allarme dell\u2019illegalit\u00e0, nelle gare pubbliche, negli appalti, ecc&#8217;.<\/p>\n<p><strong>A tal proposito, quanto \u00e8 infiltrata la mafia in Toscana?<\/strong><\/p>\n<p>&#8216;La Toscana \u00e8 diventata una delle Regioni dove agiscono vari clan (<strong>78 in totale<\/strong>) come \u00e8 emerso nel rapporto che da due anni commissioniamo all\u2019<strong>Universit\u00e0 Normale di Pisa<\/strong> sulla presenza della criminalit\u00e0 organizzata sul territorio regionale. Abbiamo anche mappato tutti i beni presenti sul territorio. Lo studio del fenomeno \u00e8 fondamentale e deve affiancarsi al lavoro delle Forze dell\u2019Ordine per aumentare la sensibilit\u00e0 di tutto il sistema istituzionale sul tema della criminalit\u00e0 organizzata che ha cambiato volto ma continua ad essere presente&#8217;.<\/p>\n<p><strong>Possiamo fare un esempio concreto?<\/strong><\/p>\n<p>&#8216;Penso al maxi sequestro di qualche giorno fa eseguito dalla <strong>Guardia di Finanza di Livorno<\/strong> di quasi <strong>600 kg di cocaina<\/strong> in transito dal porto e proveniente dal Centro America. Nel rapporto avevamo gi\u00e0 segnalato il fenomeno in crescita dei transiti illeciti dal porto di Livorno.&nbsp;\u00c8 importante che la lotta alla criminalit\u00e0 organizzata sia al centro del dibattito pubblico. Non \u00e8 solo una questione politica ma anche culturale perch\u00e9 \u2013 e dal rapporto emerge chiaramente \u2013 spesso fanno pi\u00f9 male alle mafie le lezioni a scuola che un\u2019inchiesta. Ci\u00f2 non toglie la necessit\u00e0 di portare avanti azioni concrete come appunto dotare la pubblica amministrazione di strumenti e competenze per individuare \u2013 prima e meglio &#8211; la presenza della criminalit\u00e0. E qui torniamo al tema della formazione. La Regione Toscana ha dato la propria disponibilit\u00e0 anche per avviare Master o corsi a questo scopo&#8217;.<\/p>\n<p><strong>Concludendo?<\/strong><\/p>\n<p>&#8216;Il lavoro da fare \u00e8 molto, ma dobbiamo fare in modo che non prenda il sopravvento l\u2019indifferenza&#8217;.<\/p>\n","protected":false},"excerpt":{"rendered":"<p>Da Suvignano, emblema della lotta alla criminalit\u00e0&nbsp; agli altri beni confiscati alla mafia. Il punto con l&#8217;assessore regionale alla Cultura della Legalit\u00e0<\/p>\n","protected":false},"author":503,"featured_media":96960,"comment_status":"open","ping_status":"open","sticky":false,"template":"","format":"standard","meta":{"_acf_changed":false,"footnotes":""},"categories":[494,7],"tags":[],"class_list":["post-59522","post","type-post","status-publish","format-standard","has-post-thumbnail","hentry","category-attualita","category-societa"],"acf":[],"yoast_head":"<!-- This site is optimized with the Yoast SEO Premium plugin v24.2 (Yoast SEO v25.6) - https:\/\/yoast.com\/wordpress\/plugins\/seo\/ -->\n<title>La mafia in Toscana, Bugli: &#039;Velocizzare le pratiche&#039;. L&#039;intervista - intoscana<\/title>\n<meta name=\"description\" content=\"Da Suvignano, emblema della lotta alla criminalit\u00e0 organizzata, agli altri beni confiscati alla mafia. Il punto con l&#039;assessore Bugli\" \/>\n<meta name=\"robots\" content=\"index, follow, max-snippet:-1, max-image-preview:large, max-video-preview:-1\" \/>\n<link rel=\"canonical\" href=\"https:\/\/www.intoscana.it\/it\/la-mafia-in-toscana-bugli-velocizzare-le-pratiche-lintervista\/\" \/>\n<meta property=\"og:locale\" content=\"it_IT\" \/>\n<meta property=\"og:type\" content=\"article\" \/>\n<meta property=\"og:title\" content=\"La mafia in Toscana, Bugli: &#039;Velocizzare le pratiche&#039;. L&#039;intervista\" \/>\n<meta property=\"og:description\" content=\"Da Suvignano, emblema della lotta alla criminalit\u00e0 organizzata, agli altri beni confiscati alla mafia. Il punto con l&#039;assessore Bugli\" \/>\n<meta property=\"og:url\" content=\"https:\/\/www.intoscana.it\/it\/la-mafia-in-toscana-bugli-velocizzare-le-pratiche-lintervista\/\" \/>\n<meta property=\"og:site_name\" content=\"intoscana\" \/>\n<meta property=\"article:publisher\" content=\"https:\/\/www.facebook.com\/intoscana.it\" \/>\n<meta property=\"article:published_time\" content=\"2019-02-08T15:17:08+00:00\" \/>\n<meta property=\"article:modified_time\" content=\"2020-05-18T08:13:08+00:00\" \/>\n<meta property=\"og:image\" content=\"https:\/\/www.intoscana.it\/wp-content\/uploads\/accoglienza-migranti4-1.jpg\" \/>\n\t<meta property=\"og:image:width\" content=\"2000\" \/>\n\t<meta property=\"og:image:height\" content=\"1329\" \/>\n\t<meta property=\"og:image:type\" content=\"image\/jpeg\" \/>\n<meta name=\"author\" content=\"Giulia Rafanelli\" \/>\n<meta name=\"twitter:card\" content=\"summary_large_image\" \/>\n<meta name=\"twitter:creator\" content=\"@intoscana\" \/>\n<meta name=\"twitter:site\" content=\"@intoscana\" \/>\n<meta name=\"twitter:label1\" content=\"Written by\" \/>\n\t<meta name=\"twitter:data1\" content=\"Giulia Rafanelli\" \/>\n\t<meta name=\"twitter:label2\" content=\"Est. reading time\" \/>\n\t<meta name=\"twitter:data2\" content=\"5 minuti\" \/>\n<script type=\"application\/ld+json\" class=\"yoast-schema-graph\">{\"@context\":\"https:\/\/schema.org\",\"@graph\":[{\"@type\":\"WebPage\",\"@id\":\"https:\/\/www.intoscana.it\/it\/la-mafia-in-toscana-bugli-velocizzare-le-pratiche-lintervista\/\",\"url\":\"https:\/\/www.intoscana.it\/it\/la-mafia-in-toscana-bugli-velocizzare-le-pratiche-lintervista\/\",\"name\":\"La mafia in Toscana, Bugli: 'Velocizzare le pratiche'. L'intervista - intoscana\",\"isPartOf\":{\"@id\":\"https:\/\/www.intoscana.it\/it\/#website\"},\"primaryImageOfPage\":{\"@id\":\"https:\/\/www.intoscana.it\/it\/la-mafia-in-toscana-bugli-velocizzare-le-pratiche-lintervista\/#primaryimage\"},\"image\":{\"@id\":\"https:\/\/www.intoscana.it\/it\/la-mafia-in-toscana-bugli-velocizzare-le-pratiche-lintervista\/#primaryimage\"},\"thumbnailUrl\":\"https:\/\/www.intoscana.it\/wp-content\/uploads\/accoglienza-migranti4-1.jpg\",\"datePublished\":\"2019-02-08T15:17:08+00:00\",\"dateModified\":\"2020-05-18T08:13:08+00:00\",\"author\":{\"@id\":\"https:\/\/www.intoscana.it\/it\/#\/schema\/person\/333569b367b301e30262defcea56c939\"},\"description\":\"Da Suvignano, emblema della lotta alla criminalit\u00e0 organizzata, agli altri beni confiscati alla mafia. Il punto con l'assessore Bugli\",\"breadcrumb\":{\"@id\":\"https:\/\/www.intoscana.it\/it\/la-mafia-in-toscana-bugli-velocizzare-le-pratiche-lintervista\/#breadcrumb\"},\"inLanguage\":\"it-IT\",\"potentialAction\":[{\"@type\":\"ReadAction\",\"target\":[\"https:\/\/www.intoscana.it\/it\/la-mafia-in-toscana-bugli-velocizzare-le-pratiche-lintervista\/\"]}]},{\"@type\":\"ImageObject\",\"inLanguage\":\"it-IT\",\"@id\":\"https:\/\/www.intoscana.it\/it\/la-mafia-in-toscana-bugli-velocizzare-le-pratiche-lintervista\/#primaryimage\",\"url\":\"https:\/\/www.intoscana.it\/wp-content\/uploads\/accoglienza-migranti4-1.jpg\",\"contentUrl\":\"https:\/\/www.intoscana.it\/wp-content\/uploads\/accoglienza-migranti4-1.jpg\",\"width\":2000,\"height\":1329},{\"@type\":\"BreadcrumbList\",\"@id\":\"https:\/\/www.intoscana.it\/it\/la-mafia-in-toscana-bugli-velocizzare-le-pratiche-lintervista\/#breadcrumb\",\"itemListElement\":[{\"@type\":\"ListItem\",\"position\":1,\"name\":\"Home\",\"item\":\"https:\/\/www.intoscana.it\/it\/\"},{\"@type\":\"ListItem\",\"position\":2,\"name\":\"La mafia in Toscana, Bugli: &#8216;Velocizzare le pratiche&#8217;. L&#8217;intervista\"}]},{\"@type\":\"WebSite\",\"@id\":\"https:\/\/www.intoscana.it\/it\/#website\",\"url\":\"https:\/\/www.intoscana.it\/it\/\",\"name\":\"intoscana\",\"description\":\"\",\"potentialAction\":[{\"@type\":\"SearchAction\",\"target\":{\"@type\":\"EntryPoint\",\"urlTemplate\":\"https:\/\/www.intoscana.it\/it\/?s={search_term_string}\"},\"query-input\":{\"@type\":\"PropertyValueSpecification\",\"valueRequired\":true,\"valueName\":\"search_term_string\"}}],\"inLanguage\":\"it-IT\"},{\"@type\":\"Person\",\"@id\":\"https:\/\/www.intoscana.it\/it\/#\/schema\/person\/333569b367b301e30262defcea56c939\",\"name\":\"Giulia Rafanelli\",\"url\":\"https:\/\/www.intoscana.it\/it\/author\/giulia-rafanelli\/\"}]}<\/script>\n<!-- \/ Yoast SEO Premium plugin. -->","yoast_head_json":{"title":"La mafia in Toscana, Bugli: 'Velocizzare le pratiche'. L'intervista - intoscana","description":"Da Suvignano, emblema della lotta alla criminalit\u00e0 organizzata, agli altri beni confiscati alla mafia. Il punto con l'assessore Bugli","robots":{"index":"index","follow":"follow","max-snippet":"max-snippet:-1","max-image-preview":"max-image-preview:large","max-video-preview":"max-video-preview:-1"},"canonical":"https:\/\/www.intoscana.it\/it\/la-mafia-in-toscana-bugli-velocizzare-le-pratiche-lintervista\/","og_locale":"it_IT","og_type":"article","og_title":"La mafia in Toscana, Bugli: 'Velocizzare le pratiche'. L'intervista","og_description":"Da Suvignano, emblema della lotta alla criminalit\u00e0 organizzata, agli altri beni confiscati alla mafia. Il punto con l'assessore Bugli","og_url":"https:\/\/www.intoscana.it\/it\/la-mafia-in-toscana-bugli-velocizzare-le-pratiche-lintervista\/","og_site_name":"intoscana","article_publisher":"https:\/\/www.facebook.com\/intoscana.it","article_published_time":"2019-02-08T15:17:08+00:00","article_modified_time":"2020-05-18T08:13:08+00:00","og_image":[{"width":2000,"height":1329,"url":"https:\/\/www.intoscana.it\/wp-content\/uploads\/accoglienza-migranti4-1.jpg","type":"image\/jpeg"}],"author":"Giulia Rafanelli","twitter_card":"summary_large_image","twitter_creator":"@intoscana","twitter_site":"@intoscana","twitter_misc":{"Written by":"Giulia Rafanelli","Est. reading time":"5 minuti"},"schema":{"@context":"https:\/\/schema.org","@graph":[{"@type":"WebPage","@id":"https:\/\/www.intoscana.it\/it\/la-mafia-in-toscana-bugli-velocizzare-le-pratiche-lintervista\/","url":"https:\/\/www.intoscana.it\/it\/la-mafia-in-toscana-bugli-velocizzare-le-pratiche-lintervista\/","name":"La mafia in Toscana, Bugli: 'Velocizzare le pratiche'. L'intervista - intoscana","isPartOf":{"@id":"https:\/\/www.intoscana.it\/it\/#website"},"primaryImageOfPage":{"@id":"https:\/\/www.intoscana.it\/it\/la-mafia-in-toscana-bugli-velocizzare-le-pratiche-lintervista\/#primaryimage"},"image":{"@id":"https:\/\/www.intoscana.it\/it\/la-mafia-in-toscana-bugli-velocizzare-le-pratiche-lintervista\/#primaryimage"},"thumbnailUrl":"https:\/\/www.intoscana.it\/wp-content\/uploads\/accoglienza-migranti4-1.jpg","datePublished":"2019-02-08T15:17:08+00:00","dateModified":"2020-05-18T08:13:08+00:00","author":{"@id":"https:\/\/www.intoscana.it\/it\/#\/schema\/person\/333569b367b301e30262defcea56c939"},"description":"Da Suvignano, emblema della lotta alla criminalit\u00e0 organizzata, agli altri beni confiscati alla mafia. Il punto con l'assessore Bugli","breadcrumb":{"@id":"https:\/\/www.intoscana.it\/it\/la-mafia-in-toscana-bugli-velocizzare-le-pratiche-lintervista\/#breadcrumb"},"inLanguage":"it-IT","potentialAction":[{"@type":"ReadAction","target":["https:\/\/www.intoscana.it\/it\/la-mafia-in-toscana-bugli-velocizzare-le-pratiche-lintervista\/"]}]},{"@type":"ImageObject","inLanguage":"it-IT","@id":"https:\/\/www.intoscana.it\/it\/la-mafia-in-toscana-bugli-velocizzare-le-pratiche-lintervista\/#primaryimage","url":"https:\/\/www.intoscana.it\/wp-content\/uploads\/accoglienza-migranti4-1.jpg","contentUrl":"https:\/\/www.intoscana.it\/wp-content\/uploads\/accoglienza-migranti4-1.jpg","width":2000,"height":1329},{"@type":"BreadcrumbList","@id":"https:\/\/www.intoscana.it\/it\/la-mafia-in-toscana-bugli-velocizzare-le-pratiche-lintervista\/#breadcrumb","itemListElement":[{"@type":"ListItem","position":1,"name":"Home","item":"https:\/\/www.intoscana.it\/it\/"},{"@type":"ListItem","position":2,"name":"La mafia in Toscana, Bugli: &#8216;Velocizzare le pratiche&#8217;. L&#8217;intervista"}]},{"@type":"WebSite","@id":"https:\/\/www.intoscana.it\/it\/#website","url":"https:\/\/www.intoscana.it\/it\/","name":"intoscana","description":"","potentialAction":[{"@type":"SearchAction","target":{"@type":"EntryPoint","urlTemplate":"https:\/\/www.intoscana.it\/it\/?s={search_term_string}"},"query-input":{"@type":"PropertyValueSpecification","valueRequired":true,"valueName":"search_term_string"}}],"inLanguage":"it-IT"},{"@type":"Person","@id":"https:\/\/www.intoscana.it\/it\/#\/schema\/person\/333569b367b301e30262defcea56c939","name":"Giulia Rafanelli","url":"https:\/\/www.intoscana.it\/it\/author\/giulia-rafanelli\/"}]}},"_links":{"self":[{"href":"https:\/\/www.intoscana.it\/it\/wp-json\/wp\/v2\/posts\/59522","targetHints":{"allow":["GET"]}}],"collection":[{"href":"https:\/\/www.intoscana.it\/it\/wp-json\/wp\/v2\/posts"}],"about":[{"href":"https:\/\/www.intoscana.it\/it\/wp-json\/wp\/v2\/types\/post"}],"author":[{"embeddable":true,"href":"https:\/\/www.intoscana.it\/it\/wp-json\/wp\/v2\/users\/503"}],"replies":[{"embeddable":true,"href":"https:\/\/www.intoscana.it\/it\/wp-json\/wp\/v2\/comments?post=59522"}],"version-history":[{"count":0,"href":"https:\/\/www.intoscana.it\/it\/wp-json\/wp\/v2\/posts\/59522\/revisions"}],"wp:featuredmedia":[{"embeddable":true,"href":"https:\/\/www.intoscana.it\/it\/wp-json\/wp\/v2\/media\/96960"}],"wp:attachment":[{"href":"https:\/\/www.intoscana.it\/it\/wp-json\/wp\/v2\/media?parent=59522"}],"wp:term":[{"taxonomy":"category","embeddable":true,"href":"https:\/\/www.intoscana.it\/it\/wp-json\/wp\/v2\/categories?post=59522"},{"taxonomy":"post_tag","embeddable":true,"href":"https:\/\/www.intoscana.it\/it\/wp-json\/wp\/v2\/tags?post=59522"}],"curies":[{"name":"wp","href":"https:\/\/api.w.org\/{rel}","templated":true}]}}