{"id":59523,"date":"2019-02-07T18:54:56","date_gmt":"2019-02-07T18:54:56","guid":{"rendered":"http:\/\/www.intoscana.it\/febbraio-2019-per-la-tenuta-di-suvignano-una-data-da-ricordare\/"},"modified":"2020-05-18T10:13:08","modified_gmt":"2020-05-18T08:13:08","slug":"febbraio-2019-per-la-tenuta-di-suvignano-una-data-da-ricordare","status":"publish","type":"post","link":"https:\/\/www.intoscana.it\/it\/febbraio-2019-per-la-tenuta-di-suvignano-una-data-da-ricordare\/","title":{"rendered":"Febbraio 2019: per la tenuta di Suvignano una data da ricordare"},"content":{"rendered":"<p>Seduti al tavolo della conferenza stampa ci sono l\u2019assessore alla Presidenza della Regione Toscana, <strong>Vittorio Bugli<\/strong>, il direttore dell&#8217;Ente terre regionali della Toscana, <strong>Claudio Del Re,<\/strong> il direttore dell\u2019Agenzia per i Beni confiscati, il prefetto <strong>Bruno Frattasi<\/strong> e il Ministro degli Interni, <strong>Matteo Salvini<\/strong>. Dietro, un po\u2019in disparte, si intravedono le fasce tricolore dei sindaci di Monteroni d\u2019Arbia e Murlo, <strong>Gabriele Berni<\/strong> e <strong>Fabiola Parenti<\/strong>.<\/p>\n<p>C\u2019\u00e8 la stampa delle grandi occasioni ed effettivamente l\u2019occasione lo richiede.<\/p>\n<p>Siamo a <strong>Suvignano<\/strong>, <strong>nella tenuta di Suvignano<\/strong>: 713 ettari di terreno che ospitano una chiesetta, una colonica da ristrutturare, una struttura ricettiva, oltre 13 immobili, un\u2019attivit\u00e0 agricola di cinta senese, cavalli e anche asini di specie rara.<\/p>\n<p>Questo \u00e8 ci\u00f2 che \u00e8 diventata <strong>oggi<\/strong> la tenuta. <strong>Ieri<\/strong> questo bellissimo patrimonio era finito nelle mani della criminalit\u00e0 organizzata, <strong>criminalit\u00e0 organizzata<\/strong> che aveva il volto di Vincenzo Piazza, imprenditore edile invischiato con Cosa Nostra (<span style=\"text-decoration: underline;\"><strong><a href=\"https:\/\/www.intoscana.it\/it\/articolo\/suvignano-la-vittoria-della-legalita-sulla-mafia-in-toscana\/\">LEGGI <\/a><em>la storia della Tenuta di Suvignano, da Falcone ad oggi<\/em><\/strong><\/span>).<\/p>\n<p>La conferenza stampa \u00e8 stata indetta perch\u00e9 in una splendida giornata di inizio febbraio Suvignano, emblema dell\u2019antimafia in Toscana, <strong>\u00e8 tornata ad essere, ufficialmente, un bene della collettivit\u00e0 e per la collettivit\u00e0<\/strong>.<\/p>\n<p>Con una <strong>firma<\/strong> che non \u00e8 solo simbolica, Regione, ANBSC e Governo hanno formalizzato il passaggio di propriet\u00e0 della Tenuta ad Ente Terre Regionali che la gestir\u00e0 per farne un ambiente produttivo-ricettivo con un occhio di riguardo all\u2019educazione alla legalit\u00e0.<\/p>\n<p><strong>LA CONFERENZA STAMPA<\/strong>. Il primo a prendere la parola \u00e8 il <strong>prefetto Frattasi<\/strong> che ringrazia e chiama subito in causa il <strong>Ministro Salvini<\/strong> che, a sua volta, elogia l\u2019operato condotto dalla Regione e dagli Enti che da oltre 20 anni hanno avviato azioni politiche, hanno portato il caso Suvignano nelle stanze che contano anche oltre i confini regionali, e si sono mossi con cautela e attenzione <em>\u2013 verrebbe da dire come una \u201cpiovra\u201d\u2013<\/em> affinch\u00e9 Suvignano trovasse una destinazione d\u2019uso adeguata che ne facesse un esempio della lotta alla mafia. Salvini chiama anche in causa i sindaci di Monteroni e Murlo che saranno protagonisti di quello che per il capo del Viminale ha tutte le carte in regola per diventare un punto di riferimento nazionale ed europeo: per la vastit\u00e0 dell\u2019area della Tenuta, per il modello virtuoso di gestione agricola fin qui adottato che ha permesso di riportare in pari il bilancio e guardare al domani in ottica di profitto ma anche per la bellezza della struttura: \u201c<strong>un unicum con pochi eguali in Europa<\/strong>\u201d.<\/p>\n<p>\u201c\u00c8 un atto simbolicamente forte poter ridare questa struttura nelle mani della comunit\u00e0 toscana e dei sindaci dei Comuni coinvolti\u201d- commenta l\u2019assessore alla Presidenza e alla cultura della legalit\u00e0, <strong>Vittorio Bugli<\/strong>. Bugli \u00e8 sobrio nel suo intervento, resta con i piedi per terra e pensa al lavoro che ancora spetta alle istituzioni nella gestione della Tenuta non solo perch\u00e9 i conti continuino ad essere positivi ma perch\u00e9 essa diventi anche un luogo deputato all\u2019educazione alla legalit\u00e0.<\/p>\n<p>\u201cUndici anni per assegnare la Tenuta sono tanti, \u00e8 fondamentale accelerare l\u2019iter formando professionisti e snellendo le procedure\u201d \u2013 afferma Bugli in seguito <a href=\"https:\/\/www.intoscana.it\/it\/articolo\/la-mafia-in-toscana-bugli-velocizzare-le-pratiche.-lintervista\/\"><span style=\"text-decoration: underline;\"><em><strong>(LEGGI l\u2019intervista all\u2019assessore Bugli sui beni confiscati alla mafia in Toscana<\/strong><\/em><\/span>).<\/a><\/p>\n<p>Suvignano \u00e8 un successo ma c\u2019\u00e8 ancora molto da fare, ci sono <strong>altre battaglie da combattere<\/strong>.<\/p>\n<p>Battaglie legali (sono oltre 300, ad esempio, i beni confiscati alle mafie in Toscana di cui soltanto Suvignano e 33 immobili oggi messi a disposizione dell\u2019edilizia popolare sono tornati a servizio della collettivit\u00e0 tramite la loro assegnazione) ma anche culturali. \u201cIntanto \u2013 ha poi ripreso Bugli in chiusura di conferenza stampa \u2013 la Regione ha gi\u00e0 messo le risorse a disposizione (<em>800 mila euro, ndr<\/em>) sia per la valorizzazione che per la gestione della Tenuta. Con i sindaci abbiamo firmato un protocollo per prendere insieme sia le decisioni che riguardano la valorizzazione del luogo che quelle dell\u2019antimafia\u201d.<\/p>\n<p>In questo racconto di voci del giorno della cerimonia di Suvignano ne mancano due: sono quelle dei sindaci di Monteroni d\u2019Arbia e di Murlo.<\/p>\n<p><strong>Le abbiamo raccolte per voi in questo video.<\/strong>&nbsp;<\/p>\n<p><iframe loading=\"lazy\" src=\"https:\/\/www.youtube.com\/embed\/oVeKK1msUAQ\" width=\"560\" height=\"315\" frameborder=\"0\" allowfullscreen=\"allowfullscreen\"><\/iframe><\/p>\n<p><span style=\"text-decoration: underline;\"><strong>GUARDA il <a href=\"https:\/\/www.intoscana.it\/it\/dettaglio-video\/mafia-in-toscana-il-ministro-salvini-suvignano-modello-nazionale\/\">VIDEO-RACCONTO<\/a> della giornata con le interviste al Ministro Salvini, all\u2019assessore Bugli e al direttore dell&#8217;Ente terre regionali della Toscana, Claudio Del Re.<\/strong><\/span><\/p>\n","protected":false},"excerpt":{"rendered":"<p>Presente anche il Ministro Salvini per siglare la nuova vita della propriet\u00e0 un tempo nelle mani della criminalit\u00e0 organizzata<\/p>\n","protected":false},"author":503,"featured_media":96961,"comment_status":"open","ping_status":"open","sticky":false,"template":"","format":"standard","meta":{"_acf_changed":false,"footnotes":""},"categories":[494,7],"tags":[],"class_list":["post-59523","post","type-post","status-publish","format-standard","has-post-thumbnail","hentry","category-attualita","category-societa"],"acf":[],"yoast_head":"<!-- This site is optimized with the Yoast SEO Premium plugin v24.2 (Yoast SEO v25.6) - https:\/\/yoast.com\/wordpress\/plugins\/seo\/ -->\n<title>Febbraio 2019: per la tenuta di Suvignano una data da ricordare - intoscana<\/title>\n<meta name=\"description\" content=\"Suvignano, presente anche Salvini allo storico passaggio della propriet\u00e0 un tempo in odore di mafia\" \/>\n<meta name=\"robots\" content=\"index, follow, max-snippet:-1, max-image-preview:large, max-video-preview:-1\" \/>\n<link rel=\"canonical\" href=\"https:\/\/www.intoscana.it\/it\/febbraio-2019-per-la-tenuta-di-suvignano-una-data-da-ricordare\/\" \/>\n<meta property=\"og:locale\" content=\"it_IT\" \/>\n<meta property=\"og:type\" content=\"article\" \/>\n<meta property=\"og:title\" content=\"Febbraio 2019: per la tenuta di Suvignano una data da ricordare\" \/>\n<meta property=\"og:description\" content=\"Suvignano, presente anche Salvini allo storico passaggio della propriet\u00e0 un tempo in odore di mafia\" \/>\n<meta property=\"og:url\" content=\"https:\/\/www.intoscana.it\/it\/febbraio-2019-per-la-tenuta-di-suvignano-una-data-da-ricordare\/\" \/>\n<meta property=\"og:site_name\" content=\"intoscana\" \/>\n<meta property=\"article:publisher\" content=\"https:\/\/www.facebook.com\/intoscana.it\" \/>\n<meta property=\"article:published_time\" content=\"2019-02-07T18:54:56+00:00\" \/>\n<meta property=\"article:modified_time\" content=\"2020-05-18T08:13:08+00:00\" \/>\n<meta property=\"og:image\" content=\"https:\/\/www.intoscana.it\/wp-content\/uploads\/img_6215.jpg\" \/>\n\t<meta property=\"og:image:width\" content=\"2000\" \/>\n\t<meta property=\"og:image:height\" content=\"1500\" \/>\n\t<meta property=\"og:image:type\" content=\"image\/jpeg\" \/>\n<meta name=\"author\" content=\"Giulia Rafanelli\" \/>\n<meta name=\"twitter:card\" content=\"summary_large_image\" \/>\n<meta name=\"twitter:creator\" content=\"@intoscana\" \/>\n<meta name=\"twitter:site\" content=\"@intoscana\" \/>\n<meta name=\"twitter:label1\" content=\"Written by\" \/>\n\t<meta name=\"twitter:data1\" content=\"Giulia Rafanelli\" \/>\n\t<meta name=\"twitter:label2\" content=\"Est. reading time\" \/>\n\t<meta name=\"twitter:data2\" content=\"3 minuti\" \/>\n<script type=\"application\/ld+json\" class=\"yoast-schema-graph\">{\"@context\":\"https:\/\/schema.org\",\"@graph\":[{\"@type\":\"WebPage\",\"@id\":\"https:\/\/www.intoscana.it\/it\/febbraio-2019-per-la-tenuta-di-suvignano-una-data-da-ricordare\/\",\"url\":\"https:\/\/www.intoscana.it\/it\/febbraio-2019-per-la-tenuta-di-suvignano-una-data-da-ricordare\/\",\"name\":\"Febbraio 2019: per la tenuta di Suvignano una data da ricordare - intoscana\",\"isPartOf\":{\"@id\":\"https:\/\/www.intoscana.it\/it\/#website\"},\"primaryImageOfPage\":{\"@id\":\"https:\/\/www.intoscana.it\/it\/febbraio-2019-per-la-tenuta-di-suvignano-una-data-da-ricordare\/#primaryimage\"},\"image\":{\"@id\":\"https:\/\/www.intoscana.it\/it\/febbraio-2019-per-la-tenuta-di-suvignano-una-data-da-ricordare\/#primaryimage\"},\"thumbnailUrl\":\"https:\/\/www.intoscana.it\/wp-content\/uploads\/img_6215.jpg\",\"datePublished\":\"2019-02-07T18:54:56+00:00\",\"dateModified\":\"2020-05-18T08:13:08+00:00\",\"author\":{\"@id\":\"https:\/\/www.intoscana.it\/it\/#\/schema\/person\/333569b367b301e30262defcea56c939\"},\"description\":\"Suvignano, presente anche Salvini allo storico passaggio della propriet\u00e0 un tempo in odore di mafia\",\"breadcrumb\":{\"@id\":\"https:\/\/www.intoscana.it\/it\/febbraio-2019-per-la-tenuta-di-suvignano-una-data-da-ricordare\/#breadcrumb\"},\"inLanguage\":\"it-IT\",\"potentialAction\":[{\"@type\":\"ReadAction\",\"target\":[\"https:\/\/www.intoscana.it\/it\/febbraio-2019-per-la-tenuta-di-suvignano-una-data-da-ricordare\/\"]}]},{\"@type\":\"ImageObject\",\"inLanguage\":\"it-IT\",\"@id\":\"https:\/\/www.intoscana.it\/it\/febbraio-2019-per-la-tenuta-di-suvignano-una-data-da-ricordare\/#primaryimage\",\"url\":\"https:\/\/www.intoscana.it\/wp-content\/uploads\/img_6215.jpg\",\"contentUrl\":\"https:\/\/www.intoscana.it\/wp-content\/uploads\/img_6215.jpg\",\"width\":2000,\"height\":1500},{\"@type\":\"BreadcrumbList\",\"@id\":\"https:\/\/www.intoscana.it\/it\/febbraio-2019-per-la-tenuta-di-suvignano-una-data-da-ricordare\/#breadcrumb\",\"itemListElement\":[{\"@type\":\"ListItem\",\"position\":1,\"name\":\"Home\",\"item\":\"https:\/\/www.intoscana.it\/it\/\"},{\"@type\":\"ListItem\",\"position\":2,\"name\":\"Febbraio 2019: per la tenuta di Suvignano una data da ricordare\"}]},{\"@type\":\"WebSite\",\"@id\":\"https:\/\/www.intoscana.it\/it\/#website\",\"url\":\"https:\/\/www.intoscana.it\/it\/\",\"name\":\"intoscana\",\"description\":\"\",\"potentialAction\":[{\"@type\":\"SearchAction\",\"target\":{\"@type\":\"EntryPoint\",\"urlTemplate\":\"https:\/\/www.intoscana.it\/it\/?s={search_term_string}\"},\"query-input\":{\"@type\":\"PropertyValueSpecification\",\"valueRequired\":true,\"valueName\":\"search_term_string\"}}],\"inLanguage\":\"it-IT\"},{\"@type\":\"Person\",\"@id\":\"https:\/\/www.intoscana.it\/it\/#\/schema\/person\/333569b367b301e30262defcea56c939\",\"name\":\"Giulia Rafanelli\",\"url\":\"https:\/\/www.intoscana.it\/it\/author\/giulia-rafanelli\/\"}]}<\/script>\n<!-- \/ Yoast SEO Premium plugin. -->","yoast_head_json":{"title":"Febbraio 2019: per la tenuta di Suvignano una data da ricordare - intoscana","description":"Suvignano, presente anche Salvini allo storico passaggio della propriet\u00e0 un tempo in odore di mafia","robots":{"index":"index","follow":"follow","max-snippet":"max-snippet:-1","max-image-preview":"max-image-preview:large","max-video-preview":"max-video-preview:-1"},"canonical":"https:\/\/www.intoscana.it\/it\/febbraio-2019-per-la-tenuta-di-suvignano-una-data-da-ricordare\/","og_locale":"it_IT","og_type":"article","og_title":"Febbraio 2019: per la tenuta di Suvignano una data da ricordare","og_description":"Suvignano, presente anche Salvini allo storico passaggio della propriet\u00e0 un tempo in odore di mafia","og_url":"https:\/\/www.intoscana.it\/it\/febbraio-2019-per-la-tenuta-di-suvignano-una-data-da-ricordare\/","og_site_name":"intoscana","article_publisher":"https:\/\/www.facebook.com\/intoscana.it","article_published_time":"2019-02-07T18:54:56+00:00","article_modified_time":"2020-05-18T08:13:08+00:00","og_image":[{"width":2000,"height":1500,"url":"https:\/\/www.intoscana.it\/wp-content\/uploads\/img_6215.jpg","type":"image\/jpeg"}],"author":"Giulia Rafanelli","twitter_card":"summary_large_image","twitter_creator":"@intoscana","twitter_site":"@intoscana","twitter_misc":{"Written by":"Giulia Rafanelli","Est. reading time":"3 minuti"},"schema":{"@context":"https:\/\/schema.org","@graph":[{"@type":"WebPage","@id":"https:\/\/www.intoscana.it\/it\/febbraio-2019-per-la-tenuta-di-suvignano-una-data-da-ricordare\/","url":"https:\/\/www.intoscana.it\/it\/febbraio-2019-per-la-tenuta-di-suvignano-una-data-da-ricordare\/","name":"Febbraio 2019: per la tenuta di Suvignano una data da ricordare - intoscana","isPartOf":{"@id":"https:\/\/www.intoscana.it\/it\/#website"},"primaryImageOfPage":{"@id":"https:\/\/www.intoscana.it\/it\/febbraio-2019-per-la-tenuta-di-suvignano-una-data-da-ricordare\/#primaryimage"},"image":{"@id":"https:\/\/www.intoscana.it\/it\/febbraio-2019-per-la-tenuta-di-suvignano-una-data-da-ricordare\/#primaryimage"},"thumbnailUrl":"https:\/\/www.intoscana.it\/wp-content\/uploads\/img_6215.jpg","datePublished":"2019-02-07T18:54:56+00:00","dateModified":"2020-05-18T08:13:08+00:00","author":{"@id":"https:\/\/www.intoscana.it\/it\/#\/schema\/person\/333569b367b301e30262defcea56c939"},"description":"Suvignano, presente anche Salvini allo storico passaggio della propriet\u00e0 un tempo in odore di mafia","breadcrumb":{"@id":"https:\/\/www.intoscana.it\/it\/febbraio-2019-per-la-tenuta-di-suvignano-una-data-da-ricordare\/#breadcrumb"},"inLanguage":"it-IT","potentialAction":[{"@type":"ReadAction","target":["https:\/\/www.intoscana.it\/it\/febbraio-2019-per-la-tenuta-di-suvignano-una-data-da-ricordare\/"]}]},{"@type":"ImageObject","inLanguage":"it-IT","@id":"https:\/\/www.intoscana.it\/it\/febbraio-2019-per-la-tenuta-di-suvignano-una-data-da-ricordare\/#primaryimage","url":"https:\/\/www.intoscana.it\/wp-content\/uploads\/img_6215.jpg","contentUrl":"https:\/\/www.intoscana.it\/wp-content\/uploads\/img_6215.jpg","width":2000,"height":1500},{"@type":"BreadcrumbList","@id":"https:\/\/www.intoscana.it\/it\/febbraio-2019-per-la-tenuta-di-suvignano-una-data-da-ricordare\/#breadcrumb","itemListElement":[{"@type":"ListItem","position":1,"name":"Home","item":"https:\/\/www.intoscana.it\/it\/"},{"@type":"ListItem","position":2,"name":"Febbraio 2019: per la tenuta di Suvignano una data da ricordare"}]},{"@type":"WebSite","@id":"https:\/\/www.intoscana.it\/it\/#website","url":"https:\/\/www.intoscana.it\/it\/","name":"intoscana","description":"","potentialAction":[{"@type":"SearchAction","target":{"@type":"EntryPoint","urlTemplate":"https:\/\/www.intoscana.it\/it\/?s={search_term_string}"},"query-input":{"@type":"PropertyValueSpecification","valueRequired":true,"valueName":"search_term_string"}}],"inLanguage":"it-IT"},{"@type":"Person","@id":"https:\/\/www.intoscana.it\/it\/#\/schema\/person\/333569b367b301e30262defcea56c939","name":"Giulia Rafanelli","url":"https:\/\/www.intoscana.it\/it\/author\/giulia-rafanelli\/"}]}},"_links":{"self":[{"href":"https:\/\/www.intoscana.it\/it\/wp-json\/wp\/v2\/posts\/59523","targetHints":{"allow":["GET"]}}],"collection":[{"href":"https:\/\/www.intoscana.it\/it\/wp-json\/wp\/v2\/posts"}],"about":[{"href":"https:\/\/www.intoscana.it\/it\/wp-json\/wp\/v2\/types\/post"}],"author":[{"embeddable":true,"href":"https:\/\/www.intoscana.it\/it\/wp-json\/wp\/v2\/users\/503"}],"replies":[{"embeddable":true,"href":"https:\/\/www.intoscana.it\/it\/wp-json\/wp\/v2\/comments?post=59523"}],"version-history":[{"count":0,"href":"https:\/\/www.intoscana.it\/it\/wp-json\/wp\/v2\/posts\/59523\/revisions"}],"wp:featuredmedia":[{"embeddable":true,"href":"https:\/\/www.intoscana.it\/it\/wp-json\/wp\/v2\/media\/96961"}],"wp:attachment":[{"href":"https:\/\/www.intoscana.it\/it\/wp-json\/wp\/v2\/media?parent=59523"}],"wp:term":[{"taxonomy":"category","embeddable":true,"href":"https:\/\/www.intoscana.it\/it\/wp-json\/wp\/v2\/categories?post=59523"},{"taxonomy":"post_tag","embeddable":true,"href":"https:\/\/www.intoscana.it\/it\/wp-json\/wp\/v2\/tags?post=59523"}],"curies":[{"name":"wp","href":"https:\/\/api.w.org\/{rel}","templated":true}]}}