{"id":59524,"date":"2019-02-07T13:00:33","date_gmt":"2019-02-07T13:00:33","guid":{"rendered":"http:\/\/www.intoscana.it\/suvignano-la-vittoria-della-legalita-sulla-mafia-in-toscana\/"},"modified":"2020-05-18T10:13:08","modified_gmt":"2020-05-18T08:13:08","slug":"suvignano-la-vittoria-della-legalita-sulla-mafia-in-toscana","status":"publish","type":"post","link":"https:\/\/www.intoscana.it\/it\/suvignano-la-vittoria-della-legalita-sulla-mafia-in-toscana\/","title":{"rendered":"Suvignano, la vittoria della legalit\u00e0 sulla mafia in Toscana"},"content":{"rendered":"<p>Oltre 700 ettari di terreno, un\u2019oasi verde immersa tra le colline senesi, in buona parte coltivabile. 17 case coloniche che hanno una superficie complessiva di 11.600 metri quadrati e magazzini per 9.370 metri quadrati. C\u2019\u00e8 anche una chiesetta vicino all&#8217;edificio principale.<\/p>\n<p>Impensabile che la <strong>mafia<\/strong> sia riuscita a metterci le mani, che abbia contaminato la purezza dell\u2019aria che qui si respira, qui ovvero nel cuore della <strong>Toscana<\/strong>, tra le distese delle colline senesi.<\/p>\n<p>Eppure la storia della <strong>Tenuta di Suvignano<\/strong>, in provincia di Siena, lembo di terra tra i <strong>Comuni di Monteroni d\u2019Arbia e Murlo<\/strong> si intreccia a quella della criminalit\u00e0 organizzata che anche in Toscana ha allungato i propri tentacoli.<\/p>\n<p>\u00c8 il <strong>1983<\/strong> quando il giudice <strong>Giovanni Falcone<\/strong> firma un <strong>ordine di sequestro dell\u2019intero patrimonio<\/strong> all\u2019imprenditore palermitano Vincenzo Piazza sospettato di essere vicino a <strong>Cosa Nostra<\/strong>. Da allora vicende giudiziarie, il rischio che questo patrimonio tornasse in mani sbagliate c\u2019\u00e8 stato ma una costante in tutti questi anni \u00e8 stata <strong>l\u2019impegno delle istituzioni, Regione e Comuni in primis, a riprendersi Suvignano.<\/strong><\/p>\n<p>Arriviamo cos\u00ec al <strong>2007<\/strong> con la condanna in giudicato di Piazza e la confisca definitiva della Tenuta. Passano 11 anni e Suvignano passa finalmente nelle mani di Regione e Comuni che intanto avevano presentato un progetto <strong>per farne un modello innovativo d\u2019impresa agricola volta ad una dimensione etica e sociale.<\/strong><\/p>\n<p>In questa storia c\u2019\u00e8 un\u2019altra data da ricordare quella di marted\u00ec scorso, <strong>5 febbraio 2019 con la cerimonia ufficiale della consegna della gestione all\u2019Ente terre regionali della Toscana<\/strong>. Cerimonia cui, tra gli altri, hanno partecipato oltre ai sindaci di Monteroni e Murlo, Gabriele Berni e Fabiola Parenti, e all\u2019assessore regionale alla presidenza e alla cultura della legalit\u00e0, Vittorio Bugli, anche il <strong>Ministro degli Interni, Matteo Salvini<\/strong>: \u201c<em>Quella che era la residenza di un delinquente \u00e8 diventata bene comune. Questa \u00e8 l&#8217;antimafia dei fatti che ci piace&#8221;<\/em> \u2013 ha commentato.<\/p>\n<p>Oggi, non possiamo dire di essere gi\u00e0 al capitolo finale di questa storia <strong>ma il lieto fine \u00e8 gi\u00e0 scritto<\/strong>. Adesso si deve pensare al futuro di questo patrimonio emblema della lotta alla criminalit\u00e0 organizzata in Toscana. La Regione Toscana ha gi\u00e0 stanziato <strong>800 mila euro per le attivit\u00e0 della tenuta<\/strong>: attivit\u00e0 agricole ma anche di accoglienza.<\/p>\n<p>Quando questo possedimento riuscir\u00e0 a generare autonomamente profitto, quando grazie alle attivit\u00e0 e all\u2019impegno dei tanti che hanno voluto riscattare questa terra, si creer\u00e0 un vero e proprio business a favore degli Enti locali e quindi della cittadinanza, la mafia che qui ha provato a sciacquare e riciclare i propri denari, ricever\u00e0 lo schiaffo definitivo dalle mani della legalit\u00e0 e della partecipazione collettiva.<\/p>\n<p>Suvignano ha un po\u2019 il sapore della <strong>vittoria<\/strong>, la vittoria figlia della battaglia condotta da <em><strong>\u201ctutte le forze migliori delle istituzioni\u201d<\/strong><\/em>. Quella battaglia che si auspicava anche il giudice <strong>Falcone<\/strong>:<\/p>\n<blockquote>\n<p>\u201cLa mafia non \u00e8 affatto invincibile; \u00e8 un fatto&nbsp;umano&nbsp;e come tutti i fatti umani ha un&nbsp;inizio&nbsp;e avr\u00e0 anche una fine. Piuttosto, bisogna rendersi conto che \u00e8 un&nbsp;fenomeno&nbsp;terribilmente serio e molto grave; e che si pu\u00f2&nbsp;vincere&nbsp;non pretendendo l&#8217;eroismo da inermi&nbsp;cittadini, ma impegnando in questa&nbsp;battaglia&nbsp;tutte le forze migliori delle&nbsp;istituzioni.\u201d&nbsp;<\/p>\n<\/blockquote>\n","protected":false},"excerpt":{"rendered":"<p>Quella della tenuta tra i Comuni di Monteroni e Murlo \u00e8 una storia che inizia nel 1983. Una storia di istituzioni che hanno vinto la battaglia auspicata da Giovanni Falcone<\/p>\n","protected":false},"author":503,"featured_media":96962,"comment_status":"open","ping_status":"open","sticky":false,"template":"","format":"standard","meta":{"_acf_changed":false,"footnotes":""},"categories":[494,7],"tags":[],"class_list":["post-59524","post","type-post","status-publish","format-standard","has-post-thumbnail","hentry","category-attualita","category-societa"],"acf":[],"yoast_head":"<!-- This site is optimized with the Yoast SEO Premium plugin v24.2 (Yoast SEO v25.6) - https:\/\/yoast.com\/wordpress\/plugins\/seo\/ -->\n<title>Suvignano, la vittoria della legalit\u00e0 sulla mafia in Toscana - intoscana<\/title>\n<meta name=\"description\" content=\"Suvignano, una storia di mafia e di Istituzioni che hanno vinto la battaglia della legalit\u00e0\" \/>\n<meta name=\"robots\" content=\"index, follow, max-snippet:-1, max-image-preview:large, max-video-preview:-1\" \/>\n<link rel=\"canonical\" href=\"https:\/\/www.intoscana.it\/it\/suvignano-la-vittoria-della-legalita-sulla-mafia-in-toscana\/\" \/>\n<meta property=\"og:locale\" content=\"it_IT\" \/>\n<meta property=\"og:type\" content=\"article\" \/>\n<meta property=\"og:title\" content=\"Suvignano, la vittoria della legalit\u00e0 sulla mafia in Toscana\" \/>\n<meta property=\"og:description\" content=\"Suvignano, una storia di mafia e di Istituzioni che hanno vinto la battaglia della legalit\u00e0\" \/>\n<meta property=\"og:url\" content=\"https:\/\/www.intoscana.it\/it\/suvignano-la-vittoria-della-legalita-sulla-mafia-in-toscana\/\" \/>\n<meta property=\"og:site_name\" content=\"intoscana\" \/>\n<meta property=\"article:publisher\" content=\"https:\/\/www.facebook.com\/intoscana.it\" \/>\n<meta property=\"article:published_time\" content=\"2019-02-07T13:00:33+00:00\" \/>\n<meta property=\"article:modified_time\" content=\"2020-05-18T08:13:08+00:00\" \/>\n<meta property=\"og:image\" content=\"https:\/\/www.intoscana.it\/wp-content\/uploads\/img_2447.jpg\" \/>\n\t<meta property=\"og:image:width\" content=\"2000\" \/>\n\t<meta property=\"og:image:height\" content=\"1500\" \/>\n\t<meta property=\"og:image:type\" content=\"image\/jpeg\" \/>\n<meta name=\"author\" content=\"Giulia Rafanelli\" \/>\n<meta name=\"twitter:card\" content=\"summary_large_image\" \/>\n<meta name=\"twitter:creator\" content=\"@intoscana\" \/>\n<meta name=\"twitter:site\" content=\"@intoscana\" \/>\n<meta name=\"twitter:label1\" content=\"Written by\" \/>\n\t<meta name=\"twitter:data1\" content=\"Giulia Rafanelli\" \/>\n\t<meta name=\"twitter:label2\" content=\"Est. reading time\" \/>\n\t<meta name=\"twitter:data2\" content=\"3 minuti\" \/>\n<script type=\"application\/ld+json\" class=\"yoast-schema-graph\">{\"@context\":\"https:\/\/schema.org\",\"@graph\":[{\"@type\":\"WebPage\",\"@id\":\"https:\/\/www.intoscana.it\/it\/suvignano-la-vittoria-della-legalita-sulla-mafia-in-toscana\/\",\"url\":\"https:\/\/www.intoscana.it\/it\/suvignano-la-vittoria-della-legalita-sulla-mafia-in-toscana\/\",\"name\":\"Suvignano, la vittoria della legalit\u00e0 sulla mafia in Toscana - intoscana\",\"isPartOf\":{\"@id\":\"https:\/\/www.intoscana.it\/it\/#website\"},\"primaryImageOfPage\":{\"@id\":\"https:\/\/www.intoscana.it\/it\/suvignano-la-vittoria-della-legalita-sulla-mafia-in-toscana\/#primaryimage\"},\"image\":{\"@id\":\"https:\/\/www.intoscana.it\/it\/suvignano-la-vittoria-della-legalita-sulla-mafia-in-toscana\/#primaryimage\"},\"thumbnailUrl\":\"https:\/\/www.intoscana.it\/wp-content\/uploads\/img_2447.jpg\",\"datePublished\":\"2019-02-07T13:00:33+00:00\",\"dateModified\":\"2020-05-18T08:13:08+00:00\",\"author\":{\"@id\":\"https:\/\/www.intoscana.it\/it\/#\/schema\/person\/333569b367b301e30262defcea56c939\"},\"description\":\"Suvignano, una storia di mafia e di Istituzioni che hanno vinto la battaglia della legalit\u00e0\",\"breadcrumb\":{\"@id\":\"https:\/\/www.intoscana.it\/it\/suvignano-la-vittoria-della-legalita-sulla-mafia-in-toscana\/#breadcrumb\"},\"inLanguage\":\"it-IT\",\"potentialAction\":[{\"@type\":\"ReadAction\",\"target\":[\"https:\/\/www.intoscana.it\/it\/suvignano-la-vittoria-della-legalita-sulla-mafia-in-toscana\/\"]}]},{\"@type\":\"ImageObject\",\"inLanguage\":\"it-IT\",\"@id\":\"https:\/\/www.intoscana.it\/it\/suvignano-la-vittoria-della-legalita-sulla-mafia-in-toscana\/#primaryimage\",\"url\":\"https:\/\/www.intoscana.it\/wp-content\/uploads\/img_2447.jpg\",\"contentUrl\":\"https:\/\/www.intoscana.it\/wp-content\/uploads\/img_2447.jpg\",\"width\":2000,\"height\":1500},{\"@type\":\"BreadcrumbList\",\"@id\":\"https:\/\/www.intoscana.it\/it\/suvignano-la-vittoria-della-legalita-sulla-mafia-in-toscana\/#breadcrumb\",\"itemListElement\":[{\"@type\":\"ListItem\",\"position\":1,\"name\":\"Home\",\"item\":\"https:\/\/www.intoscana.it\/it\/\"},{\"@type\":\"ListItem\",\"position\":2,\"name\":\"Suvignano, la vittoria della legalit\u00e0 sulla mafia in Toscana\"}]},{\"@type\":\"WebSite\",\"@id\":\"https:\/\/www.intoscana.it\/it\/#website\",\"url\":\"https:\/\/www.intoscana.it\/it\/\",\"name\":\"intoscana\",\"description\":\"\",\"potentialAction\":[{\"@type\":\"SearchAction\",\"target\":{\"@type\":\"EntryPoint\",\"urlTemplate\":\"https:\/\/www.intoscana.it\/it\/?s={search_term_string}\"},\"query-input\":{\"@type\":\"PropertyValueSpecification\",\"valueRequired\":true,\"valueName\":\"search_term_string\"}}],\"inLanguage\":\"it-IT\"},{\"@type\":\"Person\",\"@id\":\"https:\/\/www.intoscana.it\/it\/#\/schema\/person\/333569b367b301e30262defcea56c939\",\"name\":\"Giulia Rafanelli\",\"url\":\"https:\/\/www.intoscana.it\/it\/author\/giulia-rafanelli\/\"}]}<\/script>\n<!-- \/ Yoast SEO Premium plugin. -->","yoast_head_json":{"title":"Suvignano, la vittoria della legalit\u00e0 sulla mafia in Toscana - intoscana","description":"Suvignano, una storia di mafia e di Istituzioni che hanno vinto la battaglia della legalit\u00e0","robots":{"index":"index","follow":"follow","max-snippet":"max-snippet:-1","max-image-preview":"max-image-preview:large","max-video-preview":"max-video-preview:-1"},"canonical":"https:\/\/www.intoscana.it\/it\/suvignano-la-vittoria-della-legalita-sulla-mafia-in-toscana\/","og_locale":"it_IT","og_type":"article","og_title":"Suvignano, la vittoria della legalit\u00e0 sulla mafia in Toscana","og_description":"Suvignano, una storia di mafia e di Istituzioni che hanno vinto la battaglia della legalit\u00e0","og_url":"https:\/\/www.intoscana.it\/it\/suvignano-la-vittoria-della-legalita-sulla-mafia-in-toscana\/","og_site_name":"intoscana","article_publisher":"https:\/\/www.facebook.com\/intoscana.it","article_published_time":"2019-02-07T13:00:33+00:00","article_modified_time":"2020-05-18T08:13:08+00:00","og_image":[{"width":2000,"height":1500,"url":"https:\/\/www.intoscana.it\/wp-content\/uploads\/img_2447.jpg","type":"image\/jpeg"}],"author":"Giulia Rafanelli","twitter_card":"summary_large_image","twitter_creator":"@intoscana","twitter_site":"@intoscana","twitter_misc":{"Written by":"Giulia Rafanelli","Est. reading time":"3 minuti"},"schema":{"@context":"https:\/\/schema.org","@graph":[{"@type":"WebPage","@id":"https:\/\/www.intoscana.it\/it\/suvignano-la-vittoria-della-legalita-sulla-mafia-in-toscana\/","url":"https:\/\/www.intoscana.it\/it\/suvignano-la-vittoria-della-legalita-sulla-mafia-in-toscana\/","name":"Suvignano, la vittoria della legalit\u00e0 sulla mafia in Toscana - intoscana","isPartOf":{"@id":"https:\/\/www.intoscana.it\/it\/#website"},"primaryImageOfPage":{"@id":"https:\/\/www.intoscana.it\/it\/suvignano-la-vittoria-della-legalita-sulla-mafia-in-toscana\/#primaryimage"},"image":{"@id":"https:\/\/www.intoscana.it\/it\/suvignano-la-vittoria-della-legalita-sulla-mafia-in-toscana\/#primaryimage"},"thumbnailUrl":"https:\/\/www.intoscana.it\/wp-content\/uploads\/img_2447.jpg","datePublished":"2019-02-07T13:00:33+00:00","dateModified":"2020-05-18T08:13:08+00:00","author":{"@id":"https:\/\/www.intoscana.it\/it\/#\/schema\/person\/333569b367b301e30262defcea56c939"},"description":"Suvignano, una storia di mafia e di Istituzioni che hanno vinto la battaglia della legalit\u00e0","breadcrumb":{"@id":"https:\/\/www.intoscana.it\/it\/suvignano-la-vittoria-della-legalita-sulla-mafia-in-toscana\/#breadcrumb"},"inLanguage":"it-IT","potentialAction":[{"@type":"ReadAction","target":["https:\/\/www.intoscana.it\/it\/suvignano-la-vittoria-della-legalita-sulla-mafia-in-toscana\/"]}]},{"@type":"ImageObject","inLanguage":"it-IT","@id":"https:\/\/www.intoscana.it\/it\/suvignano-la-vittoria-della-legalita-sulla-mafia-in-toscana\/#primaryimage","url":"https:\/\/www.intoscana.it\/wp-content\/uploads\/img_2447.jpg","contentUrl":"https:\/\/www.intoscana.it\/wp-content\/uploads\/img_2447.jpg","width":2000,"height":1500},{"@type":"BreadcrumbList","@id":"https:\/\/www.intoscana.it\/it\/suvignano-la-vittoria-della-legalita-sulla-mafia-in-toscana\/#breadcrumb","itemListElement":[{"@type":"ListItem","position":1,"name":"Home","item":"https:\/\/www.intoscana.it\/it\/"},{"@type":"ListItem","position":2,"name":"Suvignano, la vittoria della legalit\u00e0 sulla mafia in Toscana"}]},{"@type":"WebSite","@id":"https:\/\/www.intoscana.it\/it\/#website","url":"https:\/\/www.intoscana.it\/it\/","name":"intoscana","description":"","potentialAction":[{"@type":"SearchAction","target":{"@type":"EntryPoint","urlTemplate":"https:\/\/www.intoscana.it\/it\/?s={search_term_string}"},"query-input":{"@type":"PropertyValueSpecification","valueRequired":true,"valueName":"search_term_string"}}],"inLanguage":"it-IT"},{"@type":"Person","@id":"https:\/\/www.intoscana.it\/it\/#\/schema\/person\/333569b367b301e30262defcea56c939","name":"Giulia Rafanelli","url":"https:\/\/www.intoscana.it\/it\/author\/giulia-rafanelli\/"}]}},"_links":{"self":[{"href":"https:\/\/www.intoscana.it\/it\/wp-json\/wp\/v2\/posts\/59524","targetHints":{"allow":["GET"]}}],"collection":[{"href":"https:\/\/www.intoscana.it\/it\/wp-json\/wp\/v2\/posts"}],"about":[{"href":"https:\/\/www.intoscana.it\/it\/wp-json\/wp\/v2\/types\/post"}],"author":[{"embeddable":true,"href":"https:\/\/www.intoscana.it\/it\/wp-json\/wp\/v2\/users\/503"}],"replies":[{"embeddable":true,"href":"https:\/\/www.intoscana.it\/it\/wp-json\/wp\/v2\/comments?post=59524"}],"version-history":[{"count":0,"href":"https:\/\/www.intoscana.it\/it\/wp-json\/wp\/v2\/posts\/59524\/revisions"}],"wp:featuredmedia":[{"embeddable":true,"href":"https:\/\/www.intoscana.it\/it\/wp-json\/wp\/v2\/media\/96962"}],"wp:attachment":[{"href":"https:\/\/www.intoscana.it\/it\/wp-json\/wp\/v2\/media?parent=59524"}],"wp:term":[{"taxonomy":"category","embeddable":true,"href":"https:\/\/www.intoscana.it\/it\/wp-json\/wp\/v2\/categories?post=59524"},{"taxonomy":"post_tag","embeddable":true,"href":"https:\/\/www.intoscana.it\/it\/wp-json\/wp\/v2\/tags?post=59524"}],"curies":[{"name":"wp","href":"https:\/\/api.w.org\/{rel}","templated":true}]}}