{"id":59533,"date":"2019-07-11T15:09:28","date_gmt":"2019-07-11T15:09:28","guid":{"rendered":"http:\/\/www.intoscana.it\/artigianato-toscano-in-crisi-18-aziende-e-13-addetti-nel-2018\/"},"modified":"2020-05-18T10:13:11","modified_gmt":"2020-05-18T08:13:11","slug":"artigianato-toscano-in-crisi-18-aziende-e-13-addetti-nel-2018","status":"publish","type":"post","link":"https:\/\/www.intoscana.it\/it\/artigianato-toscano-in-crisi-18-aziende-e-13-addetti-nel-2018\/","title":{"rendered":"Artigianato toscano in crisi: -1,8% aziende e -1,3% addetti nel 2018"},"content":{"rendered":"<p><strong>Nel 2018 il numero delle imprese artigiane toscane \u00e8 calato dell&#8217;1,8%,<\/strong> i lavoratori sono diminuiti dell&#8217;1,3% e<strong> le giornate retribuite segnano un -1,2%<\/strong>. Nei primi sei mesi del 2019, inoltre, <strong>sono aumentate del 9,7% le domande di cassa integrazione.<\/strong> I dati emergono dal secondo rapporto <em><strong>&#8216;Imprese artigiane e mercato del lavoro&#8217;<\/strong> <\/em>presentato a Firenze dall&#8217;<strong>Ebret (Ente Bilaterale Artigiano della Toscana)<\/strong>. L&#8217;analisi dei dati Inps rivela che <strong>per l&#8217;artigianato toscano nel 2018 si \u00e8 interrotta la fase di crescita che aveva caratterizzato il biennio 2016-2017<\/strong>. Il rapporto spiega inoltre che il monte retributivo \u00e8 rimasto invariato mentre il calo del numero di dipendenti ha prodotto un incremento dei livelli retributivi pro-capite, cresciuti dell&#8217;1,3% nel 2018, in linea con la dinamica dei prezzi.<\/p>\n<p>A confermare il quadro anche i dati del <strong>Fondo di solidariet\u00e0 bilaterale (Fsba)<\/strong>, cio\u00e8 la cassa integrazione artigiana che ha preso il posto della Cig in deroga: nel primo semestre dell&#8217;anno in corso <strong>544 aziende toscane hanno chiesto l&#8217;intervento del fondo per 2.749 lavoratori.<\/strong> Le domande provengono da tutta la regione ma <strong>soprattutto dalle province di Firenze, Pisa e Prato<\/strong> e principalmente dal <strong>tessile-abbigliamento-calzature.<\/p>\n<p><\/strong>Nei primi 5 mesi del 2019, inoltre, le ore di lavoro integrate da Fsba sono aumentate del 13,7% rispetto allo stesso periodo del 2018. Il rapporto infine evidenzia anche un<strong> calo della qualit\u00e0 delle forme contrattuali<\/strong>: il comparto registra un <strong>+19,5% nel 2018 per i contratti a tempo determinato a tempo pieno e un +26,7% per quelli a tempo parziale<\/strong>. Sono invece diminuiti i contratti a tempo indeterminato: -3,5% per la versione full-time e -5,5% nel part-time. A livello territoriale l&#8217;andamento dell&#8217;occupazione artigiana \u00e8 risultato positivo ad Arezzo (+2%), Siena (+1%) e Livorno (+0,4%), mentre flessioni si registrano per tutte le altre province e particolarmente a Prato (-5%).<\/p>\n<p>Estensore del secondo rapporto sulle imprese artigiane toscane,<strong> Riccardo Perugi<\/strong> ha spiegato che il comparto ha registrato &#8220;un miglioramento degli indicatori fino al 2017, una fase positiva di percorso di uscita dalla crisi c&#8217;\u00e8 stata, poi <strong>nel 2018 il contesto dell&#8217;economia nazionale e internazionale \u00e8 rallentato<\/strong> e anche le imprese artigiane evidenziano un peggioramento di tutti gli indicatori anche quelli relativi al mercato del lavoro&#8221;. Anche per l&#8217;anno in corso Ebret ha registrato &#8220;<strong>aspettative peggiorate da parte degli imprenditori<\/strong> &#8211; ha detto Perugi -, c&#8217;\u00e8 una quota crescente di imprenditori che ci dice che la situazione sta peggiorando ulteriormente rispetto all&#8217;anno scorso e le previsioni di crescita del fatturato sono ridotte allo 0,5%, ed eravamo quasi al 3% due anni fa&#8221;.<\/p>\n<p><strong>Per il presidente di Ebret, Ciro Recce,<\/strong> &#8220;quest&#8217;anno \u00e8 stato meno buono degli altri. <strong>Il 2018 non \u00e8 andato bene e purtroppo anche i primi mesi del 2019 non stanno andando bene,<\/strong> i primi sei mesi segnano un incremento del ricorso alla cassa integrazione dell&#8217;artigianato&#8221;. Inoltre, evidenzia, &#8220;l&#8217;occupazione anche se stabile per\u00f2 \u00e8 un&#8217;occupazione di qualit\u00e0 inferiore, abbiamo pi\u00f9 contratti a tempo determinato e meno tempi indeterminato e questo non fa bene ai lavoratori. Tutto questo &#8211; ha concluso Recce &#8211; ci deve far riflettere su come si pu\u00f2 intervenire. Ci aspettiamo anche una risposta da parte delle istituzioni per un sostegno e un rafforzamento delle imprese artigiane che rappresentano in Toscana un importante tessuto produttivo&#8221;.<\/p>\n","protected":false},"excerpt":{"rendered":"<p>I dati emergono dal secondo rapporto &#8216;Imprese artigiane e mercato del lavoro&#8217; presentato oggi a Firenze dall&#8217;Ebret, +9,7% domande di cassa integrazione in 2019<\/p>\n","protected":false},"author":525,"featured_media":96971,"comment_status":"open","ping_status":"open","sticky":false,"template":"","format":"standard","meta":{"_acf_changed":false,"footnotes":""},"categories":[9],"tags":[278],"class_list":["post-59533","post","type-post","status-publish","format-standard","has-post-thumbnail","hentry","category-made-in-toscana","tag-artigianato"],"acf":[],"yoast_head":"<!-- This site is optimized with the Yoast SEO Premium plugin v24.2 (Yoast SEO v25.6) - https:\/\/yoast.com\/wordpress\/plugins\/seo\/ -->\n<title>Artigianato toscano in crisi: -1,8% aziende e -1,3% addetti nel 2018 - intoscana<\/title>\n<meta name=\"robots\" content=\"index, follow, max-snippet:-1, max-image-preview:large, max-video-preview:-1\" \/>\n<link rel=\"canonical\" href=\"https:\/\/www.intoscana.it\/it\/artigianato-toscano-in-crisi-18-aziende-e-13-addetti-nel-2018\/\" \/>\n<meta property=\"og:locale\" content=\"it_IT\" \/>\n<meta property=\"og:type\" content=\"article\" \/>\n<meta property=\"og:title\" content=\"Artigianato toscano in crisi: -1,8% aziende e -1,3% addetti nel 2018\" \/>\n<meta property=\"og:description\" content=\"I dati emergono dal secondo rapporto &#039;Imprese artigiane e mercato del lavoro&#039; presentato oggi a Firenze dall&#039;Ebret, +9,7% domande di cassa integrazione in 2019\" \/>\n<meta property=\"og:url\" content=\"https:\/\/www.intoscana.it\/it\/artigianato-toscano-in-crisi-18-aziende-e-13-addetti-nel-2018\/\" \/>\n<meta property=\"og:site_name\" content=\"intoscana\" \/>\n<meta property=\"article:publisher\" content=\"https:\/\/www.facebook.com\/intoscana.it\" \/>\n<meta property=\"article:published_time\" content=\"2019-07-11T15:09:28+00:00\" \/>\n<meta property=\"article:modified_time\" content=\"2020-05-18T08:13:11+00:00\" \/>\n<meta property=\"og:image\" content=\"https:\/\/www.intoscana.it\/wp-content\/uploads\/istituto-de-bardi.jpg\" \/>\n\t<meta property=\"og:image:width\" content=\"1920\" \/>\n\t<meta property=\"og:image:height\" content=\"1280\" \/>\n\t<meta property=\"og:image:type\" content=\"image\/jpeg\" \/>\n<meta name=\"author\" content=\"Redazione\" \/>\n<meta name=\"twitter:card\" content=\"summary_large_image\" \/>\n<meta name=\"twitter:creator\" content=\"@intoscana\" \/>\n<meta name=\"twitter:site\" content=\"@intoscana\" \/>\n<meta name=\"twitter:label1\" content=\"Written by\" \/>\n\t<meta name=\"twitter:data1\" content=\"Redazione\" \/>\n\t<meta name=\"twitter:label2\" content=\"Est. reading time\" \/>\n\t<meta name=\"twitter:data2\" content=\"2 minuti\" \/>\n<script type=\"application\/ld+json\" class=\"yoast-schema-graph\">{\"@context\":\"https:\/\/schema.org\",\"@graph\":[{\"@type\":\"WebPage\",\"@id\":\"https:\/\/www.intoscana.it\/it\/artigianato-toscano-in-crisi-18-aziende-e-13-addetti-nel-2018\/\",\"url\":\"https:\/\/www.intoscana.it\/it\/artigianato-toscano-in-crisi-18-aziende-e-13-addetti-nel-2018\/\",\"name\":\"Artigianato toscano in crisi: -1,8% aziende e -1,3% addetti nel 2018 - intoscana\",\"isPartOf\":{\"@id\":\"https:\/\/www.intoscana.it\/it\/#website\"},\"primaryImageOfPage\":{\"@id\":\"https:\/\/www.intoscana.it\/it\/artigianato-toscano-in-crisi-18-aziende-e-13-addetti-nel-2018\/#primaryimage\"},\"image\":{\"@id\":\"https:\/\/www.intoscana.it\/it\/artigianato-toscano-in-crisi-18-aziende-e-13-addetti-nel-2018\/#primaryimage\"},\"thumbnailUrl\":\"https:\/\/www.intoscana.it\/wp-content\/uploads\/istituto-de-bardi.jpg\",\"datePublished\":\"2019-07-11T15:09:28+00:00\",\"dateModified\":\"2020-05-18T08:13:11+00:00\",\"author\":{\"@id\":\"https:\/\/www.intoscana.it\/it\/#\/schema\/person\/9223810753230f20bd670fdd322661f8\"},\"breadcrumb\":{\"@id\":\"https:\/\/www.intoscana.it\/it\/artigianato-toscano-in-crisi-18-aziende-e-13-addetti-nel-2018\/#breadcrumb\"},\"inLanguage\":\"it-IT\",\"potentialAction\":[{\"@type\":\"ReadAction\",\"target\":[\"https:\/\/www.intoscana.it\/it\/artigianato-toscano-in-crisi-18-aziende-e-13-addetti-nel-2018\/\"]}]},{\"@type\":\"ImageObject\",\"inLanguage\":\"it-IT\",\"@id\":\"https:\/\/www.intoscana.it\/it\/artigianato-toscano-in-crisi-18-aziende-e-13-addetti-nel-2018\/#primaryimage\",\"url\":\"https:\/\/www.intoscana.it\/wp-content\/uploads\/istituto-de-bardi.jpg\",\"contentUrl\":\"https:\/\/www.intoscana.it\/wp-content\/uploads\/istituto-de-bardi.jpg\",\"width\":1920,\"height\":1280},{\"@type\":\"BreadcrumbList\",\"@id\":\"https:\/\/www.intoscana.it\/it\/artigianato-toscano-in-crisi-18-aziende-e-13-addetti-nel-2018\/#breadcrumb\",\"itemListElement\":[{\"@type\":\"ListItem\",\"position\":1,\"name\":\"Home\",\"item\":\"https:\/\/www.intoscana.it\/it\/\"},{\"@type\":\"ListItem\",\"position\":2,\"name\":\"Artigianato toscano in crisi: -1,8% aziende e -1,3% addetti nel 2018\"}]},{\"@type\":\"WebSite\",\"@id\":\"https:\/\/www.intoscana.it\/it\/#website\",\"url\":\"https:\/\/www.intoscana.it\/it\/\",\"name\":\"intoscana\",\"description\":\"\",\"potentialAction\":[{\"@type\":\"SearchAction\",\"target\":{\"@type\":\"EntryPoint\",\"urlTemplate\":\"https:\/\/www.intoscana.it\/it\/?s={search_term_string}\"},\"query-input\":{\"@type\":\"PropertyValueSpecification\",\"valueRequired\":true,\"valueName\":\"search_term_string\"}}],\"inLanguage\":\"it-IT\"},{\"@type\":\"Person\",\"@id\":\"https:\/\/www.intoscana.it\/it\/#\/schema\/person\/9223810753230f20bd670fdd322661f8\",\"name\":\"Redazione\",\"url\":\"https:\/\/www.intoscana.it\/it\/author\/redazione\/\"}]}<\/script>\n<!-- \/ Yoast SEO Premium plugin. -->","yoast_head_json":{"title":"Artigianato toscano in crisi: -1,8% aziende e -1,3% addetti nel 2018 - intoscana","robots":{"index":"index","follow":"follow","max-snippet":"max-snippet:-1","max-image-preview":"max-image-preview:large","max-video-preview":"max-video-preview:-1"},"canonical":"https:\/\/www.intoscana.it\/it\/artigianato-toscano-in-crisi-18-aziende-e-13-addetti-nel-2018\/","og_locale":"it_IT","og_type":"article","og_title":"Artigianato toscano in crisi: -1,8% aziende e -1,3% addetti nel 2018","og_description":"I dati emergono dal secondo rapporto 'Imprese artigiane e mercato del lavoro' presentato oggi a Firenze dall'Ebret, +9,7% domande di cassa integrazione in 2019","og_url":"https:\/\/www.intoscana.it\/it\/artigianato-toscano-in-crisi-18-aziende-e-13-addetti-nel-2018\/","og_site_name":"intoscana","article_publisher":"https:\/\/www.facebook.com\/intoscana.it","article_published_time":"2019-07-11T15:09:28+00:00","article_modified_time":"2020-05-18T08:13:11+00:00","og_image":[{"width":1920,"height":1280,"url":"https:\/\/www.intoscana.it\/wp-content\/uploads\/istituto-de-bardi.jpg","type":"image\/jpeg"}],"author":"Redazione","twitter_card":"summary_large_image","twitter_creator":"@intoscana","twitter_site":"@intoscana","twitter_misc":{"Written by":"Redazione","Est. reading time":"2 minuti"},"schema":{"@context":"https:\/\/schema.org","@graph":[{"@type":"WebPage","@id":"https:\/\/www.intoscana.it\/it\/artigianato-toscano-in-crisi-18-aziende-e-13-addetti-nel-2018\/","url":"https:\/\/www.intoscana.it\/it\/artigianato-toscano-in-crisi-18-aziende-e-13-addetti-nel-2018\/","name":"Artigianato toscano in crisi: -1,8% aziende e -1,3% addetti nel 2018 - intoscana","isPartOf":{"@id":"https:\/\/www.intoscana.it\/it\/#website"},"primaryImageOfPage":{"@id":"https:\/\/www.intoscana.it\/it\/artigianato-toscano-in-crisi-18-aziende-e-13-addetti-nel-2018\/#primaryimage"},"image":{"@id":"https:\/\/www.intoscana.it\/it\/artigianato-toscano-in-crisi-18-aziende-e-13-addetti-nel-2018\/#primaryimage"},"thumbnailUrl":"https:\/\/www.intoscana.it\/wp-content\/uploads\/istituto-de-bardi.jpg","datePublished":"2019-07-11T15:09:28+00:00","dateModified":"2020-05-18T08:13:11+00:00","author":{"@id":"https:\/\/www.intoscana.it\/it\/#\/schema\/person\/9223810753230f20bd670fdd322661f8"},"breadcrumb":{"@id":"https:\/\/www.intoscana.it\/it\/artigianato-toscano-in-crisi-18-aziende-e-13-addetti-nel-2018\/#breadcrumb"},"inLanguage":"it-IT","potentialAction":[{"@type":"ReadAction","target":["https:\/\/www.intoscana.it\/it\/artigianato-toscano-in-crisi-18-aziende-e-13-addetti-nel-2018\/"]}]},{"@type":"ImageObject","inLanguage":"it-IT","@id":"https:\/\/www.intoscana.it\/it\/artigianato-toscano-in-crisi-18-aziende-e-13-addetti-nel-2018\/#primaryimage","url":"https:\/\/www.intoscana.it\/wp-content\/uploads\/istituto-de-bardi.jpg","contentUrl":"https:\/\/www.intoscana.it\/wp-content\/uploads\/istituto-de-bardi.jpg","width":1920,"height":1280},{"@type":"BreadcrumbList","@id":"https:\/\/www.intoscana.it\/it\/artigianato-toscano-in-crisi-18-aziende-e-13-addetti-nel-2018\/#breadcrumb","itemListElement":[{"@type":"ListItem","position":1,"name":"Home","item":"https:\/\/www.intoscana.it\/it\/"},{"@type":"ListItem","position":2,"name":"Artigianato toscano in crisi: -1,8% aziende e -1,3% addetti nel 2018"}]},{"@type":"WebSite","@id":"https:\/\/www.intoscana.it\/it\/#website","url":"https:\/\/www.intoscana.it\/it\/","name":"intoscana","description":"","potentialAction":[{"@type":"SearchAction","target":{"@type":"EntryPoint","urlTemplate":"https:\/\/www.intoscana.it\/it\/?s={search_term_string}"},"query-input":{"@type":"PropertyValueSpecification","valueRequired":true,"valueName":"search_term_string"}}],"inLanguage":"it-IT"},{"@type":"Person","@id":"https:\/\/www.intoscana.it\/it\/#\/schema\/person\/9223810753230f20bd670fdd322661f8","name":"Redazione","url":"https:\/\/www.intoscana.it\/it\/author\/redazione\/"}]}},"_links":{"self":[{"href":"https:\/\/www.intoscana.it\/it\/wp-json\/wp\/v2\/posts\/59533","targetHints":{"allow":["GET"]}}],"collection":[{"href":"https:\/\/www.intoscana.it\/it\/wp-json\/wp\/v2\/posts"}],"about":[{"href":"https:\/\/www.intoscana.it\/it\/wp-json\/wp\/v2\/types\/post"}],"author":[{"embeddable":true,"href":"https:\/\/www.intoscana.it\/it\/wp-json\/wp\/v2\/users\/525"}],"replies":[{"embeddable":true,"href":"https:\/\/www.intoscana.it\/it\/wp-json\/wp\/v2\/comments?post=59533"}],"version-history":[{"count":0,"href":"https:\/\/www.intoscana.it\/it\/wp-json\/wp\/v2\/posts\/59533\/revisions"}],"wp:featuredmedia":[{"embeddable":true,"href":"https:\/\/www.intoscana.it\/it\/wp-json\/wp\/v2\/media\/96971"}],"wp:attachment":[{"href":"https:\/\/www.intoscana.it\/it\/wp-json\/wp\/v2\/media?parent=59533"}],"wp:term":[{"taxonomy":"category","embeddable":true,"href":"https:\/\/www.intoscana.it\/it\/wp-json\/wp\/v2\/categories?post=59533"},{"taxonomy":"post_tag","embeddable":true,"href":"https:\/\/www.intoscana.it\/it\/wp-json\/wp\/v2\/tags?post=59533"}],"curies":[{"name":"wp","href":"https:\/\/api.w.org\/{rel}","templated":true}]}}