{"id":59595,"date":"2020-02-28T14:27:41","date_gmt":"2020-02-28T14:27:41","guid":{"rendered":"http:\/\/www.intoscana.it\/fondi-europei-toscana-prima-per-capacita-di-spesa-le-nuove-sfide\/"},"modified":"2020-05-19T15:44:27","modified_gmt":"2020-05-19T13:44:27","slug":"fondi-ue-performance","status":"publish","type":"post","link":"https:\/\/www.intoscana.it\/it\/fondi-ue-performance\/","title":{"rendered":"Fondi europei, Toscana prima per capacit\u00e0 di spesa. Le nuove sfide"},"content":{"rendered":"<p><strong>I dati pubblicati dall\u2019Agenzia di coesione, al 31 dicembre 2019, proiettano la Toscana ai vertici delle Regioni per capacit\u00e0 di spesa oltre che di allocazione delle risorse.<\/strong> In particolare, per quanto riguarda gli ambiti delle politiche industriali, il Por Fesr 2014-2020 registra per l\u2019asse 1 (ricerca, sviluppo e innovazione) una percentuale di spesa certificata (quindi di risorse pienamente utilizzate dalle imprese) del 67,3% sulla dotazione iniziale, per l\u2019asse 3 (competitivit\u00e0 Pmi) del 63%. La media del Por Fesr Toscano della spesa certificata \u00e8 del 40,2%, ma in valore assoluto la regione del centro nord \u00e8 in testa alle graduatorie di performance.<\/p>\n<p>\u00abRisultati di tutto riguardo \u2013 commenta l\u2019assessore regionale alle attivit\u00e0 produttive, <strong>Stefano Ciuoffo<\/strong> \u2013 che lasciano soddisfatti per il lavoro svolto dall&#8217;assessorato in questi cinque anni e che evidenziano un dinamismo del sistema imprenditoriale. Dinamismo che dovrebbe essere assunto anche come riferimento per la nuova fase di programmazione, dove le sfide principali, la transizione al digitale e all\u2019economia circolare, dovranno costituire il faro per le politiche di sostegno alle imprese, insieme a internazionalizzazione e credito. In questo senso, \u00e8 evidente che l\u2019importanza dell\u2019Europa passa e si rappresenta anche con questi segnali e con la determinazione a perseguire obiettivi di medio periodo per garantire e accompagnare la cres cita qualitativa e sostenibile dell\u2019economia regionale. \u00c8 utile fare un primo, per quanto non definitivo, bilancio della fase di programmazione in conclusione 2014\/20 e i dati di utilizzazione e spesa effettiva costituiscono un primo indice della efficienza e di verifica di una politica che ha intercettato la domanda. Adesso pi\u00f9 che mai occorre sostenere le imprese che con la crisi dettata dal coronavirus rischiano di vedere vanificati gli sforzi e le progettualit\u00e0 nelle quali avevano investito\u00bb.<\/p>\n<p><strong>L\u2019Unione Europea ha avviato il complesso e difficile confronto sulle prospettive finanziarie, cio\u00e8 il bilancio di previsione che guider\u00e0 le politiche europee per il settennio 2021-2027 e vi \u00e8 un gruppo di Paesi che non intende incrementare la dotazione oltre l\u20191% del Pil europeo<\/strong> \u00abcon una posizione al ribasso \u2013 annota Ciuoffo \u2013 che sicuramente non giova al futuro politico ed economico dell\u2019Europa. Anche nel nostro Paese le posizioni critiche nei confronti dell\u2019Europa sono presenti e talvolta, al di l\u00e0 degli inutili estremismi, sarebbe utile confrontarsi sui fatti. Ed un fatto che su cui riflettere \u00e8 che grazie alle politiche dell\u2019Unione europea molte risorse sono affluite sul territorio della Regione Toscana, ed in particolare a favore dello sviluppo socio-economico. E una parte significativa di queste risorse vedono come beneficiarie le imprese. Un volano essenziale per le Regioni che da anni vedono i propri bilanci ridursi per effetto dei tagli ai trasferimenti non sostituiti da un presunto o adeguato federalismo fiscale: non possiamo nascondere che le risorse che provengono dall\u2019Europa ed in particolare dai cosiddetti fondi strutturali rappresentano il cuore delle politiche industriali regionali, senza le quali ci troveremmo di fronte solo ad una politica nazionale, da molti evocata ma per anni latente\u00bb.<\/p>\n<p>In attesa della conclusione del negoziato sul bilancio dell\u2019Unione, si \u00e8 avviato il processo di programmazione nazionale: la Regione Toscana ha approvato un documento di indirizzi, il <strong>&#8220;Quadro strategico regionale&#8221;<\/strong>, presentato recentemente al Consiglio regionale e che nelle prossime settimane sar\u00e0 oggetto di un confronto partenariale.<\/p>\n","protected":false},"excerpt":{"rendered":"<p>Le migliori performance per capacit\u00e0 di spesa e allocazione delle risorse si registra in Toscana. Transizione al digitale ed economia circolare sono i primi obiettivi dell&#8217;imprenditorialit\u00e0 regionale<\/p>\n","protected":false},"author":525,"featured_media":97033,"comment_status":"open","ping_status":"open","sticky":false,"template":"","format":"standard","meta":{"_acf_changed":false,"footnotes":""},"categories":[9],"tags":[267,151],"class_list":["post-59595","post","type-post","status-publish","format-standard","has-post-thumbnail","hentry","category-made-in-toscana","tag-imprese","tag-regione-toscana"],"acf":[],"yoast_head":"<!-- This site is optimized with the Yoast SEO Premium plugin v24.2 (Yoast SEO v25.6) - https:\/\/yoast.com\/wordpress\/plugins\/seo\/ -->\n<title>Fondi europei, Toscana prima per capacit\u00e0 di spesa. Le nuove sfide - intoscana<\/title>\n<meta name=\"robots\" content=\"index, follow, max-snippet:-1, max-image-preview:large, max-video-preview:-1\" \/>\n<link rel=\"canonical\" href=\"https:\/\/www.intoscana.it\/it\/fondi-ue-performance\/\" \/>\n<meta property=\"og:locale\" content=\"it_IT\" \/>\n<meta property=\"og:type\" content=\"article\" \/>\n<meta property=\"og:title\" content=\"Fondi europei, Toscana prima per capacit\u00e0 di spesa. Le nuove sfide\" \/>\n<meta property=\"og:description\" content=\"Le migliori performance per capacit\u00e0 di spesa e allocazione delle risorse si registra in Toscana. Transizione al digitale ed economia circolare sono i primi obiettivi dell&#039;imprenditorialit\u00e0 regionale\" \/>\n<meta property=\"og:url\" content=\"https:\/\/www.intoscana.it\/it\/fondi-ue-performance\/\" \/>\n<meta property=\"og:site_name\" content=\"intoscana\" \/>\n<meta property=\"article:publisher\" content=\"https:\/\/www.facebook.com\/intoscana.it\" \/>\n<meta property=\"article:published_time\" content=\"2020-02-28T14:27:41+00:00\" \/>\n<meta property=\"article:modified_time\" content=\"2020-05-19T13:44:27+00:00\" \/>\n<meta property=\"og:image\" content=\"https:\/\/www.intoscana.it\/wp-content\/uploads\/economia-circolare-toscana.jpg\" \/>\n\t<meta property=\"og:image:width\" content=\"1000\" \/>\n\t<meta property=\"og:image:height\" content=\"667\" \/>\n\t<meta property=\"og:image:type\" content=\"image\/jpeg\" \/>\n<meta name=\"author\" content=\"Redazione\" \/>\n<meta name=\"twitter:card\" content=\"summary_large_image\" \/>\n<meta name=\"twitter:creator\" content=\"@intoscana\" \/>\n<meta name=\"twitter:site\" content=\"@intoscana\" \/>\n<meta name=\"twitter:label1\" content=\"Written by\" \/>\n\t<meta name=\"twitter:data1\" content=\"Redazione\" \/>\n\t<meta name=\"twitter:label2\" content=\"Est. reading time\" \/>\n\t<meta name=\"twitter:data2\" content=\"3 minuti\" \/>\n<script type=\"application\/ld+json\" class=\"yoast-schema-graph\">{\"@context\":\"https:\/\/schema.org\",\"@graph\":[{\"@type\":\"WebPage\",\"@id\":\"https:\/\/www.intoscana.it\/it\/fondi-ue-performance\/\",\"url\":\"https:\/\/www.intoscana.it\/it\/fondi-ue-performance\/\",\"name\":\"Fondi europei, Toscana prima per capacit\u00e0 di spesa. Le nuove sfide - intoscana\",\"isPartOf\":{\"@id\":\"https:\/\/www.intoscana.it\/it\/#website\"},\"primaryImageOfPage\":{\"@id\":\"https:\/\/www.intoscana.it\/it\/fondi-ue-performance\/#primaryimage\"},\"image\":{\"@id\":\"https:\/\/www.intoscana.it\/it\/fondi-ue-performance\/#primaryimage\"},\"thumbnailUrl\":\"https:\/\/www.intoscana.it\/wp-content\/uploads\/economia-circolare-toscana.jpg\",\"datePublished\":\"2020-02-28T14:27:41+00:00\",\"dateModified\":\"2020-05-19T13:44:27+00:00\",\"author\":{\"@id\":\"https:\/\/www.intoscana.it\/it\/#\/schema\/person\/9223810753230f20bd670fdd322661f8\"},\"breadcrumb\":{\"@id\":\"https:\/\/www.intoscana.it\/it\/fondi-ue-performance\/#breadcrumb\"},\"inLanguage\":\"it-IT\",\"potentialAction\":[{\"@type\":\"ReadAction\",\"target\":[\"https:\/\/www.intoscana.it\/it\/fondi-ue-performance\/\"]}]},{\"@type\":\"ImageObject\",\"inLanguage\":\"it-IT\",\"@id\":\"https:\/\/www.intoscana.it\/it\/fondi-ue-performance\/#primaryimage\",\"url\":\"https:\/\/www.intoscana.it\/wp-content\/uploads\/economia-circolare-toscana.jpg\",\"contentUrl\":\"https:\/\/www.intoscana.it\/wp-content\/uploads\/economia-circolare-toscana.jpg\",\"width\":1000,\"height\":667,\"caption\":\"Economia circolare\"},{\"@type\":\"BreadcrumbList\",\"@id\":\"https:\/\/www.intoscana.it\/it\/fondi-ue-performance\/#breadcrumb\",\"itemListElement\":[{\"@type\":\"ListItem\",\"position\":1,\"name\":\"Home\",\"item\":\"https:\/\/www.intoscana.it\/it\/\"},{\"@type\":\"ListItem\",\"position\":2,\"name\":\"Fondi europei, Toscana prima per capacit\u00e0 di spesa. Le nuove sfide\"}]},{\"@type\":\"WebSite\",\"@id\":\"https:\/\/www.intoscana.it\/it\/#website\",\"url\":\"https:\/\/www.intoscana.it\/it\/\",\"name\":\"intoscana\",\"description\":\"\",\"potentialAction\":[{\"@type\":\"SearchAction\",\"target\":{\"@type\":\"EntryPoint\",\"urlTemplate\":\"https:\/\/www.intoscana.it\/it\/?s={search_term_string}\"},\"query-input\":{\"@type\":\"PropertyValueSpecification\",\"valueRequired\":true,\"valueName\":\"search_term_string\"}}],\"inLanguage\":\"it-IT\"},{\"@type\":\"Person\",\"@id\":\"https:\/\/www.intoscana.it\/it\/#\/schema\/person\/9223810753230f20bd670fdd322661f8\",\"name\":\"Redazione\",\"url\":\"https:\/\/www.intoscana.it\/it\/author\/redazione\/\"}]}<\/script>\n<!-- \/ Yoast SEO Premium plugin. -->","yoast_head_json":{"title":"Fondi europei, Toscana prima per capacit\u00e0 di spesa. Le nuove sfide - intoscana","robots":{"index":"index","follow":"follow","max-snippet":"max-snippet:-1","max-image-preview":"max-image-preview:large","max-video-preview":"max-video-preview:-1"},"canonical":"https:\/\/www.intoscana.it\/it\/fondi-ue-performance\/","og_locale":"it_IT","og_type":"article","og_title":"Fondi europei, Toscana prima per capacit\u00e0 di spesa. Le nuove sfide","og_description":"Le migliori performance per capacit\u00e0 di spesa e allocazione delle risorse si registra in Toscana. Transizione al digitale ed economia circolare sono i primi obiettivi dell'imprenditorialit\u00e0 regionale","og_url":"https:\/\/www.intoscana.it\/it\/fondi-ue-performance\/","og_site_name":"intoscana","article_publisher":"https:\/\/www.facebook.com\/intoscana.it","article_published_time":"2020-02-28T14:27:41+00:00","article_modified_time":"2020-05-19T13:44:27+00:00","og_image":[{"width":1000,"height":667,"url":"https:\/\/www.intoscana.it\/wp-content\/uploads\/economia-circolare-toscana.jpg","type":"image\/jpeg"}],"author":"Redazione","twitter_card":"summary_large_image","twitter_creator":"@intoscana","twitter_site":"@intoscana","twitter_misc":{"Written by":"Redazione","Est. reading time":"3 minuti"},"schema":{"@context":"https:\/\/schema.org","@graph":[{"@type":"WebPage","@id":"https:\/\/www.intoscana.it\/it\/fondi-ue-performance\/","url":"https:\/\/www.intoscana.it\/it\/fondi-ue-performance\/","name":"Fondi europei, Toscana prima per capacit\u00e0 di spesa. Le nuove sfide - intoscana","isPartOf":{"@id":"https:\/\/www.intoscana.it\/it\/#website"},"primaryImageOfPage":{"@id":"https:\/\/www.intoscana.it\/it\/fondi-ue-performance\/#primaryimage"},"image":{"@id":"https:\/\/www.intoscana.it\/it\/fondi-ue-performance\/#primaryimage"},"thumbnailUrl":"https:\/\/www.intoscana.it\/wp-content\/uploads\/economia-circolare-toscana.jpg","datePublished":"2020-02-28T14:27:41+00:00","dateModified":"2020-05-19T13:44:27+00:00","author":{"@id":"https:\/\/www.intoscana.it\/it\/#\/schema\/person\/9223810753230f20bd670fdd322661f8"},"breadcrumb":{"@id":"https:\/\/www.intoscana.it\/it\/fondi-ue-performance\/#breadcrumb"},"inLanguage":"it-IT","potentialAction":[{"@type":"ReadAction","target":["https:\/\/www.intoscana.it\/it\/fondi-ue-performance\/"]}]},{"@type":"ImageObject","inLanguage":"it-IT","@id":"https:\/\/www.intoscana.it\/it\/fondi-ue-performance\/#primaryimage","url":"https:\/\/www.intoscana.it\/wp-content\/uploads\/economia-circolare-toscana.jpg","contentUrl":"https:\/\/www.intoscana.it\/wp-content\/uploads\/economia-circolare-toscana.jpg","width":1000,"height":667,"caption":"Economia circolare"},{"@type":"BreadcrumbList","@id":"https:\/\/www.intoscana.it\/it\/fondi-ue-performance\/#breadcrumb","itemListElement":[{"@type":"ListItem","position":1,"name":"Home","item":"https:\/\/www.intoscana.it\/it\/"},{"@type":"ListItem","position":2,"name":"Fondi europei, Toscana prima per capacit\u00e0 di spesa. Le nuove sfide"}]},{"@type":"WebSite","@id":"https:\/\/www.intoscana.it\/it\/#website","url":"https:\/\/www.intoscana.it\/it\/","name":"intoscana","description":"","potentialAction":[{"@type":"SearchAction","target":{"@type":"EntryPoint","urlTemplate":"https:\/\/www.intoscana.it\/it\/?s={search_term_string}"},"query-input":{"@type":"PropertyValueSpecification","valueRequired":true,"valueName":"search_term_string"}}],"inLanguage":"it-IT"},{"@type":"Person","@id":"https:\/\/www.intoscana.it\/it\/#\/schema\/person\/9223810753230f20bd670fdd322661f8","name":"Redazione","url":"https:\/\/www.intoscana.it\/it\/author\/redazione\/"}]}},"_links":{"self":[{"href":"https:\/\/www.intoscana.it\/it\/wp-json\/wp\/v2\/posts\/59595","targetHints":{"allow":["GET"]}}],"collection":[{"href":"https:\/\/www.intoscana.it\/it\/wp-json\/wp\/v2\/posts"}],"about":[{"href":"https:\/\/www.intoscana.it\/it\/wp-json\/wp\/v2\/types\/post"}],"author":[{"embeddable":true,"href":"https:\/\/www.intoscana.it\/it\/wp-json\/wp\/v2\/users\/525"}],"replies":[{"embeddable":true,"href":"https:\/\/www.intoscana.it\/it\/wp-json\/wp\/v2\/comments?post=59595"}],"version-history":[{"count":0,"href":"https:\/\/www.intoscana.it\/it\/wp-json\/wp\/v2\/posts\/59595\/revisions"}],"wp:featuredmedia":[{"embeddable":true,"href":"https:\/\/www.intoscana.it\/it\/wp-json\/wp\/v2\/media\/97033"}],"wp:attachment":[{"href":"https:\/\/www.intoscana.it\/it\/wp-json\/wp\/v2\/media?parent=59595"}],"wp:term":[{"taxonomy":"category","embeddable":true,"href":"https:\/\/www.intoscana.it\/it\/wp-json\/wp\/v2\/categories?post=59595"},{"taxonomy":"post_tag","embeddable":true,"href":"https:\/\/www.intoscana.it\/it\/wp-json\/wp\/v2\/tags?post=59595"}],"curies":[{"name":"wp","href":"https:\/\/api.w.org\/{rel}","templated":true}]}}