{"id":59596,"date":"2020-02-26T14:45:42","date_gmt":"2020-02-26T14:45:42","guid":{"rendered":"http:\/\/www.intoscana.it\/prato-capitale-delleconomia-circolare-con-il-festival-reco\/"},"modified":"2020-05-19T15:44:27","modified_gmt":"2020-05-19T13:44:27","slug":"reco-prato-2020","status":"publish","type":"post","link":"https:\/\/www.intoscana.it\/it\/reco-prato-2020\/","title":{"rendered":"Prato capitale dell\u2019economia circolare con il festival &#8216;Rec\u00f2&#8217;"},"content":{"rendered":"<p>La transizione all\u2019economia circolare, il ruolo delle citt\u00e0, le opportunit\u00e0 per imprese, famiglie, amministrazioni e il mondo della finanza. <strong>Torna &#8220;Rec\u00f2&#8221;, l\u2019unico festival in Toscana dedicato all\u2019economia circolare: la seconda edizione si terr\u00e0 dal 19 al 22 marzo 2020 in numerose location a Prato, con eventi collegati a Lucca e Santa Croce.<\/strong><\/p>\n<p><strong>Quattro giorni tra incontri, teatro, musica e spettacoli, incursioni nelle aziende del territorio e perfino una spa dedicata alle piante bisognose di rigenerarsi:<\/strong> il Green New Deal mondiale si discute nel distretto pratese, con i protagonisti di un movimento che passa attraverso riduzione degli sprechi, riutilizzo, riciclo, nuove modalit\u00e0 di business e consumo, ma anche un nuovo modo di approcciarsi allo scarto come risorsa di un modello economico alternativo.<\/p>\n<p>Il festival \u00e8 organizzato da Regione Toscana \u2013 Toscana Promozione Turistica con il coordinamento del Comune di Prato, con la direzione artistica di Alessandro Colombo: la Toscana con i suoi distretti circolari mostra il suo aspetto pi\u00f9 innovativo, un territorio della manifattura sostenibile che anticipa e definisce nuovi modelli.<\/p>\n<p><strong>La seconda edizione triplica, aprendo ad altri due distretti modello in Italia e in Europa:<\/strong> quello lucchese della carta e quello conciario di Santa Croce. Tanti gli ospiti in programma, tra filosofi, sociologi, imprenditori, scienziati, artisti e comici. Tra gli interventi da non perdere Cradle to cradle con Michael Braungart, considerato uno dei padri dell\u2019economia circolare (20 marzo, ore 14.30), La Toscana in rete per l\u2019economia circolare con il filosofo Aldo Colonetti (20 marzo, ore 15), Fashion revolution con Orsola de Castro, pioniera della moda sostenibile (20 marzo, ore 16), Progettare le citt\u00e0 del futuro, pi\u00f9 resilienti, leggere e circolari con Alfonso Femia, architetto autore di progetti visionari con AF517 e direttore della Biennale di Architettura di Pisa (21 marzo, ore 9), (In)civilt\u00e0 tecnologica con Nicola Armaroli, direttore delle ricerche al CNR (21 marzo, ore 15.30), Sostenibilit\u00e0 partigiana con Gad Lerner (21 marzo, ore 15.30) e Lo scenario 2020 e la sfida dell&#8217;Etica Aumentata con il sociologo Francesco Morace.<\/p>\n<p><strong>E ancora, talk tematici, degustazioni circolari come \u2018Pane Quotidiano\u2019, evento dedicato al pane che si terr\u00e0 al Refettorio Cicognini<\/strong> (21 marzo, ore 17), lo show tutto da ridere con Fabio Celenza, il doppiatore pi\u00f9 ironico di YouTube e Propaganda Live al Lanificio Mario Bellucci (21 marzo, ore 19), e sempre al Lanificio Bellucci la performance di Lorenzo Baglioni con \u201cBella prof\u201d sui temi della sostenibilit\u00e0 ed i cambiamenti climatici, il djset all\u2019Archivio Manteco con il chitarrista Riccardo Nori come special guest (21 marzo ore 22).<\/p>\n<p><strong>La domenica, spazio al turismo industriale con Open Factories un\u2019escursione nelle attivit\u00e0 produttive della citt\u00e0:<\/strong> si comincia dal Lanificio Balli in mattinata per spostarsi poi in \u201ccasa\u201d Beste e Gruppo Colle. Nel pomeriggio le visite saranno impreziosite dallo storytelling di Luca Scarlini all\u2019ex fabbrica Lucchesi, con &#8220;Sem Benelli in tutte le forme\u201d (22 marzo, ore 17) e dall\u2019esibizione \u2018Suite Prato\u2019 della violoncellista Naomi Berrill all\u2019Indigo Circular Cashmere (22 marzo, ore 19). Evento conclusivo da Gommatex Spalmati con video mapping e djset a cura di Spichisi (22 marzo ore 20).<\/p>\n<p><strong>Info e programma<\/strong><br \/><a href=\"http:\/\/www.recofestival.it\/\" target=\"_blank\" rel=\"noopener noreferrer\" class=\"broken_link\">www.recofestival.it<\/a><\/p>\n","protected":false},"excerpt":{"rendered":"<p>Quattro giorni di talk, laboratori, spettacoli e degustazioni sostenibili. Tra i protagonisti Michael Braungart, Gad Lerner e Edoardo Nesi. Dal 19 al 22 marzo<\/p>\n","protected":false},"author":525,"featured_media":97034,"comment_status":"open","ping_status":"open","sticky":false,"template":"","format":"standard","meta":{"_acf_changed":false,"footnotes":""},"categories":[9],"tags":[228],"class_list":["post-59596","post","type-post","status-publish","format-standard","has-post-thumbnail","hentry","category-made-in-toscana","tag-festival"],"acf":[],"yoast_head":"<!-- This site is optimized with the Yoast SEO Premium plugin v24.2 (Yoast SEO v25.6) - https:\/\/yoast.com\/wordpress\/plugins\/seo\/ -->\n<title>Prato capitale dell\u2019economia circolare con il festival &#039;Rec\u00f2&#039; - intoscana<\/title>\n<meta name=\"robots\" content=\"index, follow, max-snippet:-1, max-image-preview:large, max-video-preview:-1\" \/>\n<link rel=\"canonical\" href=\"https:\/\/www.intoscana.it\/it\/reco-prato-2020\/\" \/>\n<meta property=\"og:locale\" content=\"it_IT\" \/>\n<meta property=\"og:type\" content=\"article\" \/>\n<meta property=\"og:title\" content=\"Prato capitale dell\u2019economia circolare con il festival &#039;Rec\u00f2&#039;\" \/>\n<meta property=\"og:description\" content=\"Quattro giorni di talk, laboratori, spettacoli e degustazioni sostenibili. Tra i protagonisti Michael Braungart, Gad Lerner e Edoardo Nesi. Dal 19 al 22 marzo\" \/>\n<meta property=\"og:url\" content=\"https:\/\/www.intoscana.it\/it\/reco-prato-2020\/\" \/>\n<meta property=\"og:site_name\" content=\"intoscana\" \/>\n<meta property=\"article:publisher\" content=\"https:\/\/www.facebook.com\/intoscana.it\" \/>\n<meta property=\"article:published_time\" content=\"2020-02-26T14:45:42+00:00\" \/>\n<meta property=\"article:modified_time\" content=\"2020-05-19T13:44:27+00:00\" \/>\n<meta property=\"og:image\" content=\"https:\/\/www.intoscana.it\/wp-content\/uploads\/reco-festival-ph-fernando-guerra.jpg\" \/>\n\t<meta property=\"og:image:width\" content=\"1500\" \/>\n\t<meta property=\"og:image:height\" content=\"1001\" \/>\n\t<meta property=\"og:image:type\" content=\"image\/jpeg\" \/>\n<meta name=\"author\" content=\"Redazione\" \/>\n<meta name=\"twitter:card\" content=\"summary_large_image\" \/>\n<meta name=\"twitter:creator\" content=\"@intoscana\" \/>\n<meta name=\"twitter:site\" content=\"@intoscana\" \/>\n<meta name=\"twitter:label1\" content=\"Written by\" \/>\n\t<meta name=\"twitter:data1\" content=\"Redazione\" \/>\n\t<meta name=\"twitter:label2\" content=\"Est. reading time\" \/>\n\t<meta name=\"twitter:data2\" content=\"2 minuti\" \/>\n<script type=\"application\/ld+json\" class=\"yoast-schema-graph\">{\"@context\":\"https:\/\/schema.org\",\"@graph\":[{\"@type\":\"WebPage\",\"@id\":\"https:\/\/www.intoscana.it\/it\/reco-prato-2020\/\",\"url\":\"https:\/\/www.intoscana.it\/it\/reco-prato-2020\/\",\"name\":\"Prato capitale dell\u2019economia circolare con il festival 'Rec\u00f2' - intoscana\",\"isPartOf\":{\"@id\":\"https:\/\/www.intoscana.it\/it\/#website\"},\"primaryImageOfPage\":{\"@id\":\"https:\/\/www.intoscana.it\/it\/reco-prato-2020\/#primaryimage\"},\"image\":{\"@id\":\"https:\/\/www.intoscana.it\/it\/reco-prato-2020\/#primaryimage\"},\"thumbnailUrl\":\"https:\/\/www.intoscana.it\/wp-content\/uploads\/reco-festival-ph-fernando-guerra.jpg\",\"datePublished\":\"2020-02-26T14:45:42+00:00\",\"dateModified\":\"2020-05-19T13:44:27+00:00\",\"author\":{\"@id\":\"https:\/\/www.intoscana.it\/it\/#\/schema\/person\/9223810753230f20bd670fdd322661f8\"},\"breadcrumb\":{\"@id\":\"https:\/\/www.intoscana.it\/it\/reco-prato-2020\/#breadcrumb\"},\"inLanguage\":\"it-IT\",\"potentialAction\":[{\"@type\":\"ReadAction\",\"target\":[\"https:\/\/www.intoscana.it\/it\/reco-prato-2020\/\"]}]},{\"@type\":\"ImageObject\",\"inLanguage\":\"it-IT\",\"@id\":\"https:\/\/www.intoscana.it\/it\/reco-prato-2020\/#primaryimage\",\"url\":\"https:\/\/www.intoscana.it\/wp-content\/uploads\/reco-festival-ph-fernando-guerra.jpg\",\"contentUrl\":\"https:\/\/www.intoscana.it\/wp-content\/uploads\/reco-festival-ph-fernando-guerra.jpg\",\"width\":1500,\"height\":1001,\"caption\":\"Reco Festival\"},{\"@type\":\"BreadcrumbList\",\"@id\":\"https:\/\/www.intoscana.it\/it\/reco-prato-2020\/#breadcrumb\",\"itemListElement\":[{\"@type\":\"ListItem\",\"position\":1,\"name\":\"Home\",\"item\":\"https:\/\/www.intoscana.it\/it\/\"},{\"@type\":\"ListItem\",\"position\":2,\"name\":\"Prato capitale dell\u2019economia circolare con il festival &#8216;Rec\u00f2&#8217;\"}]},{\"@type\":\"WebSite\",\"@id\":\"https:\/\/www.intoscana.it\/it\/#website\",\"url\":\"https:\/\/www.intoscana.it\/it\/\",\"name\":\"intoscana\",\"description\":\"\",\"potentialAction\":[{\"@type\":\"SearchAction\",\"target\":{\"@type\":\"EntryPoint\",\"urlTemplate\":\"https:\/\/www.intoscana.it\/it\/?s={search_term_string}\"},\"query-input\":{\"@type\":\"PropertyValueSpecification\",\"valueRequired\":true,\"valueName\":\"search_term_string\"}}],\"inLanguage\":\"it-IT\"},{\"@type\":\"Person\",\"@id\":\"https:\/\/www.intoscana.it\/it\/#\/schema\/person\/9223810753230f20bd670fdd322661f8\",\"name\":\"Redazione\",\"url\":\"https:\/\/www.intoscana.it\/it\/author\/redazione\/\"}]}<\/script>\n<!-- \/ Yoast SEO Premium plugin. -->","yoast_head_json":{"title":"Prato capitale dell\u2019economia circolare con il festival 'Rec\u00f2' - intoscana","robots":{"index":"index","follow":"follow","max-snippet":"max-snippet:-1","max-image-preview":"max-image-preview:large","max-video-preview":"max-video-preview:-1"},"canonical":"https:\/\/www.intoscana.it\/it\/reco-prato-2020\/","og_locale":"it_IT","og_type":"article","og_title":"Prato capitale dell\u2019economia circolare con il festival 'Rec\u00f2'","og_description":"Quattro giorni di talk, laboratori, spettacoli e degustazioni sostenibili. Tra i protagonisti Michael Braungart, Gad Lerner e Edoardo Nesi. Dal 19 al 22 marzo","og_url":"https:\/\/www.intoscana.it\/it\/reco-prato-2020\/","og_site_name":"intoscana","article_publisher":"https:\/\/www.facebook.com\/intoscana.it","article_published_time":"2020-02-26T14:45:42+00:00","article_modified_time":"2020-05-19T13:44:27+00:00","og_image":[{"width":1500,"height":1001,"url":"https:\/\/www.intoscana.it\/wp-content\/uploads\/reco-festival-ph-fernando-guerra.jpg","type":"image\/jpeg"}],"author":"Redazione","twitter_card":"summary_large_image","twitter_creator":"@intoscana","twitter_site":"@intoscana","twitter_misc":{"Written by":"Redazione","Est. reading time":"2 minuti"},"schema":{"@context":"https:\/\/schema.org","@graph":[{"@type":"WebPage","@id":"https:\/\/www.intoscana.it\/it\/reco-prato-2020\/","url":"https:\/\/www.intoscana.it\/it\/reco-prato-2020\/","name":"Prato capitale dell\u2019economia circolare con il festival 'Rec\u00f2' - intoscana","isPartOf":{"@id":"https:\/\/www.intoscana.it\/it\/#website"},"primaryImageOfPage":{"@id":"https:\/\/www.intoscana.it\/it\/reco-prato-2020\/#primaryimage"},"image":{"@id":"https:\/\/www.intoscana.it\/it\/reco-prato-2020\/#primaryimage"},"thumbnailUrl":"https:\/\/www.intoscana.it\/wp-content\/uploads\/reco-festival-ph-fernando-guerra.jpg","datePublished":"2020-02-26T14:45:42+00:00","dateModified":"2020-05-19T13:44:27+00:00","author":{"@id":"https:\/\/www.intoscana.it\/it\/#\/schema\/person\/9223810753230f20bd670fdd322661f8"},"breadcrumb":{"@id":"https:\/\/www.intoscana.it\/it\/reco-prato-2020\/#breadcrumb"},"inLanguage":"it-IT","potentialAction":[{"@type":"ReadAction","target":["https:\/\/www.intoscana.it\/it\/reco-prato-2020\/"]}]},{"@type":"ImageObject","inLanguage":"it-IT","@id":"https:\/\/www.intoscana.it\/it\/reco-prato-2020\/#primaryimage","url":"https:\/\/www.intoscana.it\/wp-content\/uploads\/reco-festival-ph-fernando-guerra.jpg","contentUrl":"https:\/\/www.intoscana.it\/wp-content\/uploads\/reco-festival-ph-fernando-guerra.jpg","width":1500,"height":1001,"caption":"Reco Festival"},{"@type":"BreadcrumbList","@id":"https:\/\/www.intoscana.it\/it\/reco-prato-2020\/#breadcrumb","itemListElement":[{"@type":"ListItem","position":1,"name":"Home","item":"https:\/\/www.intoscana.it\/it\/"},{"@type":"ListItem","position":2,"name":"Prato capitale dell\u2019economia circolare con il festival &#8216;Rec\u00f2&#8217;"}]},{"@type":"WebSite","@id":"https:\/\/www.intoscana.it\/it\/#website","url":"https:\/\/www.intoscana.it\/it\/","name":"intoscana","description":"","potentialAction":[{"@type":"SearchAction","target":{"@type":"EntryPoint","urlTemplate":"https:\/\/www.intoscana.it\/it\/?s={search_term_string}"},"query-input":{"@type":"PropertyValueSpecification","valueRequired":true,"valueName":"search_term_string"}}],"inLanguage":"it-IT"},{"@type":"Person","@id":"https:\/\/www.intoscana.it\/it\/#\/schema\/person\/9223810753230f20bd670fdd322661f8","name":"Redazione","url":"https:\/\/www.intoscana.it\/it\/author\/redazione\/"}]}},"_links":{"self":[{"href":"https:\/\/www.intoscana.it\/it\/wp-json\/wp\/v2\/posts\/59596","targetHints":{"allow":["GET"]}}],"collection":[{"href":"https:\/\/www.intoscana.it\/it\/wp-json\/wp\/v2\/posts"}],"about":[{"href":"https:\/\/www.intoscana.it\/it\/wp-json\/wp\/v2\/types\/post"}],"author":[{"embeddable":true,"href":"https:\/\/www.intoscana.it\/it\/wp-json\/wp\/v2\/users\/525"}],"replies":[{"embeddable":true,"href":"https:\/\/www.intoscana.it\/it\/wp-json\/wp\/v2\/comments?post=59596"}],"version-history":[{"count":0,"href":"https:\/\/www.intoscana.it\/it\/wp-json\/wp\/v2\/posts\/59596\/revisions"}],"wp:featuredmedia":[{"embeddable":true,"href":"https:\/\/www.intoscana.it\/it\/wp-json\/wp\/v2\/media\/97034"}],"wp:attachment":[{"href":"https:\/\/www.intoscana.it\/it\/wp-json\/wp\/v2\/media?parent=59596"}],"wp:term":[{"taxonomy":"category","embeddable":true,"href":"https:\/\/www.intoscana.it\/it\/wp-json\/wp\/v2\/categories?post=59596"},{"taxonomy":"post_tag","embeddable":true,"href":"https:\/\/www.intoscana.it\/it\/wp-json\/wp\/v2\/tags?post=59596"}],"curies":[{"name":"wp","href":"https:\/\/api.w.org\/{rel}","templated":true}]}}