{"id":59666,"date":"2019-10-11T10:59:22","date_gmt":"2019-10-11T10:59:22","guid":{"rendered":"http:\/\/www.intoscana.it\/fiorentina-il-nuovo-centro-sportivo-sara-a-bagno-a-ripoli\/"},"modified":"2020-05-19T15:44:34","modified_gmt":"2020-05-19T13:44:34","slug":"fiorentina-bagno-ripoli","status":"publish","type":"post","link":"https:\/\/www.intoscana.it\/it\/fiorentina-bagno-ripoli\/","title":{"rendered":"Fiorentina: il nuovo centro sportivo sar\u00e0 a Bagno a Ripoli"},"content":{"rendered":"<p><strong>La Fiorentina ha scelto Bagno a Ripoli per la sua nuova casa e il centro sportivo.<\/strong> La casa viola &#8220;si estender\u00e0 su una superficie di circa 25 ettari e <strong>sar\u00e0 uno dei centri sportivi pi\u00f9 grandi in Italia<\/strong>, ospiter\u00e0 tutti gli uffici del club, i campi di allenamento della prima squadra maschile e femminile e quelli delle squadre giovanili&#8221;.<\/p>\n<p><strong>&#8220;Sono orgoglioso ed entusiasta &#8211; ha detto il presidente Rocco Commisso &#8211; di poter annunciare questa nuova pagina della storia del club.<\/strong> Dopo l&#8217;acquisizione della societ\u00e0 il 6 giugno del 2019, la campagna di rafforzamento della squadra e la sponsorizzazione attraverso Mediacom, facciamo un altro importantissimo investimento che riteniamo fondamentale per la crescita della Fiorentina realizzando un&#8217;opera che diverr\u00e0 patrimonio anche dei tifosi e del territorio&#8221;<\/p>\n<p><strong>I lavori per la costruzione del nuovo centro sportivo dovrebbero partire nei prossimi 12 mesi, ad occuparsi della realizzazione dell&#8217;opera sar\u00e0&nbsp;Marco Casamonti dello studio Archea associati<\/strong>.\u201cLa Fiorentina ha in mente un intervento che occuper\u00e0 un\u2019area di particolare bellezza dal punto di vista ambientale e paesaggistico &#8211; spiega Marco Casamonti &#8211; \u00e8 quindi logico che il progetto si ponga il tema dell\u2019armonia con il contesto naturale e con ogni elemento del futuro training center. Il nostro obiettivo \u00e8 di creare un centro tecnico all\u2019avanguardia che possa essere un riferimento per il mondo dello sport e per il territorio&#8221;.<\/p>\n<p><strong>\u201cNasce una nuova storia viola e siamo felici che parta da Bagno a Ripoli, \u00e8 una grande occasione per il nostro comune &#8211; ha commentato il sindaco Francesco Casini<\/strong> &#8211; si recupera e si valorizza una porzione di territorio di pregio, ma che oggi era a rischio degrado, con un\u2019idea progettuale che sar\u00e0 sostenibile, attenta al paesaggio e rispettosa dell\u2019ambiente.&#8221;<\/p>\n","protected":false},"excerpt":{"rendered":"<p>La casa viola si estender\u00e0 per 25 ettari: ospiter\u00e0 tutti gli edifici del club e i campi di allenamento per le squadre<\/p>\n","protected":false},"author":525,"featured_media":97104,"comment_status":"open","ping_status":"open","sticky":false,"template":"","format":"standard","meta":{"_acf_changed":false,"footnotes":""},"categories":[494,10],"tags":[290,199,159],"class_list":["post-59666","post","type-post","status-publish","format-standard","has-post-thumbnail","hentry","category-attualita","category-sport","tag-calcio","tag-fiorentina","tag-sport"],"acf":[],"yoast_head":"<!-- This site is optimized with the Yoast SEO Premium plugin v24.2 (Yoast SEO v25.6) - https:\/\/yoast.com\/wordpress\/plugins\/seo\/ -->\n<title>Fiorentina: il nuovo centro sportivo sar\u00e0 a Bagno a Ripoli - intoscana<\/title>\n<meta name=\"robots\" content=\"index, follow, max-snippet:-1, max-image-preview:large, max-video-preview:-1\" \/>\n<link rel=\"canonical\" href=\"https:\/\/www.intoscana.it\/it\/fiorentina-bagno-ripoli\/\" \/>\n<meta property=\"og:locale\" content=\"it_IT\" \/>\n<meta property=\"og:type\" content=\"article\" \/>\n<meta property=\"og:title\" content=\"Fiorentina: il nuovo centro sportivo sar\u00e0 a Bagno a Ripoli\" \/>\n<meta property=\"og:description\" content=\"La casa viola si estender\u00e0 per 25 ettari: ospiter\u00e0 tutti gli edifici del club e i campi di allenamento per le squadre\" \/>\n<meta property=\"og:url\" content=\"https:\/\/www.intoscana.it\/it\/fiorentina-bagno-ripoli\/\" \/>\n<meta property=\"og:site_name\" content=\"intoscana\" \/>\n<meta property=\"article:publisher\" content=\"https:\/\/www.facebook.com\/intoscana.it\" \/>\n<meta property=\"article:published_time\" content=\"2019-10-11T10:59:22+00:00\" \/>\n<meta property=\"article:modified_time\" content=\"2020-05-19T13:44:34+00:00\" \/>\n<meta property=\"og:image\" content=\"https:\/\/www.intoscana.it\/wp-content\/uploads\/bagno-a-ripoli-fiorentina.jpg\" \/>\n\t<meta property=\"og:image:width\" content=\"1200\" \/>\n\t<meta property=\"og:image:height\" content=\"600\" \/>\n\t<meta property=\"og:image:type\" content=\"image\/jpeg\" \/>\n<meta name=\"author\" content=\"Redazione\" \/>\n<meta name=\"twitter:card\" content=\"summary_large_image\" \/>\n<meta name=\"twitter:creator\" content=\"@intoscana\" \/>\n<meta name=\"twitter:site\" content=\"@intoscana\" \/>\n<meta name=\"twitter:label1\" content=\"Written by\" \/>\n\t<meta name=\"twitter:data1\" content=\"Redazione\" \/>\n\t<meta name=\"twitter:label2\" content=\"Est. reading time\" \/>\n\t<meta name=\"twitter:data2\" content=\"1 minuto\" \/>\n<script type=\"application\/ld+json\" class=\"yoast-schema-graph\">{\"@context\":\"https:\/\/schema.org\",\"@graph\":[{\"@type\":\"WebPage\",\"@id\":\"https:\/\/www.intoscana.it\/it\/fiorentina-bagno-ripoli\/\",\"url\":\"https:\/\/www.intoscana.it\/it\/fiorentina-bagno-ripoli\/\",\"name\":\"Fiorentina: il nuovo centro sportivo sar\u00e0 a Bagno a Ripoli - intoscana\",\"isPartOf\":{\"@id\":\"https:\/\/www.intoscana.it\/it\/#website\"},\"primaryImageOfPage\":{\"@id\":\"https:\/\/www.intoscana.it\/it\/fiorentina-bagno-ripoli\/#primaryimage\"},\"image\":{\"@id\":\"https:\/\/www.intoscana.it\/it\/fiorentina-bagno-ripoli\/#primaryimage\"},\"thumbnailUrl\":\"https:\/\/www.intoscana.it\/wp-content\/uploads\/bagno-a-ripoli-fiorentina.jpg\",\"datePublished\":\"2019-10-11T10:59:22+00:00\",\"dateModified\":\"2020-05-19T13:44:34+00:00\",\"author\":{\"@id\":\"https:\/\/www.intoscana.it\/it\/#\/schema\/person\/9223810753230f20bd670fdd322661f8\"},\"breadcrumb\":{\"@id\":\"https:\/\/www.intoscana.it\/it\/fiorentina-bagno-ripoli\/#breadcrumb\"},\"inLanguage\":\"it-IT\",\"potentialAction\":[{\"@type\":\"ReadAction\",\"target\":[\"https:\/\/www.intoscana.it\/it\/fiorentina-bagno-ripoli\/\"]}]},{\"@type\":\"ImageObject\",\"inLanguage\":\"it-IT\",\"@id\":\"https:\/\/www.intoscana.it\/it\/fiorentina-bagno-ripoli\/#primaryimage\",\"url\":\"https:\/\/www.intoscana.it\/wp-content\/uploads\/bagno-a-ripoli-fiorentina.jpg\",\"contentUrl\":\"https:\/\/www.intoscana.it\/wp-content\/uploads\/bagno-a-ripoli-fiorentina.jpg\",\"width\":1200,\"height\":600,\"caption\":\"Bagno a Ripoli\"},{\"@type\":\"BreadcrumbList\",\"@id\":\"https:\/\/www.intoscana.it\/it\/fiorentina-bagno-ripoli\/#breadcrumb\",\"itemListElement\":[{\"@type\":\"ListItem\",\"position\":1,\"name\":\"Home\",\"item\":\"https:\/\/www.intoscana.it\/it\/\"},{\"@type\":\"ListItem\",\"position\":2,\"name\":\"Fiorentina: il nuovo centro sportivo sar\u00e0 a Bagno a Ripoli\"}]},{\"@type\":\"WebSite\",\"@id\":\"https:\/\/www.intoscana.it\/it\/#website\",\"url\":\"https:\/\/www.intoscana.it\/it\/\",\"name\":\"intoscana\",\"description\":\"\",\"potentialAction\":[{\"@type\":\"SearchAction\",\"target\":{\"@type\":\"EntryPoint\",\"urlTemplate\":\"https:\/\/www.intoscana.it\/it\/?s={search_term_string}\"},\"query-input\":{\"@type\":\"PropertyValueSpecification\",\"valueRequired\":true,\"valueName\":\"search_term_string\"}}],\"inLanguage\":\"it-IT\"},{\"@type\":\"Person\",\"@id\":\"https:\/\/www.intoscana.it\/it\/#\/schema\/person\/9223810753230f20bd670fdd322661f8\",\"name\":\"Redazione\",\"url\":\"https:\/\/www.intoscana.it\/it\/author\/redazione\/\"}]}<\/script>\n<!-- \/ Yoast SEO Premium plugin. -->","yoast_head_json":{"title":"Fiorentina: il nuovo centro sportivo sar\u00e0 a Bagno a Ripoli - intoscana","robots":{"index":"index","follow":"follow","max-snippet":"max-snippet:-1","max-image-preview":"max-image-preview:large","max-video-preview":"max-video-preview:-1"},"canonical":"https:\/\/www.intoscana.it\/it\/fiorentina-bagno-ripoli\/","og_locale":"it_IT","og_type":"article","og_title":"Fiorentina: il nuovo centro sportivo sar\u00e0 a Bagno a Ripoli","og_description":"La casa viola si estender\u00e0 per 25 ettari: ospiter\u00e0 tutti gli edifici del club e i campi di allenamento per le squadre","og_url":"https:\/\/www.intoscana.it\/it\/fiorentina-bagno-ripoli\/","og_site_name":"intoscana","article_publisher":"https:\/\/www.facebook.com\/intoscana.it","article_published_time":"2019-10-11T10:59:22+00:00","article_modified_time":"2020-05-19T13:44:34+00:00","og_image":[{"width":1200,"height":600,"url":"https:\/\/www.intoscana.it\/wp-content\/uploads\/bagno-a-ripoli-fiorentina.jpg","type":"image\/jpeg"}],"author":"Redazione","twitter_card":"summary_large_image","twitter_creator":"@intoscana","twitter_site":"@intoscana","twitter_misc":{"Written by":"Redazione","Est. reading time":"1 minuto"},"schema":{"@context":"https:\/\/schema.org","@graph":[{"@type":"WebPage","@id":"https:\/\/www.intoscana.it\/it\/fiorentina-bagno-ripoli\/","url":"https:\/\/www.intoscana.it\/it\/fiorentina-bagno-ripoli\/","name":"Fiorentina: il nuovo centro sportivo sar\u00e0 a Bagno a Ripoli - intoscana","isPartOf":{"@id":"https:\/\/www.intoscana.it\/it\/#website"},"primaryImageOfPage":{"@id":"https:\/\/www.intoscana.it\/it\/fiorentina-bagno-ripoli\/#primaryimage"},"image":{"@id":"https:\/\/www.intoscana.it\/it\/fiorentina-bagno-ripoli\/#primaryimage"},"thumbnailUrl":"https:\/\/www.intoscana.it\/wp-content\/uploads\/bagno-a-ripoli-fiorentina.jpg","datePublished":"2019-10-11T10:59:22+00:00","dateModified":"2020-05-19T13:44:34+00:00","author":{"@id":"https:\/\/www.intoscana.it\/it\/#\/schema\/person\/9223810753230f20bd670fdd322661f8"},"breadcrumb":{"@id":"https:\/\/www.intoscana.it\/it\/fiorentina-bagno-ripoli\/#breadcrumb"},"inLanguage":"it-IT","potentialAction":[{"@type":"ReadAction","target":["https:\/\/www.intoscana.it\/it\/fiorentina-bagno-ripoli\/"]}]},{"@type":"ImageObject","inLanguage":"it-IT","@id":"https:\/\/www.intoscana.it\/it\/fiorentina-bagno-ripoli\/#primaryimage","url":"https:\/\/www.intoscana.it\/wp-content\/uploads\/bagno-a-ripoli-fiorentina.jpg","contentUrl":"https:\/\/www.intoscana.it\/wp-content\/uploads\/bagno-a-ripoli-fiorentina.jpg","width":1200,"height":600,"caption":"Bagno a Ripoli"},{"@type":"BreadcrumbList","@id":"https:\/\/www.intoscana.it\/it\/fiorentina-bagno-ripoli\/#breadcrumb","itemListElement":[{"@type":"ListItem","position":1,"name":"Home","item":"https:\/\/www.intoscana.it\/it\/"},{"@type":"ListItem","position":2,"name":"Fiorentina: il nuovo centro sportivo sar\u00e0 a Bagno a Ripoli"}]},{"@type":"WebSite","@id":"https:\/\/www.intoscana.it\/it\/#website","url":"https:\/\/www.intoscana.it\/it\/","name":"intoscana","description":"","potentialAction":[{"@type":"SearchAction","target":{"@type":"EntryPoint","urlTemplate":"https:\/\/www.intoscana.it\/it\/?s={search_term_string}"},"query-input":{"@type":"PropertyValueSpecification","valueRequired":true,"valueName":"search_term_string"}}],"inLanguage":"it-IT"},{"@type":"Person","@id":"https:\/\/www.intoscana.it\/it\/#\/schema\/person\/9223810753230f20bd670fdd322661f8","name":"Redazione","url":"https:\/\/www.intoscana.it\/it\/author\/redazione\/"}]}},"_links":{"self":[{"href":"https:\/\/www.intoscana.it\/it\/wp-json\/wp\/v2\/posts\/59666","targetHints":{"allow":["GET"]}}],"collection":[{"href":"https:\/\/www.intoscana.it\/it\/wp-json\/wp\/v2\/posts"}],"about":[{"href":"https:\/\/www.intoscana.it\/it\/wp-json\/wp\/v2\/types\/post"}],"author":[{"embeddable":true,"href":"https:\/\/www.intoscana.it\/it\/wp-json\/wp\/v2\/users\/525"}],"replies":[{"embeddable":true,"href":"https:\/\/www.intoscana.it\/it\/wp-json\/wp\/v2\/comments?post=59666"}],"version-history":[{"count":0,"href":"https:\/\/www.intoscana.it\/it\/wp-json\/wp\/v2\/posts\/59666\/revisions"}],"wp:featuredmedia":[{"embeddable":true,"href":"https:\/\/www.intoscana.it\/it\/wp-json\/wp\/v2\/media\/97104"}],"wp:attachment":[{"href":"https:\/\/www.intoscana.it\/it\/wp-json\/wp\/v2\/media?parent=59666"}],"wp:term":[{"taxonomy":"category","embeddable":true,"href":"https:\/\/www.intoscana.it\/it\/wp-json\/wp\/v2\/categories?post=59666"},{"taxonomy":"post_tag","embeddable":true,"href":"https:\/\/www.intoscana.it\/it\/wp-json\/wp\/v2\/tags?post=59666"}],"curies":[{"name":"wp","href":"https:\/\/api.w.org\/{rel}","templated":true}]}}