{"id":59962,"date":"2020-02-06T13:41:15","date_gmt":"2020-02-06T13:41:15","guid":{"rendered":"http:\/\/www.intoscana.it\/taste-a-firenze-torna-il-salone-delle-ecellenze-enogastronomiche\/"},"modified":"2020-05-19T15:44:45","modified_gmt":"2020-05-19T13:44:45","slug":"taste-2020","status":"publish","type":"post","link":"https:\/\/www.intoscana.it\/it\/taste-2020\/","title":{"rendered":"Taste: a Firenze torna il salone delle ecellenze enogastronomiche"},"content":{"rendered":"<p>Sar\u00e0 un vero <strong>viaggio nelle eccellenze eno-gastronomiche italiane Taste,<\/strong> la fiera organizzata da Pitti Immagine a Firenze che torna dal 7 al 9 marzo alla Stazione Leopolda. <strong>In scena ben 400 aziend<\/strong>e selezionate tra le migliori della Penisola.<\/p>\n<p><strong>Il tema di questa edizione \u00e8 &#8216;I love food&#8217;, ovvero la passione per il cibo raccontata dai suoi protagonisti.<\/strong> Il tema ispirer\u00e0 una grande installazione nel piazzale del Teatro del Maggio e verr\u00e0 declinato in una serie di incontri con vari ospiti. Si parler\u00e0 della seduzione che passa attraverso il cibo, della conservazione degli alimenti, la cucina degli avanzi, la scelta degli ingredienti, fino alle app che rimettono in circolo il cibo invenduto.<\/p>\n<p><img decoding=\"async\" alt=\"Taste\" style=\"width: 600px;\" title=\"Taste\" src=\"https:\/\/www.intoscana.it\/shared\/intoscana\/immagini\/generica\/2013\/03\/13\/93888dc98ac87626b92d55411f64e12c.jpg\" height=\"400\" \/><\/p>\n<p>A questa edizione <strong>saranno circa 50 le nuove aziende al debutto a Taste: new entries al salone selezionate tra le produzioni pi\u00f9 di nicchia e le storie pi\u00f9 autentiche<\/strong> &#8211; che esprimono un&#8217;attenzione particolare al recupero delle tradizioni del territorio, alle lavorazioni artigianali pi\u00f9 originali, alla tutela della biodiversit\u00e0 &#8211; e anche nuovi prodotti e accessori legati al kitchen design.<\/p>\n<p>&#8220;Ogni nuova edizione di Taste \u00e8 una dichiarazione d&#8217;amore per il cibo e per le sue mille sfaccettature &#8211; dice Agostino Poletto, direttore generale di Pitti Immagine &#8211; saranno tante le nuove aziende al debutto: selezionate con un lavoro certosino di scouting, sempre attento alle produzioni di nicchia, che raccontano appunto l&#8217;amore per il territorio e per le sue materie prime uniche&#8221;. Poi nel foyer del Teatro dell&#8217;Opera si discuter\u00e0 di gusto con incontri speciali, i Ring:<strong> si celebrer\u00e0 Pellegrino Artusi, si parler\u00e0 di sostenibilit\u00e0 nella produzione alimentare e della contaminazione in cucina.<\/strong><\/p>\n","protected":false},"excerpt":{"rendered":"<p>Sono 400 le aziende da tutta Italia che porteranno i loro prodotti all&#8217;evento organizzato da Pitti che si terr\u00e0 dal 7 al 9 marzo alla Leopolda<\/p>\n","protected":false},"author":525,"featured_media":97399,"comment_status":"open","ping_status":"open","sticky":false,"template":"","format":"standard","meta":{"_acf_changed":false,"footnotes":""},"categories":[8],"tags":[142,202,403],"class_list":["post-59962","post","type-post","status-publish","format-standard","has-post-thumbnail","hentry","category-enogastronomia","tag-enogastronomia","tag-firenze","tag-pitti-immagine"],"acf":[],"yoast_head":"<!-- This site is optimized with the Yoast SEO Premium plugin v24.2 (Yoast SEO v25.6) - https:\/\/yoast.com\/wordpress\/plugins\/seo\/ -->\n<title>Taste: a Firenze torna il salone delle ecellenze enogastronomiche - intoscana<\/title>\n<meta name=\"robots\" content=\"index, follow, max-snippet:-1, max-image-preview:large, max-video-preview:-1\" \/>\n<link rel=\"canonical\" href=\"https:\/\/www.intoscana.it\/it\/taste-2020\/\" \/>\n<meta property=\"og:locale\" content=\"it_IT\" \/>\n<meta property=\"og:type\" content=\"article\" \/>\n<meta property=\"og:title\" content=\"Taste: a Firenze torna il salone delle ecellenze enogastronomiche\" \/>\n<meta property=\"og:description\" content=\"Sono 400 le aziende da tutta Italia che porteranno i loro prodotti all&#039;evento organizzato da Pitti che si terr\u00e0 dal 7 al 9 marzo alla Leopolda\" \/>\n<meta property=\"og:url\" content=\"https:\/\/www.intoscana.it\/it\/taste-2020\/\" \/>\n<meta property=\"og:site_name\" content=\"intoscana\" \/>\n<meta property=\"article:publisher\" content=\"https:\/\/www.facebook.com\/intoscana.it\" \/>\n<meta property=\"article:published_time\" content=\"2020-02-06T13:41:15+00:00\" \/>\n<meta property=\"article:modified_time\" content=\"2020-05-19T13:44:45+00:00\" \/>\n<meta property=\"og:image\" content=\"https:\/\/www.intoscana.it\/wp-content\/uploads\/taste_2020.jpg\" \/>\n\t<meta property=\"og:image:width\" content=\"600\" \/>\n\t<meta property=\"og:image:height\" content=\"570\" \/>\n\t<meta property=\"og:image:type\" content=\"image\/jpeg\" \/>\n<meta name=\"author\" content=\"Redazione\" \/>\n<meta name=\"twitter:card\" content=\"summary_large_image\" \/>\n<meta name=\"twitter:creator\" content=\"@intoscana\" \/>\n<meta name=\"twitter:site\" content=\"@intoscana\" \/>\n<meta name=\"twitter:label1\" content=\"Written by\" \/>\n\t<meta name=\"twitter:data1\" content=\"Redazione\" \/>\n\t<meta name=\"twitter:label2\" content=\"Est. reading time\" \/>\n\t<meta name=\"twitter:data2\" content=\"1 minuto\" \/>\n<script type=\"application\/ld+json\" class=\"yoast-schema-graph\">{\"@context\":\"https:\/\/schema.org\",\"@graph\":[{\"@type\":\"WebPage\",\"@id\":\"https:\/\/www.intoscana.it\/it\/taste-2020\/\",\"url\":\"https:\/\/www.intoscana.it\/it\/taste-2020\/\",\"name\":\"Taste: a Firenze torna il salone delle ecellenze enogastronomiche - intoscana\",\"isPartOf\":{\"@id\":\"https:\/\/www.intoscana.it\/it\/#website\"},\"primaryImageOfPage\":{\"@id\":\"https:\/\/www.intoscana.it\/it\/taste-2020\/#primaryimage\"},\"image\":{\"@id\":\"https:\/\/www.intoscana.it\/it\/taste-2020\/#primaryimage\"},\"thumbnailUrl\":\"https:\/\/www.intoscana.it\/wp-content\/uploads\/taste_2020.jpg\",\"datePublished\":\"2020-02-06T13:41:15+00:00\",\"dateModified\":\"2020-05-19T13:44:45+00:00\",\"author\":{\"@id\":\"https:\/\/www.intoscana.it\/it\/#\/schema\/person\/9223810753230f20bd670fdd322661f8\"},\"breadcrumb\":{\"@id\":\"https:\/\/www.intoscana.it\/it\/taste-2020\/#breadcrumb\"},\"inLanguage\":\"it-IT\",\"potentialAction\":[{\"@type\":\"ReadAction\",\"target\":[\"https:\/\/www.intoscana.it\/it\/taste-2020\/\"]}]},{\"@type\":\"ImageObject\",\"inLanguage\":\"it-IT\",\"@id\":\"https:\/\/www.intoscana.it\/it\/taste-2020\/#primaryimage\",\"url\":\"https:\/\/www.intoscana.it\/wp-content\/uploads\/taste_2020.jpg\",\"contentUrl\":\"https:\/\/www.intoscana.it\/wp-content\/uploads\/taste_2020.jpg\",\"width\":600,\"height\":570},{\"@type\":\"BreadcrumbList\",\"@id\":\"https:\/\/www.intoscana.it\/it\/taste-2020\/#breadcrumb\",\"itemListElement\":[{\"@type\":\"ListItem\",\"position\":1,\"name\":\"Home\",\"item\":\"https:\/\/www.intoscana.it\/it\/\"},{\"@type\":\"ListItem\",\"position\":2,\"name\":\"Taste: a Firenze torna il salone delle ecellenze enogastronomiche\"}]},{\"@type\":\"WebSite\",\"@id\":\"https:\/\/www.intoscana.it\/it\/#website\",\"url\":\"https:\/\/www.intoscana.it\/it\/\",\"name\":\"intoscana\",\"description\":\"\",\"potentialAction\":[{\"@type\":\"SearchAction\",\"target\":{\"@type\":\"EntryPoint\",\"urlTemplate\":\"https:\/\/www.intoscana.it\/it\/?s={search_term_string}\"},\"query-input\":{\"@type\":\"PropertyValueSpecification\",\"valueRequired\":true,\"valueName\":\"search_term_string\"}}],\"inLanguage\":\"it-IT\"},{\"@type\":\"Person\",\"@id\":\"https:\/\/www.intoscana.it\/it\/#\/schema\/person\/9223810753230f20bd670fdd322661f8\",\"name\":\"Redazione\",\"url\":\"https:\/\/www.intoscana.it\/it\/author\/redazione\/\"}]}<\/script>\n<!-- \/ Yoast SEO Premium plugin. -->","yoast_head_json":{"title":"Taste: a Firenze torna il salone delle ecellenze enogastronomiche - intoscana","robots":{"index":"index","follow":"follow","max-snippet":"max-snippet:-1","max-image-preview":"max-image-preview:large","max-video-preview":"max-video-preview:-1"},"canonical":"https:\/\/www.intoscana.it\/it\/taste-2020\/","og_locale":"it_IT","og_type":"article","og_title":"Taste: a Firenze torna il salone delle ecellenze enogastronomiche","og_description":"Sono 400 le aziende da tutta Italia che porteranno i loro prodotti all'evento organizzato da Pitti che si terr\u00e0 dal 7 al 9 marzo alla Leopolda","og_url":"https:\/\/www.intoscana.it\/it\/taste-2020\/","og_site_name":"intoscana","article_publisher":"https:\/\/www.facebook.com\/intoscana.it","article_published_time":"2020-02-06T13:41:15+00:00","article_modified_time":"2020-05-19T13:44:45+00:00","og_image":[{"width":600,"height":570,"url":"https:\/\/www.intoscana.it\/wp-content\/uploads\/taste_2020.jpg","type":"image\/jpeg"}],"author":"Redazione","twitter_card":"summary_large_image","twitter_creator":"@intoscana","twitter_site":"@intoscana","twitter_misc":{"Written by":"Redazione","Est. reading time":"1 minuto"},"schema":{"@context":"https:\/\/schema.org","@graph":[{"@type":"WebPage","@id":"https:\/\/www.intoscana.it\/it\/taste-2020\/","url":"https:\/\/www.intoscana.it\/it\/taste-2020\/","name":"Taste: a Firenze torna il salone delle ecellenze enogastronomiche - intoscana","isPartOf":{"@id":"https:\/\/www.intoscana.it\/it\/#website"},"primaryImageOfPage":{"@id":"https:\/\/www.intoscana.it\/it\/taste-2020\/#primaryimage"},"image":{"@id":"https:\/\/www.intoscana.it\/it\/taste-2020\/#primaryimage"},"thumbnailUrl":"https:\/\/www.intoscana.it\/wp-content\/uploads\/taste_2020.jpg","datePublished":"2020-02-06T13:41:15+00:00","dateModified":"2020-05-19T13:44:45+00:00","author":{"@id":"https:\/\/www.intoscana.it\/it\/#\/schema\/person\/9223810753230f20bd670fdd322661f8"},"breadcrumb":{"@id":"https:\/\/www.intoscana.it\/it\/taste-2020\/#breadcrumb"},"inLanguage":"it-IT","potentialAction":[{"@type":"ReadAction","target":["https:\/\/www.intoscana.it\/it\/taste-2020\/"]}]},{"@type":"ImageObject","inLanguage":"it-IT","@id":"https:\/\/www.intoscana.it\/it\/taste-2020\/#primaryimage","url":"https:\/\/www.intoscana.it\/wp-content\/uploads\/taste_2020.jpg","contentUrl":"https:\/\/www.intoscana.it\/wp-content\/uploads\/taste_2020.jpg","width":600,"height":570},{"@type":"BreadcrumbList","@id":"https:\/\/www.intoscana.it\/it\/taste-2020\/#breadcrumb","itemListElement":[{"@type":"ListItem","position":1,"name":"Home","item":"https:\/\/www.intoscana.it\/it\/"},{"@type":"ListItem","position":2,"name":"Taste: a Firenze torna il salone delle ecellenze enogastronomiche"}]},{"@type":"WebSite","@id":"https:\/\/www.intoscana.it\/it\/#website","url":"https:\/\/www.intoscana.it\/it\/","name":"intoscana","description":"","potentialAction":[{"@type":"SearchAction","target":{"@type":"EntryPoint","urlTemplate":"https:\/\/www.intoscana.it\/it\/?s={search_term_string}"},"query-input":{"@type":"PropertyValueSpecification","valueRequired":true,"valueName":"search_term_string"}}],"inLanguage":"it-IT"},{"@type":"Person","@id":"https:\/\/www.intoscana.it\/it\/#\/schema\/person\/9223810753230f20bd670fdd322661f8","name":"Redazione","url":"https:\/\/www.intoscana.it\/it\/author\/redazione\/"}]}},"_links":{"self":[{"href":"https:\/\/www.intoscana.it\/it\/wp-json\/wp\/v2\/posts\/59962","targetHints":{"allow":["GET"]}}],"collection":[{"href":"https:\/\/www.intoscana.it\/it\/wp-json\/wp\/v2\/posts"}],"about":[{"href":"https:\/\/www.intoscana.it\/it\/wp-json\/wp\/v2\/types\/post"}],"author":[{"embeddable":true,"href":"https:\/\/www.intoscana.it\/it\/wp-json\/wp\/v2\/users\/525"}],"replies":[{"embeddable":true,"href":"https:\/\/www.intoscana.it\/it\/wp-json\/wp\/v2\/comments?post=59962"}],"version-history":[{"count":0,"href":"https:\/\/www.intoscana.it\/it\/wp-json\/wp\/v2\/posts\/59962\/revisions"}],"wp:featuredmedia":[{"embeddable":true,"href":"https:\/\/www.intoscana.it\/it\/wp-json\/wp\/v2\/media\/97399"}],"wp:attachment":[{"href":"https:\/\/www.intoscana.it\/it\/wp-json\/wp\/v2\/media?parent=59962"}],"wp:term":[{"taxonomy":"category","embeddable":true,"href":"https:\/\/www.intoscana.it\/it\/wp-json\/wp\/v2\/categories?post=59962"},{"taxonomy":"post_tag","embeddable":true,"href":"https:\/\/www.intoscana.it\/it\/wp-json\/wp\/v2\/tags?post=59962"}],"curies":[{"name":"wp","href":"https:\/\/api.w.org\/{rel}","templated":true}]}}