{"id":60003,"date":"2019-02-11T10:01:44","date_gmt":"2019-02-11T10:01:44","guid":{"rendered":"http:\/\/www.intoscana.it\/vino-nobile-di-montepulciano-in-fortezza-ha-preso-il-via-lanteprima\/"},"modified":"2020-05-18T10:15:28","modified_gmt":"2020-05-18T08:15:28","slug":"vino-nobile-di-montepulciano-in-fortezza-ha-preso-il-via-lanteprima","status":"publish","type":"post","link":"https:\/\/www.intoscana.it\/it\/vino-nobile-di-montepulciano-in-fortezza-ha-preso-il-via-lanteprima\/","title":{"rendered":"Vino Nobile di Montepulciano: in Fortezza ha preso il via l&#8217;Anteprima"},"content":{"rendered":"<p>\u00c8&nbsp;gi\u00e0 record per la nuova edizione dell\u2019<strong>Anteprima del Vino Nobile di Montepulcian<\/strong>o che ha preso il via <strong>sabato 9 febbraio nella Fortezza di Montepulciano<\/strong> con oltre la met\u00e0 dell\u2019intera denominazione, per far conoscere le nuove annate di vini in commercio da quest\u2019anno, <strong>il Vino Nobile 2016 (annata a 4 stelle) e la Riserva 2015<\/strong>. Gi\u00e0 dai preaccrediti si era superato il numero del precedente anno, confermato da una prima giornata di lavori affollata da tanti operatori e appassionati.<\/p>\n<p>&#8220;Un evento che rappresenta non solo un appuntamento per i produttori, ma una grande occasione per tutto il territorio \u2013 spiega<strong> il presidente del Consorzio, Piero Di Betto<\/strong> \u2013 che con <strong>oltre 3 mila presenze ogni anno rivive sia dal punto di vista dell\u2019economia turistica<\/strong> che da quello della promozione considerando che la maggior parte dei visitatori viene da fuori regione&#8221;.<\/p>\n\n<p>Oltre ai vini in degustazione tra le attivit\u00e0 in Fortezza\u00e8 stato presentato per la prima volta al pubblico il progetto <strong>Nobile Biking.<\/strong> Nato dalla collaborazione tra Urban Bikery, piccola startup toscana focalizzata sul noleggio di e-bike, ed il Consorzio del Vino Nobile di Montepulciano, <strong>Nobile Biking nasce con l\u2019obiettivo di raccontare per la prima volta, in modo innovativo, il trinomio vino &#8211; bici &#8211; territorio<\/strong> utilizzando strumenti di realt\u00e0 virtuale e tecnologici. I turisti di Montepulciano potranno noleggiare le bici di Urban Bikery e utilizzare<strong> lo smartphone presente sul manubrio della bici per farsi guidare dall\u2019App mobile alla scoperta dei migliori tour del vino<\/strong>. Al termine del percorso, l\u2019app generer\u00e0 in automatico un video ricordo della giornata che potr\u00e0 essere condiviso dagli utenti sui propri canali social. In vari punti dislocati sul territorio (ristoranti, agriturismi, b&amp;b) saranno inoltre consegnati dei <strong>Google Cardboard: dei veri e propri visori di realt\u00e0 virtuale economici, brandizzati Nobile Biking<\/strong>, in cui inserire dentro il proprio smartphone. L\u2019utente potr\u00e0 in questo modo provare in modo immersivo l\u2019esperienza Nobile Biking in qualunque posto si trovi. Ad affiancare i Google Cardboard ci saranno i corner fisici di Realt\u00e0 Virtuale, delle vere e proprie installazioni multimediali capaci di offrire un\u2019esperienza totalmente immersiva e indimenticabile.<\/p>\n<a class=\"fotogallery\" href=\"#modalgallery\" rel=\"modal:open\">sfoglia la gallery <i class=\"fas fa-chevron-right\"><\/i><\/a>\n    <div class=\"modal\" id=\"modalgallery\">\n        <div class=\"gallery\">\n          <div class=\"galleryimg\">\n            <div class=\"slidegallerybig\"> <div class=\"itemimg\">\n            <div class=\"wrapimg\">\n            <img decoding=\"async\" src=\"https:\/\/www.intoscana.it\/wp-content\/uploads\/anteprima-vino-nobile-primo-giorno-1.jpg\">\n            <\/div>\n            <\/div>\n            <\/div>\n          <\/div>\n          <div class=\"asidemenu\">\n            <div class=\"action\">\n              <div class=\"countlidegallery\"><\/div>\n              <div class=\"closegallery\" href=\"#modalgallery\" rel=\"modal:close\"><i class=\"far fa-times\"><\/i><\/div>\n            <\/div>\n            <div class=\"title\">\n              <h2>Vino Nobile di Montepulciano: in Fortezza ha preso il via l'Anteprima<\/h2>\n              <div class=\"socialarticolo\"> \n            <div class=\"contsocialico\">\n              <ul>\n                <li><a target=\"_blank\" href=\"https:\/\/www.facebook.com\/sharer\/sharer.php?u=https:\/\/www.intoscana.it\/it\/vino-nobile-di-montepulciano-in-fortezza-ha-preso-il-via-lanteprima\/\"> <i class=\"fab fa-facebook-f\"><\/i><\/a><\/li>\n                <li><a target=\"_blank\" href=\"https:\/\/twitter.com\/home?status=https:\/\/www.intoscana.it\/it\/vino-nobile-di-montepulciano-in-fortezza-ha-preso-il-via-lanteprima\/\"> <i class=\"fab fa-twitter\"><\/i><\/a><\/li>\n                <li>\n                  <div class=\"shareall\" target=\"_blank\" href=\"\"> <i class=\"fas fa-share-alt\"><\/i><\/div>\n                  <div class=\"sharemore\">\n                    <ul>\n                      <li><a target=\"_blank\" href=\"https:\/\/www.linkedin.com\/shareArticle?url=https:\/\/www.intoscana.it\/it\/vino-nobile-di-montepulciano-in-fortezza-ha-preso-il-via-lanteprima\/\"> <i class=\"fab fa-linkedin\"><\/i><\/a><\/li>\n                      <li><a target=\"_blank\" href=\"http:\/\/www.pinterest.com\/pin\/create\/bookmarklet\/?url=https:\/\/www.intoscana.it\/it\/vino-nobile-di-montepulciano-in-fortezza-ha-preso-il-via-lanteprima\/\"> <i class=\"fab fa-pinterest\"><\/i><\/a><\/li>\n                      <li><a target=\"_blank\" href=\"mailto?subject=Vino Nobile di Montepulciano: in Fortezza ha preso il via l&#039;Anteprima&body=https:\/\/www.intoscana.it\/it\/vino-nobile-di-montepulciano-in-fortezza-ha-preso-il-via-lanteprima\/\"> <i class=\"fas fa-envelope\"><\/i><\/a><\/li>\n                    <\/ul>\n                    <div class=\"closesharemore\">\n                    <i class=\"fas fa-times\"><\/i>\n                    <\/div>\n                  <\/div>\n                <\/li>\n              <\/ul>\n            <\/div>\n          <\/div>\n        <\/div>\n          <\/div>\n        <\/div>\n      <\/div>\n<p><strong>L\u2019Anteprima prosegue in fortezza luned\u00ec 11 febbraio<\/strong>, dalle 10.30 alle 18.30 con la giornata riservata agli operatori accreditati e su invito. <strong>Il 14 febbraio sar\u00e0 la vota della stampa internazionale<\/strong> (oltre 150 giornalisti da tutto il mondo) con la conferenza sul rating alla vendemmia 2018.<\/p>\n<p><strong>Per maggiori informazioni sull\u2019Anteprima, sugli eventi collaterali e sui pacchetti di soggiorno \u00e8 possibile consultare il sito <\/strong><a title=\"www.anteprimavinonobile.it\" href=\"http:\/\/www.anteprimavinonobile.it\" target=\"_blank\" rel=\"noopener noreferrer\"><strong>www.anteprimavinonobile.it<\/strong><\/a><\/p>\n<p>&nbsp;<\/p>\n","protected":false},"excerpt":{"rendered":"<p>Fino a luned\u00ec 11 febbraio la Fortezza ospiter\u00e0 centinaia di etichette in Anteprima per un&#8217;edizione che \u00e8 gi\u00e0 record<\/p>\n","protected":false},"author":525,"featured_media":97439,"comment_status":"open","ping_status":"open","sticky":false,"template":"","format":"standard","meta":{"_acf_changed":false,"footnotes":""},"categories":[8],"tags":[],"class_list":["post-60003","post","type-post","status-publish","format-standard","has-post-thumbnail","hentry","category-enogastronomia"],"acf":[],"yoast_head":"<!-- This site is optimized with the Yoast SEO Premium plugin v24.2 (Yoast SEO v25.6) - https:\/\/yoast.com\/wordpress\/plugins\/seo\/ -->\n<title>Vino Nobile di Montepulciano: in Fortezza ha preso il via l&#039;Anteprima - intoscana<\/title>\n<meta name=\"description\" content=\"Vino Nobile di Montepulciano: in Fortezza ha preso il via l&#039;Anteprima\" \/>\n<meta name=\"robots\" content=\"index, follow, max-snippet:-1, max-image-preview:large, max-video-preview:-1\" \/>\n<link rel=\"canonical\" href=\"https:\/\/www.intoscana.it\/it\/vino-nobile-di-montepulciano-in-fortezza-ha-preso-il-via-lanteprima\/\" \/>\n<meta property=\"og:locale\" content=\"it_IT\" \/>\n<meta property=\"og:type\" content=\"article\" \/>\n<meta property=\"og:title\" content=\"Vino Nobile di Montepulciano: in Fortezza ha preso il via l&#039;Anteprima\" \/>\n<meta property=\"og:description\" content=\"Vino Nobile di Montepulciano: in Fortezza ha preso il via l&#039;Anteprima\" \/>\n<meta property=\"og:url\" content=\"https:\/\/www.intoscana.it\/it\/vino-nobile-di-montepulciano-in-fortezza-ha-preso-il-via-lanteprima\/\" \/>\n<meta property=\"og:site_name\" content=\"intoscana\" \/>\n<meta property=\"article:publisher\" content=\"https:\/\/www.facebook.com\/intoscana.it\" \/>\n<meta property=\"article:published_time\" content=\"2019-02-11T10:01:44+00:00\" \/>\n<meta property=\"article:modified_time\" content=\"2020-05-18T08:15:28+00:00\" \/>\n<meta property=\"og:image\" content=\"https:\/\/www.intoscana.it\/wp-content\/uploads\/anteprima-vino-nobile-primo-giorno-2.jpg\" \/>\n\t<meta property=\"og:image:width\" content=\"2000\" \/>\n\t<meta property=\"og:image:height\" content=\"972\" \/>\n\t<meta property=\"og:image:type\" content=\"image\/jpeg\" \/>\n<meta name=\"author\" content=\"Redazione\" \/>\n<meta name=\"twitter:card\" content=\"summary_large_image\" \/>\n<meta name=\"twitter:creator\" content=\"@intoscana\" \/>\n<meta name=\"twitter:site\" content=\"@intoscana\" \/>\n<meta name=\"twitter:label1\" content=\"Written by\" \/>\n\t<meta name=\"twitter:data1\" content=\"Redazione\" \/>\n\t<meta name=\"twitter:label2\" content=\"Est. reading time\" \/>\n\t<meta name=\"twitter:data2\" content=\"2 minuti\" \/>\n<script type=\"application\/ld+json\" class=\"yoast-schema-graph\">{\"@context\":\"https:\/\/schema.org\",\"@graph\":[{\"@type\":\"WebPage\",\"@id\":\"https:\/\/www.intoscana.it\/it\/vino-nobile-di-montepulciano-in-fortezza-ha-preso-il-via-lanteprima\/\",\"url\":\"https:\/\/www.intoscana.it\/it\/vino-nobile-di-montepulciano-in-fortezza-ha-preso-il-via-lanteprima\/\",\"name\":\"Vino Nobile di Montepulciano: in Fortezza ha preso il via l'Anteprima - intoscana\",\"isPartOf\":{\"@id\":\"https:\/\/www.intoscana.it\/it\/#website\"},\"primaryImageOfPage\":{\"@id\":\"https:\/\/www.intoscana.it\/it\/vino-nobile-di-montepulciano-in-fortezza-ha-preso-il-via-lanteprima\/#primaryimage\"},\"image\":{\"@id\":\"https:\/\/www.intoscana.it\/it\/vino-nobile-di-montepulciano-in-fortezza-ha-preso-il-via-lanteprima\/#primaryimage\"},\"thumbnailUrl\":\"https:\/\/www.intoscana.it\/wp-content\/uploads\/anteprima-vino-nobile-primo-giorno-2.jpg\",\"datePublished\":\"2019-02-11T10:01:44+00:00\",\"dateModified\":\"2020-05-18T08:15:28+00:00\",\"author\":{\"@id\":\"https:\/\/www.intoscana.it\/it\/#\/schema\/person\/9223810753230f20bd670fdd322661f8\"},\"description\":\"Vino Nobile di Montepulciano: in Fortezza ha preso il via l'Anteprima\",\"breadcrumb\":{\"@id\":\"https:\/\/www.intoscana.it\/it\/vino-nobile-di-montepulciano-in-fortezza-ha-preso-il-via-lanteprima\/#breadcrumb\"},\"inLanguage\":\"it-IT\",\"potentialAction\":[{\"@type\":\"ReadAction\",\"target\":[\"https:\/\/www.intoscana.it\/it\/vino-nobile-di-montepulciano-in-fortezza-ha-preso-il-via-lanteprima\/\"]}]},{\"@type\":\"ImageObject\",\"inLanguage\":\"it-IT\",\"@id\":\"https:\/\/www.intoscana.it\/it\/vino-nobile-di-montepulciano-in-fortezza-ha-preso-il-via-lanteprima\/#primaryimage\",\"url\":\"https:\/\/www.intoscana.it\/wp-content\/uploads\/anteprima-vino-nobile-primo-giorno-2.jpg\",\"contentUrl\":\"https:\/\/www.intoscana.it\/wp-content\/uploads\/anteprima-vino-nobile-primo-giorno-2.jpg\",\"width\":2000,\"height\":972},{\"@type\":\"BreadcrumbList\",\"@id\":\"https:\/\/www.intoscana.it\/it\/vino-nobile-di-montepulciano-in-fortezza-ha-preso-il-via-lanteprima\/#breadcrumb\",\"itemListElement\":[{\"@type\":\"ListItem\",\"position\":1,\"name\":\"Home\",\"item\":\"https:\/\/www.intoscana.it\/it\/\"},{\"@type\":\"ListItem\",\"position\":2,\"name\":\"Vino Nobile di Montepulciano: in Fortezza ha preso il via l&#8217;Anteprima\"}]},{\"@type\":\"WebSite\",\"@id\":\"https:\/\/www.intoscana.it\/it\/#website\",\"url\":\"https:\/\/www.intoscana.it\/it\/\",\"name\":\"intoscana\",\"description\":\"\",\"potentialAction\":[{\"@type\":\"SearchAction\",\"target\":{\"@type\":\"EntryPoint\",\"urlTemplate\":\"https:\/\/www.intoscana.it\/it\/?s={search_term_string}\"},\"query-input\":{\"@type\":\"PropertyValueSpecification\",\"valueRequired\":true,\"valueName\":\"search_term_string\"}}],\"inLanguage\":\"it-IT\"},{\"@type\":\"Person\",\"@id\":\"https:\/\/www.intoscana.it\/it\/#\/schema\/person\/9223810753230f20bd670fdd322661f8\",\"name\":\"Redazione\",\"url\":\"https:\/\/www.intoscana.it\/it\/author\/redazione\/\"}]}<\/script>\n<!-- \/ Yoast SEO Premium plugin. -->","yoast_head_json":{"title":"Vino Nobile di Montepulciano: in Fortezza ha preso il via l'Anteprima - intoscana","description":"Vino Nobile di Montepulciano: in Fortezza ha preso il via l'Anteprima","robots":{"index":"index","follow":"follow","max-snippet":"max-snippet:-1","max-image-preview":"max-image-preview:large","max-video-preview":"max-video-preview:-1"},"canonical":"https:\/\/www.intoscana.it\/it\/vino-nobile-di-montepulciano-in-fortezza-ha-preso-il-via-lanteprima\/","og_locale":"it_IT","og_type":"article","og_title":"Vino Nobile di Montepulciano: in Fortezza ha preso il via l'Anteprima","og_description":"Vino Nobile di Montepulciano: in Fortezza ha preso il via l'Anteprima","og_url":"https:\/\/www.intoscana.it\/it\/vino-nobile-di-montepulciano-in-fortezza-ha-preso-il-via-lanteprima\/","og_site_name":"intoscana","article_publisher":"https:\/\/www.facebook.com\/intoscana.it","article_published_time":"2019-02-11T10:01:44+00:00","article_modified_time":"2020-05-18T08:15:28+00:00","og_image":[{"width":2000,"height":972,"url":"https:\/\/www.intoscana.it\/wp-content\/uploads\/anteprima-vino-nobile-primo-giorno-2.jpg","type":"image\/jpeg"}],"author":"Redazione","twitter_card":"summary_large_image","twitter_creator":"@intoscana","twitter_site":"@intoscana","twitter_misc":{"Written by":"Redazione","Est. reading time":"2 minuti"},"schema":{"@context":"https:\/\/schema.org","@graph":[{"@type":"WebPage","@id":"https:\/\/www.intoscana.it\/it\/vino-nobile-di-montepulciano-in-fortezza-ha-preso-il-via-lanteprima\/","url":"https:\/\/www.intoscana.it\/it\/vino-nobile-di-montepulciano-in-fortezza-ha-preso-il-via-lanteprima\/","name":"Vino Nobile di Montepulciano: in Fortezza ha preso il via l'Anteprima - intoscana","isPartOf":{"@id":"https:\/\/www.intoscana.it\/it\/#website"},"primaryImageOfPage":{"@id":"https:\/\/www.intoscana.it\/it\/vino-nobile-di-montepulciano-in-fortezza-ha-preso-il-via-lanteprima\/#primaryimage"},"image":{"@id":"https:\/\/www.intoscana.it\/it\/vino-nobile-di-montepulciano-in-fortezza-ha-preso-il-via-lanteprima\/#primaryimage"},"thumbnailUrl":"https:\/\/www.intoscana.it\/wp-content\/uploads\/anteprima-vino-nobile-primo-giorno-2.jpg","datePublished":"2019-02-11T10:01:44+00:00","dateModified":"2020-05-18T08:15:28+00:00","author":{"@id":"https:\/\/www.intoscana.it\/it\/#\/schema\/person\/9223810753230f20bd670fdd322661f8"},"description":"Vino Nobile di Montepulciano: in Fortezza ha preso il via l'Anteprima","breadcrumb":{"@id":"https:\/\/www.intoscana.it\/it\/vino-nobile-di-montepulciano-in-fortezza-ha-preso-il-via-lanteprima\/#breadcrumb"},"inLanguage":"it-IT","potentialAction":[{"@type":"ReadAction","target":["https:\/\/www.intoscana.it\/it\/vino-nobile-di-montepulciano-in-fortezza-ha-preso-il-via-lanteprima\/"]}]},{"@type":"ImageObject","inLanguage":"it-IT","@id":"https:\/\/www.intoscana.it\/it\/vino-nobile-di-montepulciano-in-fortezza-ha-preso-il-via-lanteprima\/#primaryimage","url":"https:\/\/www.intoscana.it\/wp-content\/uploads\/anteprima-vino-nobile-primo-giorno-2.jpg","contentUrl":"https:\/\/www.intoscana.it\/wp-content\/uploads\/anteprima-vino-nobile-primo-giorno-2.jpg","width":2000,"height":972},{"@type":"BreadcrumbList","@id":"https:\/\/www.intoscana.it\/it\/vino-nobile-di-montepulciano-in-fortezza-ha-preso-il-via-lanteprima\/#breadcrumb","itemListElement":[{"@type":"ListItem","position":1,"name":"Home","item":"https:\/\/www.intoscana.it\/it\/"},{"@type":"ListItem","position":2,"name":"Vino Nobile di Montepulciano: in Fortezza ha preso il via l&#8217;Anteprima"}]},{"@type":"WebSite","@id":"https:\/\/www.intoscana.it\/it\/#website","url":"https:\/\/www.intoscana.it\/it\/","name":"intoscana","description":"","potentialAction":[{"@type":"SearchAction","target":{"@type":"EntryPoint","urlTemplate":"https:\/\/www.intoscana.it\/it\/?s={search_term_string}"},"query-input":{"@type":"PropertyValueSpecification","valueRequired":true,"valueName":"search_term_string"}}],"inLanguage":"it-IT"},{"@type":"Person","@id":"https:\/\/www.intoscana.it\/it\/#\/schema\/person\/9223810753230f20bd670fdd322661f8","name":"Redazione","url":"https:\/\/www.intoscana.it\/it\/author\/redazione\/"}]}},"_links":{"self":[{"href":"https:\/\/www.intoscana.it\/it\/wp-json\/wp\/v2\/posts\/60003","targetHints":{"allow":["GET"]}}],"collection":[{"href":"https:\/\/www.intoscana.it\/it\/wp-json\/wp\/v2\/posts"}],"about":[{"href":"https:\/\/www.intoscana.it\/it\/wp-json\/wp\/v2\/types\/post"}],"author":[{"embeddable":true,"href":"https:\/\/www.intoscana.it\/it\/wp-json\/wp\/v2\/users\/525"}],"replies":[{"embeddable":true,"href":"https:\/\/www.intoscana.it\/it\/wp-json\/wp\/v2\/comments?post=60003"}],"version-history":[{"count":0,"href":"https:\/\/www.intoscana.it\/it\/wp-json\/wp\/v2\/posts\/60003\/revisions"}],"wp:featuredmedia":[{"embeddable":true,"href":"https:\/\/www.intoscana.it\/it\/wp-json\/wp\/v2\/media\/97439"}],"wp:attachment":[{"href":"https:\/\/www.intoscana.it\/it\/wp-json\/wp\/v2\/media?parent=60003"}],"wp:term":[{"taxonomy":"category","embeddable":true,"href":"https:\/\/www.intoscana.it\/it\/wp-json\/wp\/v2\/categories?post=60003"},{"taxonomy":"post_tag","embeddable":true,"href":"https:\/\/www.intoscana.it\/it\/wp-json\/wp\/v2\/tags?post=60003"}],"curies":[{"name":"wp","href":"https:\/\/api.w.org\/{rel}","templated":true}]}}