{"id":60152,"date":"2019-12-13T10:48:00","date_gmt":"2019-12-13T09:48:00","guid":{"rendered":"http:\/\/www.intoscana.it\/eatprato-winter-larte-pasticcera-invade-la-citta-e-entra-i-musei\/"},"modified":"2021-06-07T16:13:26","modified_gmt":"2021-06-07T14:13:26","slug":"eatprato-winter","status":"publish","type":"post","link":"https:\/\/www.intoscana.it\/it\/eatprato-winter\/","title":{"rendered":"EatPrato Winter: l&#8217;arte pasticcera invade la citt\u00e0 e entra i musei"},"content":{"rendered":"<p><strong>Questo weekend Prato svela il suo lato pi\u00f9 dolce e la rete di imprenditoria a tema con oltre 60 pasticcerie<\/strong>, biscottifici e forni presenti tra le mura trecentesche. <strong>Nel weekend del 14 e 15 dicembre la citt\u00e0 toscana ospita infatti <a href=\"http:\/\/www.eatprato.it\/\" target=\"_blank\" rel=\"noopener noreferrer\">eatPRATO Winter<\/a>, la manifestazione dedicata all\u2019arte della pasticceria<\/strong> con i pi\u00f9 talentuosi maestri pasticceri, le colazioni d&#8217;autore e i laboratori di arte bianca. Una costellazione di appuntamenti organizzati dal Comune di Prato e dalla Strada dei Vini di Carmignano e dei Sapori tipici pratesi che abbinano il food and wine alla cultura.<\/p>\n<p><strong>Quartier generale di esibizioni e degustazioni di pasticceria, laboratori di panetteria e biscotteria<\/strong> intorno ad un grande forno, lo splendido palazzo medievale sede del <strong>Museo Civico ricco di grandi opere, il Palazzo Pretorio<\/strong>, vero salotto di citt\u00e0. Anche gli itinerari golosi con visite guidate e degustazioni si dipanano tra ville e palazzi storici, chiese nel centro storico come nei dintorni.<\/p>\n<p><img decoding=\"async\" alt=\"eatPRATO \" style=\"width: 600px;\" title=\"eatPRATO \" src=\"https:\/\/www.intoscana.it\/shared\/intoscana\/immagini\/eatprato-immagine-coordinata-e-logo.jpeg\" height=\"261\" \/><\/p>\n<p><strong>L&#8217;anteprima vede protagonista venerd\u00ec 13 dicembre alle 18 il maestro pasticciere Paolo Sacchetti,<\/strong> da anni ai vertici dell&#8217;arte dolciaria italiana e unico &#8220;Tre Torte&#8221; (massimo riconoscimento del Gambero Rosso) della Toscana, che con un pastry show nel suo laboratorio lancia il nuovo dolce inedito eatPRATO Winter 2019 che andr\u00e0 ad arricchire la collezione di signature cake contemporanei rappresentativi della citt\u00e0. Ma non \u00e8 il solo a lanciare novit\u00e0: tra i protagonisti del party sabato e domenica dal pomeriggio alla notte, un campione del mondo, L<strong>uca Mannori, con una creazione mitica, il Pan Prato alla Mortadella di Prato, un raffinato panettone salato<\/strong> che si annuncia golosissimo e un dolce inedito attesissimo, Nuvola d&#8217;Oro il mio Pandoro, star del prossimo Natale.<\/p>\n<p><img decoding=\"async\" alt=\"eatprato\" style=\"width: 599px;\" title=\"eatprato\" src=\"https:\/\/www.intoscana.it\/shared\/intoscana\/immagini\/eatprato.jpg\" height=\"799\" \/><\/p>\n<p><strong>L&#8217;apice della golosit\u00e0 arriva con SweetPRATO Party, che si tiene sabato e domenica dalle 18 alle 22 di nella corte di Palazzo Pretorio: <\/strong>una rosa di proposte di pasticcieria dolce e salata in versione finger e al piatto, firmate dai dodici migliori pasticcieri pratesi, in abbinamento ai cocktail, sia alcolici che alcol free, realizzati sul posto e presentati dagli stessi bartender della citt\u00e0. <br \/><strong>Da non perdere anche le colazioni d&#8217;autore<\/strong>, che si terranno lungo il circuito di dieci delle pi\u00f9 note pasticcerie pratesi, ognuna delle quali proporr\u00e0 una colazione a tema: natalizia, a base di castagne, green, contadina, al cioccolato, francese.<\/p>\n","protected":false},"excerpt":{"rendered":"<p>Oltre 60 le pasticcerie, i biscottifici e i forni coinvolti nella kermesse che il 14 e 15 dicembre avr\u00e0 come quartiere generale delle degustazioni proprio Palazzo Pretorio<\/p>\n","protected":false},"author":525,"featured_media":97587,"comment_status":"open","ping_status":"open","sticky":false,"template":"","format":"standard","meta":{"_acf_changed":false,"footnotes":""},"categories":[8],"tags":[5886,142,259],"class_list":["post-60152","post","type-post","status-publish","format-standard","has-post-thumbnail","hentry","category-enogastronomia","tag-eatprato","tag-enogastronomia","tag-prato"],"acf":[],"yoast_head":"<!-- This site is optimized with the Yoast SEO Premium plugin v24.2 (Yoast SEO v25.6) - https:\/\/yoast.com\/wordpress\/plugins\/seo\/ -->\n<title>EatPrato Winter: l&#039;arte pasticcera invade la citt\u00e0 e entra i musei - intoscana<\/title>\n<meta name=\"robots\" content=\"index, follow, max-snippet:-1, max-image-preview:large, max-video-preview:-1\" \/>\n<link rel=\"canonical\" href=\"https:\/\/www.intoscana.it\/it\/eatprato-winter\/\" \/>\n<meta property=\"og:locale\" content=\"it_IT\" \/>\n<meta property=\"og:type\" content=\"article\" \/>\n<meta property=\"og:title\" content=\"EatPrato Winter: l&#039;arte pasticcera invade la citt\u00e0 e entra i musei\" \/>\n<meta property=\"og:description\" content=\"Oltre 60 le pasticcerie, i biscottifici e i forni coinvolti nella kermesse che il 14 e 15 dicembre avr\u00e0 come quartiere generale delle degustazioni proprio Palazzo Pretorio\" \/>\n<meta property=\"og:url\" content=\"https:\/\/www.intoscana.it\/it\/eatprato-winter\/\" \/>\n<meta property=\"og:site_name\" content=\"intoscana\" \/>\n<meta property=\"article:publisher\" content=\"https:\/\/www.facebook.com\/intoscana.it\" \/>\n<meta property=\"article:published_time\" content=\"2019-12-13T09:48:00+00:00\" \/>\n<meta property=\"article:modified_time\" content=\"2021-06-07T14:13:26+00:00\" \/>\n<meta property=\"og:image\" content=\"https:\/\/www.intoscana.it\/wp-content\/uploads\/eatprato-cantuccini.jpg\" \/>\n\t<meta property=\"og:image:width\" content=\"1440\" \/>\n\t<meta property=\"og:image:height\" content=\"1080\" \/>\n\t<meta property=\"og:image:type\" content=\"image\/jpeg\" \/>\n<meta name=\"author\" content=\"Redazione\" \/>\n<meta name=\"twitter:card\" content=\"summary_large_image\" \/>\n<meta name=\"twitter:creator\" content=\"@intoscana\" \/>\n<meta name=\"twitter:site\" content=\"@intoscana\" \/>\n<meta name=\"twitter:label1\" content=\"Written by\" \/>\n\t<meta name=\"twitter:data1\" content=\"Redazione\" \/>\n\t<meta name=\"twitter:label2\" content=\"Est. reading time\" \/>\n\t<meta name=\"twitter:data2\" content=\"2 minuti\" \/>\n<script type=\"application\/ld+json\" class=\"yoast-schema-graph\">{\"@context\":\"https:\/\/schema.org\",\"@graph\":[{\"@type\":\"WebPage\",\"@id\":\"https:\/\/www.intoscana.it\/it\/eatprato-winter\/\",\"url\":\"https:\/\/www.intoscana.it\/it\/eatprato-winter\/\",\"name\":\"EatPrato Winter: l'arte pasticcera invade la citt\u00e0 e entra i musei - intoscana\",\"isPartOf\":{\"@id\":\"https:\/\/www.intoscana.it\/it\/#website\"},\"primaryImageOfPage\":{\"@id\":\"https:\/\/www.intoscana.it\/it\/eatprato-winter\/#primaryimage\"},\"image\":{\"@id\":\"https:\/\/www.intoscana.it\/it\/eatprato-winter\/#primaryimage\"},\"thumbnailUrl\":\"https:\/\/www.intoscana.it\/wp-content\/uploads\/eatprato-cantuccini.jpg\",\"datePublished\":\"2019-12-13T09:48:00+00:00\",\"dateModified\":\"2021-06-07T14:13:26+00:00\",\"author\":{\"@id\":\"https:\/\/www.intoscana.it\/it\/#\/schema\/person\/9223810753230f20bd670fdd322661f8\"},\"breadcrumb\":{\"@id\":\"https:\/\/www.intoscana.it\/it\/eatprato-winter\/#breadcrumb\"},\"inLanguage\":\"it-IT\",\"potentialAction\":[{\"@type\":\"ReadAction\",\"target\":[\"https:\/\/www.intoscana.it\/it\/eatprato-winter\/\"]}]},{\"@type\":\"ImageObject\",\"inLanguage\":\"it-IT\",\"@id\":\"https:\/\/www.intoscana.it\/it\/eatprato-winter\/#primaryimage\",\"url\":\"https:\/\/www.intoscana.it\/wp-content\/uploads\/eatprato-cantuccini.jpg\",\"contentUrl\":\"https:\/\/www.intoscana.it\/wp-content\/uploads\/eatprato-cantuccini.jpg\",\"width\":1440,\"height\":1080},{\"@type\":\"BreadcrumbList\",\"@id\":\"https:\/\/www.intoscana.it\/it\/eatprato-winter\/#breadcrumb\",\"itemListElement\":[{\"@type\":\"ListItem\",\"position\":1,\"name\":\"Home\",\"item\":\"https:\/\/www.intoscana.it\/it\/\"},{\"@type\":\"ListItem\",\"position\":2,\"name\":\"EatPrato Winter: l&#8217;arte pasticcera invade la citt\u00e0 e entra i musei\"}]},{\"@type\":\"WebSite\",\"@id\":\"https:\/\/www.intoscana.it\/it\/#website\",\"url\":\"https:\/\/www.intoscana.it\/it\/\",\"name\":\"intoscana\",\"description\":\"\",\"potentialAction\":[{\"@type\":\"SearchAction\",\"target\":{\"@type\":\"EntryPoint\",\"urlTemplate\":\"https:\/\/www.intoscana.it\/it\/?s={search_term_string}\"},\"query-input\":{\"@type\":\"PropertyValueSpecification\",\"valueRequired\":true,\"valueName\":\"search_term_string\"}}],\"inLanguage\":\"it-IT\"},{\"@type\":\"Person\",\"@id\":\"https:\/\/www.intoscana.it\/it\/#\/schema\/person\/9223810753230f20bd670fdd322661f8\",\"name\":\"Redazione\",\"url\":\"https:\/\/www.intoscana.it\/it\/author\/redazione\/\"}]}<\/script>\n<!-- \/ Yoast SEO Premium plugin. -->","yoast_head_json":{"title":"EatPrato Winter: l'arte pasticcera invade la citt\u00e0 e entra i musei - intoscana","robots":{"index":"index","follow":"follow","max-snippet":"max-snippet:-1","max-image-preview":"max-image-preview:large","max-video-preview":"max-video-preview:-1"},"canonical":"https:\/\/www.intoscana.it\/it\/eatprato-winter\/","og_locale":"it_IT","og_type":"article","og_title":"EatPrato Winter: l'arte pasticcera invade la citt\u00e0 e entra i musei","og_description":"Oltre 60 le pasticcerie, i biscottifici e i forni coinvolti nella kermesse che il 14 e 15 dicembre avr\u00e0 come quartiere generale delle degustazioni proprio Palazzo Pretorio","og_url":"https:\/\/www.intoscana.it\/it\/eatprato-winter\/","og_site_name":"intoscana","article_publisher":"https:\/\/www.facebook.com\/intoscana.it","article_published_time":"2019-12-13T09:48:00+00:00","article_modified_time":"2021-06-07T14:13:26+00:00","og_image":[{"width":1440,"height":1080,"url":"https:\/\/www.intoscana.it\/wp-content\/uploads\/eatprato-cantuccini.jpg","type":"image\/jpeg"}],"author":"Redazione","twitter_card":"summary_large_image","twitter_creator":"@intoscana","twitter_site":"@intoscana","twitter_misc":{"Written by":"Redazione","Est. reading time":"2 minuti"},"schema":{"@context":"https:\/\/schema.org","@graph":[{"@type":"WebPage","@id":"https:\/\/www.intoscana.it\/it\/eatprato-winter\/","url":"https:\/\/www.intoscana.it\/it\/eatprato-winter\/","name":"EatPrato Winter: l'arte pasticcera invade la citt\u00e0 e entra i musei - intoscana","isPartOf":{"@id":"https:\/\/www.intoscana.it\/it\/#website"},"primaryImageOfPage":{"@id":"https:\/\/www.intoscana.it\/it\/eatprato-winter\/#primaryimage"},"image":{"@id":"https:\/\/www.intoscana.it\/it\/eatprato-winter\/#primaryimage"},"thumbnailUrl":"https:\/\/www.intoscana.it\/wp-content\/uploads\/eatprato-cantuccini.jpg","datePublished":"2019-12-13T09:48:00+00:00","dateModified":"2021-06-07T14:13:26+00:00","author":{"@id":"https:\/\/www.intoscana.it\/it\/#\/schema\/person\/9223810753230f20bd670fdd322661f8"},"breadcrumb":{"@id":"https:\/\/www.intoscana.it\/it\/eatprato-winter\/#breadcrumb"},"inLanguage":"it-IT","potentialAction":[{"@type":"ReadAction","target":["https:\/\/www.intoscana.it\/it\/eatprato-winter\/"]}]},{"@type":"ImageObject","inLanguage":"it-IT","@id":"https:\/\/www.intoscana.it\/it\/eatprato-winter\/#primaryimage","url":"https:\/\/www.intoscana.it\/wp-content\/uploads\/eatprato-cantuccini.jpg","contentUrl":"https:\/\/www.intoscana.it\/wp-content\/uploads\/eatprato-cantuccini.jpg","width":1440,"height":1080},{"@type":"BreadcrumbList","@id":"https:\/\/www.intoscana.it\/it\/eatprato-winter\/#breadcrumb","itemListElement":[{"@type":"ListItem","position":1,"name":"Home","item":"https:\/\/www.intoscana.it\/it\/"},{"@type":"ListItem","position":2,"name":"EatPrato Winter: l&#8217;arte pasticcera invade la citt\u00e0 e entra i musei"}]},{"@type":"WebSite","@id":"https:\/\/www.intoscana.it\/it\/#website","url":"https:\/\/www.intoscana.it\/it\/","name":"intoscana","description":"","potentialAction":[{"@type":"SearchAction","target":{"@type":"EntryPoint","urlTemplate":"https:\/\/www.intoscana.it\/it\/?s={search_term_string}"},"query-input":{"@type":"PropertyValueSpecification","valueRequired":true,"valueName":"search_term_string"}}],"inLanguage":"it-IT"},{"@type":"Person","@id":"https:\/\/www.intoscana.it\/it\/#\/schema\/person\/9223810753230f20bd670fdd322661f8","name":"Redazione","url":"https:\/\/www.intoscana.it\/it\/author\/redazione\/"}]}},"_links":{"self":[{"href":"https:\/\/www.intoscana.it\/it\/wp-json\/wp\/v2\/posts\/60152","targetHints":{"allow":["GET"]}}],"collection":[{"href":"https:\/\/www.intoscana.it\/it\/wp-json\/wp\/v2\/posts"}],"about":[{"href":"https:\/\/www.intoscana.it\/it\/wp-json\/wp\/v2\/types\/post"}],"author":[{"embeddable":true,"href":"https:\/\/www.intoscana.it\/it\/wp-json\/wp\/v2\/users\/525"}],"replies":[{"embeddable":true,"href":"https:\/\/www.intoscana.it\/it\/wp-json\/wp\/v2\/comments?post=60152"}],"version-history":[{"count":0,"href":"https:\/\/www.intoscana.it\/it\/wp-json\/wp\/v2\/posts\/60152\/revisions"}],"wp:featuredmedia":[{"embeddable":true,"href":"https:\/\/www.intoscana.it\/it\/wp-json\/wp\/v2\/media\/97587"}],"wp:attachment":[{"href":"https:\/\/www.intoscana.it\/it\/wp-json\/wp\/v2\/media?parent=60152"}],"wp:term":[{"taxonomy":"category","embeddable":true,"href":"https:\/\/www.intoscana.it\/it\/wp-json\/wp\/v2\/categories?post=60152"},{"taxonomy":"post_tag","embeddable":true,"href":"https:\/\/www.intoscana.it\/it\/wp-json\/wp\/v2\/tags?post=60152"}],"curies":[{"name":"wp","href":"https:\/\/api.w.org\/{rel}","templated":true}]}}