{"id":60194,"date":"2019-06-03T14:53:32","date_gmt":"2019-06-03T14:53:32","guid":{"rendered":"http:\/\/www.intoscana.it\/tutto-pronto-a-siena-per-la-prima-edizione-di-buyfood-toscana\/"},"modified":"2020-05-18T10:16:25","modified_gmt":"2020-05-18T08:16:25","slug":"tutto-pronto-a-siena-per-la-prima-edizione-di-buyfood-toscana","status":"publish","type":"post","link":"https:\/\/www.intoscana.it\/it\/tutto-pronto-a-siena-per-la-prima-edizione-di-buyfood-toscana\/","title":{"rendered":"Tutto pronto a Siena per la prima edizione di BuyFood Toscana"},"content":{"rendered":"<p>In arrivo a Siena la prima edizione di <strong>BuyFood Toscana<\/strong>, vetrina internazionale dedicata ai <strong>prodotti Dop, Igp e Agriqualit\u00e0 <\/strong>della regione, veri e propri ambasciatori del gusto toscano in Italia e all\u2019estero. Oltre <strong>50 i buyer<\/strong> <strong>attesi da tutto il mondo<\/strong> nel Complesso di Santa Maria della Scala, prestigiosa location che ospita l\u2019evento (riservato esclusivamente agli addetti ai lavori, buyer e stampa). La giornata si snoda secondo un fitto calendario di appuntamenti che vedr\u00e0 i buyer interagire con le <strong>50 aziende <\/strong>presenti insieme ai<strong> 16 Consorzi e Associazioni di tutela. <\/strong>Previsti anche momenti di approfondimento che vedranno la presentazione di ricerche esclusive e il talk show condotto da Luisanna Messeri che avr\u00e0 per protagonisti i consorzi e i loro prodotti, interpretati da chef e originali testimonial. L\u2019edizione zero di BuyFood Toscana \u00e8 organizzata dalla <strong>Regione Toscana<\/strong> in collaborazione con <strong>PromoFirenze<\/strong>, azienda speciale della Camera di Commercio di Firenze, grazie alla collaborazione del <strong>Comune di Siena<\/strong> e al supporto della <strong>Fondazione Qualivita.<\/strong> L&#8217;evento si avvale della sinergia di <strong>Vetrina Toscana<\/strong>, il progetto di Regione e Unioncamere Toscana che promuove ristoranti e botteghe che utilizzano prodotti tipici del territorio toscano.<\/p>\n<p>La <strong>Toscana<\/strong> \u00e8 una delle regioni pi\u00f9 apprezzate per la sua offerta agroalimentare. Vanta ben <strong>16 DOP e 15 IGP <\/strong>che la piazzano <strong>al primo posto <\/strong>insieme al Veneto<strong> per numero di riconoscimenti (ma che, sommati alle 58 DOP e IGP dei vini, la pongono al primo posto in Italia).<\/strong> 31 prodotti unici che, proprio per la loro eccellenza, hanno ottenuto il riconoscimento dall\u2019Unione Europea, che ne garantisce caratteristiche inimitabili e fortemente legate al territorio di produzione. <strong>Ma quanto vale la Toscana delle eccellenze agroalimentari?<\/strong> Secondo i dati <strong>Ismea <\/strong>elaborati per BuyFood Toscana 2019 il valore \u00e8 pari a <strong>111 milioni di euro <\/strong>(9a regione d\u2019Italia), escludendo il comparto (assai rilevante) del settore panetteria e pasticceria che, secondo una stima, potrebbe portare il totale a <strong>130 milioni di euro. <\/strong>A livello di singola provincia toscana, la pi\u00f9 importante in termini di valore prodotto in ambito delle indicazioni geografiche e denominazioni di origine toscane del food (indicate come \u201cIG\u201d) risulta essere <strong>Grosseto<\/strong> con 35 milioni di euro, seguita da <strong>Siena<\/strong> con 24 milioni di euro e <strong>Arezzo<\/strong> con 18 milioni di euro. Interessante anche il dato sull\u2019<strong>export <\/strong>delle IG: ha un valore totale stimato di quasi <strong>50 milioni di euro<\/strong>. I principali mercati di destinazione sono <strong>USA<\/strong> (38%), <strong>Germania<\/strong> (21%), <strong>UK<\/strong> (13%), <strong>Canada <\/strong>(5%) e <strong>Giappone<\/strong> (3%). Queste cinque destinazioni coprono l\u201980% dell\u2019export.<\/p>\n<p>&nbsp;<\/p>\n\n<p>&nbsp;<\/p>\n<p>Per l\u2019occasione la <strong>citt\u00e0 di Siena<\/strong>, contagiata dal clima di BuyFood,<strong> propone \u201cFuori BuyFood\u201d, <\/strong>un\u2019opportunit\u00e0 unica dedicata a residenti e turisti di provare piatti speciali e menu a tema. Grazie alla collaborazione di <strong>Fipe Confcommercio e Confesercenti <\/strong>con il coordinamento della<strong>Fondazione Qualivita,<\/strong> <strong>da venerd\u00ec 7 a domenica 9 giugno 31 ristoranti<\/strong> (di cui 9 del progetto Vetrina Toscana) aderenti alle due associazioni di categoria offriranno <strong>degustazioni e speciali menu<\/strong> con l\u2019obiettivo di amplificare la promozione dei prodotti agroalimentari DOP, IGP e Agriqualit\u00e0 della Toscana. Gli originali piatti proposti, pensati per accontentare anche i palati pi\u00f9 esigenti e conditi con olio extravergine Toscano Igp, spaziano dalla pi\u00f9 classica pappa al pomodoro a particolari preparazioni a base di Zafferano di San Gimignano Dop, dal carpaccio di Cinta Senese Dop alla mousse di Finocchiona Igp con pere caramellate. I ristoranti aderenti saranno riconoscibili dalla <strong>vetrofania del \u201cFuori BuyFood\u201d<\/strong> (in allegato la lista completa).<\/p>\n<p>Cinque le categorie di prodotti protagonisti a BuyFood Toscana 2019: \u201cformaggi, latte e derivati\u201d, rappresentati dal<strong> Pecorino delle Balze Volterrane DOP e dal Pecorino Toscano DOP<\/strong>; \u201colio extra vergine d\u2019oliva\u201d, che avr\u00e0 per alfieri <strong>l\u2019Olio extravergine di oliva Chianti Classico DOP, l\u2019Olio extravergine di oliva Seggiano DOP, l\u2019Olio extravergine di oliva Toscano IGP<\/strong>; \u201cpani, dolci e farine\u201d, con i <strong>Cantucci Toscani IGP, il Pane Toscano DOP, il Panforte di Siena IGP e i Ricciarelli di Siena IGP<\/strong>, a cui si aggiungono,<strong> per l\u2019Agriqualit\u00e0, la pasta secca e ripiena<\/strong>; \u201cprodotti vegetali\u201d, rappresentati dal <strong>Farro della Garfagnana IGP, dal Marrone del Mugello IGP e Castagna Monte Amiata IGP, oltre all\u2019orzo tostato Agriqualit\u00e0<\/strong>; \u201csalumi e carni fresche\u201d, presenti in forze con <strong>Cinta Senese DOP,&nbsp; Finocchiona IGP, Prosciutto Toscano DOP <\/strong>e<strong> Vitellone bianco dell&#8217; Appennino Centrale IGP<\/strong><\/p>\n<p>&nbsp;<\/p>\n<p>&nbsp;<\/p>\n<a class=\"fotogallery\" href=\"#modalgallery\" rel=\"modal:open\">sfoglia la gallery <i class=\"fas fa-chevron-right\"><\/i><\/a>\n    <div class=\"modal\" id=\"modalgallery\">\n        <div class=\"gallery\">\n          <div class=\"galleryimg\">\n            <div class=\"slidegallerybig\"> <div class=\"itemimg\">\n            <div class=\"wrapimg\">\n            <img decoding=\"async\" src=\"https:\/\/www.intoscana.it\/wp-content\/uploads\/buy_food_2019_0018-r.jpg\">\n            <\/div>\n            <\/div> <div class=\"itemimg\">\n            <div class=\"wrapimg\">\n            <img decoding=\"async\" src=\"https:\/\/www.intoscana.it\/wp-content\/uploads\/b8238b2bd384000fc6c8ff716fa1eacb-10.jpg\">\n            <\/div>\n            <\/div> <div class=\"itemimg\">\n            <div class=\"wrapimg\">\n            <img decoding=\"async\" src=\"https:\/\/www.intoscana.it\/wp-content\/uploads\/pecorino-marchio.jpg\">\n            <\/div>\n            <\/div> <div class=\"itemimg\">\n            <div class=\"wrapimg\">\n            <img decoding=\"async\" src=\"https:\/\/www.intoscana.it\/wp-content\/uploads\/200122_161924803865200_3701845_n.jpg\">\n            <\/div>\n            <\/div> <div class=\"itemimg\">\n            <div class=\"wrapimg\">\n            <img decoding=\"async\" src=\"https:\/\/www.intoscana.it\/wp-content\/uploads\/5518d4c8cb1e727741c74fdfd163079c-11.jpg\">\n            <\/div>\n            <\/div> <div class=\"itemimg\">\n            <div class=\"wrapimg\">\n            <img decoding=\"async\" src=\"https:\/\/www.intoscana.it\/wp-content\/uploads\/img_7054-cantine.jpg\">\n            <\/div>\n            <\/div>\n            <\/div>\n          <\/div>\n          <div class=\"asidemenu\">\n            <div class=\"action\">\n              <div class=\"countlidegallery\"><\/div>\n              <div class=\"closegallery\" href=\"#modalgallery\" rel=\"modal:close\"><i class=\"far fa-times\"><\/i><\/div>\n            <\/div>\n            <div class=\"title\">\n              <h2>Tutto pronto a Siena per la prima edizione di BuyFood Toscana<\/h2><p style=\"display:none;\" class=\"gallery_description\" id=\"gallery_description_3\">Pecorino Toscano DOP<\/p>\n              <div class=\"socialarticolo\"> \n            <div class=\"contsocialico\">\n              <ul>\n                <li><a target=\"_blank\" href=\"https:\/\/www.facebook.com\/sharer\/sharer.php?u=https:\/\/www.intoscana.it\/it\/tutto-pronto-a-siena-per-la-prima-edizione-di-buyfood-toscana\/\"> <i class=\"fab fa-facebook-f\"><\/i><\/a><\/li>\n                <li><a target=\"_blank\" href=\"https:\/\/twitter.com\/home?status=https:\/\/www.intoscana.it\/it\/tutto-pronto-a-siena-per-la-prima-edizione-di-buyfood-toscana\/\"> <i class=\"fab fa-twitter\"><\/i><\/a><\/li>\n                <li>\n                  <div class=\"shareall\" target=\"_blank\" href=\"\"> <i class=\"fas fa-share-alt\"><\/i><\/div>\n                  <div class=\"sharemore\">\n                    <ul>\n                      <li><a target=\"_blank\" href=\"https:\/\/www.linkedin.com\/shareArticle?url=https:\/\/www.intoscana.it\/it\/tutto-pronto-a-siena-per-la-prima-edizione-di-buyfood-toscana\/\"> <i class=\"fab fa-linkedin\"><\/i><\/a><\/li>\n                      <li><a target=\"_blank\" href=\"http:\/\/www.pinterest.com\/pin\/create\/bookmarklet\/?url=https:\/\/www.intoscana.it\/it\/tutto-pronto-a-siena-per-la-prima-edizione-di-buyfood-toscana\/\"> <i class=\"fab fa-pinterest\"><\/i><\/a><\/li>\n                      <li><a target=\"_blank\" href=\"mailto?subject=Tutto pronto a Siena per la prima edizione di BuyFood Toscana&body=https:\/\/www.intoscana.it\/it\/tutto-pronto-a-siena-per-la-prima-edizione-di-buyfood-toscana\/\"> <i class=\"fas fa-envelope\"><\/i><\/a><\/li>\n                    <\/ul>\n                    <div class=\"closesharemore\">\n                    <i class=\"fas fa-times\"><\/i>\n                    <\/div>\n                  <\/div>\n                <\/li>\n              <\/ul>\n            <\/div>\n          <\/div>\n        <\/div>\n          <\/div>\n        <\/div>\n      <\/div>\n<p>&nbsp;<\/p>\n<p>Ad aprire i lavori alle 9.30 di venerd\u00ec 7 giugno i saluti dell\u2019assessore regionale all\u2019Agricoltura<strong> Marco Remaschi<\/strong>, del sindaco di Siena<strong> Luigi De Mossi<\/strong> e del presidente della Camera di commercio di Arezzo e Siena <strong>Massimo Guasconi.<\/strong> A seguire, la presentazione della ricerca a cura di Cesare Mazzetti (Fondazione Qualivita) e lo show-cooking condotto dalla foodwriter <strong>Giulia Scarpaleggia<\/strong>, in arte Juls\u2019 Kitchen. Alle 14.30 l\u2019<strong>incontro stampa <\/strong>aperto dall\u2019assessore Remaschi e dal sindaco De Mossi e, dedicato a scoprire dati e tendenze relative alla qualit\u00e0 dei prodotti agroalimentari toscani \u2013 a cura di <strong>Mauro Rosati<\/strong> della Fondazione Qualivita &#8211; e alla presentazione dei prodotti a marchio Dop e Igp, condotta da <strong>Luisanna Messeri<\/strong>, con la partecipazione di 16 Consorzi di tutela e di originali testimonial.<\/p>\n<p>Nel pomeriggio, inoltre, si susseguiranno una serie di <strong>incontri B2B tra aziende e buyer<\/strong>, secondo un fitto calendario di appuntamenti. Per creare opportunit\u00e0 di business mirate, le <strong>agende degli incontri<\/strong> tra buyer e seller vengono generate da un sistema di <em>matching<\/em> che incrocia i loro rispettivi profili. Un primo dato interessante registrato per questa edizione \u00e8 il <strong>75% di <em>perfect matching<\/em><\/strong>, e cio\u00e8 da una preferenza reciproca espressa da seller e buyer.<\/p>\n<p>L\u2019evento \u00e8 dedicato agli addetti ai lavori, ma il clima contager\u00e0 l\u2019intera citt\u00e0 di Siena, grazie alla collaborazione di <strong>Fipe Confcommercio e Confesercenti <\/strong>con il coordinamento della<strong> Fondazione Qualivita.<\/strong>: da venerd\u00ec 7 a domenica 9 giugno, infatti, i ristoranti aderenti alle due associazioni di categoria offriranno degustazioni e speciali menu a tema. Alla prima edizione di BuyFood Toscana si affianca cos\u00ec il primo \u201c<strong>Fuori BuyFood\u201d<\/strong>, programma di eventi collaterali che guider\u00e0 turisti e residenti in un viaggio nel gusto toscano, ma toscano davvero.&nbsp;<\/p>\n","protected":false},"excerpt":{"rendered":"<p>Venerd\u00ec 7 giugno a Siena la giornata evento dedicata a far conoscere il meglio dei prodotti agroalimentari Dop, Igp e Agriqualit\u00e0 della Toscana a stampa, stakeholder e buyer internazionali<\/p>\n","protected":false},"author":525,"featured_media":97685,"comment_status":"open","ping_status":"open","sticky":false,"template":"","format":"standard","meta":{"_acf_changed":false,"footnotes":""},"categories":[8],"tags":[],"class_list":["post-60194","post","type-post","status-publish","format-standard","has-post-thumbnail","hentry","category-enogastronomia"],"acf":[],"yoast_head":"<!-- This site is optimized with the Yoast SEO Premium plugin v24.2 (Yoast SEO v25.6) - https:\/\/yoast.com\/wordpress\/plugins\/seo\/ -->\n<title>Tutto pronto a Siena per la prima edizione di BuyFood Toscana - intoscana<\/title>\n<meta name=\"description\" content=\"50 buyer dal mondo per la prima edizione di BuyFood Toscana venerd\u00ec giugno a Siena\" \/>\n<meta name=\"robots\" content=\"index, follow, max-snippet:-1, max-image-preview:large, max-video-preview:-1\" \/>\n<link rel=\"canonical\" href=\"https:\/\/www.intoscana.it\/it\/tutto-pronto-a-siena-per-la-prima-edizione-di-buyfood-toscana\/\" \/>\n<meta property=\"og:locale\" content=\"it_IT\" \/>\n<meta property=\"og:type\" content=\"article\" \/>\n<meta property=\"og:title\" content=\"Tutto pronto a Siena per la prima edizione di BuyFood Toscana\" \/>\n<meta property=\"og:description\" content=\"50 buyer dal mondo per la prima edizione di BuyFood Toscana venerd\u00ec giugno a Siena\" \/>\n<meta property=\"og:url\" content=\"https:\/\/www.intoscana.it\/it\/tutto-pronto-a-siena-per-la-prima-edizione-di-buyfood-toscana\/\" \/>\n<meta property=\"og:site_name\" content=\"intoscana\" \/>\n<meta property=\"article:publisher\" content=\"https:\/\/www.facebook.com\/intoscana.it\" \/>\n<meta property=\"article:published_time\" content=\"2019-06-03T14:53:32+00:00\" \/>\n<meta property=\"article:modified_time\" content=\"2020-05-18T08:16:25+00:00\" \/>\n<meta property=\"og:image\" content=\"https:\/\/www.intoscana.it\/wp-content\/uploads\/mg_0045-salumi-1.jpg\" \/>\n\t<meta property=\"og:image:width\" content=\"1024\" \/>\n\t<meta property=\"og:image:height\" content=\"681\" \/>\n\t<meta property=\"og:image:type\" content=\"image\/jpeg\" \/>\n<meta name=\"author\" content=\"Redazione\" \/>\n<meta name=\"twitter:card\" content=\"summary_large_image\" \/>\n<meta name=\"twitter:creator\" content=\"@intoscana\" \/>\n<meta name=\"twitter:site\" content=\"@intoscana\" \/>\n<meta name=\"twitter:label1\" content=\"Written by\" \/>\n\t<meta name=\"twitter:data1\" content=\"Redazione\" \/>\n\t<meta name=\"twitter:label2\" content=\"Est. reading time\" \/>\n\t<meta name=\"twitter:data2\" content=\"5 minuti\" \/>\n<script type=\"application\/ld+json\" class=\"yoast-schema-graph\">{\"@context\":\"https:\/\/schema.org\",\"@graph\":[{\"@type\":\"WebPage\",\"@id\":\"https:\/\/www.intoscana.it\/it\/tutto-pronto-a-siena-per-la-prima-edizione-di-buyfood-toscana\/\",\"url\":\"https:\/\/www.intoscana.it\/it\/tutto-pronto-a-siena-per-la-prima-edizione-di-buyfood-toscana\/\",\"name\":\"Tutto pronto a Siena per la prima edizione di BuyFood Toscana - intoscana\",\"isPartOf\":{\"@id\":\"https:\/\/www.intoscana.it\/it\/#website\"},\"primaryImageOfPage\":{\"@id\":\"https:\/\/www.intoscana.it\/it\/tutto-pronto-a-siena-per-la-prima-edizione-di-buyfood-toscana\/#primaryimage\"},\"image\":{\"@id\":\"https:\/\/www.intoscana.it\/it\/tutto-pronto-a-siena-per-la-prima-edizione-di-buyfood-toscana\/#primaryimage\"},\"thumbnailUrl\":\"https:\/\/www.intoscana.it\/wp-content\/uploads\/mg_0045-salumi-1.jpg\",\"datePublished\":\"2019-06-03T14:53:32+00:00\",\"dateModified\":\"2020-05-18T08:16:25+00:00\",\"author\":{\"@id\":\"https:\/\/www.intoscana.it\/it\/#\/schema\/person\/9223810753230f20bd670fdd322661f8\"},\"description\":\"50 buyer dal mondo per la prima edizione di BuyFood Toscana venerd\u00ec giugno a Siena\",\"breadcrumb\":{\"@id\":\"https:\/\/www.intoscana.it\/it\/tutto-pronto-a-siena-per-la-prima-edizione-di-buyfood-toscana\/#breadcrumb\"},\"inLanguage\":\"it-IT\",\"potentialAction\":[{\"@type\":\"ReadAction\",\"target\":[\"https:\/\/www.intoscana.it\/it\/tutto-pronto-a-siena-per-la-prima-edizione-di-buyfood-toscana\/\"]}]},{\"@type\":\"ImageObject\",\"inLanguage\":\"it-IT\",\"@id\":\"https:\/\/www.intoscana.it\/it\/tutto-pronto-a-siena-per-la-prima-edizione-di-buyfood-toscana\/#primaryimage\",\"url\":\"https:\/\/www.intoscana.it\/wp-content\/uploads\/mg_0045-salumi-1.jpg\",\"contentUrl\":\"https:\/\/www.intoscana.it\/wp-content\/uploads\/mg_0045-salumi-1.jpg\",\"width\":1024,\"height\":681},{\"@type\":\"BreadcrumbList\",\"@id\":\"https:\/\/www.intoscana.it\/it\/tutto-pronto-a-siena-per-la-prima-edizione-di-buyfood-toscana\/#breadcrumb\",\"itemListElement\":[{\"@type\":\"ListItem\",\"position\":1,\"name\":\"Home\",\"item\":\"https:\/\/www.intoscana.it\/it\/\"},{\"@type\":\"ListItem\",\"position\":2,\"name\":\"Tutto pronto a Siena per la prima edizione di BuyFood Toscana\"}]},{\"@type\":\"WebSite\",\"@id\":\"https:\/\/www.intoscana.it\/it\/#website\",\"url\":\"https:\/\/www.intoscana.it\/it\/\",\"name\":\"intoscana\",\"description\":\"\",\"potentialAction\":[{\"@type\":\"SearchAction\",\"target\":{\"@type\":\"EntryPoint\",\"urlTemplate\":\"https:\/\/www.intoscana.it\/it\/?s={search_term_string}\"},\"query-input\":{\"@type\":\"PropertyValueSpecification\",\"valueRequired\":true,\"valueName\":\"search_term_string\"}}],\"inLanguage\":\"it-IT\"},{\"@type\":\"Person\",\"@id\":\"https:\/\/www.intoscana.it\/it\/#\/schema\/person\/9223810753230f20bd670fdd322661f8\",\"name\":\"Redazione\",\"url\":\"https:\/\/www.intoscana.it\/it\/author\/redazione\/\"}]}<\/script>\n<!-- \/ Yoast SEO Premium plugin. -->","yoast_head_json":{"title":"Tutto pronto a Siena per la prima edizione di BuyFood Toscana - intoscana","description":"50 buyer dal mondo per la prima edizione di BuyFood Toscana venerd\u00ec giugno a Siena","robots":{"index":"index","follow":"follow","max-snippet":"max-snippet:-1","max-image-preview":"max-image-preview:large","max-video-preview":"max-video-preview:-1"},"canonical":"https:\/\/www.intoscana.it\/it\/tutto-pronto-a-siena-per-la-prima-edizione-di-buyfood-toscana\/","og_locale":"it_IT","og_type":"article","og_title":"Tutto pronto a Siena per la prima edizione di BuyFood Toscana","og_description":"50 buyer dal mondo per la prima edizione di BuyFood Toscana venerd\u00ec giugno a Siena","og_url":"https:\/\/www.intoscana.it\/it\/tutto-pronto-a-siena-per-la-prima-edizione-di-buyfood-toscana\/","og_site_name":"intoscana","article_publisher":"https:\/\/www.facebook.com\/intoscana.it","article_published_time":"2019-06-03T14:53:32+00:00","article_modified_time":"2020-05-18T08:16:25+00:00","og_image":[{"width":1024,"height":681,"url":"https:\/\/www.intoscana.it\/wp-content\/uploads\/mg_0045-salumi-1.jpg","type":"image\/jpeg"}],"author":"Redazione","twitter_card":"summary_large_image","twitter_creator":"@intoscana","twitter_site":"@intoscana","twitter_misc":{"Written by":"Redazione","Est. reading time":"5 minuti"},"schema":{"@context":"https:\/\/schema.org","@graph":[{"@type":"WebPage","@id":"https:\/\/www.intoscana.it\/it\/tutto-pronto-a-siena-per-la-prima-edizione-di-buyfood-toscana\/","url":"https:\/\/www.intoscana.it\/it\/tutto-pronto-a-siena-per-la-prima-edizione-di-buyfood-toscana\/","name":"Tutto pronto a Siena per la prima edizione di BuyFood Toscana - intoscana","isPartOf":{"@id":"https:\/\/www.intoscana.it\/it\/#website"},"primaryImageOfPage":{"@id":"https:\/\/www.intoscana.it\/it\/tutto-pronto-a-siena-per-la-prima-edizione-di-buyfood-toscana\/#primaryimage"},"image":{"@id":"https:\/\/www.intoscana.it\/it\/tutto-pronto-a-siena-per-la-prima-edizione-di-buyfood-toscana\/#primaryimage"},"thumbnailUrl":"https:\/\/www.intoscana.it\/wp-content\/uploads\/mg_0045-salumi-1.jpg","datePublished":"2019-06-03T14:53:32+00:00","dateModified":"2020-05-18T08:16:25+00:00","author":{"@id":"https:\/\/www.intoscana.it\/it\/#\/schema\/person\/9223810753230f20bd670fdd322661f8"},"description":"50 buyer dal mondo per la prima edizione di BuyFood Toscana venerd\u00ec giugno a Siena","breadcrumb":{"@id":"https:\/\/www.intoscana.it\/it\/tutto-pronto-a-siena-per-la-prima-edizione-di-buyfood-toscana\/#breadcrumb"},"inLanguage":"it-IT","potentialAction":[{"@type":"ReadAction","target":["https:\/\/www.intoscana.it\/it\/tutto-pronto-a-siena-per-la-prima-edizione-di-buyfood-toscana\/"]}]},{"@type":"ImageObject","inLanguage":"it-IT","@id":"https:\/\/www.intoscana.it\/it\/tutto-pronto-a-siena-per-la-prima-edizione-di-buyfood-toscana\/#primaryimage","url":"https:\/\/www.intoscana.it\/wp-content\/uploads\/mg_0045-salumi-1.jpg","contentUrl":"https:\/\/www.intoscana.it\/wp-content\/uploads\/mg_0045-salumi-1.jpg","width":1024,"height":681},{"@type":"BreadcrumbList","@id":"https:\/\/www.intoscana.it\/it\/tutto-pronto-a-siena-per-la-prima-edizione-di-buyfood-toscana\/#breadcrumb","itemListElement":[{"@type":"ListItem","position":1,"name":"Home","item":"https:\/\/www.intoscana.it\/it\/"},{"@type":"ListItem","position":2,"name":"Tutto pronto a Siena per la prima edizione di BuyFood Toscana"}]},{"@type":"WebSite","@id":"https:\/\/www.intoscana.it\/it\/#website","url":"https:\/\/www.intoscana.it\/it\/","name":"intoscana","description":"","potentialAction":[{"@type":"SearchAction","target":{"@type":"EntryPoint","urlTemplate":"https:\/\/www.intoscana.it\/it\/?s={search_term_string}"},"query-input":{"@type":"PropertyValueSpecification","valueRequired":true,"valueName":"search_term_string"}}],"inLanguage":"it-IT"},{"@type":"Person","@id":"https:\/\/www.intoscana.it\/it\/#\/schema\/person\/9223810753230f20bd670fdd322661f8","name":"Redazione","url":"https:\/\/www.intoscana.it\/it\/author\/redazione\/"}]}},"_links":{"self":[{"href":"https:\/\/www.intoscana.it\/it\/wp-json\/wp\/v2\/posts\/60194","targetHints":{"allow":["GET"]}}],"collection":[{"href":"https:\/\/www.intoscana.it\/it\/wp-json\/wp\/v2\/posts"}],"about":[{"href":"https:\/\/www.intoscana.it\/it\/wp-json\/wp\/v2\/types\/post"}],"author":[{"embeddable":true,"href":"https:\/\/www.intoscana.it\/it\/wp-json\/wp\/v2\/users\/525"}],"replies":[{"embeddable":true,"href":"https:\/\/www.intoscana.it\/it\/wp-json\/wp\/v2\/comments?post=60194"}],"version-history":[{"count":0,"href":"https:\/\/www.intoscana.it\/it\/wp-json\/wp\/v2\/posts\/60194\/revisions"}],"wp:featuredmedia":[{"embeddable":true,"href":"https:\/\/www.intoscana.it\/it\/wp-json\/wp\/v2\/media\/97685"}],"wp:attachment":[{"href":"https:\/\/www.intoscana.it\/it\/wp-json\/wp\/v2\/media?parent=60194"}],"wp:term":[{"taxonomy":"category","embeddable":true,"href":"https:\/\/www.intoscana.it\/it\/wp-json\/wp\/v2\/categories?post=60194"},{"taxonomy":"post_tag","embeddable":true,"href":"https:\/\/www.intoscana.it\/it\/wp-json\/wp\/v2\/tags?post=60194"}],"curies":[{"name":"wp","href":"https:\/\/api.w.org\/{rel}","templated":true}]}}