{"id":60248,"date":"2019-03-26T10:54:08","date_gmt":"2019-03-26T09:54:08","guid":{"rendered":"http:\/\/www.intoscana.it\/il-gelato-fiorentino-candidato-a-patrimonio-dellumanita-unesco\/"},"modified":"2021-06-03T11:39:39","modified_gmt":"2021-06-03T09:39:39","slug":"il-gelato-fiorentino-candidato-a-patrimonio-dellumanita-unesco","status":"publish","type":"post","link":"https:\/\/www.intoscana.it\/it\/il-gelato-fiorentino-candidato-a-patrimonio-dellumanita-unesco\/","title":{"rendered":"Il gelato fiorentino candidato a patrimonio dell&#8217;umanit\u00e0 Unesco"},"content":{"rendered":"<p>Parte da Firenze, la citt\u00e0 che gli ha dato i natali, la proposta di candidare il gelato a <strong>patrimonio dell\u2019umanit\u00e0 Unesco<\/strong>. Ad avanzare questa candidatura, che poggia su solide basi anche storiche, <strong>Vetulio Bondi, presidente dei Gelatieri artigiani fiorentini e ambasciatore di questa eccellenza del Made in Italy<\/strong> nel mondo attraverso l\u2019intensa attivit\u00e0 di consulente e docente da un capo all\u2019altro del globo. Bondi \u00e8 stato eletto personaggio dell\u2019anno per la categoria Pasticceri nell\u2019ambito del premio Italia a tavola battendo in finale addirittura il maestro dei maestri pasticceri italiani Igino Massari e <strong>sar\u00e0 premiato sabato prossimo, 30 marzo, ad Artimino<\/strong> nel corso di una serata dove si ritrover\u00e0 il gotha del food&amp;wine italiano. Forte del ruolo di ambasciatore di cui si sente ancora di pi\u00f9 investito dopo questo riconoscimento, ha deciso di lanciare la candidatura del gelato a Firenze poich\u00e9 <strong>\u00e8 qui che grazie all\u2019estro dell\u2019architetto Bernardo Buontalenti \u00e8 stato inventato.<\/strong><\/p>\n<p> L\u2019Unesco, quando si \u00e8 trattato di pronunciarsi per la pizza, ha concesso il riconoscimento di patrimonio dell\u2019umanit\u00e0 all\u2019arte del pizzaiuolo napoletano. In questo senso ad essere dichiarata patrimonio dell\u2019umanit\u00e0 dovrebbe essere <strong>\u201cl\u2019arte del gelatiere italiano\u201d.<\/strong> Un<strong> ulteriore riconoscimento per l\u2019artigianato fiorentino,<\/strong> da sempre celebrato nel mondo per l\u2019eccellenza, in questo caso applicato al mondo del gelato. L\u2019arte del gelatiere in citt\u00e0 si \u00e8 espressa ai massimi livelli nel corso dei secoli, basti pensare ad esempio al successo della<strong> crema fiorentina<\/strong>.<\/p>\n<p> Per il Comune di Firenze, <strong>gi\u00e0 impegnato sul fronte Bistecca alla Fiorentina<\/strong> per l\u2019iter Unesco, sostenere la candidatura del gelato avrebbe anche lo scopo di ribadire la <strong>supremazia storica e culturale della citt\u00e0 nell\u2019ambito del food.<\/strong><\/p>\n<p> Bondi nel corso degli ultimi anni insieme ai Gelatieri Artigiani Fiorentini <strong>ha lavorato al recupero e alla valorizzazione di storia e tradizione del gelato a Firenze.<\/strong> In questo contesto si va ad inserire la scoperta che <strong>lo zuccotto fiorentino era gi\u00e0 noto ai tempi di Caterina de\u2019 Medici<\/strong> e si chiamava in suo onore <strong>Elmo di Caterina<\/strong>. La regina, a dimostrazione dell\u2019apprezzamento per il dolce, lo port\u00f2 con s\u00e9 alla corte di Francia dove si diffuse. Sembra che i primi esemplari venissero preparati dentro un elmo chiodato da combattimento dal nome di zuccotto e in uso alla fanteria di quell\u2019epoca.<\/p>\n<a class=\"fotogallery\" href=\"#modalgallery\" rel=\"modal:open\">sfoglia la gallery <i class=\"fas fa-chevron-right\"><\/i><\/a>\n    <div class=\"modal\" id=\"modalgallery\">\n        <div class=\"gallery\">\n          <div class=\"galleryimg\">\n            <div class=\"slidegallerybig\"> <div class=\"itemimg\">\n            <div class=\"wrapimg\">\n            <img decoding=\"async\" src=\"https:\/\/www.intoscana.it\/wp-content\/uploads\/11248162_988110734534606_7589144395925357541_n.jpg\">\n            <\/div>\n            <\/div> <div class=\"itemimg\">\n            <div class=\"wrapimg\">\n            <img decoding=\"async\" src=\"https:\/\/www.intoscana.it\/wp-content\/uploads\/11013285_988110751201271_194831991566051765_n.png\">\n            <\/div>\n            <\/div> <div class=\"itemimg\">\n            <div class=\"wrapimg\">\n            <img decoding=\"async\" src=\"https:\/\/www.intoscana.it\/wp-content\/uploads\/vetuliobondielmocaterina-2.jpg\">\n            <\/div>\n            <\/div>\n            <\/div>\n          <\/div>\n          <div class=\"asidemenu\">\n            <div class=\"action\">\n              <div class=\"countlidegallery\"><\/div>\n              <div class=\"closegallery\" href=\"#modalgallery\" rel=\"modal:close\"><i class=\"far fa-times\"><\/i><\/div>\n            <\/div>\n            <div class=\"title\">\n              <h2>Il gelato fiorentino candidato a patrimonio dell'umanit\u00e0 Unesco<\/h2>\n              <div class=\"socialarticolo\"> \n            <div class=\"contsocialico\">\n              <ul>\n                <li><a target=\"_blank\" href=\"https:\/\/www.facebook.com\/sharer\/sharer.php?u=https:\/\/www.intoscana.it\/it\/il-gelato-fiorentino-candidato-a-patrimonio-dellumanita-unesco\/\"> <i class=\"fab fa-facebook-f\"><\/i><\/a><\/li>\n                <li><a target=\"_blank\" href=\"https:\/\/twitter.com\/home?status=https:\/\/www.intoscana.it\/it\/il-gelato-fiorentino-candidato-a-patrimonio-dellumanita-unesco\/\"> <i class=\"fab fa-twitter\"><\/i><\/a><\/li>\n                <li>\n                  <div class=\"shareall\" target=\"_blank\" href=\"\"> <i class=\"fas fa-share-alt\"><\/i><\/div>\n                  <div class=\"sharemore\">\n                    <ul>\n                      <li><a target=\"_blank\" href=\"https:\/\/www.linkedin.com\/shareArticle?url=https:\/\/www.intoscana.it\/it\/il-gelato-fiorentino-candidato-a-patrimonio-dellumanita-unesco\/\"> <i class=\"fab fa-linkedin\"><\/i><\/a><\/li>\n                      <li><a target=\"_blank\" href=\"http:\/\/www.pinterest.com\/pin\/create\/bookmarklet\/?url=https:\/\/www.intoscana.it\/it\/il-gelato-fiorentino-candidato-a-patrimonio-dellumanita-unesco\/\"> <i class=\"fab fa-pinterest\"><\/i><\/a><\/li>\n                      <li><a target=\"_blank\" href=\"mailto?subject=Il gelato fiorentino candidato a patrimonio dell&#039;umanit\u00e0 Unesco&body=https:\/\/www.intoscana.it\/it\/il-gelato-fiorentino-candidato-a-patrimonio-dellumanita-unesco\/\"> <i class=\"fas fa-envelope\"><\/i><\/a><\/li>\n                    <\/ul>\n                    <div class=\"closesharemore\">\n                    <i class=\"fas fa-times\"><\/i>\n                    <\/div>\n                  <\/div>\n                <\/li>\n              <\/ul>\n            <\/div>\n          <\/div>\n        <\/div>\n          <\/div>\n        <\/div>\n      <\/div>\n<p>Ancora una volta sarebbe una creazione da attribuire all\u2019<strong>architetto Bernardo Buontalenti, inventore del gelato semifreddo cos\u00ec come oggi lo conosciamo.<\/strong> Bondi e i suoi colleghi hanno condotto delle ricerche su come il dolce gelato doveva presentarsi. <strong>Era di colore bianco per l\u2019utilizzo di ricotta con scorza di agrumi<\/strong> che provenivano dalle ville medicee e del<strong> gru\u00e8 di cacao,<\/strong> granella ottenuta dopo aver frantumato le fave di cacao tostate e poi sbucciate. All\u2019esterno era di<strong> coloro rosso acceso per l\u2019utilizzo dell\u2019alchermes,<\/strong> noto nell\u2019antichit\u00e0 come il Liquore dei Medici. La ricetta attuale prevede gru\u00e8 di cacao, come nella ricetta originale, e un leggero Pan di Spagna realizzato con olio e farina e disposto a forma di croce. Con l\u2019aggiunta dell\u2019alkermes dell\u2019<strong>Officina Profumo-Farmaceutica di Santa Maria Novella Firenze<\/strong> per aggiungere la caratteristica nota di colore rosso. In un\u2019ottica di salvaguardia della tradizione \u00e8 stato anche registrato il marchio.<\/p>\n","protected":false},"excerpt":{"rendered":"<p>Il presidente dei Gelatieri Artigiani Fiorentini Vetulio Bondi lancia la proposta per valorizzare lo zuccotto fiorentino chiamato &#8216;Elmo di Caterina&#8217;<\/p>\n","protected":false},"author":525,"featured_media":97739,"comment_status":"open","ping_status":"open","sticky":false,"template":"","format":"standard","meta":{"_acf_changed":false,"footnotes":""},"categories":[8],"tags":[6046],"class_list":["post-60248","post","type-post","status-publish","format-standard","has-post-thumbnail","hentry","category-enogastronomia","tag-gelato"],"acf":[],"yoast_head":"<!-- This site is optimized with the Yoast SEO Premium plugin v24.2 (Yoast SEO v25.6) - https:\/\/yoast.com\/wordpress\/plugins\/seo\/ -->\n<title>Il gelato fiorentino candidato a patrimonio dell&#039;umanit\u00e0 Unesco - intoscana<\/title>\n<meta name=\"robots\" content=\"index, follow, max-snippet:-1, max-image-preview:large, max-video-preview:-1\" \/>\n<link rel=\"canonical\" href=\"https:\/\/www.intoscana.it\/it\/il-gelato-fiorentino-candidato-a-patrimonio-dellumanita-unesco\/\" \/>\n<meta property=\"og:locale\" content=\"it_IT\" \/>\n<meta property=\"og:type\" content=\"article\" \/>\n<meta property=\"og:title\" content=\"Il gelato fiorentino candidato a patrimonio dell&#039;umanit\u00e0 Unesco\" \/>\n<meta property=\"og:description\" content=\"Il presidente dei Gelatieri Artigiani Fiorentini Vetulio Bondi lancia la proposta per valorizzare lo zuccotto fiorentino chiamato &#039;Elmo di Caterina&#039;\" \/>\n<meta property=\"og:url\" content=\"https:\/\/www.intoscana.it\/it\/il-gelato-fiorentino-candidato-a-patrimonio-dellumanita-unesco\/\" \/>\n<meta property=\"og:site_name\" content=\"intoscana\" \/>\n<meta property=\"article:publisher\" content=\"https:\/\/www.facebook.com\/intoscana.it\" \/>\n<meta property=\"article:published_time\" content=\"2019-03-26T09:54:08+00:00\" \/>\n<meta property=\"article:modified_time\" content=\"2021-06-03T09:39:39+00:00\" \/>\n<meta property=\"og:image\" content=\"https:\/\/www.intoscana.it\/wp-content\/uploads\/36523872_1977641845581485_894331981960052736_o.jpg\" \/>\n\t<meta property=\"og:image:width\" content=\"2000\" \/>\n\t<meta property=\"og:image:height\" content=\"1143\" \/>\n\t<meta property=\"og:image:type\" content=\"image\/jpeg\" \/>\n<meta name=\"author\" content=\"Redazione\" \/>\n<meta name=\"twitter:card\" content=\"summary_large_image\" \/>\n<meta name=\"twitter:creator\" content=\"@intoscana\" \/>\n<meta name=\"twitter:site\" content=\"@intoscana\" \/>\n<meta name=\"twitter:label1\" content=\"Written by\" \/>\n\t<meta name=\"twitter:data1\" content=\"Redazione\" \/>\n\t<meta name=\"twitter:label2\" content=\"Est. reading time\" \/>\n\t<meta name=\"twitter:data2\" content=\"3 minuti\" \/>\n<script type=\"application\/ld+json\" class=\"yoast-schema-graph\">{\"@context\":\"https:\/\/schema.org\",\"@graph\":[{\"@type\":\"WebPage\",\"@id\":\"https:\/\/www.intoscana.it\/it\/il-gelato-fiorentino-candidato-a-patrimonio-dellumanita-unesco\/\",\"url\":\"https:\/\/www.intoscana.it\/it\/il-gelato-fiorentino-candidato-a-patrimonio-dellumanita-unesco\/\",\"name\":\"Il gelato fiorentino candidato a patrimonio dell'umanit\u00e0 Unesco - intoscana\",\"isPartOf\":{\"@id\":\"https:\/\/www.intoscana.it\/it\/#website\"},\"primaryImageOfPage\":{\"@id\":\"https:\/\/www.intoscana.it\/it\/il-gelato-fiorentino-candidato-a-patrimonio-dellumanita-unesco\/#primaryimage\"},\"image\":{\"@id\":\"https:\/\/www.intoscana.it\/it\/il-gelato-fiorentino-candidato-a-patrimonio-dellumanita-unesco\/#primaryimage\"},\"thumbnailUrl\":\"https:\/\/www.intoscana.it\/wp-content\/uploads\/36523872_1977641845581485_894331981960052736_o.jpg\",\"datePublished\":\"2019-03-26T09:54:08+00:00\",\"dateModified\":\"2021-06-03T09:39:39+00:00\",\"author\":{\"@id\":\"https:\/\/www.intoscana.it\/it\/#\/schema\/person\/9223810753230f20bd670fdd322661f8\"},\"breadcrumb\":{\"@id\":\"https:\/\/www.intoscana.it\/it\/il-gelato-fiorentino-candidato-a-patrimonio-dellumanita-unesco\/#breadcrumb\"},\"inLanguage\":\"it-IT\",\"potentialAction\":[{\"@type\":\"ReadAction\",\"target\":[\"https:\/\/www.intoscana.it\/it\/il-gelato-fiorentino-candidato-a-patrimonio-dellumanita-unesco\/\"]}]},{\"@type\":\"ImageObject\",\"inLanguage\":\"it-IT\",\"@id\":\"https:\/\/www.intoscana.it\/it\/il-gelato-fiorentino-candidato-a-patrimonio-dellumanita-unesco\/#primaryimage\",\"url\":\"https:\/\/www.intoscana.it\/wp-content\/uploads\/36523872_1977641845581485_894331981960052736_o.jpg\",\"contentUrl\":\"https:\/\/www.intoscana.it\/wp-content\/uploads\/36523872_1977641845581485_894331981960052736_o.jpg\",\"width\":2000,\"height\":1143},{\"@type\":\"BreadcrumbList\",\"@id\":\"https:\/\/www.intoscana.it\/it\/il-gelato-fiorentino-candidato-a-patrimonio-dellumanita-unesco\/#breadcrumb\",\"itemListElement\":[{\"@type\":\"ListItem\",\"position\":1,\"name\":\"Home\",\"item\":\"https:\/\/www.intoscana.it\/it\/\"},{\"@type\":\"ListItem\",\"position\":2,\"name\":\"Il gelato fiorentino candidato a patrimonio dell&#8217;umanit\u00e0 Unesco\"}]},{\"@type\":\"WebSite\",\"@id\":\"https:\/\/www.intoscana.it\/it\/#website\",\"url\":\"https:\/\/www.intoscana.it\/it\/\",\"name\":\"intoscana\",\"description\":\"\",\"potentialAction\":[{\"@type\":\"SearchAction\",\"target\":{\"@type\":\"EntryPoint\",\"urlTemplate\":\"https:\/\/www.intoscana.it\/it\/?s={search_term_string}\"},\"query-input\":{\"@type\":\"PropertyValueSpecification\",\"valueRequired\":true,\"valueName\":\"search_term_string\"}}],\"inLanguage\":\"it-IT\"},{\"@type\":\"Person\",\"@id\":\"https:\/\/www.intoscana.it\/it\/#\/schema\/person\/9223810753230f20bd670fdd322661f8\",\"name\":\"Redazione\",\"url\":\"https:\/\/www.intoscana.it\/it\/author\/redazione\/\"}]}<\/script>\n<!-- \/ Yoast SEO Premium plugin. -->","yoast_head_json":{"title":"Il gelato fiorentino candidato a patrimonio dell'umanit\u00e0 Unesco - intoscana","robots":{"index":"index","follow":"follow","max-snippet":"max-snippet:-1","max-image-preview":"max-image-preview:large","max-video-preview":"max-video-preview:-1"},"canonical":"https:\/\/www.intoscana.it\/it\/il-gelato-fiorentino-candidato-a-patrimonio-dellumanita-unesco\/","og_locale":"it_IT","og_type":"article","og_title":"Il gelato fiorentino candidato a patrimonio dell'umanit\u00e0 Unesco","og_description":"Il presidente dei Gelatieri Artigiani Fiorentini Vetulio Bondi lancia la proposta per valorizzare lo zuccotto fiorentino chiamato 'Elmo di Caterina'","og_url":"https:\/\/www.intoscana.it\/it\/il-gelato-fiorentino-candidato-a-patrimonio-dellumanita-unesco\/","og_site_name":"intoscana","article_publisher":"https:\/\/www.facebook.com\/intoscana.it","article_published_time":"2019-03-26T09:54:08+00:00","article_modified_time":"2021-06-03T09:39:39+00:00","og_image":[{"width":2000,"height":1143,"url":"https:\/\/www.intoscana.it\/wp-content\/uploads\/36523872_1977641845581485_894331981960052736_o.jpg","type":"image\/jpeg"}],"author":"Redazione","twitter_card":"summary_large_image","twitter_creator":"@intoscana","twitter_site":"@intoscana","twitter_misc":{"Written by":"Redazione","Est. reading time":"3 minuti"},"schema":{"@context":"https:\/\/schema.org","@graph":[{"@type":"WebPage","@id":"https:\/\/www.intoscana.it\/it\/il-gelato-fiorentino-candidato-a-patrimonio-dellumanita-unesco\/","url":"https:\/\/www.intoscana.it\/it\/il-gelato-fiorentino-candidato-a-patrimonio-dellumanita-unesco\/","name":"Il gelato fiorentino candidato a patrimonio dell'umanit\u00e0 Unesco - intoscana","isPartOf":{"@id":"https:\/\/www.intoscana.it\/it\/#website"},"primaryImageOfPage":{"@id":"https:\/\/www.intoscana.it\/it\/il-gelato-fiorentino-candidato-a-patrimonio-dellumanita-unesco\/#primaryimage"},"image":{"@id":"https:\/\/www.intoscana.it\/it\/il-gelato-fiorentino-candidato-a-patrimonio-dellumanita-unesco\/#primaryimage"},"thumbnailUrl":"https:\/\/www.intoscana.it\/wp-content\/uploads\/36523872_1977641845581485_894331981960052736_o.jpg","datePublished":"2019-03-26T09:54:08+00:00","dateModified":"2021-06-03T09:39:39+00:00","author":{"@id":"https:\/\/www.intoscana.it\/it\/#\/schema\/person\/9223810753230f20bd670fdd322661f8"},"breadcrumb":{"@id":"https:\/\/www.intoscana.it\/it\/il-gelato-fiorentino-candidato-a-patrimonio-dellumanita-unesco\/#breadcrumb"},"inLanguage":"it-IT","potentialAction":[{"@type":"ReadAction","target":["https:\/\/www.intoscana.it\/it\/il-gelato-fiorentino-candidato-a-patrimonio-dellumanita-unesco\/"]}]},{"@type":"ImageObject","inLanguage":"it-IT","@id":"https:\/\/www.intoscana.it\/it\/il-gelato-fiorentino-candidato-a-patrimonio-dellumanita-unesco\/#primaryimage","url":"https:\/\/www.intoscana.it\/wp-content\/uploads\/36523872_1977641845581485_894331981960052736_o.jpg","contentUrl":"https:\/\/www.intoscana.it\/wp-content\/uploads\/36523872_1977641845581485_894331981960052736_o.jpg","width":2000,"height":1143},{"@type":"BreadcrumbList","@id":"https:\/\/www.intoscana.it\/it\/il-gelato-fiorentino-candidato-a-patrimonio-dellumanita-unesco\/#breadcrumb","itemListElement":[{"@type":"ListItem","position":1,"name":"Home","item":"https:\/\/www.intoscana.it\/it\/"},{"@type":"ListItem","position":2,"name":"Il gelato fiorentino candidato a patrimonio dell&#8217;umanit\u00e0 Unesco"}]},{"@type":"WebSite","@id":"https:\/\/www.intoscana.it\/it\/#website","url":"https:\/\/www.intoscana.it\/it\/","name":"intoscana","description":"","potentialAction":[{"@type":"SearchAction","target":{"@type":"EntryPoint","urlTemplate":"https:\/\/www.intoscana.it\/it\/?s={search_term_string}"},"query-input":{"@type":"PropertyValueSpecification","valueRequired":true,"valueName":"search_term_string"}}],"inLanguage":"it-IT"},{"@type":"Person","@id":"https:\/\/www.intoscana.it\/it\/#\/schema\/person\/9223810753230f20bd670fdd322661f8","name":"Redazione","url":"https:\/\/www.intoscana.it\/it\/author\/redazione\/"}]}},"_links":{"self":[{"href":"https:\/\/www.intoscana.it\/it\/wp-json\/wp\/v2\/posts\/60248","targetHints":{"allow":["GET"]}}],"collection":[{"href":"https:\/\/www.intoscana.it\/it\/wp-json\/wp\/v2\/posts"}],"about":[{"href":"https:\/\/www.intoscana.it\/it\/wp-json\/wp\/v2\/types\/post"}],"author":[{"embeddable":true,"href":"https:\/\/www.intoscana.it\/it\/wp-json\/wp\/v2\/users\/525"}],"replies":[{"embeddable":true,"href":"https:\/\/www.intoscana.it\/it\/wp-json\/wp\/v2\/comments?post=60248"}],"version-history":[{"count":0,"href":"https:\/\/www.intoscana.it\/it\/wp-json\/wp\/v2\/posts\/60248\/revisions"}],"wp:featuredmedia":[{"embeddable":true,"href":"https:\/\/www.intoscana.it\/it\/wp-json\/wp\/v2\/media\/97739"}],"wp:attachment":[{"href":"https:\/\/www.intoscana.it\/it\/wp-json\/wp\/v2\/media?parent=60248"}],"wp:term":[{"taxonomy":"category","embeddable":true,"href":"https:\/\/www.intoscana.it\/it\/wp-json\/wp\/v2\/categories?post=60248"},{"taxonomy":"post_tag","embeddable":true,"href":"https:\/\/www.intoscana.it\/it\/wp-json\/wp\/v2\/tags?post=60248"}],"curies":[{"name":"wp","href":"https:\/\/api.w.org\/{rel}","templated":true}]}}