{"id":60252,"date":"2019-03-25T14:25:52","date_gmt":"2019-03-25T14:25:52","guid":{"rendered":"http:\/\/www.intoscana.it\/firenze-gelati-americani-per-i-200-anni-del-consolato-usa\/"},"modified":"2020-05-18T10:16:41","modified_gmt":"2020-05-18T08:16:41","slug":"firenze-gelati-americani-per-i-200-anni-del-consolato-usa","status":"publish","type":"post","link":"https:\/\/www.intoscana.it\/it\/firenze-gelati-americani-per-i-200-anni-del-consolato-usa\/","title":{"rendered":"Firenze, gelati \u201camericani\u201d per i 200 anni del Consolato USA"},"content":{"rendered":"<p>Con la primavera, <strong>Firenze<\/strong> d\u00e0 il consueto benvenuto al <strong>Gelato Festival 2019<\/strong>: per il <strong>weekend del 6 e del 7 aprile<\/strong>, infatti, piazzale Michelangelo diventa capitale del gusto e della qualit\u00e0 artigianale. Alla kermesse partecipano 16 tra i migliori gelatieri provenienti da tutta Italia, ognuno dei quali porter\u00e0 in assaggio una creazione inedita.<\/p>\n<p>Quest\u2019anno il Gelato Festival introduce anche un contest tutto nuovo che omaggia lo stretto legame con il <strong>Consolato Americano di Firenze<\/strong>. In occasione dei 200 anni del consolato, infatti, <strong>sei gelaterie fiorentine<\/strong> &#8211; Badiani, Caminia, Dona Malina, Edoardo, Sangelato e Sorbettiera &#8211; presentano gusti <strong>ispirati ai colori della bandiera americana<\/strong> (bianco, rosso e blu) oppure agli ingredienti pi\u00f9 tipici della <strong>cucina a stelle e strisce<\/strong>. C\u2019\u00e8 il gusto ispirato alla celebre \u201cApple pie\u201d e quello che richiama il New England del 1776, quello che si rif\u00e0 al film \u201cAmerican Beauty\u201d, oppure quello che punta sul cheesecake o al burro di arachidi.<\/p>\n<p>I visitatori possono cos\u00ec assaggiare queste prelibatezze e votare il loro gelato preferito &#8211; il cui autore proseguir\u00e0 cos\u00ec il cammino verso la finale del Gelato Festival World Masters 2021 \u2013 ma anche scoprire i segreti del mondo del gelato fra assaggi, iniziative a tema e laboratori didattici.<\/p>\n<p>Finiti gli appuntamenti in Italia <strong>la manifestazione si sposter\u00e0 all\u2019estero<\/strong> con le tappe di Berlino (1-2 giugno), Varsavia (8-9 giugno), Vienna (19-20 giugno), Londra (29-30 giugno) e Barcelona (6-7 luglio). Il programma continuer\u00e0 ad di l\u00e0 dell\u2019Atlantico con l\u2019edizione americana, articolata in 5 tappe: Miami (16-17 marzo), Boston (13-14 luglio), Chicago (17-18 agosto), Washington DC (7-8 settembre) e Los Angeles (28-29 settembre). Infine l\u2019edizione giapponese \u2013 al debutto \u2013 a Okinawa (25-26 maggio) e Yokohama (30-31 agosto). &nbsp;&nbsp;<\/p>\n<p>&nbsp;<\/p>\n<p>Per info e biglietti:&nbsp;<a href=\"https:\/\/gelatofestival.com\/it\/\" target=\"_blank\" rel=\"noopener noreferrer\" class=\"broken_link\">gelatofestival.com<\/a><\/p>\n","protected":false},"excerpt":{"rendered":"<p>Piazzale Michelangelo si prepara ad ospitare il Gelato Festival nei giorni 6 e 7 aprile. Per l&#8217;occasione sei gelaterie presentano gusti ispirati alla bandiera&nbsp;a stelle e strisce<\/p>\n","protected":false},"author":525,"featured_media":97743,"comment_status":"open","ping_status":"open","sticky":false,"template":"","format":"standard","meta":{"_acf_changed":false,"footnotes":""},"categories":[8],"tags":[],"class_list":["post-60252","post","type-post","status-publish","format-standard","has-post-thumbnail","hentry","category-enogastronomia"],"acf":[],"yoast_head":"<!-- This site is optimized with the Yoast SEO Premium plugin v24.2 (Yoast SEO v25.6) - https:\/\/yoast.com\/wordpress\/plugins\/seo\/ -->\n<title>Firenze, gelati \u201camericani\u201d per i 200 anni del Consolato USA - intoscana<\/title>\n<meta name=\"description\" content=\"In occasione dei 200 anni del Consolato USA di Firenze, il Gelato Festival propone tanti gusti ispirati alla cultura e alla bandiera a stelle e strisce per i giorni 6 e 7 aprile 2019.\" \/>\n<meta name=\"robots\" content=\"index, follow, max-snippet:-1, max-image-preview:large, max-video-preview:-1\" \/>\n<link rel=\"canonical\" href=\"https:\/\/www.intoscana.it\/it\/firenze-gelati-americani-per-i-200-anni-del-consolato-usa\/\" \/>\n<meta property=\"og:locale\" content=\"it_IT\" \/>\n<meta property=\"og:type\" content=\"article\" \/>\n<meta property=\"og:title\" content=\"Firenze, gelati \u201camericani\u201d per i 200 anni del Consolato USA\" \/>\n<meta property=\"og:description\" content=\"In occasione dei 200 anni del Consolato USA di Firenze, il Gelato Festival propone tanti gusti ispirati alla cultura e alla bandiera a stelle e strisce per i giorni 6 e 7 aprile 2019.\" \/>\n<meta property=\"og:url\" content=\"https:\/\/www.intoscana.it\/it\/firenze-gelati-americani-per-i-200-anni-del-consolato-usa\/\" \/>\n<meta property=\"og:site_name\" content=\"intoscana\" \/>\n<meta property=\"article:publisher\" content=\"https:\/\/www.facebook.com\/intoscana.it\" \/>\n<meta property=\"article:published_time\" content=\"2019-03-25T14:25:52+00:00\" \/>\n<meta property=\"article:modified_time\" content=\"2020-05-18T08:16:41+00:00\" \/>\n<meta property=\"og:image\" content=\"https:\/\/www.intoscana.it\/wp-content\/uploads\/sangelato.png\" \/>\n\t<meta property=\"og:image:width\" content=\"690\" \/>\n\t<meta property=\"og:image:height\" content=\"517\" \/>\n\t<meta property=\"og:image:type\" content=\"image\/png\" \/>\n<meta name=\"author\" content=\"Redazione\" \/>\n<meta name=\"twitter:card\" content=\"summary_large_image\" \/>\n<meta name=\"twitter:creator\" content=\"@intoscana\" \/>\n<meta name=\"twitter:site\" content=\"@intoscana\" \/>\n<meta name=\"twitter:label1\" content=\"Written by\" \/>\n\t<meta name=\"twitter:data1\" content=\"Redazione\" \/>\n\t<meta name=\"twitter:label2\" content=\"Est. reading time\" \/>\n\t<meta name=\"twitter:data2\" content=\"1 minuto\" \/>\n<script type=\"application\/ld+json\" class=\"yoast-schema-graph\">{\"@context\":\"https:\/\/schema.org\",\"@graph\":[{\"@type\":\"WebPage\",\"@id\":\"https:\/\/www.intoscana.it\/it\/firenze-gelati-americani-per-i-200-anni-del-consolato-usa\/\",\"url\":\"https:\/\/www.intoscana.it\/it\/firenze-gelati-americani-per-i-200-anni-del-consolato-usa\/\",\"name\":\"Firenze, gelati \u201camericani\u201d per i 200 anni del Consolato USA - intoscana\",\"isPartOf\":{\"@id\":\"https:\/\/www.intoscana.it\/it\/#website\"},\"primaryImageOfPage\":{\"@id\":\"https:\/\/www.intoscana.it\/it\/firenze-gelati-americani-per-i-200-anni-del-consolato-usa\/#primaryimage\"},\"image\":{\"@id\":\"https:\/\/www.intoscana.it\/it\/firenze-gelati-americani-per-i-200-anni-del-consolato-usa\/#primaryimage\"},\"thumbnailUrl\":\"https:\/\/www.intoscana.it\/wp-content\/uploads\/sangelato.png\",\"datePublished\":\"2019-03-25T14:25:52+00:00\",\"dateModified\":\"2020-05-18T08:16:41+00:00\",\"author\":{\"@id\":\"https:\/\/www.intoscana.it\/it\/#\/schema\/person\/9223810753230f20bd670fdd322661f8\"},\"description\":\"In occasione dei 200 anni del Consolato USA di Firenze, il Gelato Festival propone tanti gusti ispirati alla cultura e alla bandiera a stelle e strisce per i giorni 6 e 7 aprile 2019.\",\"breadcrumb\":{\"@id\":\"https:\/\/www.intoscana.it\/it\/firenze-gelati-americani-per-i-200-anni-del-consolato-usa\/#breadcrumb\"},\"inLanguage\":\"it-IT\",\"potentialAction\":[{\"@type\":\"ReadAction\",\"target\":[\"https:\/\/www.intoscana.it\/it\/firenze-gelati-americani-per-i-200-anni-del-consolato-usa\/\"]}]},{\"@type\":\"ImageObject\",\"inLanguage\":\"it-IT\",\"@id\":\"https:\/\/www.intoscana.it\/it\/firenze-gelati-americani-per-i-200-anni-del-consolato-usa\/#primaryimage\",\"url\":\"https:\/\/www.intoscana.it\/wp-content\/uploads\/sangelato.png\",\"contentUrl\":\"https:\/\/www.intoscana.it\/wp-content\/uploads\/sangelato.png\",\"width\":690,\"height\":517},{\"@type\":\"BreadcrumbList\",\"@id\":\"https:\/\/www.intoscana.it\/it\/firenze-gelati-americani-per-i-200-anni-del-consolato-usa\/#breadcrumb\",\"itemListElement\":[{\"@type\":\"ListItem\",\"position\":1,\"name\":\"Home\",\"item\":\"https:\/\/www.intoscana.it\/it\/\"},{\"@type\":\"ListItem\",\"position\":2,\"name\":\"Firenze, gelati \u201camericani\u201d per i 200 anni del Consolato USA\"}]},{\"@type\":\"WebSite\",\"@id\":\"https:\/\/www.intoscana.it\/it\/#website\",\"url\":\"https:\/\/www.intoscana.it\/it\/\",\"name\":\"intoscana\",\"description\":\"\",\"potentialAction\":[{\"@type\":\"SearchAction\",\"target\":{\"@type\":\"EntryPoint\",\"urlTemplate\":\"https:\/\/www.intoscana.it\/it\/?s={search_term_string}\"},\"query-input\":{\"@type\":\"PropertyValueSpecification\",\"valueRequired\":true,\"valueName\":\"search_term_string\"}}],\"inLanguage\":\"it-IT\"},{\"@type\":\"Person\",\"@id\":\"https:\/\/www.intoscana.it\/it\/#\/schema\/person\/9223810753230f20bd670fdd322661f8\",\"name\":\"Redazione\",\"url\":\"https:\/\/www.intoscana.it\/it\/author\/redazione\/\"}]}<\/script>\n<!-- \/ Yoast SEO Premium plugin. -->","yoast_head_json":{"title":"Firenze, gelati \u201camericani\u201d per i 200 anni del Consolato USA - intoscana","description":"In occasione dei 200 anni del Consolato USA di Firenze, il Gelato Festival propone tanti gusti ispirati alla cultura e alla bandiera a stelle e strisce per i giorni 6 e 7 aprile 2019.","robots":{"index":"index","follow":"follow","max-snippet":"max-snippet:-1","max-image-preview":"max-image-preview:large","max-video-preview":"max-video-preview:-1"},"canonical":"https:\/\/www.intoscana.it\/it\/firenze-gelati-americani-per-i-200-anni-del-consolato-usa\/","og_locale":"it_IT","og_type":"article","og_title":"Firenze, gelati \u201camericani\u201d per i 200 anni del Consolato USA","og_description":"In occasione dei 200 anni del Consolato USA di Firenze, il Gelato Festival propone tanti gusti ispirati alla cultura e alla bandiera a stelle e strisce per i giorni 6 e 7 aprile 2019.","og_url":"https:\/\/www.intoscana.it\/it\/firenze-gelati-americani-per-i-200-anni-del-consolato-usa\/","og_site_name":"intoscana","article_publisher":"https:\/\/www.facebook.com\/intoscana.it","article_published_time":"2019-03-25T14:25:52+00:00","article_modified_time":"2020-05-18T08:16:41+00:00","og_image":[{"width":690,"height":517,"url":"https:\/\/www.intoscana.it\/wp-content\/uploads\/sangelato.png","type":"image\/png"}],"author":"Redazione","twitter_card":"summary_large_image","twitter_creator":"@intoscana","twitter_site":"@intoscana","twitter_misc":{"Written by":"Redazione","Est. reading time":"1 minuto"},"schema":{"@context":"https:\/\/schema.org","@graph":[{"@type":"WebPage","@id":"https:\/\/www.intoscana.it\/it\/firenze-gelati-americani-per-i-200-anni-del-consolato-usa\/","url":"https:\/\/www.intoscana.it\/it\/firenze-gelati-americani-per-i-200-anni-del-consolato-usa\/","name":"Firenze, gelati \u201camericani\u201d per i 200 anni del Consolato USA - intoscana","isPartOf":{"@id":"https:\/\/www.intoscana.it\/it\/#website"},"primaryImageOfPage":{"@id":"https:\/\/www.intoscana.it\/it\/firenze-gelati-americani-per-i-200-anni-del-consolato-usa\/#primaryimage"},"image":{"@id":"https:\/\/www.intoscana.it\/it\/firenze-gelati-americani-per-i-200-anni-del-consolato-usa\/#primaryimage"},"thumbnailUrl":"https:\/\/www.intoscana.it\/wp-content\/uploads\/sangelato.png","datePublished":"2019-03-25T14:25:52+00:00","dateModified":"2020-05-18T08:16:41+00:00","author":{"@id":"https:\/\/www.intoscana.it\/it\/#\/schema\/person\/9223810753230f20bd670fdd322661f8"},"description":"In occasione dei 200 anni del Consolato USA di Firenze, il Gelato Festival propone tanti gusti ispirati alla cultura e alla bandiera a stelle e strisce per i giorni 6 e 7 aprile 2019.","breadcrumb":{"@id":"https:\/\/www.intoscana.it\/it\/firenze-gelati-americani-per-i-200-anni-del-consolato-usa\/#breadcrumb"},"inLanguage":"it-IT","potentialAction":[{"@type":"ReadAction","target":["https:\/\/www.intoscana.it\/it\/firenze-gelati-americani-per-i-200-anni-del-consolato-usa\/"]}]},{"@type":"ImageObject","inLanguage":"it-IT","@id":"https:\/\/www.intoscana.it\/it\/firenze-gelati-americani-per-i-200-anni-del-consolato-usa\/#primaryimage","url":"https:\/\/www.intoscana.it\/wp-content\/uploads\/sangelato.png","contentUrl":"https:\/\/www.intoscana.it\/wp-content\/uploads\/sangelato.png","width":690,"height":517},{"@type":"BreadcrumbList","@id":"https:\/\/www.intoscana.it\/it\/firenze-gelati-americani-per-i-200-anni-del-consolato-usa\/#breadcrumb","itemListElement":[{"@type":"ListItem","position":1,"name":"Home","item":"https:\/\/www.intoscana.it\/it\/"},{"@type":"ListItem","position":2,"name":"Firenze, gelati \u201camericani\u201d per i 200 anni del Consolato USA"}]},{"@type":"WebSite","@id":"https:\/\/www.intoscana.it\/it\/#website","url":"https:\/\/www.intoscana.it\/it\/","name":"intoscana","description":"","potentialAction":[{"@type":"SearchAction","target":{"@type":"EntryPoint","urlTemplate":"https:\/\/www.intoscana.it\/it\/?s={search_term_string}"},"query-input":{"@type":"PropertyValueSpecification","valueRequired":true,"valueName":"search_term_string"}}],"inLanguage":"it-IT"},{"@type":"Person","@id":"https:\/\/www.intoscana.it\/it\/#\/schema\/person\/9223810753230f20bd670fdd322661f8","name":"Redazione","url":"https:\/\/www.intoscana.it\/it\/author\/redazione\/"}]}},"_links":{"self":[{"href":"https:\/\/www.intoscana.it\/it\/wp-json\/wp\/v2\/posts\/60252","targetHints":{"allow":["GET"]}}],"collection":[{"href":"https:\/\/www.intoscana.it\/it\/wp-json\/wp\/v2\/posts"}],"about":[{"href":"https:\/\/www.intoscana.it\/it\/wp-json\/wp\/v2\/types\/post"}],"author":[{"embeddable":true,"href":"https:\/\/www.intoscana.it\/it\/wp-json\/wp\/v2\/users\/525"}],"replies":[{"embeddable":true,"href":"https:\/\/www.intoscana.it\/it\/wp-json\/wp\/v2\/comments?post=60252"}],"version-history":[{"count":0,"href":"https:\/\/www.intoscana.it\/it\/wp-json\/wp\/v2\/posts\/60252\/revisions"}],"wp:featuredmedia":[{"embeddable":true,"href":"https:\/\/www.intoscana.it\/it\/wp-json\/wp\/v2\/media\/97743"}],"wp:attachment":[{"href":"https:\/\/www.intoscana.it\/it\/wp-json\/wp\/v2\/media?parent=60252"}],"wp:term":[{"taxonomy":"category","embeddable":true,"href":"https:\/\/www.intoscana.it\/it\/wp-json\/wp\/v2\/categories?post=60252"},{"taxonomy":"post_tag","embeddable":true,"href":"https:\/\/www.intoscana.it\/it\/wp-json\/wp\/v2\/tags?post=60252"}],"curies":[{"name":"wp","href":"https:\/\/api.w.org\/{rel}","templated":true}]}}