{"id":60498,"date":"2020-03-11T10:21:03","date_gmt":"2020-03-11T10:21:03","guid":{"rendered":"http:\/\/www.intoscana.it\/alessia-bonari-linfermiera-di-grosseto-che-ha-commosso-il-web\/"},"modified":"2020-05-19T15:48:35","modified_gmt":"2020-05-19T13:48:35","slug":"alessia-bonari-coronavirus","status":"publish","type":"post","link":"https:\/\/www.intoscana.it\/it\/alessia-bonari-coronavirus\/","title":{"rendered":"Alessia Bonari l&#8217;infermiera di Grosseto che ha commosso il web"},"content":{"rendered":"<p><strong>Alessia Bonari \u00e8 un&#8217;infermiera originaria di Grosseto,&nbsp;<\/strong>dalle poche informazioni che abbiamo sappiamo che <strong>lavora a Milano.<\/strong> Dopo un turno lavorativo pesante, come stanno affrontando tutti quelli che lavorano in prima linea per assistere i malati che in questi giorni affollano gli ospedali<strong> si \u00e8 fatta un &#8216;selfie&#8217; e l&#8217;ha pubblicato su Instagram.<\/strong><\/p>\n<p><strong>La foto del volto stanco segnato dalla mascherina protettiva e le sue parole hanno fatto in pochissimo tempo il giro del web<\/strong> commuovendo tutti. In una situazione di emergenza in cui c&#8217;\u00e8 anche chi si &#8216;diverte&#8217; a inventare fake news o violare la zona rossa e non accettare le importanti norme di sicurezza indicate dal governo<strong> speriamo che le parole di Alessia prive di ogni possibile retorica, sincere come solo la verit\u00e0 sa essere, servano di monito<\/strong> a tutti quelli che ancora non hanno capito appieno la fragilit\u00e0 della situazione che ci troviamo a vivere.<\/p>\n<p>&#8220;Sono un&#8217;infermiera e in questo momento mi trovo ad affrontare questa emergenza sanitaria. Ho paura anche io, ma non di andare a fare la spesa, ho paura di andare al lavoro. <strong>Ho paura perch\u00e8 la mascherina potrebbe non aderire bene al viso, o potrei essermi toccata accidentalmente con i guanti sporchi, o magari le lenti non mi coprono del tutto gli occhi e qualcosa potrebbe essere passato.<\/strong><br \/>Sono stanca ma fisicamente perch\u00e8 i dispositivi di protezione fanno male,<strong> il camice fa sudare e una volta vestita non posso andare in bagno o bere per sei ore<\/strong>. Sono stanca psicologicamente, e come me lo sono tutti i miei colleghi che da settimane si trovano nella mia stessa condizione, ma <strong>questo non ci impedir\u00e0 di svolgere il nostro lavoro come abbiamo sempre fatto.<\/strong> Continuer\u00f2 a curare e prendermi cura dei miei pazienti, perch\u00e8 <strong>sono fiera e innamorata del mio lavoro.<\/strong><br \/>Quello che chiedo a chiunque stia leggendo questo post \u00e8 di non vanificare lo sforzo che stiamo facendo, <strong>di essere altruisti, di stare in casa e cos\u00ec proteggere chi \u00e8 pi\u00f9 fragile.<\/strong><br \/><strong>Noi giovani non siamo immuni al coronavirus<\/strong>, anche noi ci possiamo ammalare. Non mi posso permettere il lusso di tornarmene a casa mia in quarantena, <strong>devo andare a lavoro a fare la mia parte.<\/strong> <strong>Voi fate la vostra, ve lo chiedo per favore&#8221;.<\/strong><\/p>\n","protected":false},"excerpt":{"rendered":"<p>Il selfie col volto segnato dalla mascherina protettiva e le sue commoventi parole invitano TUTTI a fare attenzione e a seguire le norme di sicurezza<\/p>\n","protected":false},"author":518,"featured_media":97932,"comment_status":"open","ping_status":"open","sticky":false,"template":"","format":"standard","meta":{"_acf_changed":false,"footnotes":""},"categories":[4],"tags":[],"class_list":["post-60498","post","type-post","status-publish","format-standard","has-post-thumbnail","hentry","category-storie"],"acf":[],"yoast_head":"<!-- This site is optimized with the Yoast SEO Premium plugin v24.2 (Yoast SEO v25.6) - https:\/\/yoast.com\/wordpress\/plugins\/seo\/ -->\n<title>Alessia Bonari l&#039;infermiera di Grosseto che ha commosso il web - intoscana<\/title>\n<meta name=\"robots\" content=\"index, follow, max-snippet:-1, max-image-preview:large, max-video-preview:-1\" \/>\n<link rel=\"canonical\" href=\"https:\/\/www.intoscana.it\/it\/alessia-bonari-coronavirus\/\" \/>\n<meta property=\"og:locale\" content=\"it_IT\" \/>\n<meta property=\"og:type\" content=\"article\" \/>\n<meta property=\"og:title\" content=\"Alessia Bonari l&#039;infermiera di Grosseto che ha commosso il web\" \/>\n<meta property=\"og:description\" content=\"Il selfie col volto segnato dalla mascherina protettiva e le sue commoventi parole invitano TUTTI a fare attenzione e a seguire le norme di sicurezza\" \/>\n<meta property=\"og:url\" content=\"https:\/\/www.intoscana.it\/it\/alessia-bonari-coronavirus\/\" \/>\n<meta property=\"og:site_name\" content=\"intoscana\" \/>\n<meta property=\"article:publisher\" content=\"https:\/\/www.facebook.com\/intoscana.it\" \/>\n<meta property=\"article:published_time\" content=\"2020-03-11T10:21:03+00:00\" \/>\n<meta property=\"article:modified_time\" content=\"2020-05-19T13:48:35+00:00\" \/>\n<meta property=\"og:image\" content=\"https:\/\/www.intoscana.it\/wp-content\/uploads\/img_4437.jpg\" \/>\n\t<meta property=\"og:image:width\" content=\"1242\" \/>\n\t<meta property=\"og:image:height\" content=\"1241\" \/>\n\t<meta property=\"og:image:type\" content=\"image\/jpeg\" \/>\n<meta name=\"author\" content=\"Costanza Baldini\" \/>\n<meta name=\"twitter:card\" content=\"summary_large_image\" \/>\n<meta name=\"twitter:creator\" content=\"@intoscana\" \/>\n<meta name=\"twitter:site\" content=\"@intoscana\" \/>\n<meta name=\"twitter:label1\" content=\"Written by\" \/>\n\t<meta name=\"twitter:data1\" content=\"Costanza Baldini\" \/>\n\t<meta name=\"twitter:label2\" content=\"Est. reading time\" \/>\n\t<meta name=\"twitter:data2\" content=\"2 minuti\" \/>\n<script type=\"application\/ld+json\" class=\"yoast-schema-graph\">{\"@context\":\"https:\/\/schema.org\",\"@graph\":[{\"@type\":\"WebPage\",\"@id\":\"https:\/\/www.intoscana.it\/it\/alessia-bonari-coronavirus\/\",\"url\":\"https:\/\/www.intoscana.it\/it\/alessia-bonari-coronavirus\/\",\"name\":\"Alessia Bonari l'infermiera di Grosseto che ha commosso il web - intoscana\",\"isPartOf\":{\"@id\":\"https:\/\/www.intoscana.it\/it\/#website\"},\"primaryImageOfPage\":{\"@id\":\"https:\/\/www.intoscana.it\/it\/alessia-bonari-coronavirus\/#primaryimage\"},\"image\":{\"@id\":\"https:\/\/www.intoscana.it\/it\/alessia-bonari-coronavirus\/#primaryimage\"},\"thumbnailUrl\":\"https:\/\/www.intoscana.it\/wp-content\/uploads\/img_4437.jpg\",\"datePublished\":\"2020-03-11T10:21:03+00:00\",\"dateModified\":\"2020-05-19T13:48:35+00:00\",\"author\":{\"@id\":\"https:\/\/www.intoscana.it\/it\/#\/schema\/person\/d469f35f09739bdf00bf5dd3f0647a82\"},\"breadcrumb\":{\"@id\":\"https:\/\/www.intoscana.it\/it\/alessia-bonari-coronavirus\/#breadcrumb\"},\"inLanguage\":\"it-IT\",\"potentialAction\":[{\"@type\":\"ReadAction\",\"target\":[\"https:\/\/www.intoscana.it\/it\/alessia-bonari-coronavirus\/\"]}]},{\"@type\":\"ImageObject\",\"inLanguage\":\"it-IT\",\"@id\":\"https:\/\/www.intoscana.it\/it\/alessia-bonari-coronavirus\/#primaryimage\",\"url\":\"https:\/\/www.intoscana.it\/wp-content\/uploads\/img_4437.jpg\",\"contentUrl\":\"https:\/\/www.intoscana.it\/wp-content\/uploads\/img_4437.jpg\",\"width\":1242,\"height\":1241,\"caption\":\"Alessia Bonari\"},{\"@type\":\"BreadcrumbList\",\"@id\":\"https:\/\/www.intoscana.it\/it\/alessia-bonari-coronavirus\/#breadcrumb\",\"itemListElement\":[{\"@type\":\"ListItem\",\"position\":1,\"name\":\"Home\",\"item\":\"https:\/\/www.intoscana.it\/it\/\"},{\"@type\":\"ListItem\",\"position\":2,\"name\":\"Alessia Bonari l&#8217;infermiera di Grosseto che ha commosso il web\"}]},{\"@type\":\"WebSite\",\"@id\":\"https:\/\/www.intoscana.it\/it\/#website\",\"url\":\"https:\/\/www.intoscana.it\/it\/\",\"name\":\"intoscana\",\"description\":\"\",\"potentialAction\":[{\"@type\":\"SearchAction\",\"target\":{\"@type\":\"EntryPoint\",\"urlTemplate\":\"https:\/\/www.intoscana.it\/it\/?s={search_term_string}\"},\"query-input\":{\"@type\":\"PropertyValueSpecification\",\"valueRequired\":true,\"valueName\":\"search_term_string\"}}],\"inLanguage\":\"it-IT\"},{\"@type\":\"Person\",\"@id\":\"https:\/\/www.intoscana.it\/it\/#\/schema\/person\/d469f35f09739bdf00bf5dd3f0647a82\",\"name\":\"Costanza Baldini\",\"url\":\"https:\/\/www.intoscana.it\/it\/author\/costanza-baldini\/\"}]}<\/script>\n<!-- \/ Yoast SEO Premium plugin. -->","yoast_head_json":{"title":"Alessia Bonari l'infermiera di Grosseto che ha commosso il web - intoscana","robots":{"index":"index","follow":"follow","max-snippet":"max-snippet:-1","max-image-preview":"max-image-preview:large","max-video-preview":"max-video-preview:-1"},"canonical":"https:\/\/www.intoscana.it\/it\/alessia-bonari-coronavirus\/","og_locale":"it_IT","og_type":"article","og_title":"Alessia Bonari l'infermiera di Grosseto che ha commosso il web","og_description":"Il selfie col volto segnato dalla mascherina protettiva e le sue commoventi parole invitano TUTTI a fare attenzione e a seguire le norme di sicurezza","og_url":"https:\/\/www.intoscana.it\/it\/alessia-bonari-coronavirus\/","og_site_name":"intoscana","article_publisher":"https:\/\/www.facebook.com\/intoscana.it","article_published_time":"2020-03-11T10:21:03+00:00","article_modified_time":"2020-05-19T13:48:35+00:00","og_image":[{"width":1242,"height":1241,"url":"https:\/\/www.intoscana.it\/wp-content\/uploads\/img_4437.jpg","type":"image\/jpeg"}],"author":"Costanza Baldini","twitter_card":"summary_large_image","twitter_creator":"@intoscana","twitter_site":"@intoscana","twitter_misc":{"Written by":"Costanza Baldini","Est. reading time":"2 minuti"},"schema":{"@context":"https:\/\/schema.org","@graph":[{"@type":"WebPage","@id":"https:\/\/www.intoscana.it\/it\/alessia-bonari-coronavirus\/","url":"https:\/\/www.intoscana.it\/it\/alessia-bonari-coronavirus\/","name":"Alessia Bonari l'infermiera di Grosseto che ha commosso il web - intoscana","isPartOf":{"@id":"https:\/\/www.intoscana.it\/it\/#website"},"primaryImageOfPage":{"@id":"https:\/\/www.intoscana.it\/it\/alessia-bonari-coronavirus\/#primaryimage"},"image":{"@id":"https:\/\/www.intoscana.it\/it\/alessia-bonari-coronavirus\/#primaryimage"},"thumbnailUrl":"https:\/\/www.intoscana.it\/wp-content\/uploads\/img_4437.jpg","datePublished":"2020-03-11T10:21:03+00:00","dateModified":"2020-05-19T13:48:35+00:00","author":{"@id":"https:\/\/www.intoscana.it\/it\/#\/schema\/person\/d469f35f09739bdf00bf5dd3f0647a82"},"breadcrumb":{"@id":"https:\/\/www.intoscana.it\/it\/alessia-bonari-coronavirus\/#breadcrumb"},"inLanguage":"it-IT","potentialAction":[{"@type":"ReadAction","target":["https:\/\/www.intoscana.it\/it\/alessia-bonari-coronavirus\/"]}]},{"@type":"ImageObject","inLanguage":"it-IT","@id":"https:\/\/www.intoscana.it\/it\/alessia-bonari-coronavirus\/#primaryimage","url":"https:\/\/www.intoscana.it\/wp-content\/uploads\/img_4437.jpg","contentUrl":"https:\/\/www.intoscana.it\/wp-content\/uploads\/img_4437.jpg","width":1242,"height":1241,"caption":"Alessia Bonari"},{"@type":"BreadcrumbList","@id":"https:\/\/www.intoscana.it\/it\/alessia-bonari-coronavirus\/#breadcrumb","itemListElement":[{"@type":"ListItem","position":1,"name":"Home","item":"https:\/\/www.intoscana.it\/it\/"},{"@type":"ListItem","position":2,"name":"Alessia Bonari l&#8217;infermiera di Grosseto che ha commosso il web"}]},{"@type":"WebSite","@id":"https:\/\/www.intoscana.it\/it\/#website","url":"https:\/\/www.intoscana.it\/it\/","name":"intoscana","description":"","potentialAction":[{"@type":"SearchAction","target":{"@type":"EntryPoint","urlTemplate":"https:\/\/www.intoscana.it\/it\/?s={search_term_string}"},"query-input":{"@type":"PropertyValueSpecification","valueRequired":true,"valueName":"search_term_string"}}],"inLanguage":"it-IT"},{"@type":"Person","@id":"https:\/\/www.intoscana.it\/it\/#\/schema\/person\/d469f35f09739bdf00bf5dd3f0647a82","name":"Costanza Baldini","url":"https:\/\/www.intoscana.it\/it\/author\/costanza-baldini\/"}]}},"_links":{"self":[{"href":"https:\/\/www.intoscana.it\/it\/wp-json\/wp\/v2\/posts\/60498","targetHints":{"allow":["GET"]}}],"collection":[{"href":"https:\/\/www.intoscana.it\/it\/wp-json\/wp\/v2\/posts"}],"about":[{"href":"https:\/\/www.intoscana.it\/it\/wp-json\/wp\/v2\/types\/post"}],"author":[{"embeddable":true,"href":"https:\/\/www.intoscana.it\/it\/wp-json\/wp\/v2\/users\/518"}],"replies":[{"embeddable":true,"href":"https:\/\/www.intoscana.it\/it\/wp-json\/wp\/v2\/comments?post=60498"}],"version-history":[{"count":0,"href":"https:\/\/www.intoscana.it\/it\/wp-json\/wp\/v2\/posts\/60498\/revisions"}],"wp:featuredmedia":[{"embeddable":true,"href":"https:\/\/www.intoscana.it\/it\/wp-json\/wp\/v2\/media\/97932"}],"wp:attachment":[{"href":"https:\/\/www.intoscana.it\/it\/wp-json\/wp\/v2\/media?parent=60498"}],"wp:term":[{"taxonomy":"category","embeddable":true,"href":"https:\/\/www.intoscana.it\/it\/wp-json\/wp\/v2\/categories?post=60498"},{"taxonomy":"post_tag","embeddable":true,"href":"https:\/\/www.intoscana.it\/it\/wp-json\/wp\/v2\/tags?post=60498"}],"curies":[{"name":"wp","href":"https:\/\/api.w.org\/{rel}","templated":true}]}}