{"id":60644,"date":"2019-10-10T09:47:56","date_gmt":"2019-10-10T09:47:56","guid":{"rendered":"http:\/\/www.intoscana.it\/lambientalismo-e-rock-piero-pelu-duetta-con-greta-thunberg\/"},"modified":"2020-05-19T15:48:39","modified_gmt":"2020-05-19T13:48:39","slug":"piero-pelu-greta-thunberg","status":"publish","type":"post","link":"https:\/\/www.intoscana.it\/it\/piero-pelu-greta-thunberg\/","title":{"rendered":"L&#8217;ambientalismo \u00e8 rock, Piero Pel\u00f9 &#8216;duetta&#8217; con Greta Thunberg"},"content":{"rendered":"<p><strong>L&#8217;arte di Piero Pel\u00f9 ha sempre avuto una declinazione sociale e civile.<\/strong> Non stupisce, quindi, che il suo nuovo singolo contenga frammenti del discorso che la giovane attivista Greta Thunberg.<\/p>\n<p><strong>Un singolo che riporta in scena il cantautore fiorentino con un occhio al rock e uno alla causa ambientalista.<\/strong> S&#8217;intitola &#8220;Picnic all&#8217;inferno&#8221; il brano che sar\u00e0 in radio, digital download e streaming dal 18 ottobre, per il quale Pel\u00f9 si \u00e8 fatto ispirare dalla giovane attivista svedese e da un suo discorso, che il rocker toscano ha inserito nel testo.<\/p>\n<p><strong>\u00abMi occupo di tematiche legate all&#8217;ambiente da sempre\u00bb ha spiegato Pel\u00f9 in un incontro con la stampa.<\/strong> \u00abSia con i Litfiba, ma anche da solo. Tanto con le canzoni, ma anche andando a ripulire le spiagge tutte le estati e collaborando con diverse associazioni ambientaliste\u00bb. I brani cui fa riferimento Pel\u00f9, tra gli altri, sono Peste (1988), Woda Woda (1990), Stesso Futuro (2002), Trib\u00f9 (2006), Intossicato (2016) e Eut\u00f2pia (2016).<\/p>\n<p><strong>Il discorso che Pel\u00f9 ha inserito nella nuova &#8220;Picnic all&#8217;inferno&#8221;, \u00e8 quello che Greta Thunberg fece nel dicembre del 2018 a Katowice (Polonia) in occasione della COP24.<\/strong><\/p>\n<p>\u00ab\u00c8 stato un flash, per la potenza che ha assunto il discorso di una ragazzina davanti ai potenti del mondo\u00bb ha detto Pel\u00f9. \u00abLe sue parole hanno avuto la forza di una sorta di bomba atomica verde. Ho scelto quel discorso, piuttosto che quello fatto all&#8217;Onu, perch\u00e9 pi\u00f9 spontaneo e deflagrante, magari anche meno politicizzato rispetto ad altri pi\u00f9 recenti. Greta, con il suo &#8216;non si \u00e8 mai troppo piccoli per fare la differenza&#8217;, ha il grande merito di aver aperto una discussione che adesso deve essere sviluppata\u00bb.<\/p>\n<p><strong>Il singolo \u00e8 anche un primo anello di quello che potrebbe essere un nuovo progetto discografico di Pier\u00f2 Pel\u00f9 da solista<\/strong>, anche in vista del 2020, che per la voce dei Litfiba corrisponde con i quarant&#8217;anni di carriera musicale. L&#8217;artista ha cominciato a lavorare con il produttore Luca Chiaravalli gi\u00e0 per il nuovo singolo e con sviluppi che fanno ben pensare alla prosecuzione della collaborazione. \u00abIl prossimo anno sar\u00e0 un traguardo speciale &#8211; ha detto Pel\u00f9 &#8211; e sto lavorando ad un progetto che potrebbe prendere varie forme\u00bb.<\/p>\n<p><img decoding=\"async\" alt=\"PP_cover PicNic all'Inferno_b\" style=\"width: 600px;\" title=\"PP_cover PicNic all'Inferno_b\" src=\"https:\/\/www.intoscana.it\/shared\/intoscana\/immagini\/pp_cover-picnic-allinferno_b.jpg\" \/><\/p>\n<p><strong>Nel frattempo, sul fronte del live, il rocker fiorentino torner\u00e0 a calcare i palcoscenici gi\u00e0 il prossimo mese di novembre<\/strong> (cominciando dal 13 all&#8217;Atlantico di Roma, per finire il 22 alla Tuscany Hall di Firenze) con il &#8220;Benvenuto al mondo tour&#8221;: sei concerti nei club durante i quali sar\u00e0 accompagnato dalla formazione dei Bandidos (Giacomo Castellano alla chitarra, Luca Martelli alla batteria e Dado Neri al basso).<\/p>\n<p><strong>Venerd\u00ec 11 ottobre, poi, Pel\u00f9 sar\u00e0 anche ospite di IMAGinACTION<\/strong>, il festival internazionale del videoclip in programma al Teatro Alighieri di Ravenna dall&#8217;11 al 13 ottobre. Pel\u00f9 salir\u00e0 sul palco alle 22.45 per raccontarsi attraverso i video che hanno affiancato la sua carriera, cos\u00ec come per presentare in anteprima il videoclip di &#8220;Picnic all&#8217;inferno&#8221;.<\/p>\n","protected":false},"excerpt":{"rendered":"<p>Il nuovo singolo del rocker fiorentino (Picnic all&#8217;inferno) contiene un discorso della giovane attivista. Il &#8216;Benvenuto al mondo tour&#8217; si chiuder\u00e0 il 22 novembre al Tuscany Hall<\/p>\n","protected":false},"author":525,"featured_media":97999,"comment_status":"open","ping_status":"open","sticky":false,"template":"","format":"standard","meta":{"_acf_changed":false,"footnotes":""},"categories":[14],"tags":[177,167],"class_list":["post-60644","post","type-post","status-publish","format-standard","has-post-thumbnail","hentry","category-musica","tag-ambiente","tag-musica"],"acf":[],"yoast_head":"<!-- This site is optimized with the Yoast SEO Premium plugin v24.2 (Yoast SEO v25.6) - https:\/\/yoast.com\/wordpress\/plugins\/seo\/ -->\n<title>L&#039;ambientalismo \u00e8 rock, Piero Pel\u00f9 &#039;duetta&#039; con Greta Thunberg - intoscana<\/title>\n<meta name=\"robots\" content=\"index, follow, max-snippet:-1, max-image-preview:large, max-video-preview:-1\" \/>\n<link rel=\"canonical\" href=\"https:\/\/www.intoscana.it\/it\/piero-pelu-greta-thunberg\/\" \/>\n<meta property=\"og:locale\" content=\"it_IT\" \/>\n<meta property=\"og:type\" content=\"article\" \/>\n<meta property=\"og:title\" content=\"L&#039;ambientalismo \u00e8 rock, Piero Pel\u00f9 &#039;duetta&#039; con Greta Thunberg\" \/>\n<meta property=\"og:description\" content=\"Il nuovo singolo del rocker fiorentino (Picnic all&#039;inferno) contiene un discorso della giovane attivista. Il &#039;Benvenuto al mondo tour&#039; si chiuder\u00e0 il 22 novembre al Tuscany Hall\" \/>\n<meta property=\"og:url\" content=\"https:\/\/www.intoscana.it\/it\/piero-pelu-greta-thunberg\/\" \/>\n<meta property=\"og:site_name\" content=\"intoscana\" \/>\n<meta property=\"article:publisher\" content=\"https:\/\/www.facebook.com\/intoscana.it\" \/>\n<meta property=\"article:published_time\" content=\"2019-10-10T09:47:56+00:00\" \/>\n<meta property=\"article:modified_time\" content=\"2020-05-19T13:48:39+00:00\" \/>\n<meta property=\"og:image\" content=\"https:\/\/www.intoscana.it\/wp-content\/uploads\/piero-pelu_foto-di-riccardo-bagnoli_b-1-e1645784823419.jpg\" \/>\n\t<meta property=\"og:image:width\" content=\"2000\" \/>\n\t<meta property=\"og:image:height\" content=\"1010\" \/>\n\t<meta property=\"og:image:type\" content=\"image\/jpeg\" \/>\n<meta name=\"author\" content=\"Redazione\" \/>\n<meta name=\"twitter:card\" content=\"summary_large_image\" \/>\n<meta name=\"twitter:creator\" content=\"@intoscana\" \/>\n<meta name=\"twitter:site\" content=\"@intoscana\" \/>\n<meta name=\"twitter:label1\" content=\"Written by\" \/>\n\t<meta name=\"twitter:data1\" content=\"Redazione\" \/>\n\t<meta name=\"twitter:label2\" content=\"Est. reading time\" \/>\n\t<meta name=\"twitter:data2\" content=\"2 minuti\" \/>\n<script type=\"application\/ld+json\" class=\"yoast-schema-graph\">{\"@context\":\"https:\/\/schema.org\",\"@graph\":[{\"@type\":\"WebPage\",\"@id\":\"https:\/\/www.intoscana.it\/it\/piero-pelu-greta-thunberg\/\",\"url\":\"https:\/\/www.intoscana.it\/it\/piero-pelu-greta-thunberg\/\",\"name\":\"L'ambientalismo \u00e8 rock, Piero Pel\u00f9 'duetta' con Greta Thunberg - intoscana\",\"isPartOf\":{\"@id\":\"https:\/\/www.intoscana.it\/it\/#website\"},\"primaryImageOfPage\":{\"@id\":\"https:\/\/www.intoscana.it\/it\/piero-pelu-greta-thunberg\/#primaryimage\"},\"image\":{\"@id\":\"https:\/\/www.intoscana.it\/it\/piero-pelu-greta-thunberg\/#primaryimage\"},\"thumbnailUrl\":\"https:\/\/www.intoscana.it\/wp-content\/uploads\/piero-pelu_foto-di-riccardo-bagnoli_b-1-e1645784823419.jpg\",\"datePublished\":\"2019-10-10T09:47:56+00:00\",\"dateModified\":\"2020-05-19T13:48:39+00:00\",\"author\":{\"@id\":\"https:\/\/www.intoscana.it\/it\/#\/schema\/person\/9223810753230f20bd670fdd322661f8\"},\"breadcrumb\":{\"@id\":\"https:\/\/www.intoscana.it\/it\/piero-pelu-greta-thunberg\/#breadcrumb\"},\"inLanguage\":\"it-IT\",\"potentialAction\":[{\"@type\":\"ReadAction\",\"target\":[\"https:\/\/www.intoscana.it\/it\/piero-pelu-greta-thunberg\/\"]}]},{\"@type\":\"ImageObject\",\"inLanguage\":\"it-IT\",\"@id\":\"https:\/\/www.intoscana.it\/it\/piero-pelu-greta-thunberg\/#primaryimage\",\"url\":\"https:\/\/www.intoscana.it\/wp-content\/uploads\/piero-pelu_foto-di-riccardo-bagnoli_b-1-e1645784823419.jpg\",\"contentUrl\":\"https:\/\/www.intoscana.it\/wp-content\/uploads\/piero-pelu_foto-di-riccardo-bagnoli_b-1-e1645784823419.jpg\",\"width\":2000,\"height\":1010,\"caption\":\"Piero Pel\u00f9\"},{\"@type\":\"BreadcrumbList\",\"@id\":\"https:\/\/www.intoscana.it\/it\/piero-pelu-greta-thunberg\/#breadcrumb\",\"itemListElement\":[{\"@type\":\"ListItem\",\"position\":1,\"name\":\"Home\",\"item\":\"https:\/\/www.intoscana.it\/it\/\"},{\"@type\":\"ListItem\",\"position\":2,\"name\":\"L&#8217;ambientalismo \u00e8 rock, Piero Pel\u00f9 &#8216;duetta&#8217; con Greta Thunberg\"}]},{\"@type\":\"WebSite\",\"@id\":\"https:\/\/www.intoscana.it\/it\/#website\",\"url\":\"https:\/\/www.intoscana.it\/it\/\",\"name\":\"intoscana\",\"description\":\"\",\"potentialAction\":[{\"@type\":\"SearchAction\",\"target\":{\"@type\":\"EntryPoint\",\"urlTemplate\":\"https:\/\/www.intoscana.it\/it\/?s={search_term_string}\"},\"query-input\":{\"@type\":\"PropertyValueSpecification\",\"valueRequired\":true,\"valueName\":\"search_term_string\"}}],\"inLanguage\":\"it-IT\"},{\"@type\":\"Person\",\"@id\":\"https:\/\/www.intoscana.it\/it\/#\/schema\/person\/9223810753230f20bd670fdd322661f8\",\"name\":\"Redazione\",\"url\":\"https:\/\/www.intoscana.it\/it\/author\/redazione\/\"}]}<\/script>\n<!-- \/ Yoast SEO Premium plugin. -->","yoast_head_json":{"title":"L'ambientalismo \u00e8 rock, Piero Pel\u00f9 'duetta' con Greta Thunberg - intoscana","robots":{"index":"index","follow":"follow","max-snippet":"max-snippet:-1","max-image-preview":"max-image-preview:large","max-video-preview":"max-video-preview:-1"},"canonical":"https:\/\/www.intoscana.it\/it\/piero-pelu-greta-thunberg\/","og_locale":"it_IT","og_type":"article","og_title":"L'ambientalismo \u00e8 rock, Piero Pel\u00f9 'duetta' con Greta Thunberg","og_description":"Il nuovo singolo del rocker fiorentino (Picnic all'inferno) contiene un discorso della giovane attivista. Il 'Benvenuto al mondo tour' si chiuder\u00e0 il 22 novembre al Tuscany Hall","og_url":"https:\/\/www.intoscana.it\/it\/piero-pelu-greta-thunberg\/","og_site_name":"intoscana","article_publisher":"https:\/\/www.facebook.com\/intoscana.it","article_published_time":"2019-10-10T09:47:56+00:00","article_modified_time":"2020-05-19T13:48:39+00:00","og_image":[{"width":2000,"height":1010,"url":"https:\/\/www.intoscana.it\/wp-content\/uploads\/piero-pelu_foto-di-riccardo-bagnoli_b-1-e1645784823419.jpg","type":"image\/jpeg"}],"author":"Redazione","twitter_card":"summary_large_image","twitter_creator":"@intoscana","twitter_site":"@intoscana","twitter_misc":{"Written by":"Redazione","Est. reading time":"2 minuti"},"schema":{"@context":"https:\/\/schema.org","@graph":[{"@type":"WebPage","@id":"https:\/\/www.intoscana.it\/it\/piero-pelu-greta-thunberg\/","url":"https:\/\/www.intoscana.it\/it\/piero-pelu-greta-thunberg\/","name":"L'ambientalismo \u00e8 rock, Piero Pel\u00f9 'duetta' con Greta Thunberg - intoscana","isPartOf":{"@id":"https:\/\/www.intoscana.it\/it\/#website"},"primaryImageOfPage":{"@id":"https:\/\/www.intoscana.it\/it\/piero-pelu-greta-thunberg\/#primaryimage"},"image":{"@id":"https:\/\/www.intoscana.it\/it\/piero-pelu-greta-thunberg\/#primaryimage"},"thumbnailUrl":"https:\/\/www.intoscana.it\/wp-content\/uploads\/piero-pelu_foto-di-riccardo-bagnoli_b-1-e1645784823419.jpg","datePublished":"2019-10-10T09:47:56+00:00","dateModified":"2020-05-19T13:48:39+00:00","author":{"@id":"https:\/\/www.intoscana.it\/it\/#\/schema\/person\/9223810753230f20bd670fdd322661f8"},"breadcrumb":{"@id":"https:\/\/www.intoscana.it\/it\/piero-pelu-greta-thunberg\/#breadcrumb"},"inLanguage":"it-IT","potentialAction":[{"@type":"ReadAction","target":["https:\/\/www.intoscana.it\/it\/piero-pelu-greta-thunberg\/"]}]},{"@type":"ImageObject","inLanguage":"it-IT","@id":"https:\/\/www.intoscana.it\/it\/piero-pelu-greta-thunberg\/#primaryimage","url":"https:\/\/www.intoscana.it\/wp-content\/uploads\/piero-pelu_foto-di-riccardo-bagnoli_b-1-e1645784823419.jpg","contentUrl":"https:\/\/www.intoscana.it\/wp-content\/uploads\/piero-pelu_foto-di-riccardo-bagnoli_b-1-e1645784823419.jpg","width":2000,"height":1010,"caption":"Piero Pel\u00f9"},{"@type":"BreadcrumbList","@id":"https:\/\/www.intoscana.it\/it\/piero-pelu-greta-thunberg\/#breadcrumb","itemListElement":[{"@type":"ListItem","position":1,"name":"Home","item":"https:\/\/www.intoscana.it\/it\/"},{"@type":"ListItem","position":2,"name":"L&#8217;ambientalismo \u00e8 rock, Piero Pel\u00f9 &#8216;duetta&#8217; con Greta Thunberg"}]},{"@type":"WebSite","@id":"https:\/\/www.intoscana.it\/it\/#website","url":"https:\/\/www.intoscana.it\/it\/","name":"intoscana","description":"","potentialAction":[{"@type":"SearchAction","target":{"@type":"EntryPoint","urlTemplate":"https:\/\/www.intoscana.it\/it\/?s={search_term_string}"},"query-input":{"@type":"PropertyValueSpecification","valueRequired":true,"valueName":"search_term_string"}}],"inLanguage":"it-IT"},{"@type":"Person","@id":"https:\/\/www.intoscana.it\/it\/#\/schema\/person\/9223810753230f20bd670fdd322661f8","name":"Redazione","url":"https:\/\/www.intoscana.it\/it\/author\/redazione\/"}]}},"_links":{"self":[{"href":"https:\/\/www.intoscana.it\/it\/wp-json\/wp\/v2\/posts\/60644","targetHints":{"allow":["GET"]}}],"collection":[{"href":"https:\/\/www.intoscana.it\/it\/wp-json\/wp\/v2\/posts"}],"about":[{"href":"https:\/\/www.intoscana.it\/it\/wp-json\/wp\/v2\/types\/post"}],"author":[{"embeddable":true,"href":"https:\/\/www.intoscana.it\/it\/wp-json\/wp\/v2\/users\/525"}],"replies":[{"embeddable":true,"href":"https:\/\/www.intoscana.it\/it\/wp-json\/wp\/v2\/comments?post=60644"}],"version-history":[{"count":0,"href":"https:\/\/www.intoscana.it\/it\/wp-json\/wp\/v2\/posts\/60644\/revisions"}],"wp:featuredmedia":[{"embeddable":true,"href":"https:\/\/www.intoscana.it\/it\/wp-json\/wp\/v2\/media\/97999"}],"wp:attachment":[{"href":"https:\/\/www.intoscana.it\/it\/wp-json\/wp\/v2\/media?parent=60644"}],"wp:term":[{"taxonomy":"category","embeddable":true,"href":"https:\/\/www.intoscana.it\/it\/wp-json\/wp\/v2\/categories?post=60644"},{"taxonomy":"post_tag","embeddable":true,"href":"https:\/\/www.intoscana.it\/it\/wp-json\/wp\/v2\/tags?post=60644"}],"curies":[{"name":"wp","href":"https:\/\/api.w.org\/{rel}","templated":true}]}}